{"id":131823,"date":"2021-01-06T18:50:23","date_gmt":"2021-01-06T21:50:23","guid":{"rendered":"https:\/\/experienciadevida.com.ar\/portalurbano\/?p=131823"},"modified":"2021-01-06T18:51:02","modified_gmt":"2021-01-06T21:51:02","slug":"gonzalo-dolagaray-la-salud-fue-tomada-de-de-rehen-por-mezquindades-politicas","status":"publish","type":"post","link":"https:\/\/experienciadevida.com.ar\/portalurbano\/gonzalo-dolagaray-la-salud-fue-tomada-de-de-rehen-por-mezquindades-politicas\/","title":{"rendered":"Gonzalo Dolagaray: &#8220;La salud fue tomada de de rehen por mezquindades pol\u00edticas&#8221;"},"content":{"rendered":"<p>Gonzalo Dolagaray: &#8220;La salud fue tomada de de rehen por mezquindades pol\u00edticas&#8221;.<\/p>\n<p>Dolagaray dijo &#8220;el pasado lunes nos encontramos con la novedad de que se tuvieron que descartar en nuestra ciudad 400 dosis de la vacuna Sputnik V de las 450 recibidas. A partir de ese momento, un sinf\u00edn de funcionarios y dirigentes recorrieron los medios de comunicaci\u00f3n tratando de quitarse responsabilidades y acus\u00e1ndose mutuamente por lo sucedido. En el medio se olvidaron de lo m\u00e1s importante: la salud de nuestros vecinos y el crecimiento de la falta de credibilidad en una vacunaci\u00f3n mal planificada y poco seria. Desde Evoluci\u00f3n Radical trabajamos en conjunto con el Diputado Fernando P\u00e9rez, solicitando mayor informaci\u00f3n sobre lo sucedido y el esquema de planificaci\u00f3n para la aplicaci\u00f3n de la vacuna a nivel Provincial&#8221;.<\/p>\n<p>&#8220;Analicemos desde el principio: el anuncio, la falta de organizaci\u00f3n y comunicaci\u00f3n entre Provincia y Municipio, las mezquindades pol\u00edticas, la discriminaci\u00f3n para algunos distritos de otra bandera pol\u00edtica (el ejemplo cercano de Azul).\u00a0 Todo hecho para llegar a un final como el que estamos viviendo. Muchas son las dudas de los ciudadanos de aplicarse una nueva vacuna desarrollada en un tiempo menor a los parametros habituales, y si a eso le sumamos una improvisaci\u00f3n tan notoria en la planificaci\u00f3n, la desconfianza es sin dudas cada vez mayor.\u00a0 Surgen varias preguntas respecto a lo sucedido: \u00bfEs necesario tratar de sacar r\u00e9dito pol\u00edtico anunciando la llegada de la vacuna a nuestra ciudad? \u00bfPuede cualquier funcionario, sin ser id\u00f3neo en el tema, decidir d\u00f3nde alojar las dosis? \u00bfNo se puede dejar de lado las banderas partidarias para trabajar en una planificaci\u00f3n conjunta, seria y ordenada? Todas preguntas que r\u00e1pidamente pueden ser respondidas desde el sentido com\u00fan&#8221;.<\/p>\n<p>Por otro lado mencion\u00f3 &#8220;desde nuestro espacio lejos de tratar de sacar alguna ventaja pol\u00edtica, optamos por evitar salir r\u00e1pidamente a acusar o marcar postura. Lo cual es lo m\u00e1s sencillo, pero creemos que en el medio hay algo mucho m\u00e1s importante que es la salud y la preocupaci\u00f3n de nuestros vecinos.\u00a0 Era una gran oportunidad para que los diferentes funcionarios se pongan a trabajar en serio, y una vez m\u00e1s se la dej\u00f3 pasar. Por ello, y luego de analizarlo con nuestros equipos t\u00e9cnicos, elaboramos en conjunto con nuestro Diputado Fernando P\u00e9rez y presentamos en la C\u00e1mara de Diputados&#8221;.<\/p>\n<p>Pedido de informes:<\/p>\n<p>1.-Informe sobre el total de vacunas que recibi\u00f3 la Provincia de Buenos Aires y la manera en que fueron distribuidas en las diferentes regiones sanitarias indicando: a) cantidad entregada, b) funcionario encargado de recibir las vacunas y encargado de la cadena de custodia, c) plan espec\u00edfico de vacunaci\u00f3n para cada regi\u00f3n, d) cantidad de vacunas entregadas por distrito en cada una de las regiones sanitarias mencionadas.<\/p>\n<p>2.- Indique si al d\u00eda de la fecha ya se han distribuido todas a las diferentes regiones sanitarias o a\u00fan hay regiones que no han recibido vacunas en este tramo de entrega. Asimismo, si dentro de las regiones sanitarias se ha procedido a la entrega a cada uno de los municipios que la componen.<\/p>\n<p>3.- Indique por Regi\u00f3n y por municipio, de parte de quien es la responsabilidad del almacenaje a la hora de asegurar la cadena de frio necesario para la efectividad de la vacuna.<\/p>\n<p>4.- Informe si todo el personal sanitario que trabaja en las UTI recibi\u00f3 las vacunas, tanto en Instituciones P\u00fablicas como Privadas. En caso negativo informar cuantas personas a\u00fan deben de vacunarse.<\/p>\n<p>5.- Informe todo otro dato de inter\u00e9s para la cuesti\u00f3n planteada a estos efectos.<\/p>\n<p>Al mismo tiempo, y apuntando espec\u00edficamente a lo sucedido con las dosis que debieron ser descartadas, insistimos en la necesidad de trabajar en los siguientes puntos:<\/p>\n<p>1.- Tener en cuenta si se toman todas las medidas de bioseguridad para el transporte, cuidado, manipulaci\u00f3n y administraci\u00f3n de la vacuna.<\/p>\n<p>2.- Considerar los posibles riesgos, contingencias o accidentes que puedan ocurrir y como prever o responder ante los mismos (fuentes de energ\u00eda alternativas, heladera, personal al cuidado, sistemas de alarma etc.)<\/p>\n<p>3.- Planificar quienes son las personas que se deben vacunar en orden de prioridad por sectores de riesgo: Uti, unidades coronarias, terapias intermedias, Salas Covid y guardias (primeras l\u00edneas)<\/p>\n<p>4.- Planificaci\u00f3n entre las diversas \u00e1reas de salud independientemente de la bander\u00eda pol\u00edtica,entre Municipio, Provincia y Naci\u00f3n, incluyendo sector privado y entidades cient\u00edficas (Facultad de Ciencias de la Salud, UNICEN).<\/p>\n<p>&#8220;Son momentos de gran angustia y al mismo tiempo de esperanza para toda la poblaci\u00f3n, pedimos nuevamente a los responsables estar a la altura de la labor que se les encomend\u00f3, y trabajar seriamente para dar las soluciones necesarias para comenzar a dejar atr\u00e1s a esta pendemia que tanto da\u00f1o nos ha hecho&#8221;.<\/p>\n<p>&nbsp;<\/p>\n","protected":false},"excerpt":{"rendered":"<p>Gonzalo Dolagaray: &#8220;La salud fue tomada de de rehen por mezquindades pol\u00edticas&#8221;. Dolagaray dijo &#8220;el&#8230;<\/p>\n","protected":false},"author":1,"featured_media":131824,"comment_status":"closed","ping_status":"closed","sticky":false,"template":"","format":"standard","meta":{"content-type":""},"categories":[51,43],"tags":[],"nelio_content":{"isAutoShareEnabled":false,"autoShareEndMode":"default","automationSources":{"useContentSentences":true,"useSocialTemplates":true,"useCustomSentences":false,"customSentences":[]},"followers":[1],"suggestedReferences":[],"includedReferences":[],"efiUrl":"","efiAlt":"","highlights":[]},"yoast_head":"<!-- This site is optimized with the Yoast SEO plugin v20.7 - https:\/\/yoast.com\/wordpress\/plugins\/seo\/ -->\n<title>Gonzalo Dolagaray: &quot;La salud fue tomada de de rehen por mezquindades pol\u00edticas&quot; -<\/title>\n<meta name=\"robots\" content=\"index, follow, max-snippet:-1, max-image-preview:large, max-video-preview:-1\" \/>\n<link rel=\"canonical\" href=\"https:\/\/experienciadevida.com.ar\/portalurbano\/gonzalo-dolagaray-la-salud-fue-tomada-de-de-rehen-por-mezquindades-politicas\/\" \/>\n<meta property=\"og:locale\" content=\"es_ES\" \/>\n<meta property=\"og:type\" content=\"article\" \/>\n<meta property=\"og:title\" content=\"Gonzalo Dolagaray: &quot;La salud fue tomada de de rehen por mezquindades pol\u00edticas&quot; -\" \/>\n<meta property=\"og:description\" content=\"Gonzalo Dolagaray: &#8220;La salud fue tomada de de rehen por mezquindades pol\u00edticas&#8221;. Dolagaray dijo &#8220;el...\" \/>\n<meta property=\"og:url\" content=\"https:\/\/experienciadevida.com.ar\/portalurbano\/gonzalo-dolagaray-la-salud-fue-tomada-de-de-rehen-por-mezquindades-politicas\/\" \/>\n<meta property=\"article:publisher\" content=\"https:\/\/www.facebook.com\/Portal-Urbano-171542830093757\/\" \/>\n<meta property=\"article:published_time\" content=\"2021-01-06T21:50:23+00:00\" \/>\n<meta property=\"article:modified_time\" content=\"2021-01-06T21:51:02+00:00\" \/>\n<meta property=\"og:image\" content=\"https:\/\/experienciadevida.com.ar\/portalurbano\/wp-content\/uploads\/2021\/01\/Dolagaray.jpg\" \/>\n\t<meta property=\"og:image:width\" content=\"765\" \/>\n\t<meta property=\"og:image:height\" content=\"527\" \/>\n\t<meta property=\"og:image:type\" content=\"image\/jpeg\" \/>\n<meta name=\"author\" content=\"admpu17wp\" \/>\n<meta name=\"twitter:card\" content=\"summary_large_image\" \/>\n<meta name=\"twitter:creator\" content=\"@portalurbanook\" \/>\n<meta name=\"twitter:site\" content=\"@portalurbanook\" \/>\n<meta name=\"twitter:label1\" content=\"Escrito por\" \/>\n\t<meta name=\"twitter:data1\" content=\"admpu17wp\" \/>\n\t<meta name=\"twitter:label2\" content=\"Tiempo de lectura\" \/>\n\t<meta name=\"twitter:data2\" content=\"4 minutos\" \/>\n<script type=\"application\/ld+json\" class=\"yoast-schema-graph\">{\"@context\":\"https:\/\/schema.org\",\"@graph\":[{\"@type\":\"Article\",\"@id\":\"https:\/\/experienciadevida.com.ar\/portalurbano\/gonzalo-dolagaray-la-salud-fue-tomada-de-de-rehen-por-mezquindades-politicas\/#article\",\"isPartOf\":{\"@id\":\"https:\/\/experienciadevida.com.ar\/portalurbano\/gonzalo-dolagaray-la-salud-fue-tomada-de-de-rehen-por-mezquindades-politicas\/\"},\"author\":{\"name\":\"admpu17wp\",\"@id\":\"https:\/\/experienciadevida.com.ar\/portalurbano\/#\/schema\/person\/02dd326b1c4b056e9cc972486934a3a7\"},\"headline\":\"Gonzalo Dolagaray: &#8220;La salud fue tomada de de rehen por mezquindades pol\u00edticas&#8221;\",\"datePublished\":\"2021-01-06T21:50:23+00:00\",\"dateModified\":\"2021-01-06T21:51:02+00:00\",\"mainEntityOfPage\":{\"@id\":\"https:\/\/experienciadevida.com.ar\/portalurbano\/gonzalo-dolagaray-la-salud-fue-tomada-de-de-rehen-por-mezquindades-politicas\/\"},\"wordCount\":843,\"publisher\":{\"@id\":\"https:\/\/experienciadevida.com.ar\/portalurbano\/#organization\"},\"articleSection\":[\"Destacadas\",\"Pol\u00edtica\"],\"inLanguage\":\"es\"},{\"@type\":\"WebPage\",\"@id\":\"https:\/\/experienciadevida.com.ar\/portalurbano\/gonzalo-dolagaray-la-salud-fue-tomada-de-de-rehen-por-mezquindades-politicas\/\",\"url\":\"https:\/\/experienciadevida.com.ar\/portalurbano\/gonzalo-dolagaray-la-salud-fue-tomada-de-de-rehen-por-mezquindades-politicas\/\",\"name\":\"Gonzalo Dolagaray: \\\"La salud fue tomada de de rehen por mezquindades pol\u00edticas\\\" -\",\"isPartOf\":{\"@id\":\"https:\/\/experienciadevida.com.ar\/portalurbano\/#website\"},\"datePublished\":\"2021-01-06T21:50:23+00:00\",\"dateModified\":\"2021-01-06T21:51:02+00:00\",\"breadcrumb\":{\"@id\":\"https:\/\/experienciadevida.com.ar\/portalurbano\/gonzalo-dolagaray-la-salud-fue-tomada-de-de-rehen-por-mezquindades-politicas\/#breadcrumb\"},\"inLanguage\":\"es\",\"potentialAction\":[{\"@type\":\"ReadAction\",\"target\":[\"https:\/\/experienciadevida.com.ar\/portalurbano\/gonzalo-dolagaray-la-salud-fue-tomada-de-de-rehen-por-mezquindades-politicas\/\"]}]},{\"@type\":\"BreadcrumbList\",\"@id\":\"https:\/\/experienciadevida.com.ar\/portalurbano\/gonzalo-dolagaray-la-salud-fue-tomada-de-de-rehen-por-mezquindades-politicas\/#breadcrumb\",\"itemListElement\":[{\"@type\":\"ListItem\",\"position\":1,\"name\":\"Portada\",\"item\":\"https:\/\/experienciadevida.com.ar\/portalurbano\/\"},{\"@type\":\"ListItem\",\"position\":2,\"name\":\"Gonzalo Dolagaray: \u00abLa salud fue tomada de de rehen por mezquindades pol\u00edticas\u00bb\"}]},{\"@type\":\"WebSite\",\"@id\":\"https:\/\/experienciadevida.com.ar\/portalurbano\/#website\",\"url\":\"https:\/\/experienciadevida.com.ar\/portalurbano\/\",\"name\":\"\",\"description\":\"\",\"publisher\":{\"@id\":\"https:\/\/experienciadevida.com.ar\/portalurbano\/#organization\"},\"potentialAction\":[{\"@type\":\"SearchAction\",\"target\":{\"@type\":\"EntryPoint\",\"urlTemplate\":\"https:\/\/experienciadevida.com.ar\/portalurbano\/?s={search_term_string}\"},\"query-input\":\"required name=search_term_string\"}],\"inLanguage\":\"es\"},{\"@type\":\"Organization\",\"@id\":\"https:\/\/experienciadevida.com.ar\/portalurbano\/#organization\",\"name\":\"Portal Urbano\",\"url\":\"https:\/\/experienciadevida.com.ar\/portalurbano\/\",\"logo\":{\"@type\":\"ImageObject\",\"inLanguage\":\"es\",\"@id\":\"https:\/\/experienciadevida.com.ar\/portalurbano\/#\/schema\/logo\/image\/\",\"url\":\"https:\/\/experienciadevida.com.ar\/portalurbano\/wp-content\/uploads\/2019\/09\/Logo-Original.png\",\"contentUrl\":\"https:\/\/experienciadevida.com.ar\/portalurbano\/wp-content\/uploads\/2019\/09\/Logo-Original.png\",\"width\":2236,\"height\":1216,\"caption\":\"Portal Urbano\"},\"image\":{\"@id\":\"https:\/\/experienciadevida.com.ar\/portalurbano\/#\/schema\/logo\/image\/\"},\"sameAs\":[\"https:\/\/www.facebook.com\/Portal-Urbano-171542830093757\/\",\"https:\/\/twitter.com\/portalurbanook\",\"https:\/\/www.instagram.com\/_portalurbano\/\",\"https:\/\/www.youtube.com\/channel\/UCXhagIfszH8KxFiOok79zbA?view_as=subscriber\"]},{\"@type\":\"Person\",\"@id\":\"https:\/\/experienciadevida.com.ar\/portalurbano\/#\/schema\/person\/02dd326b1c4b056e9cc972486934a3a7\",\"name\":\"admpu17wp\",\"image\":{\"@type\":\"ImageObject\",\"inLanguage\":\"es\",\"@id\":\"https:\/\/experienciadevida.com.ar\/portalurbano\/#\/schema\/person\/image\/\",\"url\":\"https:\/\/secure.gravatar.com\/avatar\/830d4c57adaae6630765e449a6908047?s=96&d=mm&r=g\",\"contentUrl\":\"https:\/\/secure.gravatar.com\/avatar\/830d4c57adaae6630765e449a6908047?s=96&d=mm&r=g\",\"caption\":\"admpu17wp\"}}]}<\/script>\n<!-- \/ Yoast SEO plugin. -->","yoast_head_json":{"title":"Gonzalo Dolagaray: \"La salud fue tomada de de rehen por mezquindades pol\u00edticas\" -","robots":{"index":"index","follow":"follow","max-snippet":"max-snippet:-1","max-image-preview":"max-image-preview:large","max-video-preview":"max-video-preview:-1"},"canonical":"https:\/\/experienciadevida.com.ar\/portalurbano\/gonzalo-dolagaray-la-salud-fue-tomada-de-de-rehen-por-mezquindades-politicas\/","og_locale":"es_ES","og_type":"article","og_title":"Gonzalo Dolagaray: \"La salud fue tomada de de rehen por mezquindades pol\u00edticas\" -","og_description":"Gonzalo Dolagaray: &#8220;La salud fue tomada de de rehen por mezquindades pol\u00edticas&#8221;. Dolagaray dijo &#8220;el...","og_url":"https:\/\/experienciadevida.com.ar\/portalurbano\/gonzalo-dolagaray-la-salud-fue-tomada-de-de-rehen-por-mezquindades-politicas\/","article_publisher":"https:\/\/www.facebook.com\/Portal-Urbano-171542830093757\/","article_published_time":"2021-01-06T21:50:23+00:00","article_modified_time":"2021-01-06T21:51:02+00:00","og_image":[{"width":765,"height":527,"url":"https:\/\/experienciadevida.com.ar\/portalurbano\/wp-content\/uploads\/2021\/01\/Dolagaray.jpg","type":"image\/jpeg"}],"author":"admpu17wp","twitter_card":"summary_large_image","twitter_creator":"@portalurbanook","twitter_site":"@portalurbanook","twitter_misc":{"Escrito por":"admpu17wp","Tiempo de lectura":"4 minutos"},"schema":{"@context":"https:\/\/schema.org","@graph":[{"@type":"Article","@id":"https:\/\/experienciadevida.com.ar\/portalurbano\/gonzalo-dolagaray-la-salud-fue-tomada-de-de-rehen-por-mezquindades-politicas\/#article","isPartOf":{"@id":"https:\/\/experienciadevida.com.ar\/portalurbano\/gonzalo-dolagaray-la-salud-fue-tomada-de-de-rehen-por-mezquindades-politicas\/"},"author":{"name":"admpu17wp","@id":"https:\/\/experienciadevida.com.ar\/portalurbano\/#\/schema\/person\/02dd326b1c4b056e9cc972486934a3a7"},"headline":"Gonzalo Dolagaray: &#8220;La salud fue tomada de de rehen por mezquindades pol\u00edticas&#8221;","datePublished":"2021-01-06T21:50:23+00:00","dateModified":"2021-01-06T21:51:02+00:00","mainEntityOfPage":{"@id":"https:\/\/experienciadevida.com.ar\/portalurbano\/gonzalo-dolagaray-la-salud-fue-tomada-de-de-rehen-por-mezquindades-politicas\/"},"wordCount":843,"publisher":{"@id":"https:\/\/experienciadevida.com.ar\/portalurbano\/#organization"},"articleSection":["Destacadas","Pol\u00edtica"],"inLanguage":"es"},{"@type":"WebPage","@id":"https:\/\/experienciadevida.com.ar\/portalurbano\/gonzalo-dolagaray-la-salud-fue-tomada-de-de-rehen-por-mezquindades-politicas\/","url":"https:\/\/experienciadevida.com.ar\/portalurbano\/gonzalo-dolagaray-la-salud-fue-tomada-de-de-rehen-por-mezquindades-politicas\/","name":"Gonzalo Dolagaray: \"La salud fue tomada de de rehen por mezquindades pol\u00edticas\" -","isPartOf":{"@id":"https:\/\/experienciadevida.com.ar\/portalurbano\/#website"},"datePublished":"2021-01-06T21:50:23+00:00","dateModified":"2021-01-06T21:51:02+00:00","breadcrumb":{"@id":"https:\/\/experienciadevida.com.ar\/portalurbano\/gonzalo-dolagaray-la-salud-fue-tomada-de-de-rehen-por-mezquindades-politicas\/#breadcrumb"},"inLanguage":"es","potentialAction":[{"@type":"ReadAction","target":["https:\/\/experienciadevida.com.ar\/portalurbano\/gonzalo-dolagaray-la-salud-fue-tomada-de-de-rehen-por-mezquindades-politicas\/"]}]},{"@type":"BreadcrumbList","@id":"https:\/\/experienciadevida.com.ar\/portalurbano\/gonzalo-dolagaray-la-salud-fue-tomada-de-de-rehen-por-mezquindades-politicas\/#breadcrumb","itemListElement":[{"@type":"ListItem","position":1,"name":"Portada","item":"https:\/\/experienciadevida.com.ar\/portalurbano\/"},{"@type":"ListItem","position":2,"name":"Gonzalo Dolagaray: \u00abLa salud fue tomada de de rehen por mezquindades pol\u00edticas\u00bb"}]},{"@type":"WebSite","@id":"https:\/\/experienciadevida.com.ar\/portalurbano\/#website","url":"https:\/\/experienciadevida.com.ar\/portalurbano\/","name":"","description":"","publisher":{"@id":"https:\/\/experienciadevida.com.ar\/portalurbano\/#organization"},"potentialAction":[{"@type":"SearchAction","target":{"@type":"EntryPoint","urlTemplate":"https:\/\/experienciadevida.com.ar\/portalurbano\/?s={search_term_string}"},"query-input":"required name=search_term_string"}],"inLanguage":"es"},{"@type":"Organization","@id":"https:\/\/experienciadevida.com.ar\/portalurbano\/#organization","name":"Portal Urbano","url":"https:\/\/experienciadevida.com.ar\/portalurbano\/","logo":{"@type":"ImageObject","inLanguage":"es","@id":"https:\/\/experienciadevida.com.ar\/portalurbano\/#\/schema\/logo\/image\/","url":"https:\/\/experienciadevida.com.ar\/portalurbano\/wp-content\/uploads\/2019\/09\/Logo-Original.png","contentUrl":"https:\/\/experienciadevida.com.ar\/portalurbano\/wp-content\/uploads\/2019\/09\/Logo-Original.png","width":2236,"height":1216,"caption":"Portal Urbano"},"image":{"@id":"https:\/\/experienciadevida.com.ar\/portalurbano\/#\/schema\/logo\/image\/"},"sameAs":["https:\/\/www.facebook.com\/Portal-Urbano-171542830093757\/","https:\/\/twitter.com\/portalurbanook","https:\/\/www.instagram.com\/_portalurbano\/","https:\/\/www.youtube.com\/channel\/UCXhagIfszH8KxFiOok79zbA?view_as=subscriber"]},{"@type":"Person","@id":"https:\/\/experienciadevida.com.ar\/portalurbano\/#\/schema\/person\/02dd326b1c4b056e9cc972486934a3a7","name":"admpu17wp","image":{"@type":"ImageObject","inLanguage":"es","@id":"https:\/\/experienciadevida.com.ar\/portalurbano\/#\/schema\/person\/image\/","url":"https:\/\/secure.gravatar.com\/avatar\/830d4c57adaae6630765e449a6908047?s=96&d=mm&r=g","contentUrl":"https:\/\/secure.gravatar.com\/avatar\/830d4c57adaae6630765e449a6908047?s=96&d=mm&r=g","caption":"admpu17wp"}}]}},"featured_image_urls":{"full":["https:\/\/experienciadevida.com.ar\/portalurbano\/wp-content\/uploads\/2021\/01\/Dolagaray.jpg",765,527,false],"thumbnail":["https:\/\/experienciadevida.com.ar\/portalurbano\/wp-content\/uploads\/2021\/01\/Dolagaray-150x150.jpg",150,150,true],"medium":["https:\/\/experienciadevida.com.ar\/portalurbano\/wp-content\/uploads\/2021\/01\/Dolagaray-300x207.jpg",300,207,true],"medium_large":["https:\/\/experienciadevida.com.ar\/portalurbano\/wp-content\/uploads\/2021\/01\/Dolagaray.jpg",640,441,false],"large":["https:\/\/experienciadevida.com.ar\/portalurbano\/wp-content\/uploads\/2021\/01\/Dolagaray.jpg",640,441,false],"ug_big":["https:\/\/experienciadevida.com.ar\/portalurbano\/wp-content\/uploads\/2021\/01\/Dolagaray.jpg",765,527,false],"1536x1536":["https:\/\/experienciadevida.com.ar\/portalurbano\/wp-content\/uploads\/2021\/01\/Dolagaray.jpg",765,527,false],"2048x2048":["https:\/\/experienciadevida.com.ar\/portalurbano\/wp-content\/uploads\/2021\/01\/Dolagaray.jpg",765,527,false],"newsever-slider-full":["https:\/\/experienciadevida.com.ar\/portalurbano\/wp-content\/uploads\/2021\/01\/Dolagaray.jpg",765,527,false],"newsever-featured":["https:\/\/experienciadevida.com.ar\/portalurbano\/wp-content\/uploads\/2021\/01\/Dolagaray.jpg",765,527,false],"newsever-medium":["https:\/\/experienciadevida.com.ar\/portalurbano\/wp-content\/uploads\/2021\/01\/Dolagaray.jpg",690,475,false],"web-stories-poster-portrait":["https:\/\/experienciadevida.com.ar\/portalurbano\/wp-content\/uploads\/2021\/01\/Dolagaray.jpg",640,441,false],"web-stories-publisher-logo":["https:\/\/experienciadevida.com.ar\/portalurbano\/wp-content\/uploads\/2021\/01\/Dolagaray.jpg",96,66,false],"web-stories-thumbnail":["https:\/\/experienciadevida.com.ar\/portalurbano\/wp-content\/uploads\/2021\/01\/Dolagaray.jpg",150,103,false]},"author_info":{"display_name":"admpu17wp","author_link":"https:\/\/experienciadevida.com.ar\/portalurbano\/author\/admpu17wp\/"},"category_info":"<a href=\"https:\/\/experienciadevida.com.ar\/portalurbano\/category\/destacadas\/\" rel=\"category tag\">Destacadas<\/a> <a href=\"https:\/\/experienciadevida.com.ar\/portalurbano\/category\/politica\/\" rel=\"category tag\">Pol\u00edtica<\/a>","tag_info":"Pol\u00edtica","comment_count":"0","amp_enabled":true,"_links":{"self":[{"href":"https:\/\/experienciadevida.com.ar\/portalurbano\/wp-json\/wp\/v2\/posts\/131823"}],"collection":[{"href":"https:\/\/experienciadevida.com.ar\/portalurbano\/wp-json\/wp\/v2\/posts"}],"about":[{"href":"https:\/\/experienciadevida.com.ar\/portalurbano\/wp-json\/wp\/v2\/types\/post"}],"author":[{"embeddable":true,"href":"https:\/\/experienciadevida.com.ar\/portalurbano\/wp-json\/wp\/v2\/users\/1"}],"replies":[{"embeddable":true,"href":"https:\/\/experienciadevida.com.ar\/portalurbano\/wp-json\/wp\/v2\/comments?post=131823"}],"version-history":[{"count":1,"href":"https:\/\/experienciadevida.com.ar\/portalurbano\/wp-json\/wp\/v2\/posts\/131823\/revisions"}],"predecessor-version":[{"id":131825,"href":"https:\/\/experienciadevida.com.ar\/portalurbano\/wp-json\/wp\/v2\/posts\/131823\/revisions\/131825"}],"wp:featuredmedia":[{"embeddable":true,"href":"https:\/\/experienciadevida.com.ar\/portalurbano\/wp-json\/wp\/v2\/media\/131824"}],"wp:attachment":[{"href":"https:\/\/experienciadevida.com.ar\/portalurbano\/wp-json\/wp\/v2\/media?parent=131823"}],"wp:term":[{"taxonomy":"category","embeddable":true,"href":"https:\/\/experienciadevida.com.ar\/portalurbano\/wp-json\/wp\/v2\/categories?post=131823"},{"taxonomy":"post_tag","embeddable":true,"href":"https:\/\/experienciadevida.com.ar\/portalurbano\/wp-json\/wp\/v2\/tags?post=131823"}],"curies":[{"name":"wp","href":"https:\/\/api.w.org\/{rel}","templated":true}]}}