{"id":131693,"date":"2021-01-05T11:00:25","date_gmt":"2021-01-05T14:00:25","guid":{"rendered":"https:\/\/experienciadevida.com.ar\/portalurbano\/?p=131693"},"modified":"2021-01-05T11:01:58","modified_gmt":"2021-01-05T14:01:58","slug":"investigan-si-fue-intencional-el-desvio-en-la-cadena-de-frio","status":"publish","type":"post","link":"https:\/\/experienciadevida.com.ar\/portalurbano\/investigan-si-fue-intencional-el-desvio-en-la-cadena-de-frio\/","title":{"rendered":"Investigan si fue intencional el desv\u00edo en la cadena de fr\u00edo"},"content":{"rendered":"<p>Investigan si fue intencional el desv\u00edo en la cadena de fr\u00edo. Se realizar\u00e1n pericias t\u00e9cnicas &#8220;respecto del freezer&#8221; y se analizar\u00e1n las c\u00e1maras de seguridad &#8220;para ver qui\u00e9n ingres\u00f3 al lugar el fin de semana&#8221; y determinar si se manipul\u00f3 ese artefacto en el que estaban almacenadas las 400 dosis que hubo que descartar.<\/p>\n<p>El fiscal general la localidad bonaerense de Azul, Marcelo Sobrino, dijo este martes que se investiga si el desv\u00edo en la cadena de fr\u00edo que caus\u00f3 la p\u00e9rdida de cientos de dosis de la vacuna Sputnik V contra el coronavirus en Olavarr\u00eda se debi\u00f3 a &#8220;una falla el\u00e9ctrica en el freezer&#8221; en donde estaban ubicadas o si se trat\u00f3 &#8220;de un atentado&#8221;.<\/p>\n<p>Ayer, el Ministerio de Salud bonaerense debi\u00f3 reprogramar la aplicaci\u00f3n de la vacuna para el personal de salud de Olavarr\u00eda tras detectar un &#8220;desv\u00edo en la cadena de fr\u00edo&#8221; que caus\u00f3 la inutilizaci\u00f3n de cientos de dosis.<\/p>\n<p>Sobrino explic\u00f3 que la denuncia fue radicada por la directora del Hospital Oncol\u00f3gico en la Fiscal\u00eda N\u00b0 10 de Olavarr\u00eda.<\/p>\n<p>El fiscal expuso que en ese centro de salud hab\u00eda unas 450 dosis -90 ampollas, cada una de las cuales contiene 5 dosis- que deb\u00edan permanecer &#8220;a una temperatura de entre -18\u00b0 y -40\u00b0&#8221;.<\/p>\n<p>&#8220;Ayer a la ma\u00f1ana, se encontraron con que la graduaci\u00f3n del freezer estaba en 26\u00b0, con lo cual hab\u00eda que descartar 400 dosis -dado que otras 50 ya se hab\u00edan inoculado al personal de salud- porque perdieron la cadena de fr\u00edo&#8221;, precis\u00f3.<\/p>\n<p>El fiscal, que explic\u00f3 que &#8220;se est\u00e1 investigando si fue algo del orden de una falla el\u00e9ctrica en el freezer o un atentado&#8221;, asegur\u00f3 que &#8220;se analizan las dos opciones&#8221; y a\u00f1adi\u00f3 que &#8220;para eso se tom\u00f3 r\u00e1pidamente la denuncia y la fiscal enseguida comenz\u00f3 las actuaciones&#8221;.<\/p>\n<p>Sobrino cont\u00f3 que se realizar\u00e1n pericias t\u00e9cnicas &#8220;respecto del freezer&#8221; y puntualiz\u00f3 que se analizar\u00e1n las c\u00e1maras de seguridad &#8220;para ver qui\u00e9n ingres\u00f3 al lugar el fin de semana&#8221; y determinar si se manipul\u00f3 ese artefacto.<\/p>\n<p>La cartera sanitaria inform\u00f3 este lunes que &#8220;en el marco de la campa\u00f1a provincial de vacunaci\u00f3n contra el coronavirus, que incluye un control permanente sobre la log\u00edstica y el proceso de aplicaci\u00f3n de las dosis, el Ministerio de Salud detect\u00f3 un desv\u00edo en la cadena de fr\u00edo de las vacunas del Hospital Oncol\u00f3gico de Olavarr\u00eda&#8221;.<\/p>\n<p>Ante esa situaci\u00f3n, el Ministerio &#8220;decidi\u00f3 retirarlas y reestructurar la vacunaci\u00f3n del distrito, derivando al personal de salud que deb\u00eda recibir las vacunas a los municipios vecinos&#8221;.<\/p>\n<p>El Ministerio confirm\u00f3 que paralelamente &#8220;se inici\u00f3 un proceso sumarial para investigar lo ocurrido&#8221;.<\/p>\n<p>Fuente: T\u00e9lam<\/p>\n","protected":false},"excerpt":{"rendered":"<p>Investigan si fue intencional el desv\u00edo en la cadena de fr\u00edo. Se realizar\u00e1n pericias t\u00e9cnicas&#8230;<\/p>\n","protected":false},"author":1,"featured_media":0,"comment_status":"closed","ping_status":"closed","sticky":false,"template":"","format":"standard","meta":{"content-type":""},"categories":[27,64],"tags":[],"nelio_content":{"isAutoShareEnabled":false,"autoShareEndMode":"default","automationSources":{"useContentSentences":true,"useSocialTemplates":true,"useCustomSentences":false,"customSentences":[]},"followers":[1],"suggestedReferences":[],"includedReferences":[],"efiUrl":"","efiAlt":"","highlights":[]},"yoast_head":"<!-- This site is optimized with the Yoast SEO plugin v20.7 - https:\/\/yoast.com\/wordpress\/plugins\/seo\/ -->\n<title>Investigan si fue intencional el desv\u00edo en la cadena de fr\u00edo<\/title>\n<meta name=\"description\" content=\"Investigan si fue intencional el desv\u00edo en la cadena de fr\u00edo. Se realizar\u00e1n pericias t\u00e9cnicas &quot;respecto del freezer&quot; y analizan camaras.\" \/>\n<meta name=\"robots\" content=\"index, follow, max-snippet:-1, max-image-preview:large, max-video-preview:-1\" \/>\n<link rel=\"canonical\" href=\"https:\/\/experienciadevida.com.ar\/portalurbano\/investigan-si-fue-intencional-el-desvio-en-la-cadena-de-frio\/\" \/>\n<meta property=\"og:locale\" content=\"es_ES\" \/>\n<meta property=\"og:type\" content=\"article\" \/>\n<meta property=\"og:title\" content=\"Investigan si fue intencional el desv\u00edo en la cadena de fr\u00edo\" \/>\n<meta property=\"og:description\" content=\"Investigan si fue intencional el desv\u00edo en la cadena de fr\u00edo. Se realizar\u00e1n pericias t\u00e9cnicas &quot;respecto del freezer&quot; y analizan camaras.\" \/>\n<meta property=\"og:url\" content=\"https:\/\/experienciadevida.com.ar\/portalurbano\/investigan-si-fue-intencional-el-desvio-en-la-cadena-de-frio\/\" \/>\n<meta property=\"article:publisher\" content=\"https:\/\/www.facebook.com\/Portal-Urbano-171542830093757\/\" \/>\n<meta property=\"article:published_time\" content=\"2021-01-05T14:00:25+00:00\" \/>\n<meta property=\"article:modified_time\" content=\"2021-01-05T14:01:58+00:00\" \/>\n<meta property=\"og:image\" content=\"https:\/\/experienciadevida.com.ar\/portalurbano\/wp-content\/uploads\/2018\/10\/SOBRINO-1.jpg\" \/>\n\t<meta property=\"og:image:width\" content=\"1000\" \/>\n\t<meta property=\"og:image:height\" content=\"588\" \/>\n\t<meta property=\"og:image:type\" content=\"image\/jpeg\" \/>\n<meta name=\"author\" content=\"admpu17wp\" \/>\n<meta name=\"twitter:card\" content=\"summary_large_image\" \/>\n<meta name=\"twitter:creator\" content=\"@portalurbanook\" \/>\n<meta name=\"twitter:site\" content=\"@portalurbanook\" \/>\n<meta name=\"twitter:label1\" content=\"Escrito por\" \/>\n\t<meta name=\"twitter:data1\" content=\"admpu17wp\" \/>\n\t<meta name=\"twitter:label2\" content=\"Tiempo de lectura\" \/>\n\t<meta name=\"twitter:data2\" content=\"2 minutos\" \/>\n<script type=\"application\/ld+json\" class=\"yoast-schema-graph\">{\"@context\":\"https:\/\/schema.org\",\"@graph\":[{\"@type\":\"Article\",\"@id\":\"https:\/\/experienciadevida.com.ar\/portalurbano\/investigan-si-fue-intencional-el-desvio-en-la-cadena-de-frio\/#article\",\"isPartOf\":{\"@id\":\"https:\/\/experienciadevida.com.ar\/portalurbano\/investigan-si-fue-intencional-el-desvio-en-la-cadena-de-frio\/\"},\"author\":{\"name\":\"admpu17wp\",\"@id\":\"https:\/\/experienciadevida.com.ar\/portalurbano\/#\/schema\/person\/02dd326b1c4b056e9cc972486934a3a7\"},\"headline\":\"Investigan si fue intencional el desv\u00edo en la cadena de fr\u00edo\",\"datePublished\":\"2021-01-05T14:00:25+00:00\",\"dateModified\":\"2021-01-05T14:01:58+00:00\",\"mainEntityOfPage\":{\"@id\":\"https:\/\/experienciadevida.com.ar\/portalurbano\/investigan-si-fue-intencional-el-desvio-en-la-cadena-de-frio\/\"},\"wordCount\":483,\"publisher\":{\"@id\":\"https:\/\/experienciadevida.com.ar\/portalurbano\/#organization\"},\"articleSection\":[\"Ciudad\",\"Destacadas 2\"],\"inLanguage\":\"es\"},{\"@type\":\"WebPage\",\"@id\":\"https:\/\/experienciadevida.com.ar\/portalurbano\/investigan-si-fue-intencional-el-desvio-en-la-cadena-de-frio\/\",\"url\":\"https:\/\/experienciadevida.com.ar\/portalurbano\/investigan-si-fue-intencional-el-desvio-en-la-cadena-de-frio\/\",\"name\":\"Investigan si fue intencional el desv\u00edo en la cadena de fr\u00edo\",\"isPartOf\":{\"@id\":\"https:\/\/experienciadevida.com.ar\/portalurbano\/#website\"},\"datePublished\":\"2021-01-05T14:00:25+00:00\",\"dateModified\":\"2021-01-05T14:01:58+00:00\",\"description\":\"Investigan si fue intencional el desv\u00edo en la cadena de fr\u00edo. Se realizar\u00e1n pericias t\u00e9cnicas \\\"respecto del freezer\\\" y analizan camaras.\",\"breadcrumb\":{\"@id\":\"https:\/\/experienciadevida.com.ar\/portalurbano\/investigan-si-fue-intencional-el-desvio-en-la-cadena-de-frio\/#breadcrumb\"},\"inLanguage\":\"es\",\"potentialAction\":[{\"@type\":\"ReadAction\",\"target\":[\"https:\/\/experienciadevida.com.ar\/portalurbano\/investigan-si-fue-intencional-el-desvio-en-la-cadena-de-frio\/\"]}]},{\"@type\":\"BreadcrumbList\",\"@id\":\"https:\/\/experienciadevida.com.ar\/portalurbano\/investigan-si-fue-intencional-el-desvio-en-la-cadena-de-frio\/#breadcrumb\",\"itemListElement\":[{\"@type\":\"ListItem\",\"position\":1,\"name\":\"Portada\",\"item\":\"https:\/\/experienciadevida.com.ar\/portalurbano\/\"},{\"@type\":\"ListItem\",\"position\":2,\"name\":\"Investigan si fue intencional el desv\u00edo en la cadena de fr\u00edo\"}]},{\"@type\":\"WebSite\",\"@id\":\"https:\/\/experienciadevida.com.ar\/portalurbano\/#website\",\"url\":\"https:\/\/experienciadevida.com.ar\/portalurbano\/\",\"name\":\"\",\"description\":\"\",\"publisher\":{\"@id\":\"https:\/\/experienciadevida.com.ar\/portalurbano\/#organization\"},\"potentialAction\":[{\"@type\":\"SearchAction\",\"target\":{\"@type\":\"EntryPoint\",\"urlTemplate\":\"https:\/\/experienciadevida.com.ar\/portalurbano\/?s={search_term_string}\"},\"query-input\":\"required name=search_term_string\"}],\"inLanguage\":\"es\"},{\"@type\":\"Organization\",\"@id\":\"https:\/\/experienciadevida.com.ar\/portalurbano\/#organization\",\"name\":\"Portal Urbano\",\"url\":\"https:\/\/experienciadevida.com.ar\/portalurbano\/\",\"logo\":{\"@type\":\"ImageObject\",\"inLanguage\":\"es\",\"@id\":\"https:\/\/experienciadevida.com.ar\/portalurbano\/#\/schema\/logo\/image\/\",\"url\":\"https:\/\/experienciadevida.com.ar\/portalurbano\/wp-content\/uploads\/2019\/09\/Logo-Original.png\",\"contentUrl\":\"https:\/\/experienciadevida.com.ar\/portalurbano\/wp-content\/uploads\/2019\/09\/Logo-Original.png\",\"width\":2236,\"height\":1216,\"caption\":\"Portal Urbano\"},\"image\":{\"@id\":\"https:\/\/experienciadevida.com.ar\/portalurbano\/#\/schema\/logo\/image\/\"},\"sameAs\":[\"https:\/\/www.facebook.com\/Portal-Urbano-171542830093757\/\",\"https:\/\/twitter.com\/portalurbanook\",\"https:\/\/www.instagram.com\/_portalurbano\/\",\"https:\/\/www.youtube.com\/channel\/UCXhagIfszH8KxFiOok79zbA?view_as=subscriber\"]},{\"@type\":\"Person\",\"@id\":\"https:\/\/experienciadevida.com.ar\/portalurbano\/#\/schema\/person\/02dd326b1c4b056e9cc972486934a3a7\",\"name\":\"admpu17wp\",\"image\":{\"@type\":\"ImageObject\",\"inLanguage\":\"es\",\"@id\":\"https:\/\/experienciadevida.com.ar\/portalurbano\/#\/schema\/person\/image\/\",\"url\":\"https:\/\/secure.gravatar.com\/avatar\/830d4c57adaae6630765e449a6908047?s=96&d=mm&r=g\",\"contentUrl\":\"https:\/\/secure.gravatar.com\/avatar\/830d4c57adaae6630765e449a6908047?s=96&d=mm&r=g\",\"caption\":\"admpu17wp\"}}]}<\/script>\n<!-- \/ Yoast SEO plugin. -->","yoast_head_json":{"title":"Investigan si fue intencional el desv\u00edo en la cadena de fr\u00edo","description":"Investigan si fue intencional el desv\u00edo en la cadena de fr\u00edo. Se realizar\u00e1n pericias t\u00e9cnicas \"respecto del freezer\" y analizan camaras.","robots":{"index":"index","follow":"follow","max-snippet":"max-snippet:-1","max-image-preview":"max-image-preview:large","max-video-preview":"max-video-preview:-1"},"canonical":"https:\/\/experienciadevida.com.ar\/portalurbano\/investigan-si-fue-intencional-el-desvio-en-la-cadena-de-frio\/","og_locale":"es_ES","og_type":"article","og_title":"Investigan si fue intencional el desv\u00edo en la cadena de fr\u00edo","og_description":"Investigan si fue intencional el desv\u00edo en la cadena de fr\u00edo. Se realizar\u00e1n pericias t\u00e9cnicas \"respecto del freezer\" y analizan camaras.","og_url":"https:\/\/experienciadevida.com.ar\/portalurbano\/investigan-si-fue-intencional-el-desvio-en-la-cadena-de-frio\/","article_publisher":"https:\/\/www.facebook.com\/Portal-Urbano-171542830093757\/","article_published_time":"2021-01-05T14:00:25+00:00","article_modified_time":"2021-01-05T14:01:58+00:00","og_image":[{"width":1000,"height":588,"url":"https:\/\/experienciadevida.com.ar\/portalurbano\/wp-content\/uploads\/2018\/10\/SOBRINO-1.jpg","type":"image\/jpeg"}],"author":"admpu17wp","twitter_card":"summary_large_image","twitter_creator":"@portalurbanook","twitter_site":"@portalurbanook","twitter_misc":{"Escrito por":"admpu17wp","Tiempo de lectura":"2 minutos"},"schema":{"@context":"https:\/\/schema.org","@graph":[{"@type":"Article","@id":"https:\/\/experienciadevida.com.ar\/portalurbano\/investigan-si-fue-intencional-el-desvio-en-la-cadena-de-frio\/#article","isPartOf":{"@id":"https:\/\/experienciadevida.com.ar\/portalurbano\/investigan-si-fue-intencional-el-desvio-en-la-cadena-de-frio\/"},"author":{"name":"admpu17wp","@id":"https:\/\/experienciadevida.com.ar\/portalurbano\/#\/schema\/person\/02dd326b1c4b056e9cc972486934a3a7"},"headline":"Investigan si fue intencional el desv\u00edo en la cadena de fr\u00edo","datePublished":"2021-01-05T14:00:25+00:00","dateModified":"2021-01-05T14:01:58+00:00","mainEntityOfPage":{"@id":"https:\/\/experienciadevida.com.ar\/portalurbano\/investigan-si-fue-intencional-el-desvio-en-la-cadena-de-frio\/"},"wordCount":483,"publisher":{"@id":"https:\/\/experienciadevida.com.ar\/portalurbano\/#organization"},"articleSection":["Ciudad","Destacadas 2"],"inLanguage":"es"},{"@type":"WebPage","@id":"https:\/\/experienciadevida.com.ar\/portalurbano\/investigan-si-fue-intencional-el-desvio-en-la-cadena-de-frio\/","url":"https:\/\/experienciadevida.com.ar\/portalurbano\/investigan-si-fue-intencional-el-desvio-en-la-cadena-de-frio\/","name":"Investigan si fue intencional el desv\u00edo en la cadena de fr\u00edo","isPartOf":{"@id":"https:\/\/experienciadevida.com.ar\/portalurbano\/#website"},"datePublished":"2021-01-05T14:00:25+00:00","dateModified":"2021-01-05T14:01:58+00:00","description":"Investigan si fue intencional el desv\u00edo en la cadena de fr\u00edo. Se realizar\u00e1n pericias t\u00e9cnicas \"respecto del freezer\" y analizan camaras.","breadcrumb":{"@id":"https:\/\/experienciadevida.com.ar\/portalurbano\/investigan-si-fue-intencional-el-desvio-en-la-cadena-de-frio\/#breadcrumb"},"inLanguage":"es","potentialAction":[{"@type":"ReadAction","target":["https:\/\/experienciadevida.com.ar\/portalurbano\/investigan-si-fue-intencional-el-desvio-en-la-cadena-de-frio\/"]}]},{"@type":"BreadcrumbList","@id":"https:\/\/experienciadevida.com.ar\/portalurbano\/investigan-si-fue-intencional-el-desvio-en-la-cadena-de-frio\/#breadcrumb","itemListElement":[{"@type":"ListItem","position":1,"name":"Portada","item":"https:\/\/experienciadevida.com.ar\/portalurbano\/"},{"@type":"ListItem","position":2,"name":"Investigan si fue intencional el desv\u00edo en la cadena de fr\u00edo"}]},{"@type":"WebSite","@id":"https:\/\/experienciadevida.com.ar\/portalurbano\/#website","url":"https:\/\/experienciadevida.com.ar\/portalurbano\/","name":"","description":"","publisher":{"@id":"https:\/\/experienciadevida.com.ar\/portalurbano\/#organization"},"potentialAction":[{"@type":"SearchAction","target":{"@type":"EntryPoint","urlTemplate":"https:\/\/experienciadevida.com.ar\/portalurbano\/?s={search_term_string}"},"query-input":"required name=search_term_string"}],"inLanguage":"es"},{"@type":"Organization","@id":"https:\/\/experienciadevida.com.ar\/portalurbano\/#organization","name":"Portal Urbano","url":"https:\/\/experienciadevida.com.ar\/portalurbano\/","logo":{"@type":"ImageObject","inLanguage":"es","@id":"https:\/\/experienciadevida.com.ar\/portalurbano\/#\/schema\/logo\/image\/","url":"https:\/\/experienciadevida.com.ar\/portalurbano\/wp-content\/uploads\/2019\/09\/Logo-Original.png","contentUrl":"https:\/\/experienciadevida.com.ar\/portalurbano\/wp-content\/uploads\/2019\/09\/Logo-Original.png","width":2236,"height":1216,"caption":"Portal Urbano"},"image":{"@id":"https:\/\/experienciadevida.com.ar\/portalurbano\/#\/schema\/logo\/image\/"},"sameAs":["https:\/\/www.facebook.com\/Portal-Urbano-171542830093757\/","https:\/\/twitter.com\/portalurbanook","https:\/\/www.instagram.com\/_portalurbano\/","https:\/\/www.youtube.com\/channel\/UCXhagIfszH8KxFiOok79zbA?view_as=subscriber"]},{"@type":"Person","@id":"https:\/\/experienciadevida.com.ar\/portalurbano\/#\/schema\/person\/02dd326b1c4b056e9cc972486934a3a7","name":"admpu17wp","image":{"@type":"ImageObject","inLanguage":"es","@id":"https:\/\/experienciadevida.com.ar\/portalurbano\/#\/schema\/person\/image\/","url":"https:\/\/secure.gravatar.com\/avatar\/830d4c57adaae6630765e449a6908047?s=96&d=mm&r=g","contentUrl":"https:\/\/secure.gravatar.com\/avatar\/830d4c57adaae6630765e449a6908047?s=96&d=mm&r=g","caption":"admpu17wp"}}]}},"featured_image_urls":{"full":"","thumbnail":"","medium":"","medium_large":"","large":"","ug_big":"","1536x1536":"","2048x2048":"","newsever-slider-full":"","newsever-featured":"","newsever-medium":"","web-stories-poster-portrait":"","web-stories-publisher-logo":"","web-stories-thumbnail":""},"author_info":{"display_name":"admpu17wp","author_link":"https:\/\/experienciadevida.com.ar\/portalurbano\/author\/admpu17wp\/"},"category_info":"<a href=\"https:\/\/experienciadevida.com.ar\/portalurbano\/category\/ciudad\/\" rel=\"category tag\">Ciudad<\/a> <a href=\"https:\/\/experienciadevida.com.ar\/portalurbano\/category\/destacadas-2\/\" rel=\"category tag\">Destacadas 2<\/a>","tag_info":"Destacadas 2","comment_count":"0","amp_enabled":true,"_links":{"self":[{"href":"https:\/\/experienciadevida.com.ar\/portalurbano\/wp-json\/wp\/v2\/posts\/131693"}],"collection":[{"href":"https:\/\/experienciadevida.com.ar\/portalurbano\/wp-json\/wp\/v2\/posts"}],"about":[{"href":"https:\/\/experienciadevida.com.ar\/portalurbano\/wp-json\/wp\/v2\/types\/post"}],"author":[{"embeddable":true,"href":"https:\/\/experienciadevida.com.ar\/portalurbano\/wp-json\/wp\/v2\/users\/1"}],"replies":[{"embeddable":true,"href":"https:\/\/experienciadevida.com.ar\/portalurbano\/wp-json\/wp\/v2\/comments?post=131693"}],"version-history":[{"count":2,"href":"https:\/\/experienciadevida.com.ar\/portalurbano\/wp-json\/wp\/v2\/posts\/131693\/revisions"}],"predecessor-version":[{"id":131695,"href":"https:\/\/experienciadevida.com.ar\/portalurbano\/wp-json\/wp\/v2\/posts\/131693\/revisions\/131695"}],"wp:attachment":[{"href":"https:\/\/experienciadevida.com.ar\/portalurbano\/wp-json\/wp\/v2\/media?parent=131693"}],"wp:term":[{"taxonomy":"category","embeddable":true,"href":"https:\/\/experienciadevida.com.ar\/portalurbano\/wp-json\/wp\/v2\/categories?post=131693"},{"taxonomy":"post_tag","embeddable":true,"href":"https:\/\/experienciadevida.com.ar\/portalurbano\/wp-json\/wp\/v2\/tags?post=131693"}],"curies":[{"name":"wp","href":"https:\/\/api.w.org\/{rel}","templated":true}]}}