{"id":131577,"date":"2021-01-03T21:30:20","date_gmt":"2021-01-04T00:30:20","guid":{"rendered":"https:\/\/experienciadevida.com.ar\/portalurbano\/?p=131577"},"modified":"2021-01-03T21:31:03","modified_gmt":"2021-01-04T00:31:03","slug":"la-asociacion-nueva-energia-desmiente-estar-vinculado-a-un-partido-politico","status":"publish","type":"post","link":"https:\/\/experienciadevida.com.ar\/portalurbano\/la-asociacion-nueva-energia-desmiente-estar-vinculado-a-un-partido-politico\/","title":{"rendered":"La Asociaci\u00f3n nueva energ\u00eda desmiente estar vinculado a un partido pol\u00edtico"},"content":{"rendered":"<p>La Asociaci\u00f3n nueva energ\u00eda desmiente estar vinculado a un partido pol\u00edtico. &#8220;En una nueva y torpe maniobra del m\u00e1s bajo vuelo de la peor pol\u00edtica, nuestros detractores han recurrido al uso de la mentira para enga\u00f1ar a los m\u00e1s ingenuos&#8221; mencionan.<\/p>\n<p>Circula un mensaje de Whats App surgido de la oposici\u00f3n que afirma que la Asociaci\u00f3n de usuarios nueva energ\u00eda est\u00e1 vinculada a un partido pol\u00edtico.<\/p>\n<p>Desde la Asociaci\u00f3n expresaron &#8220;una de nuestras premisas centrales de nuestro ideario es que no nos involucramos en la pol\u00edtica partidaria. Cada miembro de Nueva Energ\u00eda tiene sus propias convicciones partidarias, habiendo conservadores, peronistas, radicales, socialistas, de otros y tambi\u00e9n quienes desprecian a la pol\u00edtica y a los pol\u00edticos&#8221;.<\/p>\n<p>&#8220;Ninguna condici\u00f3n social, racial, religiosa, sexual, deportiva, impide que nos respetemos unos con otros y nos concentremos en el objetivo de bien com\u00fan que no impulsa&#8221;.<\/p>\n<p>A su vez &#8220;consideramos un logro haber reunido personas de pensamientos diversos, superando la grieta, preocup\u00e1ndonos de no profundizarla para beneficio propio, como vemos en este caso&#8221;.<\/p>\n<p>&#8220;Nuestra Asociaci\u00f3n es amplia, contenedora, pluralista, tolerante, democr\u00e1tica, participativa. Lo demuestra quienes la integran y nuestro accionar cotidiano. Practicamos lo que predicamos&#8221;.<\/p>\n<p>Al finalizar mencionan &#8220;una de las ventajas de la tecnolog\u00eda es que aumenta la velocidad con que se descubren las mentiras&#8221;, &#8220;al poder ef\u00edmero de la mentira y el enga\u00f1o le opondremos la fuerza perpetua de la verdad&#8221;, remarcan.<\/p>\n","protected":false},"excerpt":{"rendered":"<p>La Asociaci\u00f3n nueva energ\u00eda desmiente estar vinculado a un partido pol\u00edtico. &#8220;En una nueva y&#8230;<\/p>\n","protected":false},"author":1,"featured_media":131578,"comment_status":"closed","ping_status":"closed","sticky":false,"template":"","format":"standard","meta":{"content-type":""},"categories":[64,43],"tags":[],"nelio_content":{"isAutoShareEnabled":false,"autoShareEndMode":"default","automationSources":{"useContentSentences":true,"useSocialTemplates":true,"useCustomSentences":false,"customSentences":[]},"followers":[1],"suggestedReferences":[],"includedReferences":[],"efiUrl":"","efiAlt":"","highlights":[]},"yoast_head":"<!-- This site is optimized with the Yoast SEO plugin v20.7 - https:\/\/yoast.com\/wordpress\/plugins\/seo\/ -->\n<title>La Asociaci\u00f3n nueva energ\u00eda desmiente estar vinculado a un partido<\/title>\n<meta name=\"description\" content=\"La Asociaci\u00f3n nueva energ\u00eda desmiente estar vinculado a un partido pol\u00edtico, emitieron un comunicado a trav\u00e9s de su perfil de facebook.\" \/>\n<meta name=\"robots\" content=\"index, follow, max-snippet:-1, max-image-preview:large, max-video-preview:-1\" \/>\n<link rel=\"canonical\" href=\"https:\/\/experienciadevida.com.ar\/portalurbano\/la-asociacion-nueva-energia-desmiente-estar-vinculado-a-un-partido-politico\/\" \/>\n<meta property=\"og:locale\" content=\"es_ES\" \/>\n<meta property=\"og:type\" content=\"article\" \/>\n<meta property=\"og:title\" content=\"La Asociaci\u00f3n nueva energ\u00eda desmiente estar vinculado a un partido\" \/>\n<meta property=\"og:description\" content=\"La Asociaci\u00f3n nueva energ\u00eda desmiente estar vinculado a un partido pol\u00edtico, emitieron un comunicado a trav\u00e9s de su perfil de facebook.\" \/>\n<meta property=\"og:url\" content=\"https:\/\/experienciadevida.com.ar\/portalurbano\/la-asociacion-nueva-energia-desmiente-estar-vinculado-a-un-partido-politico\/\" \/>\n<meta property=\"article:publisher\" content=\"https:\/\/www.facebook.com\/Portal-Urbano-171542830093757\/\" \/>\n<meta property=\"article:published_time\" content=\"2021-01-04T00:30:20+00:00\" \/>\n<meta property=\"article:modified_time\" content=\"2021-01-04T00:31:03+00:00\" \/>\n<meta property=\"og:image\" content=\"https:\/\/experienciadevida.com.ar\/portalurbano\/wp-content\/uploads\/2021\/01\/La-Asociacion-nueva-energia.jpg\" \/>\n\t<meta property=\"og:image:width\" content=\"720\" \/>\n\t<meta property=\"og:image:height\" content=\"405\" \/>\n\t<meta property=\"og:image:type\" content=\"image\/jpeg\" \/>\n<meta name=\"author\" content=\"admpu17wp\" \/>\n<meta name=\"twitter:card\" content=\"summary_large_image\" \/>\n<meta name=\"twitter:creator\" content=\"@portalurbanook\" \/>\n<meta name=\"twitter:site\" content=\"@portalurbanook\" \/>\n<meta name=\"twitter:label1\" content=\"Escrito por\" \/>\n\t<meta name=\"twitter:data1\" content=\"admpu17wp\" \/>\n\t<meta name=\"twitter:label2\" content=\"Tiempo de lectura\" \/>\n\t<meta name=\"twitter:data2\" content=\"1 minuto\" \/>\n<script type=\"application\/ld+json\" class=\"yoast-schema-graph\">{\"@context\":\"https:\/\/schema.org\",\"@graph\":[{\"@type\":\"Article\",\"@id\":\"https:\/\/experienciadevida.com.ar\/portalurbano\/la-asociacion-nueva-energia-desmiente-estar-vinculado-a-un-partido-politico\/#article\",\"isPartOf\":{\"@id\":\"https:\/\/experienciadevida.com.ar\/portalurbano\/la-asociacion-nueva-energia-desmiente-estar-vinculado-a-un-partido-politico\/\"},\"author\":{\"name\":\"admpu17wp\",\"@id\":\"https:\/\/experienciadevida.com.ar\/portalurbano\/#\/schema\/person\/02dd326b1c4b056e9cc972486934a3a7\"},\"headline\":\"La Asociaci\u00f3n nueva energ\u00eda desmiente estar vinculado a un partido pol\u00edtico\",\"datePublished\":\"2021-01-04T00:30:20+00:00\",\"dateModified\":\"2021-01-04T00:31:03+00:00\",\"mainEntityOfPage\":{\"@id\":\"https:\/\/experienciadevida.com.ar\/portalurbano\/la-asociacion-nueva-energia-desmiente-estar-vinculado-a-un-partido-politico\/\"},\"wordCount\":268,\"publisher\":{\"@id\":\"https:\/\/experienciadevida.com.ar\/portalurbano\/#organization\"},\"articleSection\":[\"Destacadas 2\",\"Pol\u00edtica\"],\"inLanguage\":\"es\"},{\"@type\":\"WebPage\",\"@id\":\"https:\/\/experienciadevida.com.ar\/portalurbano\/la-asociacion-nueva-energia-desmiente-estar-vinculado-a-un-partido-politico\/\",\"url\":\"https:\/\/experienciadevida.com.ar\/portalurbano\/la-asociacion-nueva-energia-desmiente-estar-vinculado-a-un-partido-politico\/\",\"name\":\"La Asociaci\u00f3n nueva energ\u00eda desmiente estar vinculado a un partido\",\"isPartOf\":{\"@id\":\"https:\/\/experienciadevida.com.ar\/portalurbano\/#website\"},\"datePublished\":\"2021-01-04T00:30:20+00:00\",\"dateModified\":\"2021-01-04T00:31:03+00:00\",\"description\":\"La Asociaci\u00f3n nueva energ\u00eda desmiente estar vinculado a un partido pol\u00edtico, emitieron un comunicado a trav\u00e9s de su perfil de facebook.\",\"breadcrumb\":{\"@id\":\"https:\/\/experienciadevida.com.ar\/portalurbano\/la-asociacion-nueva-energia-desmiente-estar-vinculado-a-un-partido-politico\/#breadcrumb\"},\"inLanguage\":\"es\",\"potentialAction\":[{\"@type\":\"ReadAction\",\"target\":[\"https:\/\/experienciadevida.com.ar\/portalurbano\/la-asociacion-nueva-energia-desmiente-estar-vinculado-a-un-partido-politico\/\"]}]},{\"@type\":\"BreadcrumbList\",\"@id\":\"https:\/\/experienciadevida.com.ar\/portalurbano\/la-asociacion-nueva-energia-desmiente-estar-vinculado-a-un-partido-politico\/#breadcrumb\",\"itemListElement\":[{\"@type\":\"ListItem\",\"position\":1,\"name\":\"Portada\",\"item\":\"https:\/\/experienciadevida.com.ar\/portalurbano\/\"},{\"@type\":\"ListItem\",\"position\":2,\"name\":\"La Asociaci\u00f3n nueva energ\u00eda desmiente estar vinculado a un partido pol\u00edtico\"}]},{\"@type\":\"WebSite\",\"@id\":\"https:\/\/experienciadevida.com.ar\/portalurbano\/#website\",\"url\":\"https:\/\/experienciadevida.com.ar\/portalurbano\/\",\"name\":\"\",\"description\":\"\",\"publisher\":{\"@id\":\"https:\/\/experienciadevida.com.ar\/portalurbano\/#organization\"},\"potentialAction\":[{\"@type\":\"SearchAction\",\"target\":{\"@type\":\"EntryPoint\",\"urlTemplate\":\"https:\/\/experienciadevida.com.ar\/portalurbano\/?s={search_term_string}\"},\"query-input\":\"required name=search_term_string\"}],\"inLanguage\":\"es\"},{\"@type\":\"Organization\",\"@id\":\"https:\/\/experienciadevida.com.ar\/portalurbano\/#organization\",\"name\":\"Portal Urbano\",\"url\":\"https:\/\/experienciadevida.com.ar\/portalurbano\/\",\"logo\":{\"@type\":\"ImageObject\",\"inLanguage\":\"es\",\"@id\":\"https:\/\/experienciadevida.com.ar\/portalurbano\/#\/schema\/logo\/image\/\",\"url\":\"https:\/\/experienciadevida.com.ar\/portalurbano\/wp-content\/uploads\/2019\/09\/Logo-Original.png\",\"contentUrl\":\"https:\/\/experienciadevida.com.ar\/portalurbano\/wp-content\/uploads\/2019\/09\/Logo-Original.png\",\"width\":2236,\"height\":1216,\"caption\":\"Portal Urbano\"},\"image\":{\"@id\":\"https:\/\/experienciadevida.com.ar\/portalurbano\/#\/schema\/logo\/image\/\"},\"sameAs\":[\"https:\/\/www.facebook.com\/Portal-Urbano-171542830093757\/\",\"https:\/\/twitter.com\/portalurbanook\",\"https:\/\/www.instagram.com\/_portalurbano\/\",\"https:\/\/www.youtube.com\/channel\/UCXhagIfszH8KxFiOok79zbA?view_as=subscriber\"]},{\"@type\":\"Person\",\"@id\":\"https:\/\/experienciadevida.com.ar\/portalurbano\/#\/schema\/person\/02dd326b1c4b056e9cc972486934a3a7\",\"name\":\"admpu17wp\",\"image\":{\"@type\":\"ImageObject\",\"inLanguage\":\"es\",\"@id\":\"https:\/\/experienciadevida.com.ar\/portalurbano\/#\/schema\/person\/image\/\",\"url\":\"https:\/\/secure.gravatar.com\/avatar\/830d4c57adaae6630765e449a6908047?s=96&d=mm&r=g\",\"contentUrl\":\"https:\/\/secure.gravatar.com\/avatar\/830d4c57adaae6630765e449a6908047?s=96&d=mm&r=g\",\"caption\":\"admpu17wp\"}}]}<\/script>\n<!-- \/ Yoast SEO plugin. -->","yoast_head_json":{"title":"La Asociaci\u00f3n nueva energ\u00eda desmiente estar vinculado a un partido","description":"La Asociaci\u00f3n nueva energ\u00eda desmiente estar vinculado a un partido pol\u00edtico, emitieron un comunicado a trav\u00e9s de su perfil de facebook.","robots":{"index":"index","follow":"follow","max-snippet":"max-snippet:-1","max-image-preview":"max-image-preview:large","max-video-preview":"max-video-preview:-1"},"canonical":"https:\/\/experienciadevida.com.ar\/portalurbano\/la-asociacion-nueva-energia-desmiente-estar-vinculado-a-un-partido-politico\/","og_locale":"es_ES","og_type":"article","og_title":"La Asociaci\u00f3n nueva energ\u00eda desmiente estar vinculado a un partido","og_description":"La Asociaci\u00f3n nueva energ\u00eda desmiente estar vinculado a un partido pol\u00edtico, emitieron un comunicado a trav\u00e9s de su perfil de facebook.","og_url":"https:\/\/experienciadevida.com.ar\/portalurbano\/la-asociacion-nueva-energia-desmiente-estar-vinculado-a-un-partido-politico\/","article_publisher":"https:\/\/www.facebook.com\/Portal-Urbano-171542830093757\/","article_published_time":"2021-01-04T00:30:20+00:00","article_modified_time":"2021-01-04T00:31:03+00:00","og_image":[{"width":720,"height":405,"url":"https:\/\/experienciadevida.com.ar\/portalurbano\/wp-content\/uploads\/2021\/01\/La-Asociacion-nueva-energia.jpg","type":"image\/jpeg"}],"author":"admpu17wp","twitter_card":"summary_large_image","twitter_creator":"@portalurbanook","twitter_site":"@portalurbanook","twitter_misc":{"Escrito por":"admpu17wp","Tiempo de lectura":"1 minuto"},"schema":{"@context":"https:\/\/schema.org","@graph":[{"@type":"Article","@id":"https:\/\/experienciadevida.com.ar\/portalurbano\/la-asociacion-nueva-energia-desmiente-estar-vinculado-a-un-partido-politico\/#article","isPartOf":{"@id":"https:\/\/experienciadevida.com.ar\/portalurbano\/la-asociacion-nueva-energia-desmiente-estar-vinculado-a-un-partido-politico\/"},"author":{"name":"admpu17wp","@id":"https:\/\/experienciadevida.com.ar\/portalurbano\/#\/schema\/person\/02dd326b1c4b056e9cc972486934a3a7"},"headline":"La Asociaci\u00f3n nueva energ\u00eda desmiente estar vinculado a un partido pol\u00edtico","datePublished":"2021-01-04T00:30:20+00:00","dateModified":"2021-01-04T00:31:03+00:00","mainEntityOfPage":{"@id":"https:\/\/experienciadevida.com.ar\/portalurbano\/la-asociacion-nueva-energia-desmiente-estar-vinculado-a-un-partido-politico\/"},"wordCount":268,"publisher":{"@id":"https:\/\/experienciadevida.com.ar\/portalurbano\/#organization"},"articleSection":["Destacadas 2","Pol\u00edtica"],"inLanguage":"es"},{"@type":"WebPage","@id":"https:\/\/experienciadevida.com.ar\/portalurbano\/la-asociacion-nueva-energia-desmiente-estar-vinculado-a-un-partido-politico\/","url":"https:\/\/experienciadevida.com.ar\/portalurbano\/la-asociacion-nueva-energia-desmiente-estar-vinculado-a-un-partido-politico\/","name":"La Asociaci\u00f3n nueva energ\u00eda desmiente estar vinculado a un partido","isPartOf":{"@id":"https:\/\/experienciadevida.com.ar\/portalurbano\/#website"},"datePublished":"2021-01-04T00:30:20+00:00","dateModified":"2021-01-04T00:31:03+00:00","description":"La Asociaci\u00f3n nueva energ\u00eda desmiente estar vinculado a un partido pol\u00edtico, emitieron un comunicado a trav\u00e9s de su perfil de facebook.","breadcrumb":{"@id":"https:\/\/experienciadevida.com.ar\/portalurbano\/la-asociacion-nueva-energia-desmiente-estar-vinculado-a-un-partido-politico\/#breadcrumb"},"inLanguage":"es","potentialAction":[{"@type":"ReadAction","target":["https:\/\/experienciadevida.com.ar\/portalurbano\/la-asociacion-nueva-energia-desmiente-estar-vinculado-a-un-partido-politico\/"]}]},{"@type":"BreadcrumbList","@id":"https:\/\/experienciadevida.com.ar\/portalurbano\/la-asociacion-nueva-energia-desmiente-estar-vinculado-a-un-partido-politico\/#breadcrumb","itemListElement":[{"@type":"ListItem","position":1,"name":"Portada","item":"https:\/\/experienciadevida.com.ar\/portalurbano\/"},{"@type":"ListItem","position":2,"name":"La Asociaci\u00f3n nueva energ\u00eda desmiente estar vinculado a un partido pol\u00edtico"}]},{"@type":"WebSite","@id":"https:\/\/experienciadevida.com.ar\/portalurbano\/#website","url":"https:\/\/experienciadevida.com.ar\/portalurbano\/","name":"","description":"","publisher":{"@id":"https:\/\/experienciadevida.com.ar\/portalurbano\/#organization"},"potentialAction":[{"@type":"SearchAction","target":{"@type":"EntryPoint","urlTemplate":"https:\/\/experienciadevida.com.ar\/portalurbano\/?s={search_term_string}"},"query-input":"required name=search_term_string"}],"inLanguage":"es"},{"@type":"Organization","@id":"https:\/\/experienciadevida.com.ar\/portalurbano\/#organization","name":"Portal Urbano","url":"https:\/\/experienciadevida.com.ar\/portalurbano\/","logo":{"@type":"ImageObject","inLanguage":"es","@id":"https:\/\/experienciadevida.com.ar\/portalurbano\/#\/schema\/logo\/image\/","url":"https:\/\/experienciadevida.com.ar\/portalurbano\/wp-content\/uploads\/2019\/09\/Logo-Original.png","contentUrl":"https:\/\/experienciadevida.com.ar\/portalurbano\/wp-content\/uploads\/2019\/09\/Logo-Original.png","width":2236,"height":1216,"caption":"Portal Urbano"},"image":{"@id":"https:\/\/experienciadevida.com.ar\/portalurbano\/#\/schema\/logo\/image\/"},"sameAs":["https:\/\/www.facebook.com\/Portal-Urbano-171542830093757\/","https:\/\/twitter.com\/portalurbanook","https:\/\/www.instagram.com\/_portalurbano\/","https:\/\/www.youtube.com\/channel\/UCXhagIfszH8KxFiOok79zbA?view_as=subscriber"]},{"@type":"Person","@id":"https:\/\/experienciadevida.com.ar\/portalurbano\/#\/schema\/person\/02dd326b1c4b056e9cc972486934a3a7","name":"admpu17wp","image":{"@type":"ImageObject","inLanguage":"es","@id":"https:\/\/experienciadevida.com.ar\/portalurbano\/#\/schema\/person\/image\/","url":"https:\/\/secure.gravatar.com\/avatar\/830d4c57adaae6630765e449a6908047?s=96&d=mm&r=g","contentUrl":"https:\/\/secure.gravatar.com\/avatar\/830d4c57adaae6630765e449a6908047?s=96&d=mm&r=g","caption":"admpu17wp"}}]}},"featured_image_urls":{"full":["https:\/\/experienciadevida.com.ar\/portalurbano\/wp-content\/uploads\/2021\/01\/La-Asociacion-nueva-energia.jpg",720,405,false],"thumbnail":["https:\/\/experienciadevida.com.ar\/portalurbano\/wp-content\/uploads\/2021\/01\/La-Asociacion-nueva-energia-150x150.jpg",150,150,true],"medium":["https:\/\/experienciadevida.com.ar\/portalurbano\/wp-content\/uploads\/2021\/01\/La-Asociacion-nueva-energia-300x169.jpg",300,169,true],"medium_large":["https:\/\/experienciadevida.com.ar\/portalurbano\/wp-content\/uploads\/2021\/01\/La-Asociacion-nueva-energia.jpg",640,360,false],"large":["https:\/\/experienciadevida.com.ar\/portalurbano\/wp-content\/uploads\/2021\/01\/La-Asociacion-nueva-energia.jpg",640,360,false],"ug_big":["https:\/\/experienciadevida.com.ar\/portalurbano\/wp-content\/uploads\/2021\/01\/La-Asociacion-nueva-energia.jpg",720,405,false],"1536x1536":["https:\/\/experienciadevida.com.ar\/portalurbano\/wp-content\/uploads\/2021\/01\/La-Asociacion-nueva-energia.jpg",720,405,false],"2048x2048":["https:\/\/experienciadevida.com.ar\/portalurbano\/wp-content\/uploads\/2021\/01\/La-Asociacion-nueva-energia.jpg",720,405,false],"newsever-slider-full":["https:\/\/experienciadevida.com.ar\/portalurbano\/wp-content\/uploads\/2021\/01\/La-Asociacion-nueva-energia.jpg",720,405,false],"newsever-featured":["https:\/\/experienciadevida.com.ar\/portalurbano\/wp-content\/uploads\/2021\/01\/La-Asociacion-nueva-energia.jpg",720,405,false],"newsever-medium":["https:\/\/experienciadevida.com.ar\/portalurbano\/wp-content\/uploads\/2021\/01\/La-Asociacion-nueva-energia.jpg",720,405,false],"web-stories-poster-portrait":["https:\/\/experienciadevida.com.ar\/portalurbano\/wp-content\/uploads\/2021\/01\/La-Asociacion-nueva-energia.jpg",640,360,false],"web-stories-publisher-logo":["https:\/\/experienciadevida.com.ar\/portalurbano\/wp-content\/uploads\/2021\/01\/La-Asociacion-nueva-energia.jpg",96,54,false],"web-stories-thumbnail":["https:\/\/experienciadevida.com.ar\/portalurbano\/wp-content\/uploads\/2021\/01\/La-Asociacion-nueva-energia.jpg",150,84,false]},"author_info":{"display_name":"admpu17wp","author_link":"https:\/\/experienciadevida.com.ar\/portalurbano\/author\/admpu17wp\/"},"category_info":"<a href=\"https:\/\/experienciadevida.com.ar\/portalurbano\/category\/destacadas-2\/\" rel=\"category tag\">Destacadas 2<\/a> <a href=\"https:\/\/experienciadevida.com.ar\/portalurbano\/category\/politica\/\" rel=\"category tag\">Pol\u00edtica<\/a>","tag_info":"Pol\u00edtica","comment_count":"0","amp_enabled":true,"_links":{"self":[{"href":"https:\/\/experienciadevida.com.ar\/portalurbano\/wp-json\/wp\/v2\/posts\/131577"}],"collection":[{"href":"https:\/\/experienciadevida.com.ar\/portalurbano\/wp-json\/wp\/v2\/posts"}],"about":[{"href":"https:\/\/experienciadevida.com.ar\/portalurbano\/wp-json\/wp\/v2\/types\/post"}],"author":[{"embeddable":true,"href":"https:\/\/experienciadevida.com.ar\/portalurbano\/wp-json\/wp\/v2\/users\/1"}],"replies":[{"embeddable":true,"href":"https:\/\/experienciadevida.com.ar\/portalurbano\/wp-json\/wp\/v2\/comments?post=131577"}],"version-history":[{"count":1,"href":"https:\/\/experienciadevida.com.ar\/portalurbano\/wp-json\/wp\/v2\/posts\/131577\/revisions"}],"predecessor-version":[{"id":131579,"href":"https:\/\/experienciadevida.com.ar\/portalurbano\/wp-json\/wp\/v2\/posts\/131577\/revisions\/131579"}],"wp:featuredmedia":[{"embeddable":true,"href":"https:\/\/experienciadevida.com.ar\/portalurbano\/wp-json\/wp\/v2\/media\/131578"}],"wp:attachment":[{"href":"https:\/\/experienciadevida.com.ar\/portalurbano\/wp-json\/wp\/v2\/media?parent=131577"}],"wp:term":[{"taxonomy":"category","embeddable":true,"href":"https:\/\/experienciadevida.com.ar\/portalurbano\/wp-json\/wp\/v2\/categories?post=131577"},{"taxonomy":"post_tag","embeddable":true,"href":"https:\/\/experienciadevida.com.ar\/portalurbano\/wp-json\/wp\/v2\/tags?post=131577"}],"curies":[{"name":"wp","href":"https:\/\/api.w.org\/{rel}","templated":true}]}}