{"id":131571,"date":"2021-01-03T20:58:09","date_gmt":"2021-01-03T23:58:09","guid":{"rendered":"https:\/\/experienciadevida.com.ar\/portalurbano\/?p=131571"},"modified":"2021-01-03T20:58:43","modified_gmt":"2021-01-03T23:58:43","slug":"cristina-cualquiera-sea-el-destino-de-vacaciones-que-elijan-cuidense","status":"publish","type":"post","link":"https:\/\/experienciadevida.com.ar\/portalurbano\/cristina-cualquiera-sea-el-destino-de-vacaciones-que-elijan-cuidense\/","title":{"rendered":"Cristina: &#8220;Cualquiera sea el destino de vacaciones que elijan, cu\u00eddense&#8221;"},"content":{"rendered":"<p>Cristina: &#8220;cualquiera sea el destino que elijan de vacaciones, cu\u00eddense&#8221;. La vicepresidenta de la Naci\u00f3n, Cristina Kirchner, se refiri\u00f3 en redes sociales a la segunda ola de contagios de coronavirus y llam\u00f3 a todos a cuidarse.<\/p>\n<p>La vicepresidenta Cristina Kirchner se refiri\u00f3 a la segunda ola de contagios de coronavirus que empieza a manifestarse en la Argentina y, teniendo en cuenta las dificultades que genera la temporada de verano, le lanz\u00f3 un pedido a la poblaci\u00f3n: &#8220;Cu\u00eddense mucho&#8221;.<\/p>\n<p>&#8220;Cualquiera sea el destino tur\u00edstico que elijan para disfrutar estas vacaciones, por favor cu\u00eddense mucho. Por ustedes y por los dem\u00e1s&#8221;, escribi\u00f3 la ex jefa de Estado en su cuenta de la red social Twitter, al tratar de concientizar a la sociedad, en un contexto de relajaci\u00f3n.<\/p>\n<p>En su mensaje, Cristina cit\u00f3 al gobernador bonaerense Axel Kicillof y comparti\u00f3 un video de ABCD, el spot que lanz\u00f3 el Gobierno de la Provincia de Buenos Aires con la intenci\u00f3n de hacer que tomen conciencia los m\u00e1s j\u00f3venes, principales art\u00edfices de los encuentros clandestinos, que derivan en nuevos infectados de Covid-19.<\/p>\n<p>El propio Kicillof hizo referencia a ese programa por la misma v\u00eda, al expresar: &#8220;ABCD, ya sab\u00e9s. Manten\u00e9 la distancia; us\u00e1 el barbijo; no compartas el mate; y ponete alcohol en gel. Esta temporada, el tema del verano es cuidarse&#8221;.<\/p>\n<p>&nbsp;<\/p>\n","protected":false},"excerpt":{"rendered":"<p>Cristina: &#8220;cualquiera sea el destino que elijan de vacaciones, cu\u00eddense&#8221;. La vicepresidenta de la Naci\u00f3n,&#8230;<\/p>\n","protected":false},"author":1,"featured_media":73939,"comment_status":"closed","ping_status":"closed","sticky":false,"template":"","format":"standard","meta":{"content-type":""},"categories":[39],"tags":[],"nelio_content":{"isAutoShareEnabled":false,"autoShareEndMode":"default","automationSources":{"useContentSentences":true,"useSocialTemplates":true,"useCustomSentences":false,"customSentences":[]},"followers":[1],"suggestedReferences":[],"includedReferences":[],"efiUrl":"","efiAlt":"","highlights":[]},"yoast_head":"<!-- This site is optimized with the Yoast SEO plugin v20.7 - https:\/\/yoast.com\/wordpress\/plugins\/seo\/ -->\n<title>Cristina: &quot;Cualquiera sea el destino de vacaciones que elijan, cuidense&quot;<\/title>\n<meta name=\"description\" content=\"Cristina: &quot;cualquiera sea el destino que elijan de vacaciones, cu\u00eddense&quot;. La vicepresidenta se refiri\u00f3 a la segunda ola de contagios.\" \/>\n<meta name=\"robots\" content=\"index, follow, max-snippet:-1, max-image-preview:large, max-video-preview:-1\" \/>\n<link rel=\"canonical\" href=\"https:\/\/experienciadevida.com.ar\/portalurbano\/cristina-cualquiera-sea-el-destino-de-vacaciones-que-elijan-cuidense\/\" \/>\n<meta property=\"og:locale\" content=\"es_ES\" \/>\n<meta property=\"og:type\" content=\"article\" \/>\n<meta property=\"og:title\" content=\"Cristina: &quot;Cualquiera sea el destino de vacaciones que elijan, cuidense&quot;\" \/>\n<meta property=\"og:description\" content=\"Cristina: &quot;cualquiera sea el destino que elijan de vacaciones, cu\u00eddense&quot;. La vicepresidenta se refiri\u00f3 a la segunda ola de contagios.\" \/>\n<meta property=\"og:url\" content=\"https:\/\/experienciadevida.com.ar\/portalurbano\/cristina-cualquiera-sea-el-destino-de-vacaciones-que-elijan-cuidense\/\" \/>\n<meta property=\"article:publisher\" content=\"https:\/\/www.facebook.com\/Portal-Urbano-171542830093757\/\" \/>\n<meta property=\"article:published_time\" content=\"2021-01-03T23:58:09+00:00\" \/>\n<meta property=\"article:modified_time\" content=\"2021-01-03T23:58:43+00:00\" \/>\n<meta property=\"og:image\" content=\"https:\/\/experienciadevida.com.ar\/portalurbano\/wp-content\/uploads\/2019\/06\/nota-1571749-cristina-monopoliza-listas-todo-pais-candidatos-propios-912805-e1561229677405.jpg\" \/>\n\t<meta property=\"og:image:width\" content=\"750\" \/>\n\t<meta property=\"og:image:height\" content=\"422\" \/>\n\t<meta property=\"og:image:type\" content=\"image\/jpeg\" \/>\n<meta name=\"author\" content=\"admpu17wp\" \/>\n<meta name=\"twitter:card\" content=\"summary_large_image\" \/>\n<meta name=\"twitter:creator\" content=\"@portalurbanook\" \/>\n<meta name=\"twitter:site\" content=\"@portalurbanook\" \/>\n<meta name=\"twitter:label1\" content=\"Escrito por\" \/>\n\t<meta name=\"twitter:data1\" content=\"admpu17wp\" \/>\n\t<meta name=\"twitter:label2\" content=\"Tiempo de lectura\" \/>\n\t<meta name=\"twitter:data2\" content=\"1 minuto\" \/>\n<script type=\"application\/ld+json\" class=\"yoast-schema-graph\">{\"@context\":\"https:\/\/schema.org\",\"@graph\":[{\"@type\":\"Article\",\"@id\":\"https:\/\/experienciadevida.com.ar\/portalurbano\/cristina-cualquiera-sea-el-destino-de-vacaciones-que-elijan-cuidense\/#article\",\"isPartOf\":{\"@id\":\"https:\/\/experienciadevida.com.ar\/portalurbano\/cristina-cualquiera-sea-el-destino-de-vacaciones-que-elijan-cuidense\/\"},\"author\":{\"name\":\"admpu17wp\",\"@id\":\"https:\/\/experienciadevida.com.ar\/portalurbano\/#\/schema\/person\/02dd326b1c4b056e9cc972486934a3a7\"},\"headline\":\"Cristina: &#8220;Cualquiera sea el destino de vacaciones que elijan, cu\u00eddense&#8221;\",\"datePublished\":\"2021-01-03T23:58:09+00:00\",\"dateModified\":\"2021-01-03T23:58:43+00:00\",\"mainEntityOfPage\":{\"@id\":\"https:\/\/experienciadevida.com.ar\/portalurbano\/cristina-cualquiera-sea-el-destino-de-vacaciones-que-elijan-cuidense\/\"},\"wordCount\":243,\"publisher\":{\"@id\":\"https:\/\/experienciadevida.com.ar\/portalurbano\/#organization\"},\"articleSection\":[\"Naci\u00f3n\"],\"inLanguage\":\"es\"},{\"@type\":\"WebPage\",\"@id\":\"https:\/\/experienciadevida.com.ar\/portalurbano\/cristina-cualquiera-sea-el-destino-de-vacaciones-que-elijan-cuidense\/\",\"url\":\"https:\/\/experienciadevida.com.ar\/portalurbano\/cristina-cualquiera-sea-el-destino-de-vacaciones-que-elijan-cuidense\/\",\"name\":\"Cristina: \\\"Cualquiera sea el destino de vacaciones que elijan, cuidense\\\"\",\"isPartOf\":{\"@id\":\"https:\/\/experienciadevida.com.ar\/portalurbano\/#website\"},\"datePublished\":\"2021-01-03T23:58:09+00:00\",\"dateModified\":\"2021-01-03T23:58:43+00:00\",\"description\":\"Cristina: \\\"cualquiera sea el destino que elijan de vacaciones, cu\u00eddense\\\". La vicepresidenta se refiri\u00f3 a la segunda ola de contagios.\",\"breadcrumb\":{\"@id\":\"https:\/\/experienciadevida.com.ar\/portalurbano\/cristina-cualquiera-sea-el-destino-de-vacaciones-que-elijan-cuidense\/#breadcrumb\"},\"inLanguage\":\"es\",\"potentialAction\":[{\"@type\":\"ReadAction\",\"target\":[\"https:\/\/experienciadevida.com.ar\/portalurbano\/cristina-cualquiera-sea-el-destino-de-vacaciones-que-elijan-cuidense\/\"]}]},{\"@type\":\"BreadcrumbList\",\"@id\":\"https:\/\/experienciadevida.com.ar\/portalurbano\/cristina-cualquiera-sea-el-destino-de-vacaciones-que-elijan-cuidense\/#breadcrumb\",\"itemListElement\":[{\"@type\":\"ListItem\",\"position\":1,\"name\":\"Portada\",\"item\":\"https:\/\/experienciadevida.com.ar\/portalurbano\/\"},{\"@type\":\"ListItem\",\"position\":2,\"name\":\"Cristina: \u00abCualquiera sea el destino de vacaciones que elijan, cu\u00eddense\u00bb\"}]},{\"@type\":\"WebSite\",\"@id\":\"https:\/\/experienciadevida.com.ar\/portalurbano\/#website\",\"url\":\"https:\/\/experienciadevida.com.ar\/portalurbano\/\",\"name\":\"\",\"description\":\"\",\"publisher\":{\"@id\":\"https:\/\/experienciadevida.com.ar\/portalurbano\/#organization\"},\"potentialAction\":[{\"@type\":\"SearchAction\",\"target\":{\"@type\":\"EntryPoint\",\"urlTemplate\":\"https:\/\/experienciadevida.com.ar\/portalurbano\/?s={search_term_string}\"},\"query-input\":\"required name=search_term_string\"}],\"inLanguage\":\"es\"},{\"@type\":\"Organization\",\"@id\":\"https:\/\/experienciadevida.com.ar\/portalurbano\/#organization\",\"name\":\"Portal Urbano\",\"url\":\"https:\/\/experienciadevida.com.ar\/portalurbano\/\",\"logo\":{\"@type\":\"ImageObject\",\"inLanguage\":\"es\",\"@id\":\"https:\/\/experienciadevida.com.ar\/portalurbano\/#\/schema\/logo\/image\/\",\"url\":\"https:\/\/experienciadevida.com.ar\/portalurbano\/wp-content\/uploads\/2019\/09\/Logo-Original.png\",\"contentUrl\":\"https:\/\/experienciadevida.com.ar\/portalurbano\/wp-content\/uploads\/2019\/09\/Logo-Original.png\",\"width\":2236,\"height\":1216,\"caption\":\"Portal Urbano\"},\"image\":{\"@id\":\"https:\/\/experienciadevida.com.ar\/portalurbano\/#\/schema\/logo\/image\/\"},\"sameAs\":[\"https:\/\/www.facebook.com\/Portal-Urbano-171542830093757\/\",\"https:\/\/twitter.com\/portalurbanook\",\"https:\/\/www.instagram.com\/_portalurbano\/\",\"https:\/\/www.youtube.com\/channel\/UCXhagIfszH8KxFiOok79zbA?view_as=subscriber\"]},{\"@type\":\"Person\",\"@id\":\"https:\/\/experienciadevida.com.ar\/portalurbano\/#\/schema\/person\/02dd326b1c4b056e9cc972486934a3a7\",\"name\":\"admpu17wp\",\"image\":{\"@type\":\"ImageObject\",\"inLanguage\":\"es\",\"@id\":\"https:\/\/experienciadevida.com.ar\/portalurbano\/#\/schema\/person\/image\/\",\"url\":\"https:\/\/secure.gravatar.com\/avatar\/830d4c57adaae6630765e449a6908047?s=96&d=mm&r=g\",\"contentUrl\":\"https:\/\/secure.gravatar.com\/avatar\/830d4c57adaae6630765e449a6908047?s=96&d=mm&r=g\",\"caption\":\"admpu17wp\"}}]}<\/script>\n<!-- \/ Yoast SEO plugin. -->","yoast_head_json":{"title":"Cristina: \"Cualquiera sea el destino de vacaciones que elijan, cuidense\"","description":"Cristina: \"cualquiera sea el destino que elijan de vacaciones, cu\u00eddense\". La vicepresidenta se refiri\u00f3 a la segunda ola de contagios.","robots":{"index":"index","follow":"follow","max-snippet":"max-snippet:-1","max-image-preview":"max-image-preview:large","max-video-preview":"max-video-preview:-1"},"canonical":"https:\/\/experienciadevida.com.ar\/portalurbano\/cristina-cualquiera-sea-el-destino-de-vacaciones-que-elijan-cuidense\/","og_locale":"es_ES","og_type":"article","og_title":"Cristina: \"Cualquiera sea el destino de vacaciones que elijan, cuidense\"","og_description":"Cristina: \"cualquiera sea el destino que elijan de vacaciones, cu\u00eddense\". La vicepresidenta se refiri\u00f3 a la segunda ola de contagios.","og_url":"https:\/\/experienciadevida.com.ar\/portalurbano\/cristina-cualquiera-sea-el-destino-de-vacaciones-que-elijan-cuidense\/","article_publisher":"https:\/\/www.facebook.com\/Portal-Urbano-171542830093757\/","article_published_time":"2021-01-03T23:58:09+00:00","article_modified_time":"2021-01-03T23:58:43+00:00","og_image":[{"width":750,"height":422,"url":"https:\/\/experienciadevida.com.ar\/portalurbano\/wp-content\/uploads\/2019\/06\/nota-1571749-cristina-monopoliza-listas-todo-pais-candidatos-propios-912805-e1561229677405.jpg","type":"image\/jpeg"}],"author":"admpu17wp","twitter_card":"summary_large_image","twitter_creator":"@portalurbanook","twitter_site":"@portalurbanook","twitter_misc":{"Escrito por":"admpu17wp","Tiempo de lectura":"1 minuto"},"schema":{"@context":"https:\/\/schema.org","@graph":[{"@type":"Article","@id":"https:\/\/experienciadevida.com.ar\/portalurbano\/cristina-cualquiera-sea-el-destino-de-vacaciones-que-elijan-cuidense\/#article","isPartOf":{"@id":"https:\/\/experienciadevida.com.ar\/portalurbano\/cristina-cualquiera-sea-el-destino-de-vacaciones-que-elijan-cuidense\/"},"author":{"name":"admpu17wp","@id":"https:\/\/experienciadevida.com.ar\/portalurbano\/#\/schema\/person\/02dd326b1c4b056e9cc972486934a3a7"},"headline":"Cristina: &#8220;Cualquiera sea el destino de vacaciones que elijan, cu\u00eddense&#8221;","datePublished":"2021-01-03T23:58:09+00:00","dateModified":"2021-01-03T23:58:43+00:00","mainEntityOfPage":{"@id":"https:\/\/experienciadevida.com.ar\/portalurbano\/cristina-cualquiera-sea-el-destino-de-vacaciones-que-elijan-cuidense\/"},"wordCount":243,"publisher":{"@id":"https:\/\/experienciadevida.com.ar\/portalurbano\/#organization"},"articleSection":["Naci\u00f3n"],"inLanguage":"es"},{"@type":"WebPage","@id":"https:\/\/experienciadevida.com.ar\/portalurbano\/cristina-cualquiera-sea-el-destino-de-vacaciones-que-elijan-cuidense\/","url":"https:\/\/experienciadevida.com.ar\/portalurbano\/cristina-cualquiera-sea-el-destino-de-vacaciones-que-elijan-cuidense\/","name":"Cristina: \"Cualquiera sea el destino de vacaciones que elijan, cuidense\"","isPartOf":{"@id":"https:\/\/experienciadevida.com.ar\/portalurbano\/#website"},"datePublished":"2021-01-03T23:58:09+00:00","dateModified":"2021-01-03T23:58:43+00:00","description":"Cristina: \"cualquiera sea el destino que elijan de vacaciones, cu\u00eddense\". La vicepresidenta se refiri\u00f3 a la segunda ola de contagios.","breadcrumb":{"@id":"https:\/\/experienciadevida.com.ar\/portalurbano\/cristina-cualquiera-sea-el-destino-de-vacaciones-que-elijan-cuidense\/#breadcrumb"},"inLanguage":"es","potentialAction":[{"@type":"ReadAction","target":["https:\/\/experienciadevida.com.ar\/portalurbano\/cristina-cualquiera-sea-el-destino-de-vacaciones-que-elijan-cuidense\/"]}]},{"@type":"BreadcrumbList","@id":"https:\/\/experienciadevida.com.ar\/portalurbano\/cristina-cualquiera-sea-el-destino-de-vacaciones-que-elijan-cuidense\/#breadcrumb","itemListElement":[{"@type":"ListItem","position":1,"name":"Portada","item":"https:\/\/experienciadevida.com.ar\/portalurbano\/"},{"@type":"ListItem","position":2,"name":"Cristina: \u00abCualquiera sea el destino de vacaciones que elijan, cu\u00eddense\u00bb"}]},{"@type":"WebSite","@id":"https:\/\/experienciadevida.com.ar\/portalurbano\/#website","url":"https:\/\/experienciadevida.com.ar\/portalurbano\/","name":"","description":"","publisher":{"@id":"https:\/\/experienciadevida.com.ar\/portalurbano\/#organization"},"potentialAction":[{"@type":"SearchAction","target":{"@type":"EntryPoint","urlTemplate":"https:\/\/experienciadevida.com.ar\/portalurbano\/?s={search_term_string}"},"query-input":"required name=search_term_string"}],"inLanguage":"es"},{"@type":"Organization","@id":"https:\/\/experienciadevida.com.ar\/portalurbano\/#organization","name":"Portal Urbano","url":"https:\/\/experienciadevida.com.ar\/portalurbano\/","logo":{"@type":"ImageObject","inLanguage":"es","@id":"https:\/\/experienciadevida.com.ar\/portalurbano\/#\/schema\/logo\/image\/","url":"https:\/\/experienciadevida.com.ar\/portalurbano\/wp-content\/uploads\/2019\/09\/Logo-Original.png","contentUrl":"https:\/\/experienciadevida.com.ar\/portalurbano\/wp-content\/uploads\/2019\/09\/Logo-Original.png","width":2236,"height":1216,"caption":"Portal Urbano"},"image":{"@id":"https:\/\/experienciadevida.com.ar\/portalurbano\/#\/schema\/logo\/image\/"},"sameAs":["https:\/\/www.facebook.com\/Portal-Urbano-171542830093757\/","https:\/\/twitter.com\/portalurbanook","https:\/\/www.instagram.com\/_portalurbano\/","https:\/\/www.youtube.com\/channel\/UCXhagIfszH8KxFiOok79zbA?view_as=subscriber"]},{"@type":"Person","@id":"https:\/\/experienciadevida.com.ar\/portalurbano\/#\/schema\/person\/02dd326b1c4b056e9cc972486934a3a7","name":"admpu17wp","image":{"@type":"ImageObject","inLanguage":"es","@id":"https:\/\/experienciadevida.com.ar\/portalurbano\/#\/schema\/person\/image\/","url":"https:\/\/secure.gravatar.com\/avatar\/830d4c57adaae6630765e449a6908047?s=96&d=mm&r=g","contentUrl":"https:\/\/secure.gravatar.com\/avatar\/830d4c57adaae6630765e449a6908047?s=96&d=mm&r=g","caption":"admpu17wp"}}]}},"featured_image_urls":{"full":["https:\/\/experienciadevida.com.ar\/portalurbano\/wp-content\/uploads\/2019\/06\/nota-1571749-cristina-monopoliza-listas-todo-pais-candidatos-propios-912805-e1561229677405.jpg",750,422,false],"thumbnail":["https:\/\/experienciadevida.com.ar\/portalurbano\/wp-content\/uploads\/2019\/06\/nota-1571749-cristina-monopoliza-listas-todo-pais-candidatos-propios-912805-150x150.jpg",150,150,true],"medium":["https:\/\/experienciadevida.com.ar\/portalurbano\/wp-content\/uploads\/2019\/06\/nota-1571749-cristina-monopoliza-listas-todo-pais-candidatos-propios-912805-300x169.jpg",300,169,true],"medium_large":["https:\/\/experienciadevida.com.ar\/portalurbano\/wp-content\/uploads\/2019\/06\/nota-1571749-cristina-monopoliza-listas-todo-pais-candidatos-propios-912805-768x432.jpg",640,360,true],"large":["https:\/\/experienciadevida.com.ar\/portalurbano\/wp-content\/uploads\/2019\/06\/nota-1571749-cristina-monopoliza-listas-todo-pais-candidatos-propios-912805-e1561229677405.jpg",640,360,false],"ug_big":["https:\/\/experienciadevida.com.ar\/portalurbano\/wp-content\/uploads\/2019\/06\/nota-1571749-cristina-monopoliza-listas-todo-pais-candidatos-propios-912805-768x432.jpg",768,432,true],"1536x1536":["https:\/\/experienciadevida.com.ar\/portalurbano\/wp-content\/uploads\/2019\/06\/nota-1571749-cristina-monopoliza-listas-todo-pais-candidatos-propios-912805-e1561229677405.jpg",750,422,false],"2048x2048":["https:\/\/experienciadevida.com.ar\/portalurbano\/wp-content\/uploads\/2019\/06\/nota-1571749-cristina-monopoliza-listas-todo-pais-candidatos-propios-912805-e1561229677405.jpg",750,422,false],"newsever-slider-full":["https:\/\/experienciadevida.com.ar\/portalurbano\/wp-content\/uploads\/2019\/06\/nota-1571749-cristina-monopoliza-listas-todo-pais-candidatos-propios-912805-e1561229677405.jpg",750,422,false],"newsever-featured":["https:\/\/experienciadevida.com.ar\/portalurbano\/wp-content\/uploads\/2019\/06\/nota-1571749-cristina-monopoliza-listas-todo-pais-candidatos-propios-912805-e1561229677405.jpg",750,422,false],"newsever-medium":["https:\/\/experienciadevida.com.ar\/portalurbano\/wp-content\/uploads\/2019\/06\/nota-1571749-cristina-monopoliza-listas-todo-pais-candidatos-propios-912805-e1561229677405.jpg",720,405,false],"web-stories-poster-portrait":["https:\/\/experienciadevida.com.ar\/portalurbano\/wp-content\/uploads\/2019\/06\/nota-1571749-cristina-monopoliza-listas-todo-pais-candidatos-propios-912805-e1561229677405.jpg",640,360,false],"web-stories-publisher-logo":["https:\/\/experienciadevida.com.ar\/portalurbano\/wp-content\/uploads\/2019\/06\/nota-1571749-cristina-monopoliza-listas-todo-pais-candidatos-propios-912805-e1561229677405.jpg",96,54,false],"web-stories-thumbnail":["https:\/\/experienciadevida.com.ar\/portalurbano\/wp-content\/uploads\/2019\/06\/nota-1571749-cristina-monopoliza-listas-todo-pais-candidatos-propios-912805-e1561229677405.jpg",150,84,false]},"author_info":{"display_name":"admpu17wp","author_link":"https:\/\/experienciadevida.com.ar\/portalurbano\/author\/admpu17wp\/"},"category_info":"<a href=\"https:\/\/experienciadevida.com.ar\/portalurbano\/category\/nacion\/\" rel=\"category tag\">Naci\u00f3n<\/a>","tag_info":"Naci\u00f3n","comment_count":"0","amp_enabled":true,"_links":{"self":[{"href":"https:\/\/experienciadevida.com.ar\/portalurbano\/wp-json\/wp\/v2\/posts\/131571"}],"collection":[{"href":"https:\/\/experienciadevida.com.ar\/portalurbano\/wp-json\/wp\/v2\/posts"}],"about":[{"href":"https:\/\/experienciadevida.com.ar\/portalurbano\/wp-json\/wp\/v2\/types\/post"}],"author":[{"embeddable":true,"href":"https:\/\/experienciadevida.com.ar\/portalurbano\/wp-json\/wp\/v2\/users\/1"}],"replies":[{"embeddable":true,"href":"https:\/\/experienciadevida.com.ar\/portalurbano\/wp-json\/wp\/v2\/comments?post=131571"}],"version-history":[{"count":1,"href":"https:\/\/experienciadevida.com.ar\/portalurbano\/wp-json\/wp\/v2\/posts\/131571\/revisions"}],"predecessor-version":[{"id":131572,"href":"https:\/\/experienciadevida.com.ar\/portalurbano\/wp-json\/wp\/v2\/posts\/131571\/revisions\/131572"}],"wp:featuredmedia":[{"embeddable":true,"href":"https:\/\/experienciadevida.com.ar\/portalurbano\/wp-json\/wp\/v2\/media\/73939"}],"wp:attachment":[{"href":"https:\/\/experienciadevida.com.ar\/portalurbano\/wp-json\/wp\/v2\/media?parent=131571"}],"wp:term":[{"taxonomy":"category","embeddable":true,"href":"https:\/\/experienciadevida.com.ar\/portalurbano\/wp-json\/wp\/v2\/categories?post=131571"},{"taxonomy":"post_tag","embeddable":true,"href":"https:\/\/experienciadevida.com.ar\/portalurbano\/wp-json\/wp\/v2\/tags?post=131571"}],"curies":[{"name":"wp","href":"https:\/\/api.w.org\/{rel}","templated":true}]}}