{"id":131530,"date":"2021-01-03T12:25:21","date_gmt":"2021-01-03T15:25:21","guid":{"rendered":"https:\/\/experienciadevida.com.ar\/portalurbano\/?p=131530"},"modified":"2021-01-03T12:26:00","modified_gmt":"2021-01-03T15:26:00","slug":"jubilaciones-alberto-fernandez-promulgo-la-ley-de-movilidad","status":"publish","type":"post","link":"https:\/\/experienciadevida.com.ar\/portalurbano\/jubilaciones-alberto-fernandez-promulgo-la-ley-de-movilidad\/","title":{"rendered":"Jubilaciones: Alberto Fern\u00e1ndez promulg\u00f3 la ley de movilidad"},"content":{"rendered":"<div class=\"row\">\n<div class=\"col-xs-12\">\n<p class=\"title\">Jubilaciones: Alberto Fern\u00e1ndez promulg\u00f3 la ley de movilidad. El presidente Alberto Fern\u00e1ndez encabez\u00f3 un acto en Mar del Plata, donde firm\u00f3 el decreto que promulga la ley de movilidad de las jubilaciones y pensiones.<\/p>\n<p>El presidente Alberto Fern\u00e1ndez firm\u00f3 este domingo el primer decreto del a\u00f1o, por el que promulg\u00f3 la recientemente sancionada ley de Movilidad jubilatoria, que actualizar\u00e1 trimestralmente las jubilaciones, pensiones y otros beneficios previsionales de acuerdo con una f\u00f3rmula que combina en partes iguales la evoluci\u00f3n de la recaudaci\u00f3n y los salarios.<\/p>\n<p>El acto tuvo lugar en Chapadmalal, cerca de Mar del Plata, en el lanzamiento de la campa\u00f1a &#8220;ANSeS verano&#8221;, junto a la titular del organismo, Fernanda Raverta, y el gobernador de la provincia de Buenos Aires, Axel Kicillof.<\/p>\n<p>Fern\u00e1ndez destac\u00f3 que el decreto 1\/21 es &#8220;para los jubilados&#8221;, en el marco del prop\u00f3sito de su Gobierno de &#8220;prestarle atenci\u00f3n a los que m\u00e1s necesitan&#8221;, al tiempo que reconoci\u00f3 que &#8220;los que peor estaban en el 2020 eran los jubilados&#8221;.<\/p>\n<p>&#8220;No creemos que ning\u00fan jubilado est\u00e9 muy bien con los ingresos que tienen&#8221;, asegur\u00f3 el presidente, luego de un a\u00f1o en el que se suspendi\u00f3 la vigencia de la anterior ley de Movilidad, sancionada en diciembre de 2017, con la aplicaci\u00f3n de aumentos por decreto que fueron objetados por diferentes especialistas en materia previsional.<\/p>\n<p>El primer mandatario remarc\u00f3 que la movilidad jubilatoria ya promulgda les va a permitir a los jubilados estar &#8220;un poco mejor&#8221; porque, asegur\u00f3, har\u00e1 crecer los ingresos de los trabajadores pasivos.<\/p>\n<p>En ese sentido, Fern\u00e1ndez indic\u00f3 que el Estado hace un &#8220;esfuerzo fiscal importante&#8221; con la nueva f\u00f3rmula, pero se trata de &#8220;estar presentes&#8221; para resolver las &#8220;inequidades&#8221; del pa\u00eds.<\/p>\n<p>Asimismo, dijo que que &#8220;el Estado est\u00e1 para ordenar&#8221; porque &#8220;el mercado desordena&#8221; y suele permitir que &#8220;el m\u00e1s fuerte se beneficie&#8221;.<\/p>\n<p>El jefe de Estado permanece en la residencia presidencial de esa localidad, ubicada sobre la ruta interbalnearia 11 entre Mar del Plata y Miramar, donde recibi\u00f3 el A\u00f1o Nuevo acompa\u00f1ado por Kicillof y sus respectivas familias.<\/p>\n<p>&nbsp;<\/p>\n<\/div>\n<\/div>\n","protected":false},"excerpt":{"rendered":"<p>Jubilaciones: Alberto Fern\u00e1ndez promulg\u00f3 la ley de movilidad. El presidente Alberto Fern\u00e1ndez encabez\u00f3 un acto&#8230;<\/p>\n","protected":false},"author":1,"featured_media":131531,"comment_status":"closed","ping_status":"closed","sticky":false,"template":"","format":"standard","meta":{"content-type":""},"categories":[39],"tags":[],"nelio_content":{"isAutoShareEnabled":false,"autoShareEndMode":"default","automationSources":{"useContentSentences":true,"useSocialTemplates":true,"useCustomSentences":false,"customSentences":[]},"followers":[1],"suggestedReferences":[],"includedReferences":[],"efiUrl":"","efiAlt":"","highlights":[]},"yoast_head":"<!-- This site is optimized with the Yoast SEO plugin v20.7 - https:\/\/yoast.com\/wordpress\/plugins\/seo\/ -->\n<title>Jubilaciones: Alberto Fern\u00e1ndez promulg\u00f3 la ley de movilidad<\/title>\n<meta name=\"description\" content=\"Jubilaciones: Alberto Fern\u00e1ndez promulg\u00f3 la ley de movilidad, sobre la ley de movilidad de las jubilaciones y pensiones.\" \/>\n<meta name=\"robots\" content=\"index, follow, max-snippet:-1, max-image-preview:large, max-video-preview:-1\" \/>\n<link rel=\"canonical\" href=\"https:\/\/experienciadevida.com.ar\/portalurbano\/jubilaciones-alberto-fernandez-promulgo-la-ley-de-movilidad\/\" \/>\n<meta property=\"og:locale\" content=\"es_ES\" \/>\n<meta property=\"og:type\" content=\"article\" \/>\n<meta property=\"og:title\" content=\"Jubilaciones: Alberto Fern\u00e1ndez promulg\u00f3 la ley de movilidad\" \/>\n<meta property=\"og:description\" content=\"Jubilaciones: Alberto Fern\u00e1ndez promulg\u00f3 la ley de movilidad, sobre la ley de movilidad de las jubilaciones y pensiones.\" \/>\n<meta property=\"og:url\" content=\"https:\/\/experienciadevida.com.ar\/portalurbano\/jubilaciones-alberto-fernandez-promulgo-la-ley-de-movilidad\/\" \/>\n<meta property=\"article:publisher\" content=\"https:\/\/www.facebook.com\/Portal-Urbano-171542830093757\/\" \/>\n<meta property=\"article:published_time\" content=\"2021-01-03T15:25:21+00:00\" \/>\n<meta property=\"article:modified_time\" content=\"2021-01-03T15:26:00+00:00\" \/>\n<meta property=\"og:image\" content=\"https:\/\/experienciadevida.com.ar\/portalurbano\/wp-content\/uploads\/2021\/01\/Jubilaciones.jpg\" \/>\n\t<meta property=\"og:image:width\" content=\"1140\" \/>\n\t<meta property=\"og:image:height\" content=\"640\" \/>\n\t<meta property=\"og:image:type\" content=\"image\/jpeg\" \/>\n<meta name=\"author\" content=\"admpu17wp\" \/>\n<meta name=\"twitter:card\" content=\"summary_large_image\" \/>\n<meta name=\"twitter:creator\" content=\"@portalurbanook\" \/>\n<meta name=\"twitter:site\" content=\"@portalurbanook\" \/>\n<meta name=\"twitter:label1\" content=\"Escrito por\" \/>\n\t<meta name=\"twitter:data1\" content=\"admpu17wp\" \/>\n\t<meta name=\"twitter:label2\" content=\"Tiempo de lectura\" \/>\n\t<meta name=\"twitter:data2\" content=\"2 minutos\" \/>\n<script type=\"application\/ld+json\" class=\"yoast-schema-graph\">{\"@context\":\"https:\/\/schema.org\",\"@graph\":[{\"@type\":\"Article\",\"@id\":\"https:\/\/experienciadevida.com.ar\/portalurbano\/jubilaciones-alberto-fernandez-promulgo-la-ley-de-movilidad\/#article\",\"isPartOf\":{\"@id\":\"https:\/\/experienciadevida.com.ar\/portalurbano\/jubilaciones-alberto-fernandez-promulgo-la-ley-de-movilidad\/\"},\"author\":{\"name\":\"admpu17wp\",\"@id\":\"https:\/\/experienciadevida.com.ar\/portalurbano\/#\/schema\/person\/02dd326b1c4b056e9cc972486934a3a7\"},\"headline\":\"Jubilaciones: Alberto Fern\u00e1ndez promulg\u00f3 la ley de movilidad\",\"datePublished\":\"2021-01-03T15:25:21+00:00\",\"dateModified\":\"2021-01-03T15:26:00+00:00\",\"mainEntityOfPage\":{\"@id\":\"https:\/\/experienciadevida.com.ar\/portalurbano\/jubilaciones-alberto-fernandez-promulgo-la-ley-de-movilidad\/\"},\"wordCount\":363,\"publisher\":{\"@id\":\"https:\/\/experienciadevida.com.ar\/portalurbano\/#organization\"},\"articleSection\":[\"Naci\u00f3n\"],\"inLanguage\":\"es\"},{\"@type\":\"WebPage\",\"@id\":\"https:\/\/experienciadevida.com.ar\/portalurbano\/jubilaciones-alberto-fernandez-promulgo-la-ley-de-movilidad\/\",\"url\":\"https:\/\/experienciadevida.com.ar\/portalurbano\/jubilaciones-alberto-fernandez-promulgo-la-ley-de-movilidad\/\",\"name\":\"Jubilaciones: Alberto Fern\u00e1ndez promulg\u00f3 la ley de movilidad\",\"isPartOf\":{\"@id\":\"https:\/\/experienciadevida.com.ar\/portalurbano\/#website\"},\"datePublished\":\"2021-01-03T15:25:21+00:00\",\"dateModified\":\"2021-01-03T15:26:00+00:00\",\"description\":\"Jubilaciones: Alberto Fern\u00e1ndez promulg\u00f3 la ley de movilidad, sobre la ley de movilidad de las jubilaciones y pensiones.\",\"breadcrumb\":{\"@id\":\"https:\/\/experienciadevida.com.ar\/portalurbano\/jubilaciones-alberto-fernandez-promulgo-la-ley-de-movilidad\/#breadcrumb\"},\"inLanguage\":\"es\",\"potentialAction\":[{\"@type\":\"ReadAction\",\"target\":[\"https:\/\/experienciadevida.com.ar\/portalurbano\/jubilaciones-alberto-fernandez-promulgo-la-ley-de-movilidad\/\"]}]},{\"@type\":\"BreadcrumbList\",\"@id\":\"https:\/\/experienciadevida.com.ar\/portalurbano\/jubilaciones-alberto-fernandez-promulgo-la-ley-de-movilidad\/#breadcrumb\",\"itemListElement\":[{\"@type\":\"ListItem\",\"position\":1,\"name\":\"Portada\",\"item\":\"https:\/\/experienciadevida.com.ar\/portalurbano\/\"},{\"@type\":\"ListItem\",\"position\":2,\"name\":\"Jubilaciones: Alberto Fern\u00e1ndez promulg\u00f3 la ley de movilidad\"}]},{\"@type\":\"WebSite\",\"@id\":\"https:\/\/experienciadevida.com.ar\/portalurbano\/#website\",\"url\":\"https:\/\/experienciadevida.com.ar\/portalurbano\/\",\"name\":\"\",\"description\":\"\",\"publisher\":{\"@id\":\"https:\/\/experienciadevida.com.ar\/portalurbano\/#organization\"},\"potentialAction\":[{\"@type\":\"SearchAction\",\"target\":{\"@type\":\"EntryPoint\",\"urlTemplate\":\"https:\/\/experienciadevida.com.ar\/portalurbano\/?s={search_term_string}\"},\"query-input\":\"required name=search_term_string\"}],\"inLanguage\":\"es\"},{\"@type\":\"Organization\",\"@id\":\"https:\/\/experienciadevida.com.ar\/portalurbano\/#organization\",\"name\":\"Portal Urbano\",\"url\":\"https:\/\/experienciadevida.com.ar\/portalurbano\/\",\"logo\":{\"@type\":\"ImageObject\",\"inLanguage\":\"es\",\"@id\":\"https:\/\/experienciadevida.com.ar\/portalurbano\/#\/schema\/logo\/image\/\",\"url\":\"https:\/\/experienciadevida.com.ar\/portalurbano\/wp-content\/uploads\/2019\/09\/Logo-Original.png\",\"contentUrl\":\"https:\/\/experienciadevida.com.ar\/portalurbano\/wp-content\/uploads\/2019\/09\/Logo-Original.png\",\"width\":2236,\"height\":1216,\"caption\":\"Portal Urbano\"},\"image\":{\"@id\":\"https:\/\/experienciadevida.com.ar\/portalurbano\/#\/schema\/logo\/image\/\"},\"sameAs\":[\"https:\/\/www.facebook.com\/Portal-Urbano-171542830093757\/\",\"https:\/\/twitter.com\/portalurbanook\",\"https:\/\/www.instagram.com\/_portalurbano\/\",\"https:\/\/www.youtube.com\/channel\/UCXhagIfszH8KxFiOok79zbA?view_as=subscriber\"]},{\"@type\":\"Person\",\"@id\":\"https:\/\/experienciadevida.com.ar\/portalurbano\/#\/schema\/person\/02dd326b1c4b056e9cc972486934a3a7\",\"name\":\"admpu17wp\",\"image\":{\"@type\":\"ImageObject\",\"inLanguage\":\"es\",\"@id\":\"https:\/\/experienciadevida.com.ar\/portalurbano\/#\/schema\/person\/image\/\",\"url\":\"https:\/\/secure.gravatar.com\/avatar\/830d4c57adaae6630765e449a6908047?s=96&d=mm&r=g\",\"contentUrl\":\"https:\/\/secure.gravatar.com\/avatar\/830d4c57adaae6630765e449a6908047?s=96&d=mm&r=g\",\"caption\":\"admpu17wp\"}}]}<\/script>\n<!-- \/ Yoast SEO plugin. -->","yoast_head_json":{"title":"Jubilaciones: Alberto Fern\u00e1ndez promulg\u00f3 la ley de movilidad","description":"Jubilaciones: Alberto Fern\u00e1ndez promulg\u00f3 la ley de movilidad, sobre la ley de movilidad de las jubilaciones y pensiones.","robots":{"index":"index","follow":"follow","max-snippet":"max-snippet:-1","max-image-preview":"max-image-preview:large","max-video-preview":"max-video-preview:-1"},"canonical":"https:\/\/experienciadevida.com.ar\/portalurbano\/jubilaciones-alberto-fernandez-promulgo-la-ley-de-movilidad\/","og_locale":"es_ES","og_type":"article","og_title":"Jubilaciones: Alberto Fern\u00e1ndez promulg\u00f3 la ley de movilidad","og_description":"Jubilaciones: Alberto Fern\u00e1ndez promulg\u00f3 la ley de movilidad, sobre la ley de movilidad de las jubilaciones y pensiones.","og_url":"https:\/\/experienciadevida.com.ar\/portalurbano\/jubilaciones-alberto-fernandez-promulgo-la-ley-de-movilidad\/","article_publisher":"https:\/\/www.facebook.com\/Portal-Urbano-171542830093757\/","article_published_time":"2021-01-03T15:25:21+00:00","article_modified_time":"2021-01-03T15:26:00+00:00","og_image":[{"width":1140,"height":640,"url":"https:\/\/experienciadevida.com.ar\/portalurbano\/wp-content\/uploads\/2021\/01\/Jubilaciones.jpg","type":"image\/jpeg"}],"author":"admpu17wp","twitter_card":"summary_large_image","twitter_creator":"@portalurbanook","twitter_site":"@portalurbanook","twitter_misc":{"Escrito por":"admpu17wp","Tiempo de lectura":"2 minutos"},"schema":{"@context":"https:\/\/schema.org","@graph":[{"@type":"Article","@id":"https:\/\/experienciadevida.com.ar\/portalurbano\/jubilaciones-alberto-fernandez-promulgo-la-ley-de-movilidad\/#article","isPartOf":{"@id":"https:\/\/experienciadevida.com.ar\/portalurbano\/jubilaciones-alberto-fernandez-promulgo-la-ley-de-movilidad\/"},"author":{"name":"admpu17wp","@id":"https:\/\/experienciadevida.com.ar\/portalurbano\/#\/schema\/person\/02dd326b1c4b056e9cc972486934a3a7"},"headline":"Jubilaciones: Alberto Fern\u00e1ndez promulg\u00f3 la ley de movilidad","datePublished":"2021-01-03T15:25:21+00:00","dateModified":"2021-01-03T15:26:00+00:00","mainEntityOfPage":{"@id":"https:\/\/experienciadevida.com.ar\/portalurbano\/jubilaciones-alberto-fernandez-promulgo-la-ley-de-movilidad\/"},"wordCount":363,"publisher":{"@id":"https:\/\/experienciadevida.com.ar\/portalurbano\/#organization"},"articleSection":["Naci\u00f3n"],"inLanguage":"es"},{"@type":"WebPage","@id":"https:\/\/experienciadevida.com.ar\/portalurbano\/jubilaciones-alberto-fernandez-promulgo-la-ley-de-movilidad\/","url":"https:\/\/experienciadevida.com.ar\/portalurbano\/jubilaciones-alberto-fernandez-promulgo-la-ley-de-movilidad\/","name":"Jubilaciones: Alberto Fern\u00e1ndez promulg\u00f3 la ley de movilidad","isPartOf":{"@id":"https:\/\/experienciadevida.com.ar\/portalurbano\/#website"},"datePublished":"2021-01-03T15:25:21+00:00","dateModified":"2021-01-03T15:26:00+00:00","description":"Jubilaciones: Alberto Fern\u00e1ndez promulg\u00f3 la ley de movilidad, sobre la ley de movilidad de las jubilaciones y pensiones.","breadcrumb":{"@id":"https:\/\/experienciadevida.com.ar\/portalurbano\/jubilaciones-alberto-fernandez-promulgo-la-ley-de-movilidad\/#breadcrumb"},"inLanguage":"es","potentialAction":[{"@type":"ReadAction","target":["https:\/\/experienciadevida.com.ar\/portalurbano\/jubilaciones-alberto-fernandez-promulgo-la-ley-de-movilidad\/"]}]},{"@type":"BreadcrumbList","@id":"https:\/\/experienciadevida.com.ar\/portalurbano\/jubilaciones-alberto-fernandez-promulgo-la-ley-de-movilidad\/#breadcrumb","itemListElement":[{"@type":"ListItem","position":1,"name":"Portada","item":"https:\/\/experienciadevida.com.ar\/portalurbano\/"},{"@type":"ListItem","position":2,"name":"Jubilaciones: Alberto Fern\u00e1ndez promulg\u00f3 la ley de movilidad"}]},{"@type":"WebSite","@id":"https:\/\/experienciadevida.com.ar\/portalurbano\/#website","url":"https:\/\/experienciadevida.com.ar\/portalurbano\/","name":"","description":"","publisher":{"@id":"https:\/\/experienciadevida.com.ar\/portalurbano\/#organization"},"potentialAction":[{"@type":"SearchAction","target":{"@type":"EntryPoint","urlTemplate":"https:\/\/experienciadevida.com.ar\/portalurbano\/?s={search_term_string}"},"query-input":"required name=search_term_string"}],"inLanguage":"es"},{"@type":"Organization","@id":"https:\/\/experienciadevida.com.ar\/portalurbano\/#organization","name":"Portal Urbano","url":"https:\/\/experienciadevida.com.ar\/portalurbano\/","logo":{"@type":"ImageObject","inLanguage":"es","@id":"https:\/\/experienciadevida.com.ar\/portalurbano\/#\/schema\/logo\/image\/","url":"https:\/\/experienciadevida.com.ar\/portalurbano\/wp-content\/uploads\/2019\/09\/Logo-Original.png","contentUrl":"https:\/\/experienciadevida.com.ar\/portalurbano\/wp-content\/uploads\/2019\/09\/Logo-Original.png","width":2236,"height":1216,"caption":"Portal Urbano"},"image":{"@id":"https:\/\/experienciadevida.com.ar\/portalurbano\/#\/schema\/logo\/image\/"},"sameAs":["https:\/\/www.facebook.com\/Portal-Urbano-171542830093757\/","https:\/\/twitter.com\/portalurbanook","https:\/\/www.instagram.com\/_portalurbano\/","https:\/\/www.youtube.com\/channel\/UCXhagIfszH8KxFiOok79zbA?view_as=subscriber"]},{"@type":"Person","@id":"https:\/\/experienciadevida.com.ar\/portalurbano\/#\/schema\/person\/02dd326b1c4b056e9cc972486934a3a7","name":"admpu17wp","image":{"@type":"ImageObject","inLanguage":"es","@id":"https:\/\/experienciadevida.com.ar\/portalurbano\/#\/schema\/person\/image\/","url":"https:\/\/secure.gravatar.com\/avatar\/830d4c57adaae6630765e449a6908047?s=96&d=mm&r=g","contentUrl":"https:\/\/secure.gravatar.com\/avatar\/830d4c57adaae6630765e449a6908047?s=96&d=mm&r=g","caption":"admpu17wp"}}]}},"featured_image_urls":{"full":["https:\/\/experienciadevida.com.ar\/portalurbano\/wp-content\/uploads\/2021\/01\/Jubilaciones.jpg",1140,640,false],"thumbnail":["https:\/\/experienciadevida.com.ar\/portalurbano\/wp-content\/uploads\/2021\/01\/Jubilaciones-150x150.jpg",150,150,true],"medium":["https:\/\/experienciadevida.com.ar\/portalurbano\/wp-content\/uploads\/2021\/01\/Jubilaciones-300x168.jpg",300,168,true],"medium_large":["https:\/\/experienciadevida.com.ar\/portalurbano\/wp-content\/uploads\/2021\/01\/Jubilaciones-768x431.jpg",640,359,true],"large":["https:\/\/experienciadevida.com.ar\/portalurbano\/wp-content\/uploads\/2021\/01\/Jubilaciones-1024x575.jpg",640,359,true],"ug_big":["https:\/\/experienciadevida.com.ar\/portalurbano\/wp-content\/uploads\/2021\/01\/Jubilaciones-768x431.jpg",768,431,true],"1536x1536":["https:\/\/experienciadevida.com.ar\/portalurbano\/wp-content\/uploads\/2021\/01\/Jubilaciones.jpg",1140,640,false],"2048x2048":["https:\/\/experienciadevida.com.ar\/portalurbano\/wp-content\/uploads\/2021\/01\/Jubilaciones.jpg",1140,640,false],"newsever-slider-full":["https:\/\/experienciadevida.com.ar\/portalurbano\/wp-content\/uploads\/2021\/01\/Jubilaciones.jpg",1140,640,false],"newsever-featured":["https:\/\/experienciadevida.com.ar\/portalurbano\/wp-content\/uploads\/2021\/01\/Jubilaciones.jpg",1024,575,false],"newsever-medium":["https:\/\/experienciadevida.com.ar\/portalurbano\/wp-content\/uploads\/2021\/01\/Jubilaciones.jpg",720,404,false],"web-stories-poster-portrait":["https:\/\/experienciadevida.com.ar\/portalurbano\/wp-content\/uploads\/2021\/01\/Jubilaciones.jpg",640,359,false],"web-stories-publisher-logo":["https:\/\/experienciadevida.com.ar\/portalurbano\/wp-content\/uploads\/2021\/01\/Jubilaciones.jpg",96,54,false],"web-stories-thumbnail":["https:\/\/experienciadevida.com.ar\/portalurbano\/wp-content\/uploads\/2021\/01\/Jubilaciones.jpg",150,84,false]},"author_info":{"display_name":"admpu17wp","author_link":"https:\/\/experienciadevida.com.ar\/portalurbano\/author\/admpu17wp\/"},"category_info":"<a href=\"https:\/\/experienciadevida.com.ar\/portalurbano\/category\/nacion\/\" rel=\"category tag\">Naci\u00f3n<\/a>","tag_info":"Naci\u00f3n","comment_count":"0","amp_enabled":true,"_links":{"self":[{"href":"https:\/\/experienciadevida.com.ar\/portalurbano\/wp-json\/wp\/v2\/posts\/131530"}],"collection":[{"href":"https:\/\/experienciadevida.com.ar\/portalurbano\/wp-json\/wp\/v2\/posts"}],"about":[{"href":"https:\/\/experienciadevida.com.ar\/portalurbano\/wp-json\/wp\/v2\/types\/post"}],"author":[{"embeddable":true,"href":"https:\/\/experienciadevida.com.ar\/portalurbano\/wp-json\/wp\/v2\/users\/1"}],"replies":[{"embeddable":true,"href":"https:\/\/experienciadevida.com.ar\/portalurbano\/wp-json\/wp\/v2\/comments?post=131530"}],"version-history":[{"count":2,"href":"https:\/\/experienciadevida.com.ar\/portalurbano\/wp-json\/wp\/v2\/posts\/131530\/revisions"}],"predecessor-version":[{"id":131533,"href":"https:\/\/experienciadevida.com.ar\/portalurbano\/wp-json\/wp\/v2\/posts\/131530\/revisions\/131533"}],"wp:featuredmedia":[{"embeddable":true,"href":"https:\/\/experienciadevida.com.ar\/portalurbano\/wp-json\/wp\/v2\/media\/131531"}],"wp:attachment":[{"href":"https:\/\/experienciadevida.com.ar\/portalurbano\/wp-json\/wp\/v2\/media?parent=131530"}],"wp:term":[{"taxonomy":"category","embeddable":true,"href":"https:\/\/experienciadevida.com.ar\/portalurbano\/wp-json\/wp\/v2\/categories?post=131530"},{"taxonomy":"post_tag","embeddable":true,"href":"https:\/\/experienciadevida.com.ar\/portalurbano\/wp-json\/wp\/v2\/tags?post=131530"}],"curies":[{"name":"wp","href":"https:\/\/api.w.org\/{rel}","templated":true}]}}