{"id":131472,"date":"2021-01-02T10:45:14","date_gmt":"2021-01-02T13:45:14","guid":{"rendered":"https:\/\/experienciadevida.com.ar\/portalurbano\/?p=131472"},"modified":"2021-01-02T10:50:02","modified_gmt":"2021-01-02T13:50:02","slug":"se-realizara-la-sexta-etapa-del-programa-rastrear-testear-y-aislar","status":"publish","type":"post","link":"https:\/\/experienciadevida.com.ar\/portalurbano\/se-realizara-la-sexta-etapa-del-programa-rastrear-testear-y-aislar\/","title":{"rendered":"Se realizar\u00e1 la sexta etapa del Programa Rastrear, testear y Aislar."},"content":{"rendered":"<p>Sexta etapa del Programa RTA<\/p>\n<p>La Secretar\u00eda de Salud del Gobierno Municipal inform\u00f3 que el lunes 4 de enero comenzar\u00e1 la sexta etapa del Programa Rastrear, Aislar y Testear (RTA).<\/p>\n<p>Seg\u00fan indicaron, esta nueva edici\u00f3n del RTA se desarrollar\u00e1 durante dos semanas y se realizar\u00e1 de lunes a s\u00e1bados desde las 8.30 en el Hospital Municipal \u201cDr. H\u00e9ctor Cura\u201d.<\/p>\n<p>Cabe recordar que adem\u00e1s se realizar\u00e1n los hisopados PCR en el nosocomio local todos los d\u00edas a las 7 de la ma\u00f1ana, como viene sucediendo desde la instalaci\u00f3n del Laboratorio de Biolog\u00eda Molecular en mayo del a\u00f1o pasado.<\/p>\n<p>Al respecto, el Secretario de Salud Germ\u00e1n Caputo expres\u00f3:<em>\u00a0\u201cviendo la tendencia que se est\u00e1 dando en todo el pa\u00eds con un crecimiento de casos decidimos junto al intendente Ezequiel Galli realizar una nueva etapa del RTA\u201d.<\/em><\/p>\n<p><em>\u201cHemos logrado con las ediciones anteriores bajar la positividad en la ciudad y aislar a quienes fueron positivos y pensamos que es la manera de controlar la situaci\u00f3n sanitaria en el Partido\u201d<\/em>, agreg\u00f3.<\/p>\n<p>Se recuerda que \u2013\u00fanicamente\u2013 las personas que presenten s\u00edntomas compatibles a Covid-19 ser\u00e1n testeadas: tos, dolor de garganta, falta de olfato, falta de gusto, fiebre mayor a 37.5\u00b0, falta de aire y m\u00e1s de 48 horas de diarrea.<\/p>\n","protected":false},"excerpt":{"rendered":"<p>Sexta etapa del Programa RTA La Secretar\u00eda de Salud del Gobierno Municipal inform\u00f3 que el&#8230;<\/p>\n","protected":false},"author":1,"featured_media":131473,"comment_status":"closed","ping_status":"closed","sticky":false,"template":"","format":"standard","meta":{"content-type":""},"categories":[27,51],"tags":[],"nelio_content":{"isAutoShareEnabled":false,"autoShareEndMode":"default","automationSources":{"useContentSentences":true,"useSocialTemplates":true,"useCustomSentences":false,"customSentences":[]},"followers":[1],"suggestedReferences":[],"includedReferences":[],"efiUrl":"","efiAlt":"","highlights":[]},"yoast_head":"<!-- This site is optimized with the Yoast SEO plugin v20.7 - https:\/\/yoast.com\/wordpress\/plugins\/seo\/ -->\n<title>Se realizar\u00e1 la sexta etapa del Programa RTA ( Rastrear, testear y Aislar).<\/title>\n<meta name=\"description\" content=\"sexta etapa del Programa RTA . La Secretar\u00eda de Salud del Gobierno Municipal inform\u00f3 que el lunes 4 de enero comenzar\u00e1 la sexta etapa del Progr\" \/>\n<meta name=\"robots\" content=\"index, follow, max-snippet:-1, max-image-preview:large, max-video-preview:-1\" \/>\n<link rel=\"canonical\" href=\"https:\/\/experienciadevida.com.ar\/portalurbano\/se-realizara-la-sexta-etapa-del-programa-rastrear-testear-y-aislar\/\" \/>\n<meta property=\"og:locale\" content=\"es_ES\" \/>\n<meta property=\"og:type\" content=\"article\" \/>\n<meta property=\"og:title\" content=\"Se realizar\u00e1 la sexta etapa del Programa RTA ( Rastrear, testear y Aislar).\" \/>\n<meta property=\"og:description\" content=\"sexta etapa del Programa RTA . La Secretar\u00eda de Salud del Gobierno Municipal inform\u00f3 que el lunes 4 de enero comenzar\u00e1 la sexta etapa del Progr\" \/>\n<meta property=\"og:url\" content=\"https:\/\/experienciadevida.com.ar\/portalurbano\/se-realizara-la-sexta-etapa-del-programa-rastrear-testear-y-aislar\/\" \/>\n<meta property=\"article:publisher\" content=\"https:\/\/www.facebook.com\/Portal-Urbano-171542830093757\/\" \/>\n<meta property=\"article:published_time\" content=\"2021-01-02T13:45:14+00:00\" \/>\n<meta property=\"article:modified_time\" content=\"2021-01-02T13:50:02+00:00\" \/>\n<meta property=\"og:image\" content=\"https:\/\/experienciadevida.com.ar\/portalurbano\/wp-content\/uploads\/2021\/01\/Salud-Modulo-RTA-Hospital-1-1024x683-1-e1609594958249.jpg\" \/>\n\t<meta property=\"og:image:width\" content=\"800\" \/>\n\t<meta property=\"og:image:height\" content=\"534\" \/>\n\t<meta property=\"og:image:type\" content=\"image\/jpeg\" \/>\n<meta name=\"author\" content=\"admpu17wp\" \/>\n<meta name=\"twitter:card\" content=\"summary_large_image\" \/>\n<meta name=\"twitter:creator\" content=\"@portalurbanook\" \/>\n<meta name=\"twitter:site\" content=\"@portalurbanook\" \/>\n<meta name=\"twitter:label1\" content=\"Escrito por\" \/>\n\t<meta name=\"twitter:data1\" content=\"admpu17wp\" \/>\n\t<meta name=\"twitter:label2\" content=\"Tiempo de lectura\" \/>\n\t<meta name=\"twitter:data2\" content=\"1 minuto\" \/>\n<script type=\"application\/ld+json\" class=\"yoast-schema-graph\">{\"@context\":\"https:\/\/schema.org\",\"@graph\":[{\"@type\":\"Article\",\"@id\":\"https:\/\/experienciadevida.com.ar\/portalurbano\/se-realizara-la-sexta-etapa-del-programa-rastrear-testear-y-aislar\/#article\",\"isPartOf\":{\"@id\":\"https:\/\/experienciadevida.com.ar\/portalurbano\/se-realizara-la-sexta-etapa-del-programa-rastrear-testear-y-aislar\/\"},\"author\":{\"name\":\"admpu17wp\",\"@id\":\"https:\/\/experienciadevida.com.ar\/portalurbano\/#\/schema\/person\/02dd326b1c4b056e9cc972486934a3a7\"},\"headline\":\"Se realizar\u00e1 la sexta etapa del Programa Rastrear, testear y Aislar.\",\"datePublished\":\"2021-01-02T13:45:14+00:00\",\"dateModified\":\"2021-01-02T13:50:02+00:00\",\"mainEntityOfPage\":{\"@id\":\"https:\/\/experienciadevida.com.ar\/portalurbano\/se-realizara-la-sexta-etapa-del-programa-rastrear-testear-y-aislar\/\"},\"wordCount\":229,\"publisher\":{\"@id\":\"https:\/\/experienciadevida.com.ar\/portalurbano\/#organization\"},\"articleSection\":[\"Ciudad\",\"Destacadas\"],\"inLanguage\":\"es\"},{\"@type\":\"WebPage\",\"@id\":\"https:\/\/experienciadevida.com.ar\/portalurbano\/se-realizara-la-sexta-etapa-del-programa-rastrear-testear-y-aislar\/\",\"url\":\"https:\/\/experienciadevida.com.ar\/portalurbano\/se-realizara-la-sexta-etapa-del-programa-rastrear-testear-y-aislar\/\",\"name\":\"Se realizar\u00e1 la sexta etapa del Programa RTA ( Rastrear, testear y Aislar).\",\"isPartOf\":{\"@id\":\"https:\/\/experienciadevida.com.ar\/portalurbano\/#website\"},\"datePublished\":\"2021-01-02T13:45:14+00:00\",\"dateModified\":\"2021-01-02T13:50:02+00:00\",\"description\":\"sexta etapa del Programa RTA . La Secretar\u00eda de Salud del Gobierno Municipal inform\u00f3 que el lunes 4 de enero comenzar\u00e1 la sexta etapa del Progr\",\"breadcrumb\":{\"@id\":\"https:\/\/experienciadevida.com.ar\/portalurbano\/se-realizara-la-sexta-etapa-del-programa-rastrear-testear-y-aislar\/#breadcrumb\"},\"inLanguage\":\"es\",\"potentialAction\":[{\"@type\":\"ReadAction\",\"target\":[\"https:\/\/experienciadevida.com.ar\/portalurbano\/se-realizara-la-sexta-etapa-del-programa-rastrear-testear-y-aislar\/\"]}]},{\"@type\":\"BreadcrumbList\",\"@id\":\"https:\/\/experienciadevida.com.ar\/portalurbano\/se-realizara-la-sexta-etapa-del-programa-rastrear-testear-y-aislar\/#breadcrumb\",\"itemListElement\":[{\"@type\":\"ListItem\",\"position\":1,\"name\":\"Portada\",\"item\":\"https:\/\/experienciadevida.com.ar\/portalurbano\/\"},{\"@type\":\"ListItem\",\"position\":2,\"name\":\"Se realizar\u00e1 la sexta etapa del Programa Rastrear, testear y Aislar.\"}]},{\"@type\":\"WebSite\",\"@id\":\"https:\/\/experienciadevida.com.ar\/portalurbano\/#website\",\"url\":\"https:\/\/experienciadevida.com.ar\/portalurbano\/\",\"name\":\"\",\"description\":\"\",\"publisher\":{\"@id\":\"https:\/\/experienciadevida.com.ar\/portalurbano\/#organization\"},\"potentialAction\":[{\"@type\":\"SearchAction\",\"target\":{\"@type\":\"EntryPoint\",\"urlTemplate\":\"https:\/\/experienciadevida.com.ar\/portalurbano\/?s={search_term_string}\"},\"query-input\":\"required name=search_term_string\"}],\"inLanguage\":\"es\"},{\"@type\":\"Organization\",\"@id\":\"https:\/\/experienciadevida.com.ar\/portalurbano\/#organization\",\"name\":\"Portal Urbano\",\"url\":\"https:\/\/experienciadevida.com.ar\/portalurbano\/\",\"logo\":{\"@type\":\"ImageObject\",\"inLanguage\":\"es\",\"@id\":\"https:\/\/experienciadevida.com.ar\/portalurbano\/#\/schema\/logo\/image\/\",\"url\":\"https:\/\/experienciadevida.com.ar\/portalurbano\/wp-content\/uploads\/2019\/09\/Logo-Original.png\",\"contentUrl\":\"https:\/\/experienciadevida.com.ar\/portalurbano\/wp-content\/uploads\/2019\/09\/Logo-Original.png\",\"width\":2236,\"height\":1216,\"caption\":\"Portal Urbano\"},\"image\":{\"@id\":\"https:\/\/experienciadevida.com.ar\/portalurbano\/#\/schema\/logo\/image\/\"},\"sameAs\":[\"https:\/\/www.facebook.com\/Portal-Urbano-171542830093757\/\",\"https:\/\/twitter.com\/portalurbanook\",\"https:\/\/www.instagram.com\/_portalurbano\/\",\"https:\/\/www.youtube.com\/channel\/UCXhagIfszH8KxFiOok79zbA?view_as=subscriber\"]},{\"@type\":\"Person\",\"@id\":\"https:\/\/experienciadevida.com.ar\/portalurbano\/#\/schema\/person\/02dd326b1c4b056e9cc972486934a3a7\",\"name\":\"admpu17wp\",\"image\":{\"@type\":\"ImageObject\",\"inLanguage\":\"es\",\"@id\":\"https:\/\/experienciadevida.com.ar\/portalurbano\/#\/schema\/person\/image\/\",\"url\":\"https:\/\/secure.gravatar.com\/avatar\/830d4c57adaae6630765e449a6908047?s=96&d=mm&r=g\",\"contentUrl\":\"https:\/\/secure.gravatar.com\/avatar\/830d4c57adaae6630765e449a6908047?s=96&d=mm&r=g\",\"caption\":\"admpu17wp\"}}]}<\/script>\n<!-- \/ Yoast SEO plugin. -->","yoast_head_json":{"title":"Se realizar\u00e1 la sexta etapa del Programa RTA ( Rastrear, testear y Aislar).","description":"sexta etapa del Programa RTA . La Secretar\u00eda de Salud del Gobierno Municipal inform\u00f3 que el lunes 4 de enero comenzar\u00e1 la sexta etapa del Progr","robots":{"index":"index","follow":"follow","max-snippet":"max-snippet:-1","max-image-preview":"max-image-preview:large","max-video-preview":"max-video-preview:-1"},"canonical":"https:\/\/experienciadevida.com.ar\/portalurbano\/se-realizara-la-sexta-etapa-del-programa-rastrear-testear-y-aislar\/","og_locale":"es_ES","og_type":"article","og_title":"Se realizar\u00e1 la sexta etapa del Programa RTA ( Rastrear, testear y Aislar).","og_description":"sexta etapa del Programa RTA . La Secretar\u00eda de Salud del Gobierno Municipal inform\u00f3 que el lunes 4 de enero comenzar\u00e1 la sexta etapa del Progr","og_url":"https:\/\/experienciadevida.com.ar\/portalurbano\/se-realizara-la-sexta-etapa-del-programa-rastrear-testear-y-aislar\/","article_publisher":"https:\/\/www.facebook.com\/Portal-Urbano-171542830093757\/","article_published_time":"2021-01-02T13:45:14+00:00","article_modified_time":"2021-01-02T13:50:02+00:00","og_image":[{"width":800,"height":534,"url":"https:\/\/experienciadevida.com.ar\/portalurbano\/wp-content\/uploads\/2021\/01\/Salud-Modulo-RTA-Hospital-1-1024x683-1-e1609594958249.jpg","type":"image\/jpeg"}],"author":"admpu17wp","twitter_card":"summary_large_image","twitter_creator":"@portalurbanook","twitter_site":"@portalurbanook","twitter_misc":{"Escrito por":"admpu17wp","Tiempo de lectura":"1 minuto"},"schema":{"@context":"https:\/\/schema.org","@graph":[{"@type":"Article","@id":"https:\/\/experienciadevida.com.ar\/portalurbano\/se-realizara-la-sexta-etapa-del-programa-rastrear-testear-y-aislar\/#article","isPartOf":{"@id":"https:\/\/experienciadevida.com.ar\/portalurbano\/se-realizara-la-sexta-etapa-del-programa-rastrear-testear-y-aislar\/"},"author":{"name":"admpu17wp","@id":"https:\/\/experienciadevida.com.ar\/portalurbano\/#\/schema\/person\/02dd326b1c4b056e9cc972486934a3a7"},"headline":"Se realizar\u00e1 la sexta etapa del Programa Rastrear, testear y Aislar.","datePublished":"2021-01-02T13:45:14+00:00","dateModified":"2021-01-02T13:50:02+00:00","mainEntityOfPage":{"@id":"https:\/\/experienciadevida.com.ar\/portalurbano\/se-realizara-la-sexta-etapa-del-programa-rastrear-testear-y-aislar\/"},"wordCount":229,"publisher":{"@id":"https:\/\/experienciadevida.com.ar\/portalurbano\/#organization"},"articleSection":["Ciudad","Destacadas"],"inLanguage":"es"},{"@type":"WebPage","@id":"https:\/\/experienciadevida.com.ar\/portalurbano\/se-realizara-la-sexta-etapa-del-programa-rastrear-testear-y-aislar\/","url":"https:\/\/experienciadevida.com.ar\/portalurbano\/se-realizara-la-sexta-etapa-del-programa-rastrear-testear-y-aislar\/","name":"Se realizar\u00e1 la sexta etapa del Programa RTA ( Rastrear, testear y Aislar).","isPartOf":{"@id":"https:\/\/experienciadevida.com.ar\/portalurbano\/#website"},"datePublished":"2021-01-02T13:45:14+00:00","dateModified":"2021-01-02T13:50:02+00:00","description":"sexta etapa del Programa RTA . La Secretar\u00eda de Salud del Gobierno Municipal inform\u00f3 que el lunes 4 de enero comenzar\u00e1 la sexta etapa del Progr","breadcrumb":{"@id":"https:\/\/experienciadevida.com.ar\/portalurbano\/se-realizara-la-sexta-etapa-del-programa-rastrear-testear-y-aislar\/#breadcrumb"},"inLanguage":"es","potentialAction":[{"@type":"ReadAction","target":["https:\/\/experienciadevida.com.ar\/portalurbano\/se-realizara-la-sexta-etapa-del-programa-rastrear-testear-y-aislar\/"]}]},{"@type":"BreadcrumbList","@id":"https:\/\/experienciadevida.com.ar\/portalurbano\/se-realizara-la-sexta-etapa-del-programa-rastrear-testear-y-aislar\/#breadcrumb","itemListElement":[{"@type":"ListItem","position":1,"name":"Portada","item":"https:\/\/experienciadevida.com.ar\/portalurbano\/"},{"@type":"ListItem","position":2,"name":"Se realizar\u00e1 la sexta etapa del Programa Rastrear, testear y Aislar."}]},{"@type":"WebSite","@id":"https:\/\/experienciadevida.com.ar\/portalurbano\/#website","url":"https:\/\/experienciadevida.com.ar\/portalurbano\/","name":"","description":"","publisher":{"@id":"https:\/\/experienciadevida.com.ar\/portalurbano\/#organization"},"potentialAction":[{"@type":"SearchAction","target":{"@type":"EntryPoint","urlTemplate":"https:\/\/experienciadevida.com.ar\/portalurbano\/?s={search_term_string}"},"query-input":"required name=search_term_string"}],"inLanguage":"es"},{"@type":"Organization","@id":"https:\/\/experienciadevida.com.ar\/portalurbano\/#organization","name":"Portal Urbano","url":"https:\/\/experienciadevida.com.ar\/portalurbano\/","logo":{"@type":"ImageObject","inLanguage":"es","@id":"https:\/\/experienciadevida.com.ar\/portalurbano\/#\/schema\/logo\/image\/","url":"https:\/\/experienciadevida.com.ar\/portalurbano\/wp-content\/uploads\/2019\/09\/Logo-Original.png","contentUrl":"https:\/\/experienciadevida.com.ar\/portalurbano\/wp-content\/uploads\/2019\/09\/Logo-Original.png","width":2236,"height":1216,"caption":"Portal Urbano"},"image":{"@id":"https:\/\/experienciadevida.com.ar\/portalurbano\/#\/schema\/logo\/image\/"},"sameAs":["https:\/\/www.facebook.com\/Portal-Urbano-171542830093757\/","https:\/\/twitter.com\/portalurbanook","https:\/\/www.instagram.com\/_portalurbano\/","https:\/\/www.youtube.com\/channel\/UCXhagIfszH8KxFiOok79zbA?view_as=subscriber"]},{"@type":"Person","@id":"https:\/\/experienciadevida.com.ar\/portalurbano\/#\/schema\/person\/02dd326b1c4b056e9cc972486934a3a7","name":"admpu17wp","image":{"@type":"ImageObject","inLanguage":"es","@id":"https:\/\/experienciadevida.com.ar\/portalurbano\/#\/schema\/person\/image\/","url":"https:\/\/secure.gravatar.com\/avatar\/830d4c57adaae6630765e449a6908047?s=96&d=mm&r=g","contentUrl":"https:\/\/secure.gravatar.com\/avatar\/830d4c57adaae6630765e449a6908047?s=96&d=mm&r=g","caption":"admpu17wp"}}]}},"featured_image_urls":{"full":["https:\/\/experienciadevida.com.ar\/portalurbano\/wp-content\/uploads\/2021\/01\/Salud-Modulo-RTA-Hospital-1-1024x683-1-e1609594958249.jpg",800,534,false],"thumbnail":["https:\/\/experienciadevida.com.ar\/portalurbano\/wp-content\/uploads\/2021\/01\/Salud-Modulo-RTA-Hospital-1-1024x683-1-150x150.jpg",150,150,true],"medium":["https:\/\/experienciadevida.com.ar\/portalurbano\/wp-content\/uploads\/2021\/01\/Salud-Modulo-RTA-Hospital-1-1024x683-1-300x200.jpg",300,200,true],"medium_large":["https:\/\/experienciadevida.com.ar\/portalurbano\/wp-content\/uploads\/2021\/01\/Salud-Modulo-RTA-Hospital-1-1024x683-1-768x512.jpg",640,427,true],"large":["https:\/\/experienciadevida.com.ar\/portalurbano\/wp-content\/uploads\/2021\/01\/Salud-Modulo-RTA-Hospital-1-1024x683-1-e1609594958249.jpg",640,427,false],"ug_big":["https:\/\/experienciadevida.com.ar\/portalurbano\/wp-content\/uploads\/2021\/01\/Salud-Modulo-RTA-Hospital-1-1024x683-1-768x512.jpg",768,512,true],"1536x1536":["https:\/\/experienciadevida.com.ar\/portalurbano\/wp-content\/uploads\/2021\/01\/Salud-Modulo-RTA-Hospital-1-1024x683-1-e1609594958249.jpg",800,534,false],"2048x2048":["https:\/\/experienciadevida.com.ar\/portalurbano\/wp-content\/uploads\/2021\/01\/Salud-Modulo-RTA-Hospital-1-1024x683-1-e1609594958249.jpg",800,534,false],"newsever-slider-full":["https:\/\/experienciadevida.com.ar\/portalurbano\/wp-content\/uploads\/2021\/01\/Salud-Modulo-RTA-Hospital-1-1024x683-1-e1609594958249.jpg",800,534,false],"newsever-featured":["https:\/\/experienciadevida.com.ar\/portalurbano\/wp-content\/uploads\/2021\/01\/Salud-Modulo-RTA-Hospital-1-1024x683-1-e1609594958249.jpg",800,534,false],"newsever-medium":["https:\/\/experienciadevida.com.ar\/portalurbano\/wp-content\/uploads\/2021\/01\/Salud-Modulo-RTA-Hospital-1-1024x683-1-e1609594958249.jpg",712,475,false],"web-stories-poster-portrait":["https:\/\/experienciadevida.com.ar\/portalurbano\/wp-content\/uploads\/2021\/01\/Salud-Modulo-RTA-Hospital-1-1024x683-1-e1609594958249.jpg",640,427,false],"web-stories-publisher-logo":["https:\/\/experienciadevida.com.ar\/portalurbano\/wp-content\/uploads\/2021\/01\/Salud-Modulo-RTA-Hospital-1-1024x683-1-e1609594958249.jpg",96,64,false],"web-stories-thumbnail":["https:\/\/experienciadevida.com.ar\/portalurbano\/wp-content\/uploads\/2021\/01\/Salud-Modulo-RTA-Hospital-1-1024x683-1-e1609594958249.jpg",150,100,false]},"author_info":{"display_name":"admpu17wp","author_link":"https:\/\/experienciadevida.com.ar\/portalurbano\/author\/admpu17wp\/"},"category_info":"<a href=\"https:\/\/experienciadevida.com.ar\/portalurbano\/category\/ciudad\/\" rel=\"category tag\">Ciudad<\/a> <a href=\"https:\/\/experienciadevida.com.ar\/portalurbano\/category\/destacadas\/\" rel=\"category tag\">Destacadas<\/a>","tag_info":"Destacadas","comment_count":"0","amp_enabled":true,"_links":{"self":[{"href":"https:\/\/experienciadevida.com.ar\/portalurbano\/wp-json\/wp\/v2\/posts\/131472"}],"collection":[{"href":"https:\/\/experienciadevida.com.ar\/portalurbano\/wp-json\/wp\/v2\/posts"}],"about":[{"href":"https:\/\/experienciadevida.com.ar\/portalurbano\/wp-json\/wp\/v2\/types\/post"}],"author":[{"embeddable":true,"href":"https:\/\/experienciadevida.com.ar\/portalurbano\/wp-json\/wp\/v2\/users\/1"}],"replies":[{"embeddable":true,"href":"https:\/\/experienciadevida.com.ar\/portalurbano\/wp-json\/wp\/v2\/comments?post=131472"}],"version-history":[{"count":5,"href":"https:\/\/experienciadevida.com.ar\/portalurbano\/wp-json\/wp\/v2\/posts\/131472\/revisions"}],"predecessor-version":[{"id":131479,"href":"https:\/\/experienciadevida.com.ar\/portalurbano\/wp-json\/wp\/v2\/posts\/131472\/revisions\/131479"}],"wp:featuredmedia":[{"embeddable":true,"href":"https:\/\/experienciadevida.com.ar\/portalurbano\/wp-json\/wp\/v2\/media\/131473"}],"wp:attachment":[{"href":"https:\/\/experienciadevida.com.ar\/portalurbano\/wp-json\/wp\/v2\/media?parent=131472"}],"wp:term":[{"taxonomy":"category","embeddable":true,"href":"https:\/\/experienciadevida.com.ar\/portalurbano\/wp-json\/wp\/v2\/categories?post=131472"},{"taxonomy":"post_tag","embeddable":true,"href":"https:\/\/experienciadevida.com.ar\/portalurbano\/wp-json\/wp\/v2\/tags?post=131472"}],"curies":[{"name":"wp","href":"https:\/\/api.w.org\/{rel}","templated":true}]}}