{"id":131449,"date":"2021-01-01T16:36:52","date_gmt":"2021-01-01T19:36:52","guid":{"rendered":"https:\/\/experienciadevida.com.ar\/portalurbano\/?p=131449"},"modified":"2021-01-01T16:37:34","modified_gmt":"2021-01-01T19:37:34","slug":"asesor-de-kicillof-propone-toque-de-queda-en-la-provincia","status":"publish","type":"post","link":"https:\/\/experienciadevida.com.ar\/portalurbano\/asesor-de-kicillof-propone-toque-de-queda-en-la-provincia\/","title":{"rendered":"Asesor de Kicillof propone \u201ctoque de queda\u201d en la provincia"},"content":{"rendered":"<p>Asesor de Kicillof propone &#8220;toque de queda&#8221; en la Provincia. El m\u00e9dico sanitarista Jorge Rachid plante\u00f3 \u201crestringir la circulaci\u00f3n entre las 22 y las 6\u201d para mitigar la circulaci\u00f3n del virus causante de la Covid-19. Adem\u00e1s sugiri\u00f3 volver a cerrar las fronteras.<\/p>\n<p>Jorge Rachid, el m\u00e9dico sanitarista e integrante del comit\u00e9 de asesores del gobernador de la provincia de Buenos Aires Axel Kicillof, propuso este viernes que se imponga una \u201crestricci\u00f3n nocturna para circular\u201d, entre otras medidas para mitigar el creciente n\u00famero de contagios de coronavirus.<\/p>\n<p>En este sentido, indic\u00f3 que su planteo es que se limite la circulaci\u00f3n \u201centre las 22 y las 6\u201d y, tambi\u00e9n, a\u00f1adi\u00f3 como sugerencia \u201cel cierre de fronteras\u201d.<\/p>\n<p>As\u00ed lo expres\u00f3 en declaraciones en las que sostuvo que \u201cel toque de queda es duro pero es lo que funciona en Europa\u201d, y cuestion\u00f3 la cantidad de personas que anoche, en los festejos por el A\u00f1o Nuevo, se agolparon en plazas del \u00c1rea Metropolitana de Buenos Aires (AMBA).<\/p>\n<p>\u201cHay inconsciencia, alimentada en algunos casos por medios hegem\u00f3nicos irresponsables que han alentado la anticuarentena y la antivacuna de manera irresponsable y criminal sobre poblaci\u00f3n que no tienen elementos para defenderse de esas cuestiones, que tienen que ver con mentiras\u201d, dijo el sanitarista.<\/p>\n<p>Sobre la cantidad de personas en plazas y parques con motivo de las celebraciones de Navidad y A\u00f1o Nuevo, el especialista opin\u00f3: \u201cVamos a tener que tomar medidas m\u00e1s duras. Yo propongo que se cierren las fronteras y que se imponga la restricci\u00f3n nocturna para circular entre las 22 y las 6\u201d.<\/p>\n<p>Cabe destacar que la medida fue adoptada de manera independiente al principio de la pandemia por muchos municipios de Buenos Aires y otras provincias.<\/p>\n<p>&#8220;La Sputnik V no tuvo efectos colaterales&#8221;<\/p>\n<p>El especialista se refiri\u00f3 a las vacunas y se\u00f1al\u00f3 que \u201cno ha habido efectos letales en el mundo por la Sputnik V\u201d y sostuvo que \u201cla \u00fanica que ha tra\u00eddo efectos graves es la de Pfizer porque es una vacuna sint\u00e9tica, diferente a la de Oxford y la rusa, que son exactamente iguales\u201d.<\/p>\n<p>Sobre Pfizer, el m\u00e9dico se\u00f1al\u00f3 que \u201ctuvo en la Argentina todas las facilidades para desarrollar los ensayos cl\u00ednicos de fase 3, se le puso una estructura del Estado como el Hospital Militar Central, se le hizo una autorizaci\u00f3n por parte de los organismos regulatorios, y se procedi\u00f3 a votar una ley\u201d.<\/p>\n<p>Sin embargo, indic\u00f3 Rachid, \u201ccuando sali\u00f3 la ley, como hizo con Chile que incluy\u00f3 en el contrato recursos naturales, pidi\u00f3 cosas verbalmente insoportables como glaciares, el petr\u00f3leo, pidi\u00f3 una nueva ley y despu\u00e9s un contrato con bienes embargables por si hab\u00eda alg\u00fan problema de conflicto de intereses a futuro\u201d.<\/p>\n<p>Fuente: DIB<\/p>\n","protected":false},"excerpt":{"rendered":"<p>Asesor de Kicillof propone &#8220;toque de queda&#8221; en la Provincia. El m\u00e9dico sanitarista Jorge Rachid&#8230;<\/p>\n","protected":false},"author":1,"featured_media":119733,"comment_status":"closed","ping_status":"closed","sticky":false,"template":"","format":"standard","meta":{"content-type":""},"categories":[64,44],"tags":[],"nelio_content":{"isAutoShareEnabled":false,"autoShareEndMode":"default","automationSources":{"useContentSentences":true,"useSocialTemplates":true,"useCustomSentences":false,"customSentences":[]},"followers":[1],"suggestedReferences":[],"includedReferences":[],"efiUrl":"","efiAlt":"","highlights":[]},"yoast_head":"<!-- This site is optimized with the Yoast SEO plugin v20.7 - https:\/\/yoast.com\/wordpress\/plugins\/seo\/ -->\n<title>Asesor de Kicillof propone &quot;toque de queda&quot; en la Provincia<\/title>\n<meta name=\"description\" content=\"Asesor de Kicillof propone &quot;toque de queda&quot; en la Provincia, el m\u00e9dico plante\u00f3 restringir la circulaci\u00f3n entre las 22 y las 6.\" \/>\n<meta name=\"robots\" content=\"index, follow, max-snippet:-1, max-image-preview:large, max-video-preview:-1\" \/>\n<link rel=\"canonical\" href=\"https:\/\/experienciadevida.com.ar\/portalurbano\/asesor-de-kicillof-propone-toque-de-queda-en-la-provincia\/\" \/>\n<meta property=\"og:locale\" content=\"es_ES\" \/>\n<meta property=\"og:type\" content=\"article\" \/>\n<meta property=\"og:title\" content=\"Asesor de Kicillof propone &quot;toque de queda&quot; en la Provincia\" \/>\n<meta property=\"og:description\" content=\"Asesor de Kicillof propone &quot;toque de queda&quot; en la Provincia, el m\u00e9dico plante\u00f3 restringir la circulaci\u00f3n entre las 22 y las 6.\" \/>\n<meta property=\"og:url\" content=\"https:\/\/experienciadevida.com.ar\/portalurbano\/asesor-de-kicillof-propone-toque-de-queda-en-la-provincia\/\" \/>\n<meta property=\"article:publisher\" content=\"https:\/\/www.facebook.com\/Portal-Urbano-171542830093757\/\" \/>\n<meta property=\"article:published_time\" content=\"2021-01-01T19:36:52+00:00\" \/>\n<meta property=\"article:modified_time\" content=\"2021-01-01T19:37:34+00:00\" \/>\n<meta property=\"og:image\" content=\"https:\/\/experienciadevida.com.ar\/portalurbano\/wp-content\/uploads\/2020\/08\/KICILLOF-2.jpg\" \/>\n\t<meta property=\"og:image:width\" content=\"645\" \/>\n\t<meta property=\"og:image:height\" content=\"386\" \/>\n\t<meta property=\"og:image:type\" content=\"image\/jpeg\" \/>\n<meta name=\"author\" content=\"admpu17wp\" \/>\n<meta name=\"twitter:card\" content=\"summary_large_image\" \/>\n<meta name=\"twitter:creator\" content=\"@portalurbanook\" \/>\n<meta name=\"twitter:site\" content=\"@portalurbanook\" \/>\n<meta name=\"twitter:label1\" content=\"Escrito por\" \/>\n\t<meta name=\"twitter:data1\" content=\"admpu17wp\" \/>\n\t<meta name=\"twitter:label2\" content=\"Tiempo de lectura\" \/>\n\t<meta name=\"twitter:data2\" content=\"2 minutos\" \/>\n<script type=\"application\/ld+json\" class=\"yoast-schema-graph\">{\"@context\":\"https:\/\/schema.org\",\"@graph\":[{\"@type\":\"Article\",\"@id\":\"https:\/\/experienciadevida.com.ar\/portalurbano\/asesor-de-kicillof-propone-toque-de-queda-en-la-provincia\/#article\",\"isPartOf\":{\"@id\":\"https:\/\/experienciadevida.com.ar\/portalurbano\/asesor-de-kicillof-propone-toque-de-queda-en-la-provincia\/\"},\"author\":{\"name\":\"admpu17wp\",\"@id\":\"https:\/\/experienciadevida.com.ar\/portalurbano\/#\/schema\/person\/02dd326b1c4b056e9cc972486934a3a7\"},\"headline\":\"Asesor de Kicillof propone \u201ctoque de queda\u201d en la provincia\",\"datePublished\":\"2021-01-01T19:36:52+00:00\",\"dateModified\":\"2021-01-01T19:37:34+00:00\",\"mainEntityOfPage\":{\"@id\":\"https:\/\/experienciadevida.com.ar\/portalurbano\/asesor-de-kicillof-propone-toque-de-queda-en-la-provincia\/\"},\"wordCount\":474,\"publisher\":{\"@id\":\"https:\/\/experienciadevida.com.ar\/portalurbano\/#organization\"},\"articleSection\":[\"Destacadas 2\",\"Provincia\"],\"inLanguage\":\"es\"},{\"@type\":\"WebPage\",\"@id\":\"https:\/\/experienciadevida.com.ar\/portalurbano\/asesor-de-kicillof-propone-toque-de-queda-en-la-provincia\/\",\"url\":\"https:\/\/experienciadevida.com.ar\/portalurbano\/asesor-de-kicillof-propone-toque-de-queda-en-la-provincia\/\",\"name\":\"Asesor de Kicillof propone \\\"toque de queda\\\" en la Provincia\",\"isPartOf\":{\"@id\":\"https:\/\/experienciadevida.com.ar\/portalurbano\/#website\"},\"datePublished\":\"2021-01-01T19:36:52+00:00\",\"dateModified\":\"2021-01-01T19:37:34+00:00\",\"description\":\"Asesor de Kicillof propone \\\"toque de queda\\\" en la Provincia, el m\u00e9dico plante\u00f3 restringir la circulaci\u00f3n entre las 22 y las 6.\",\"breadcrumb\":{\"@id\":\"https:\/\/experienciadevida.com.ar\/portalurbano\/asesor-de-kicillof-propone-toque-de-queda-en-la-provincia\/#breadcrumb\"},\"inLanguage\":\"es\",\"potentialAction\":[{\"@type\":\"ReadAction\",\"target\":[\"https:\/\/experienciadevida.com.ar\/portalurbano\/asesor-de-kicillof-propone-toque-de-queda-en-la-provincia\/\"]}]},{\"@type\":\"BreadcrumbList\",\"@id\":\"https:\/\/experienciadevida.com.ar\/portalurbano\/asesor-de-kicillof-propone-toque-de-queda-en-la-provincia\/#breadcrumb\",\"itemListElement\":[{\"@type\":\"ListItem\",\"position\":1,\"name\":\"Portada\",\"item\":\"https:\/\/experienciadevida.com.ar\/portalurbano\/\"},{\"@type\":\"ListItem\",\"position\":2,\"name\":\"Asesor de Kicillof propone \u201ctoque de queda\u201d en la provincia\"}]},{\"@type\":\"WebSite\",\"@id\":\"https:\/\/experienciadevida.com.ar\/portalurbano\/#website\",\"url\":\"https:\/\/experienciadevida.com.ar\/portalurbano\/\",\"name\":\"\",\"description\":\"\",\"publisher\":{\"@id\":\"https:\/\/experienciadevida.com.ar\/portalurbano\/#organization\"},\"potentialAction\":[{\"@type\":\"SearchAction\",\"target\":{\"@type\":\"EntryPoint\",\"urlTemplate\":\"https:\/\/experienciadevida.com.ar\/portalurbano\/?s={search_term_string}\"},\"query-input\":\"required name=search_term_string\"}],\"inLanguage\":\"es\"},{\"@type\":\"Organization\",\"@id\":\"https:\/\/experienciadevida.com.ar\/portalurbano\/#organization\",\"name\":\"Portal Urbano\",\"url\":\"https:\/\/experienciadevida.com.ar\/portalurbano\/\",\"logo\":{\"@type\":\"ImageObject\",\"inLanguage\":\"es\",\"@id\":\"https:\/\/experienciadevida.com.ar\/portalurbano\/#\/schema\/logo\/image\/\",\"url\":\"https:\/\/experienciadevida.com.ar\/portalurbano\/wp-content\/uploads\/2019\/09\/Logo-Original.png\",\"contentUrl\":\"https:\/\/experienciadevida.com.ar\/portalurbano\/wp-content\/uploads\/2019\/09\/Logo-Original.png\",\"width\":2236,\"height\":1216,\"caption\":\"Portal Urbano\"},\"image\":{\"@id\":\"https:\/\/experienciadevida.com.ar\/portalurbano\/#\/schema\/logo\/image\/\"},\"sameAs\":[\"https:\/\/www.facebook.com\/Portal-Urbano-171542830093757\/\",\"https:\/\/twitter.com\/portalurbanook\",\"https:\/\/www.instagram.com\/_portalurbano\/\",\"https:\/\/www.youtube.com\/channel\/UCXhagIfszH8KxFiOok79zbA?view_as=subscriber\"]},{\"@type\":\"Person\",\"@id\":\"https:\/\/experienciadevida.com.ar\/portalurbano\/#\/schema\/person\/02dd326b1c4b056e9cc972486934a3a7\",\"name\":\"admpu17wp\",\"image\":{\"@type\":\"ImageObject\",\"inLanguage\":\"es\",\"@id\":\"https:\/\/experienciadevida.com.ar\/portalurbano\/#\/schema\/person\/image\/\",\"url\":\"https:\/\/secure.gravatar.com\/avatar\/830d4c57adaae6630765e449a6908047?s=96&d=mm&r=g\",\"contentUrl\":\"https:\/\/secure.gravatar.com\/avatar\/830d4c57adaae6630765e449a6908047?s=96&d=mm&r=g\",\"caption\":\"admpu17wp\"}}]}<\/script>\n<!-- \/ Yoast SEO plugin. -->","yoast_head_json":{"title":"Asesor de Kicillof propone \"toque de queda\" en la Provincia","description":"Asesor de Kicillof propone \"toque de queda\" en la Provincia, el m\u00e9dico plante\u00f3 restringir la circulaci\u00f3n entre las 22 y las 6.","robots":{"index":"index","follow":"follow","max-snippet":"max-snippet:-1","max-image-preview":"max-image-preview:large","max-video-preview":"max-video-preview:-1"},"canonical":"https:\/\/experienciadevida.com.ar\/portalurbano\/asesor-de-kicillof-propone-toque-de-queda-en-la-provincia\/","og_locale":"es_ES","og_type":"article","og_title":"Asesor de Kicillof propone \"toque de queda\" en la Provincia","og_description":"Asesor de Kicillof propone \"toque de queda\" en la Provincia, el m\u00e9dico plante\u00f3 restringir la circulaci\u00f3n entre las 22 y las 6.","og_url":"https:\/\/experienciadevida.com.ar\/portalurbano\/asesor-de-kicillof-propone-toque-de-queda-en-la-provincia\/","article_publisher":"https:\/\/www.facebook.com\/Portal-Urbano-171542830093757\/","article_published_time":"2021-01-01T19:36:52+00:00","article_modified_time":"2021-01-01T19:37:34+00:00","og_image":[{"width":645,"height":386,"url":"https:\/\/experienciadevida.com.ar\/portalurbano\/wp-content\/uploads\/2020\/08\/KICILLOF-2.jpg","type":"image\/jpeg"}],"author":"admpu17wp","twitter_card":"summary_large_image","twitter_creator":"@portalurbanook","twitter_site":"@portalurbanook","twitter_misc":{"Escrito por":"admpu17wp","Tiempo de lectura":"2 minutos"},"schema":{"@context":"https:\/\/schema.org","@graph":[{"@type":"Article","@id":"https:\/\/experienciadevida.com.ar\/portalurbano\/asesor-de-kicillof-propone-toque-de-queda-en-la-provincia\/#article","isPartOf":{"@id":"https:\/\/experienciadevida.com.ar\/portalurbano\/asesor-de-kicillof-propone-toque-de-queda-en-la-provincia\/"},"author":{"name":"admpu17wp","@id":"https:\/\/experienciadevida.com.ar\/portalurbano\/#\/schema\/person\/02dd326b1c4b056e9cc972486934a3a7"},"headline":"Asesor de Kicillof propone \u201ctoque de queda\u201d en la provincia","datePublished":"2021-01-01T19:36:52+00:00","dateModified":"2021-01-01T19:37:34+00:00","mainEntityOfPage":{"@id":"https:\/\/experienciadevida.com.ar\/portalurbano\/asesor-de-kicillof-propone-toque-de-queda-en-la-provincia\/"},"wordCount":474,"publisher":{"@id":"https:\/\/experienciadevida.com.ar\/portalurbano\/#organization"},"articleSection":["Destacadas 2","Provincia"],"inLanguage":"es"},{"@type":"WebPage","@id":"https:\/\/experienciadevida.com.ar\/portalurbano\/asesor-de-kicillof-propone-toque-de-queda-en-la-provincia\/","url":"https:\/\/experienciadevida.com.ar\/portalurbano\/asesor-de-kicillof-propone-toque-de-queda-en-la-provincia\/","name":"Asesor de Kicillof propone \"toque de queda\" en la Provincia","isPartOf":{"@id":"https:\/\/experienciadevida.com.ar\/portalurbano\/#website"},"datePublished":"2021-01-01T19:36:52+00:00","dateModified":"2021-01-01T19:37:34+00:00","description":"Asesor de Kicillof propone \"toque de queda\" en la Provincia, el m\u00e9dico plante\u00f3 restringir la circulaci\u00f3n entre las 22 y las 6.","breadcrumb":{"@id":"https:\/\/experienciadevida.com.ar\/portalurbano\/asesor-de-kicillof-propone-toque-de-queda-en-la-provincia\/#breadcrumb"},"inLanguage":"es","potentialAction":[{"@type":"ReadAction","target":["https:\/\/experienciadevida.com.ar\/portalurbano\/asesor-de-kicillof-propone-toque-de-queda-en-la-provincia\/"]}]},{"@type":"BreadcrumbList","@id":"https:\/\/experienciadevida.com.ar\/portalurbano\/asesor-de-kicillof-propone-toque-de-queda-en-la-provincia\/#breadcrumb","itemListElement":[{"@type":"ListItem","position":1,"name":"Portada","item":"https:\/\/experienciadevida.com.ar\/portalurbano\/"},{"@type":"ListItem","position":2,"name":"Asesor de Kicillof propone \u201ctoque de queda\u201d en la provincia"}]},{"@type":"WebSite","@id":"https:\/\/experienciadevida.com.ar\/portalurbano\/#website","url":"https:\/\/experienciadevida.com.ar\/portalurbano\/","name":"","description":"","publisher":{"@id":"https:\/\/experienciadevida.com.ar\/portalurbano\/#organization"},"potentialAction":[{"@type":"SearchAction","target":{"@type":"EntryPoint","urlTemplate":"https:\/\/experienciadevida.com.ar\/portalurbano\/?s={search_term_string}"},"query-input":"required name=search_term_string"}],"inLanguage":"es"},{"@type":"Organization","@id":"https:\/\/experienciadevida.com.ar\/portalurbano\/#organization","name":"Portal Urbano","url":"https:\/\/experienciadevida.com.ar\/portalurbano\/","logo":{"@type":"ImageObject","inLanguage":"es","@id":"https:\/\/experienciadevida.com.ar\/portalurbano\/#\/schema\/logo\/image\/","url":"https:\/\/experienciadevida.com.ar\/portalurbano\/wp-content\/uploads\/2019\/09\/Logo-Original.png","contentUrl":"https:\/\/experienciadevida.com.ar\/portalurbano\/wp-content\/uploads\/2019\/09\/Logo-Original.png","width":2236,"height":1216,"caption":"Portal Urbano"},"image":{"@id":"https:\/\/experienciadevida.com.ar\/portalurbano\/#\/schema\/logo\/image\/"},"sameAs":["https:\/\/www.facebook.com\/Portal-Urbano-171542830093757\/","https:\/\/twitter.com\/portalurbanook","https:\/\/www.instagram.com\/_portalurbano\/","https:\/\/www.youtube.com\/channel\/UCXhagIfszH8KxFiOok79zbA?view_as=subscriber"]},{"@type":"Person","@id":"https:\/\/experienciadevida.com.ar\/portalurbano\/#\/schema\/person\/02dd326b1c4b056e9cc972486934a3a7","name":"admpu17wp","image":{"@type":"ImageObject","inLanguage":"es","@id":"https:\/\/experienciadevida.com.ar\/portalurbano\/#\/schema\/person\/image\/","url":"https:\/\/secure.gravatar.com\/avatar\/830d4c57adaae6630765e449a6908047?s=96&d=mm&r=g","contentUrl":"https:\/\/secure.gravatar.com\/avatar\/830d4c57adaae6630765e449a6908047?s=96&d=mm&r=g","caption":"admpu17wp"}}]}},"featured_image_urls":{"full":["https:\/\/experienciadevida.com.ar\/portalurbano\/wp-content\/uploads\/2020\/08\/KICILLOF-2.jpg",645,386,false],"thumbnail":["https:\/\/experienciadevida.com.ar\/portalurbano\/wp-content\/uploads\/2020\/08\/KICILLOF-2-150x150.jpg",150,150,true],"medium":["https:\/\/experienciadevida.com.ar\/portalurbano\/wp-content\/uploads\/2020\/08\/KICILLOF-2-300x180.jpg",300,180,true],"medium_large":["https:\/\/experienciadevida.com.ar\/portalurbano\/wp-content\/uploads\/2020\/08\/KICILLOF-2.jpg",640,383,false],"large":["https:\/\/experienciadevida.com.ar\/portalurbano\/wp-content\/uploads\/2020\/08\/KICILLOF-2.jpg",640,383,false],"ug_big":["https:\/\/experienciadevida.com.ar\/portalurbano\/wp-content\/uploads\/2020\/08\/KICILLOF-2.jpg",645,386,false],"1536x1536":["https:\/\/experienciadevida.com.ar\/portalurbano\/wp-content\/uploads\/2020\/08\/KICILLOF-2.jpg",645,386,false],"2048x2048":["https:\/\/experienciadevida.com.ar\/portalurbano\/wp-content\/uploads\/2020\/08\/KICILLOF-2.jpg",645,386,false],"newsever-slider-full":["https:\/\/experienciadevida.com.ar\/portalurbano\/wp-content\/uploads\/2020\/08\/KICILLOF-2.jpg",645,386,false],"newsever-featured":["https:\/\/experienciadevida.com.ar\/portalurbano\/wp-content\/uploads\/2020\/08\/KICILLOF-2.jpg",645,386,false],"newsever-medium":["https:\/\/experienciadevida.com.ar\/portalurbano\/wp-content\/uploads\/2020\/08\/KICILLOF-2.jpg",645,386,false],"web-stories-poster-portrait":["https:\/\/experienciadevida.com.ar\/portalurbano\/wp-content\/uploads\/2020\/08\/KICILLOF-2.jpg",640,383,false],"web-stories-publisher-logo":["https:\/\/experienciadevida.com.ar\/portalurbano\/wp-content\/uploads\/2020\/08\/KICILLOF-2.jpg",96,57,false],"web-stories-thumbnail":["https:\/\/experienciadevida.com.ar\/portalurbano\/wp-content\/uploads\/2020\/08\/KICILLOF-2.jpg",150,90,false]},"author_info":{"display_name":"admpu17wp","author_link":"https:\/\/experienciadevida.com.ar\/portalurbano\/author\/admpu17wp\/"},"category_info":"<a href=\"https:\/\/experienciadevida.com.ar\/portalurbano\/category\/destacadas-2\/\" rel=\"category tag\">Destacadas 2<\/a> <a href=\"https:\/\/experienciadevida.com.ar\/portalurbano\/category\/provincia\/\" rel=\"category tag\">Provincia<\/a>","tag_info":"Provincia","comment_count":"0","amp_enabled":true,"_links":{"self":[{"href":"https:\/\/experienciadevida.com.ar\/portalurbano\/wp-json\/wp\/v2\/posts\/131449"}],"collection":[{"href":"https:\/\/experienciadevida.com.ar\/portalurbano\/wp-json\/wp\/v2\/posts"}],"about":[{"href":"https:\/\/experienciadevida.com.ar\/portalurbano\/wp-json\/wp\/v2\/types\/post"}],"author":[{"embeddable":true,"href":"https:\/\/experienciadevida.com.ar\/portalurbano\/wp-json\/wp\/v2\/users\/1"}],"replies":[{"embeddable":true,"href":"https:\/\/experienciadevida.com.ar\/portalurbano\/wp-json\/wp\/v2\/comments?post=131449"}],"version-history":[{"count":1,"href":"https:\/\/experienciadevida.com.ar\/portalurbano\/wp-json\/wp\/v2\/posts\/131449\/revisions"}],"predecessor-version":[{"id":131450,"href":"https:\/\/experienciadevida.com.ar\/portalurbano\/wp-json\/wp\/v2\/posts\/131449\/revisions\/131450"}],"wp:featuredmedia":[{"embeddable":true,"href":"https:\/\/experienciadevida.com.ar\/portalurbano\/wp-json\/wp\/v2\/media\/119733"}],"wp:attachment":[{"href":"https:\/\/experienciadevida.com.ar\/portalurbano\/wp-json\/wp\/v2\/media?parent=131449"}],"wp:term":[{"taxonomy":"category","embeddable":true,"href":"https:\/\/experienciadevida.com.ar\/portalurbano\/wp-json\/wp\/v2\/categories?post=131449"},{"taxonomy":"post_tag","embeddable":true,"href":"https:\/\/experienciadevida.com.ar\/portalurbano\/wp-json\/wp\/v2\/tags?post=131449"}],"curies":[{"name":"wp","href":"https:\/\/api.w.org\/{rel}","templated":true}]}}