{"id":131371,"date":"2020-12-31T09:12:06","date_gmt":"2020-12-31T12:12:06","guid":{"rendered":"https:\/\/experienciadevida.com.ar\/portalurbano\/?p=131371"},"modified":"2020-12-31T09:15:59","modified_gmt":"2020-12-31T12:15:59","slug":"el-reintegro-del-15-para-compras-con-tarjeta-de-debito-se-extiende-hasta-el-31-de-marzo","status":"publish","type":"post","link":"https:\/\/experienciadevida.com.ar\/portalurbano\/el-reintegro-del-15-para-compras-con-tarjeta-de-debito-se-extiende-hasta-el-31-de-marzo\/","title":{"rendered":"El reintegro del 15% para compras con tarjeta de d\u00e9bito se extiende hasta el 31 de marzo"},"content":{"rendered":"<p>El reintegro del 15% ,\u00a0 alcanza a personas jubiladas y pensionadas que cobran el haber m\u00ednimo, as\u00ed como a los y las titulares de las asignaciones universales por Hijo (AUH) y Embarazo (AUE).<\/p>\n<hr \/>\n<p>La Administraci\u00f3n Federal de Ingresos P\u00fablicos (AFIP) extendi\u00f3 hasta el 31 de marzo de 2021 el reintegro del 15%\u00a0 para los sectores vulnerados, a trav\u00e9s de la resoluci\u00f3n general 4895\/2020 publicada este mi\u00e9rcoles en el Bolet\u00edn Oficial.<\/p>\n<p>La devoluci\u00f3n del 15% del monto total de los consumos con tarjeta de d\u00e9bito alcanza a personas jubiladas y pensionadas que cobran el haber m\u00ednimo, as\u00ed como a los y las titulares de las asignaciones universales por Hijo (AUH) y Embarazo (AUE).<\/p>\n<p>El reintegro asciende hasta los $ 700 mensuales por beneficiario, y para titulares de la AUH con dos o m\u00e1s hijos el monto m\u00e1ximo ser\u00e1 de $ 1.400.<\/p>\n<p>Entre marzo y octubre de 2020 el r\u00e9gimen de reintegro para los sectores vulnerados represent\u00f3 un impulso adicional a la demanda por m\u00e1s de $ 3.300 millones.<\/p>\n<p>El instrumento fue establecido por la Ley de Solidaridad Social y Reactivaci\u00f3n Productiva, y forma parte de las pol\u00edticas implementadas por el Gobierno para amortiguar el efecto de la pandemia de coronavirus.<\/p>\n<p>Los reintegros se acreditan en forma autom\u00e1tica cuando las personas jubiladas, pensionadas y titulares de la AUH y la AUE realizan compras en comercios con la tarjeta de d\u00e9bito donde perciben sus prestaciones.<\/p>\n<p>Las operaciones abonadas con esas tarjetas bajo la modalidad de Pago Electr\u00f3nico Inmediato (PEI) o c\u00f3digos de respuesta r\u00e1pida (QR) tambi\u00e9n est\u00e1n alcanzadas por el beneficio.<\/p>\n","protected":false},"excerpt":{"rendered":"<p>El reintegro del 15% ,\u00a0 alcanza a personas jubiladas y pensionadas que cobran el haber&#8230;<\/p>\n","protected":false},"author":1,"featured_media":0,"comment_status":"closed","ping_status":"closed","sticky":false,"template":"","format":"standard","meta":{"content-type":""},"categories":[27,51],"tags":[593],"nelio_content":{"isAutoShareEnabled":false,"autoShareEndMode":"default","automationSources":{"useContentSentences":true,"useSocialTemplates":true,"useCustomSentences":false,"customSentences":[]},"followers":[1],"suggestedReferences":[],"includedReferences":[],"efiUrl":"","efiAlt":"","highlights":[]},"yoast_head":"<!-- This site is optimized with the Yoast SEO plugin v20.7 - https:\/\/yoast.com\/wordpress\/plugins\/seo\/ -->\n<title>El reintegro del 15% para compras con tarjeta de d\u00e9bito se extiende hasta<\/title>\n<meta name=\"description\" content=\"El reintegro del 15%. alcanza a personas jubiladas y pensionadas que cobran el haber m\u00ednimo, as\u00ed como a los y titulares de las asignaciones\" \/>\n<meta name=\"robots\" content=\"index, follow, max-snippet:-1, max-image-preview:large, max-video-preview:-1\" \/>\n<link rel=\"canonical\" href=\"https:\/\/experienciadevida.com.ar\/portalurbano\/el-reintegro-del-15-para-compras-con-tarjeta-de-debito-se-extiende-hasta-el-31-de-marzo\/\" \/>\n<meta property=\"og:locale\" content=\"es_ES\" \/>\n<meta property=\"og:type\" content=\"article\" \/>\n<meta property=\"og:title\" content=\"El reintegro del 15% para compras con tarjeta de d\u00e9bito se extiende hasta\" \/>\n<meta property=\"og:description\" content=\"El reintegro del 15%. alcanza a personas jubiladas y pensionadas que cobran el haber m\u00ednimo, as\u00ed como a los y titulares de las asignaciones\" \/>\n<meta property=\"og:url\" content=\"https:\/\/experienciadevida.com.ar\/portalurbano\/el-reintegro-del-15-para-compras-con-tarjeta-de-debito-se-extiende-hasta-el-31-de-marzo\/\" \/>\n<meta property=\"article:publisher\" content=\"https:\/\/www.facebook.com\/Portal-Urbano-171542830093757\/\" \/>\n<meta property=\"article:published_time\" content=\"2020-12-31T12:12:06+00:00\" \/>\n<meta property=\"article:modified_time\" content=\"2020-12-31T12:15:59+00:00\" \/>\n<meta property=\"og:image\" content=\"https:\/\/experienciadevida.com.ar\/portalurbano\/wp-content\/uploads\/2018\/08\/Afip-Foto-Google-e1534414323598.jpg\" \/>\n\t<meta property=\"og:image:width\" content=\"670\" \/>\n\t<meta property=\"og:image:height\" content=\"425\" \/>\n\t<meta property=\"og:image:type\" content=\"image\/jpeg\" \/>\n<meta name=\"author\" content=\"admpu17wp\" \/>\n<meta name=\"twitter:card\" content=\"summary_large_image\" \/>\n<meta name=\"twitter:creator\" content=\"@portalurbanook\" \/>\n<meta name=\"twitter:site\" content=\"@portalurbanook\" \/>\n<meta name=\"twitter:label1\" content=\"Escrito por\" \/>\n\t<meta name=\"twitter:data1\" content=\"admpu17wp\" \/>\n\t<meta name=\"twitter:label2\" content=\"Tiempo de lectura\" \/>\n\t<meta name=\"twitter:data2\" content=\"1 minuto\" \/>\n<script type=\"application\/ld+json\" class=\"yoast-schema-graph\">{\"@context\":\"https:\/\/schema.org\",\"@graph\":[{\"@type\":\"Article\",\"@id\":\"https:\/\/experienciadevida.com.ar\/portalurbano\/el-reintegro-del-15-para-compras-con-tarjeta-de-debito-se-extiende-hasta-el-31-de-marzo\/#article\",\"isPartOf\":{\"@id\":\"https:\/\/experienciadevida.com.ar\/portalurbano\/el-reintegro-del-15-para-compras-con-tarjeta-de-debito-se-extiende-hasta-el-31-de-marzo\/\"},\"author\":{\"name\":\"admpu17wp\",\"@id\":\"https:\/\/experienciadevida.com.ar\/portalurbano\/#\/schema\/person\/02dd326b1c4b056e9cc972486934a3a7\"},\"headline\":\"El reintegro del 15% para compras con tarjeta de d\u00e9bito se extiende hasta el 31 de marzo\",\"datePublished\":\"2020-12-31T12:12:06+00:00\",\"dateModified\":\"2020-12-31T12:15:59+00:00\",\"mainEntityOfPage\":{\"@id\":\"https:\/\/experienciadevida.com.ar\/portalurbano\/el-reintegro-del-15-para-compras-con-tarjeta-de-debito-se-extiende-hasta-el-31-de-marzo\/\"},\"wordCount\":283,\"publisher\":{\"@id\":\"https:\/\/experienciadevida.com.ar\/portalurbano\/#organization\"},\"keywords\":[\"afip\"],\"articleSection\":[\"Ciudad\",\"Destacadas\"],\"inLanguage\":\"es\"},{\"@type\":\"WebPage\",\"@id\":\"https:\/\/experienciadevida.com.ar\/portalurbano\/el-reintegro-del-15-para-compras-con-tarjeta-de-debito-se-extiende-hasta-el-31-de-marzo\/\",\"url\":\"https:\/\/experienciadevida.com.ar\/portalurbano\/el-reintegro-del-15-para-compras-con-tarjeta-de-debito-se-extiende-hasta-el-31-de-marzo\/\",\"name\":\"El reintegro del 15% para compras con tarjeta de d\u00e9bito se extiende hasta\",\"isPartOf\":{\"@id\":\"https:\/\/experienciadevida.com.ar\/portalurbano\/#website\"},\"datePublished\":\"2020-12-31T12:12:06+00:00\",\"dateModified\":\"2020-12-31T12:15:59+00:00\",\"description\":\"El reintegro del 15%. alcanza a personas jubiladas y pensionadas que cobran el haber m\u00ednimo, as\u00ed como a los y titulares de las asignaciones\",\"breadcrumb\":{\"@id\":\"https:\/\/experienciadevida.com.ar\/portalurbano\/el-reintegro-del-15-para-compras-con-tarjeta-de-debito-se-extiende-hasta-el-31-de-marzo\/#breadcrumb\"},\"inLanguage\":\"es\",\"potentialAction\":[{\"@type\":\"ReadAction\",\"target\":[\"https:\/\/experienciadevida.com.ar\/portalurbano\/el-reintegro-del-15-para-compras-con-tarjeta-de-debito-se-extiende-hasta-el-31-de-marzo\/\"]}]},{\"@type\":\"BreadcrumbList\",\"@id\":\"https:\/\/experienciadevida.com.ar\/portalurbano\/el-reintegro-del-15-para-compras-con-tarjeta-de-debito-se-extiende-hasta-el-31-de-marzo\/#breadcrumb\",\"itemListElement\":[{\"@type\":\"ListItem\",\"position\":1,\"name\":\"Portada\",\"item\":\"https:\/\/experienciadevida.com.ar\/portalurbano\/\"},{\"@type\":\"ListItem\",\"position\":2,\"name\":\"El reintegro del 15% para compras con tarjeta de d\u00e9bito se extiende hasta el 31 de marzo\"}]},{\"@type\":\"WebSite\",\"@id\":\"https:\/\/experienciadevida.com.ar\/portalurbano\/#website\",\"url\":\"https:\/\/experienciadevida.com.ar\/portalurbano\/\",\"name\":\"\",\"description\":\"\",\"publisher\":{\"@id\":\"https:\/\/experienciadevida.com.ar\/portalurbano\/#organization\"},\"potentialAction\":[{\"@type\":\"SearchAction\",\"target\":{\"@type\":\"EntryPoint\",\"urlTemplate\":\"https:\/\/experienciadevida.com.ar\/portalurbano\/?s={search_term_string}\"},\"query-input\":\"required name=search_term_string\"}],\"inLanguage\":\"es\"},{\"@type\":\"Organization\",\"@id\":\"https:\/\/experienciadevida.com.ar\/portalurbano\/#organization\",\"name\":\"Portal Urbano\",\"url\":\"https:\/\/experienciadevida.com.ar\/portalurbano\/\",\"logo\":{\"@type\":\"ImageObject\",\"inLanguage\":\"es\",\"@id\":\"https:\/\/experienciadevida.com.ar\/portalurbano\/#\/schema\/logo\/image\/\",\"url\":\"https:\/\/experienciadevida.com.ar\/portalurbano\/wp-content\/uploads\/2019\/09\/Logo-Original.png\",\"contentUrl\":\"https:\/\/experienciadevida.com.ar\/portalurbano\/wp-content\/uploads\/2019\/09\/Logo-Original.png\",\"width\":2236,\"height\":1216,\"caption\":\"Portal Urbano\"},\"image\":{\"@id\":\"https:\/\/experienciadevida.com.ar\/portalurbano\/#\/schema\/logo\/image\/\"},\"sameAs\":[\"https:\/\/www.facebook.com\/Portal-Urbano-171542830093757\/\",\"https:\/\/twitter.com\/portalurbanook\",\"https:\/\/www.instagram.com\/_portalurbano\/\",\"https:\/\/www.youtube.com\/channel\/UCXhagIfszH8KxFiOok79zbA?view_as=subscriber\"]},{\"@type\":\"Person\",\"@id\":\"https:\/\/experienciadevida.com.ar\/portalurbano\/#\/schema\/person\/02dd326b1c4b056e9cc972486934a3a7\",\"name\":\"admpu17wp\",\"image\":{\"@type\":\"ImageObject\",\"inLanguage\":\"es\",\"@id\":\"https:\/\/experienciadevida.com.ar\/portalurbano\/#\/schema\/person\/image\/\",\"url\":\"https:\/\/secure.gravatar.com\/avatar\/830d4c57adaae6630765e449a6908047?s=96&d=mm&r=g\",\"contentUrl\":\"https:\/\/secure.gravatar.com\/avatar\/830d4c57adaae6630765e449a6908047?s=96&d=mm&r=g\",\"caption\":\"admpu17wp\"}}]}<\/script>\n<!-- \/ Yoast SEO plugin. -->","yoast_head_json":{"title":"El reintegro del 15% para compras con tarjeta de d\u00e9bito se extiende hasta","description":"El reintegro del 15%. alcanza a personas jubiladas y pensionadas que cobran el haber m\u00ednimo, as\u00ed como a los y titulares de las asignaciones","robots":{"index":"index","follow":"follow","max-snippet":"max-snippet:-1","max-image-preview":"max-image-preview:large","max-video-preview":"max-video-preview:-1"},"canonical":"https:\/\/experienciadevida.com.ar\/portalurbano\/el-reintegro-del-15-para-compras-con-tarjeta-de-debito-se-extiende-hasta-el-31-de-marzo\/","og_locale":"es_ES","og_type":"article","og_title":"El reintegro del 15% para compras con tarjeta de d\u00e9bito se extiende hasta","og_description":"El reintegro del 15%. alcanza a personas jubiladas y pensionadas que cobran el haber m\u00ednimo, as\u00ed como a los y titulares de las asignaciones","og_url":"https:\/\/experienciadevida.com.ar\/portalurbano\/el-reintegro-del-15-para-compras-con-tarjeta-de-debito-se-extiende-hasta-el-31-de-marzo\/","article_publisher":"https:\/\/www.facebook.com\/Portal-Urbano-171542830093757\/","article_published_time":"2020-12-31T12:12:06+00:00","article_modified_time":"2020-12-31T12:15:59+00:00","og_image":[{"width":670,"height":425,"url":"https:\/\/experienciadevida.com.ar\/portalurbano\/wp-content\/uploads\/2018\/08\/Afip-Foto-Google-e1534414323598.jpg","type":"image\/jpeg"}],"author":"admpu17wp","twitter_card":"summary_large_image","twitter_creator":"@portalurbanook","twitter_site":"@portalurbanook","twitter_misc":{"Escrito por":"admpu17wp","Tiempo de lectura":"1 minuto"},"schema":{"@context":"https:\/\/schema.org","@graph":[{"@type":"Article","@id":"https:\/\/experienciadevida.com.ar\/portalurbano\/el-reintegro-del-15-para-compras-con-tarjeta-de-debito-se-extiende-hasta-el-31-de-marzo\/#article","isPartOf":{"@id":"https:\/\/experienciadevida.com.ar\/portalurbano\/el-reintegro-del-15-para-compras-con-tarjeta-de-debito-se-extiende-hasta-el-31-de-marzo\/"},"author":{"name":"admpu17wp","@id":"https:\/\/experienciadevida.com.ar\/portalurbano\/#\/schema\/person\/02dd326b1c4b056e9cc972486934a3a7"},"headline":"El reintegro del 15% para compras con tarjeta de d\u00e9bito se extiende hasta el 31 de marzo","datePublished":"2020-12-31T12:12:06+00:00","dateModified":"2020-12-31T12:15:59+00:00","mainEntityOfPage":{"@id":"https:\/\/experienciadevida.com.ar\/portalurbano\/el-reintegro-del-15-para-compras-con-tarjeta-de-debito-se-extiende-hasta-el-31-de-marzo\/"},"wordCount":283,"publisher":{"@id":"https:\/\/experienciadevida.com.ar\/portalurbano\/#organization"},"keywords":["afip"],"articleSection":["Ciudad","Destacadas"],"inLanguage":"es"},{"@type":"WebPage","@id":"https:\/\/experienciadevida.com.ar\/portalurbano\/el-reintegro-del-15-para-compras-con-tarjeta-de-debito-se-extiende-hasta-el-31-de-marzo\/","url":"https:\/\/experienciadevida.com.ar\/portalurbano\/el-reintegro-del-15-para-compras-con-tarjeta-de-debito-se-extiende-hasta-el-31-de-marzo\/","name":"El reintegro del 15% para compras con tarjeta de d\u00e9bito se extiende hasta","isPartOf":{"@id":"https:\/\/experienciadevida.com.ar\/portalurbano\/#website"},"datePublished":"2020-12-31T12:12:06+00:00","dateModified":"2020-12-31T12:15:59+00:00","description":"El reintegro del 15%. alcanza a personas jubiladas y pensionadas que cobran el haber m\u00ednimo, as\u00ed como a los y titulares de las asignaciones","breadcrumb":{"@id":"https:\/\/experienciadevida.com.ar\/portalurbano\/el-reintegro-del-15-para-compras-con-tarjeta-de-debito-se-extiende-hasta-el-31-de-marzo\/#breadcrumb"},"inLanguage":"es","potentialAction":[{"@type":"ReadAction","target":["https:\/\/experienciadevida.com.ar\/portalurbano\/el-reintegro-del-15-para-compras-con-tarjeta-de-debito-se-extiende-hasta-el-31-de-marzo\/"]}]},{"@type":"BreadcrumbList","@id":"https:\/\/experienciadevida.com.ar\/portalurbano\/el-reintegro-del-15-para-compras-con-tarjeta-de-debito-se-extiende-hasta-el-31-de-marzo\/#breadcrumb","itemListElement":[{"@type":"ListItem","position":1,"name":"Portada","item":"https:\/\/experienciadevida.com.ar\/portalurbano\/"},{"@type":"ListItem","position":2,"name":"El reintegro del 15% para compras con tarjeta de d\u00e9bito se extiende hasta el 31 de marzo"}]},{"@type":"WebSite","@id":"https:\/\/experienciadevida.com.ar\/portalurbano\/#website","url":"https:\/\/experienciadevida.com.ar\/portalurbano\/","name":"","description":"","publisher":{"@id":"https:\/\/experienciadevida.com.ar\/portalurbano\/#organization"},"potentialAction":[{"@type":"SearchAction","target":{"@type":"EntryPoint","urlTemplate":"https:\/\/experienciadevida.com.ar\/portalurbano\/?s={search_term_string}"},"query-input":"required name=search_term_string"}],"inLanguage":"es"},{"@type":"Organization","@id":"https:\/\/experienciadevida.com.ar\/portalurbano\/#organization","name":"Portal Urbano","url":"https:\/\/experienciadevida.com.ar\/portalurbano\/","logo":{"@type":"ImageObject","inLanguage":"es","@id":"https:\/\/experienciadevida.com.ar\/portalurbano\/#\/schema\/logo\/image\/","url":"https:\/\/experienciadevida.com.ar\/portalurbano\/wp-content\/uploads\/2019\/09\/Logo-Original.png","contentUrl":"https:\/\/experienciadevida.com.ar\/portalurbano\/wp-content\/uploads\/2019\/09\/Logo-Original.png","width":2236,"height":1216,"caption":"Portal Urbano"},"image":{"@id":"https:\/\/experienciadevida.com.ar\/portalurbano\/#\/schema\/logo\/image\/"},"sameAs":["https:\/\/www.facebook.com\/Portal-Urbano-171542830093757\/","https:\/\/twitter.com\/portalurbanook","https:\/\/www.instagram.com\/_portalurbano\/","https:\/\/www.youtube.com\/channel\/UCXhagIfszH8KxFiOok79zbA?view_as=subscriber"]},{"@type":"Person","@id":"https:\/\/experienciadevida.com.ar\/portalurbano\/#\/schema\/person\/02dd326b1c4b056e9cc972486934a3a7","name":"admpu17wp","image":{"@type":"ImageObject","inLanguage":"es","@id":"https:\/\/experienciadevida.com.ar\/portalurbano\/#\/schema\/person\/image\/","url":"https:\/\/secure.gravatar.com\/avatar\/830d4c57adaae6630765e449a6908047?s=96&d=mm&r=g","contentUrl":"https:\/\/secure.gravatar.com\/avatar\/830d4c57adaae6630765e449a6908047?s=96&d=mm&r=g","caption":"admpu17wp"}}]}},"featured_image_urls":{"full":"","thumbnail":"","medium":"","medium_large":"","large":"","ug_big":"","1536x1536":"","2048x2048":"","newsever-slider-full":"","newsever-featured":"","newsever-medium":"","web-stories-poster-portrait":"","web-stories-publisher-logo":"","web-stories-thumbnail":""},"author_info":{"display_name":"admpu17wp","author_link":"https:\/\/experienciadevida.com.ar\/portalurbano\/author\/admpu17wp\/"},"category_info":"<a href=\"https:\/\/experienciadevida.com.ar\/portalurbano\/category\/ciudad\/\" rel=\"category tag\">Ciudad<\/a> <a href=\"https:\/\/experienciadevida.com.ar\/portalurbano\/category\/destacadas\/\" rel=\"category tag\">Destacadas<\/a>","tag_info":"Destacadas","comment_count":"0","amp_enabled":true,"_links":{"self":[{"href":"https:\/\/experienciadevida.com.ar\/portalurbano\/wp-json\/wp\/v2\/posts\/131371"}],"collection":[{"href":"https:\/\/experienciadevida.com.ar\/portalurbano\/wp-json\/wp\/v2\/posts"}],"about":[{"href":"https:\/\/experienciadevida.com.ar\/portalurbano\/wp-json\/wp\/v2\/types\/post"}],"author":[{"embeddable":true,"href":"https:\/\/experienciadevida.com.ar\/portalurbano\/wp-json\/wp\/v2\/users\/1"}],"replies":[{"embeddable":true,"href":"https:\/\/experienciadevida.com.ar\/portalurbano\/wp-json\/wp\/v2\/comments?post=131371"}],"version-history":[{"count":3,"href":"https:\/\/experienciadevida.com.ar\/portalurbano\/wp-json\/wp\/v2\/posts\/131371\/revisions"}],"predecessor-version":[{"id":131375,"href":"https:\/\/experienciadevida.com.ar\/portalurbano\/wp-json\/wp\/v2\/posts\/131371\/revisions\/131375"}],"wp:attachment":[{"href":"https:\/\/experienciadevida.com.ar\/portalurbano\/wp-json\/wp\/v2\/media?parent=131371"}],"wp:term":[{"taxonomy":"category","embeddable":true,"href":"https:\/\/experienciadevida.com.ar\/portalurbano\/wp-json\/wp\/v2\/categories?post=131371"},{"taxonomy":"post_tag","embeddable":true,"href":"https:\/\/experienciadevida.com.ar\/portalurbano\/wp-json\/wp\/v2\/tags?post=131371"}],"curies":[{"name":"wp","href":"https:\/\/api.w.org\/{rel}","templated":true}]}}