{"id":131335,"date":"2020-12-30T14:46:40","date_gmt":"2020-12-30T17:46:40","guid":{"rendered":"https:\/\/experienciadevida.com.ar\/portalurbano\/?p=131335"},"modified":"2020-12-30T14:47:05","modified_gmt":"2020-12-30T17:47:05","slug":"para-la-iglesia-la-legalizacion-del-aborto-profundizara-la-grieta","status":"publish","type":"post","link":"https:\/\/experienciadevida.com.ar\/portalurbano\/para-la-iglesia-la-legalizacion-del-aborto-profundizara-la-grieta\/","title":{"rendered":"Para la Iglesia, la legalizaci\u00f3n del aborto profundizar\u00e1 la grieta"},"content":{"rendered":"<p>Para la Iglesia, la legalizaci\u00f3n del aborto profundizar\u00e1 la grieta. En un comunicado, la Conferencia Episcopal Argentina afirm\u00f3 que la sanci\u00f3n de la ley &#8220;ahondar\u00e1 a\u00fan m\u00e1s las divisiones en nuestro pa\u00eds&#8221;.<\/p>\n<p>La Conferencia Episcopal Argentina (CEA) consider\u00f3 que la ley de Interrupci\u00f3n Voluntaria del Embarazo (IVE) sancionada hace apenas horas &#8220;ahondar\u00e1 a\u00fan m\u00e1s las divisiones en nuestro pa\u00eds\u201d y lament\u00f3 &#8220;la lejan\u00eda de parte de la dirigencia del sentir del pueblo&#8221;, en un comunicado publicado hoy.<\/p>\n<p>Para la Iglesia &#8220;esta ley que ha sido votada ahondar\u00e1 a\u00fan m\u00e1s las divisiones en nuestro pa\u00eds. Lamentamos profundamente la lejan\u00eda de parte de la dirigencia del sentir del pueblo, el cual se ha expresado de diversas maneras a favor de la vida a lo largo y a lo ancho de nuestra Patria&#8221;, plante\u00f3 el Episcopado en un documento divulgado esta ma\u00f1ana que lleva la firma de su titular, monse\u00f1or Oscar Ojea.<\/p>\n<p>El texto de los obispos destaca que &#8220;la Iglesia en la Argentina quiere ratificar junto a hermanos y a hermanas de distintos credos, y tambi\u00e9n a muchos no creyentes, que continuar\u00e1 trabajando con firmeza y pasi\u00f3n en el cuidado y el servicio a la vida&#8221;.<\/p>\n<p>En esa l\u00ednea, agrega: &#8220;Tenemos la certeza de que nuestro pueblo seguir\u00e1 eligiendo siempre toda la vida y todas las vidas&#8221;.<\/p>\n<p>En ese marco, la CEA se\u00f1al\u00f3 que continuar\u00e1 junto a los argentinos defendiendo las &#8220;aut\u00e9nticas prioridades&#8221; que &#8220;requieren urgente atenci\u00f3n. Y enumer\u00f3: &#8220;Los ni\u00f1os y las ni\u00f1as que viven en la pobreza en cantidad cada vez m\u00e1s alarmante, el abandono de la escolaridad por parte de muchos de ellos, la apremiante pandemia del hambre y la desocupaci\u00f3n que afecta a numerosas familias, as\u00ed como la dram\u00e1tica situaci\u00f3n de los jubilados, que se ven vulnerados en sus derechos una vez m\u00e1s&#8221;.<\/p>\n<p>El comunicado episcopal tambi\u00e9n subraya: &#8220;Abrazamos a cada argentina y a cada argentino; tambi\u00e9n a los diputados y a los senadores que valientemente se han manifestado a favor del cuidado de toda la vida&#8221;.<\/p>\n<p>&#8220;Defenderla siempre (la vida), sin claudicaciones, nos har\u00e1 capaces de construir una naci\u00f3n justa y solidaria, donde nadie sea descartado y en la que se pueda vivir una verdadera cultura del encuentro&#8221;, concluy\u00f3.<\/p>\n<p>&nbsp;<\/p>\n","protected":false},"excerpt":{"rendered":"<p>Para la Iglesia, la legalizaci\u00f3n del aborto profundizar\u00e1 la grieta. En un comunicado, la Conferencia&#8230;<\/p>\n","protected":false},"author":1,"featured_media":131336,"comment_status":"closed","ping_status":"closed","sticky":false,"template":"","format":"standard","meta":{"content-type":""},"categories":[39],"tags":[],"nelio_content":{"isAutoShareEnabled":false,"autoShareEndMode":"default","automationSources":{"useContentSentences":true,"useSocialTemplates":true,"useCustomSentences":false,"customSentences":[]},"followers":[1],"suggestedReferences":[],"includedReferences":[],"efiUrl":"","efiAlt":"","highlights":[]},"yoast_head":"<!-- This site is optimized with the Yoast SEO plugin v20.7 - https:\/\/yoast.com\/wordpress\/plugins\/seo\/ -->\n<title>Para la Iglesia la legalizaci\u00f3n del aborto profundizar\u00e1 la grieta<\/title>\n<meta name=\"description\" content=\"Para la Iglesia, la legalizaci\u00f3n del aborto profundizar\u00e1 la grieta, en un comunicado afirmaron que la sanci\u00f3n ahondar\u00e1 en las divisiones.\" \/>\n<meta name=\"robots\" content=\"index, follow, max-snippet:-1, max-image-preview:large, max-video-preview:-1\" \/>\n<link rel=\"canonical\" href=\"https:\/\/experienciadevida.com.ar\/portalurbano\/para-la-iglesia-la-legalizacion-del-aborto-profundizara-la-grieta\/\" \/>\n<meta property=\"og:locale\" content=\"es_ES\" \/>\n<meta property=\"og:type\" content=\"article\" \/>\n<meta property=\"og:title\" content=\"Para la Iglesia la legalizaci\u00f3n del aborto profundizar\u00e1 la grieta\" \/>\n<meta property=\"og:description\" content=\"Para la Iglesia, la legalizaci\u00f3n del aborto profundizar\u00e1 la grieta, en un comunicado afirmaron que la sanci\u00f3n ahondar\u00e1 en las divisiones.\" \/>\n<meta property=\"og:url\" content=\"https:\/\/experienciadevida.com.ar\/portalurbano\/para-la-iglesia-la-legalizacion-del-aborto-profundizara-la-grieta\/\" \/>\n<meta property=\"article:publisher\" content=\"https:\/\/www.facebook.com\/Portal-Urbano-171542830093757\/\" \/>\n<meta property=\"article:published_time\" content=\"2020-12-30T17:46:40+00:00\" \/>\n<meta property=\"article:modified_time\" content=\"2020-12-30T17:47:05+00:00\" \/>\n<meta property=\"og:image\" content=\"https:\/\/experienciadevida.com.ar\/portalurbano\/wp-content\/uploads\/2020\/12\/Para-la-Iglesia.jpg\" \/>\n\t<meta property=\"og:image:width\" content=\"1140\" \/>\n\t<meta property=\"og:image:height\" content=\"641\" \/>\n\t<meta property=\"og:image:type\" content=\"image\/jpeg\" \/>\n<meta name=\"author\" content=\"admpu17wp\" \/>\n<meta name=\"twitter:card\" content=\"summary_large_image\" \/>\n<meta name=\"twitter:creator\" content=\"@portalurbanook\" \/>\n<meta name=\"twitter:site\" content=\"@portalurbanook\" \/>\n<meta name=\"twitter:label1\" content=\"Escrito por\" \/>\n\t<meta name=\"twitter:data1\" content=\"admpu17wp\" \/>\n\t<meta name=\"twitter:label2\" content=\"Tiempo de lectura\" \/>\n\t<meta name=\"twitter:data2\" content=\"2 minutos\" \/>\n<script type=\"application\/ld+json\" class=\"yoast-schema-graph\">{\"@context\":\"https:\/\/schema.org\",\"@graph\":[{\"@type\":\"Article\",\"@id\":\"https:\/\/experienciadevida.com.ar\/portalurbano\/para-la-iglesia-la-legalizacion-del-aborto-profundizara-la-grieta\/#article\",\"isPartOf\":{\"@id\":\"https:\/\/experienciadevida.com.ar\/portalurbano\/para-la-iglesia-la-legalizacion-del-aborto-profundizara-la-grieta\/\"},\"author\":{\"name\":\"admpu17wp\",\"@id\":\"https:\/\/experienciadevida.com.ar\/portalurbano\/#\/schema\/person\/02dd326b1c4b056e9cc972486934a3a7\"},\"headline\":\"Para la Iglesia, la legalizaci\u00f3n del aborto profundizar\u00e1 la grieta\",\"datePublished\":\"2020-12-30T17:46:40+00:00\",\"dateModified\":\"2020-12-30T17:47:05+00:00\",\"mainEntityOfPage\":{\"@id\":\"https:\/\/experienciadevida.com.ar\/portalurbano\/para-la-iglesia-la-legalizacion-del-aborto-profundizara-la-grieta\/\"},\"wordCount\":406,\"publisher\":{\"@id\":\"https:\/\/experienciadevida.com.ar\/portalurbano\/#organization\"},\"articleSection\":[\"Naci\u00f3n\"],\"inLanguage\":\"es\"},{\"@type\":\"WebPage\",\"@id\":\"https:\/\/experienciadevida.com.ar\/portalurbano\/para-la-iglesia-la-legalizacion-del-aborto-profundizara-la-grieta\/\",\"url\":\"https:\/\/experienciadevida.com.ar\/portalurbano\/para-la-iglesia-la-legalizacion-del-aborto-profundizara-la-grieta\/\",\"name\":\"Para la Iglesia la legalizaci\u00f3n del aborto profundizar\u00e1 la grieta\",\"isPartOf\":{\"@id\":\"https:\/\/experienciadevida.com.ar\/portalurbano\/#website\"},\"datePublished\":\"2020-12-30T17:46:40+00:00\",\"dateModified\":\"2020-12-30T17:47:05+00:00\",\"description\":\"Para la Iglesia, la legalizaci\u00f3n del aborto profundizar\u00e1 la grieta, en un comunicado afirmaron que la sanci\u00f3n ahondar\u00e1 en las divisiones.\",\"breadcrumb\":{\"@id\":\"https:\/\/experienciadevida.com.ar\/portalurbano\/para-la-iglesia-la-legalizacion-del-aborto-profundizara-la-grieta\/#breadcrumb\"},\"inLanguage\":\"es\",\"potentialAction\":[{\"@type\":\"ReadAction\",\"target\":[\"https:\/\/experienciadevida.com.ar\/portalurbano\/para-la-iglesia-la-legalizacion-del-aborto-profundizara-la-grieta\/\"]}]},{\"@type\":\"BreadcrumbList\",\"@id\":\"https:\/\/experienciadevida.com.ar\/portalurbano\/para-la-iglesia-la-legalizacion-del-aborto-profundizara-la-grieta\/#breadcrumb\",\"itemListElement\":[{\"@type\":\"ListItem\",\"position\":1,\"name\":\"Portada\",\"item\":\"https:\/\/experienciadevida.com.ar\/portalurbano\/\"},{\"@type\":\"ListItem\",\"position\":2,\"name\":\"Para la Iglesia, la legalizaci\u00f3n del aborto profundizar\u00e1 la grieta\"}]},{\"@type\":\"WebSite\",\"@id\":\"https:\/\/experienciadevida.com.ar\/portalurbano\/#website\",\"url\":\"https:\/\/experienciadevida.com.ar\/portalurbano\/\",\"name\":\"\",\"description\":\"\",\"publisher\":{\"@id\":\"https:\/\/experienciadevida.com.ar\/portalurbano\/#organization\"},\"potentialAction\":[{\"@type\":\"SearchAction\",\"target\":{\"@type\":\"EntryPoint\",\"urlTemplate\":\"https:\/\/experienciadevida.com.ar\/portalurbano\/?s={search_term_string}\"},\"query-input\":\"required name=search_term_string\"}],\"inLanguage\":\"es\"},{\"@type\":\"Organization\",\"@id\":\"https:\/\/experienciadevida.com.ar\/portalurbano\/#organization\",\"name\":\"Portal Urbano\",\"url\":\"https:\/\/experienciadevida.com.ar\/portalurbano\/\",\"logo\":{\"@type\":\"ImageObject\",\"inLanguage\":\"es\",\"@id\":\"https:\/\/experienciadevida.com.ar\/portalurbano\/#\/schema\/logo\/image\/\",\"url\":\"https:\/\/experienciadevida.com.ar\/portalurbano\/wp-content\/uploads\/2019\/09\/Logo-Original.png\",\"contentUrl\":\"https:\/\/experienciadevida.com.ar\/portalurbano\/wp-content\/uploads\/2019\/09\/Logo-Original.png\",\"width\":2236,\"height\":1216,\"caption\":\"Portal Urbano\"},\"image\":{\"@id\":\"https:\/\/experienciadevida.com.ar\/portalurbano\/#\/schema\/logo\/image\/\"},\"sameAs\":[\"https:\/\/www.facebook.com\/Portal-Urbano-171542830093757\/\",\"https:\/\/twitter.com\/portalurbanook\",\"https:\/\/www.instagram.com\/_portalurbano\/\",\"https:\/\/www.youtube.com\/channel\/UCXhagIfszH8KxFiOok79zbA?view_as=subscriber\"]},{\"@type\":\"Person\",\"@id\":\"https:\/\/experienciadevida.com.ar\/portalurbano\/#\/schema\/person\/02dd326b1c4b056e9cc972486934a3a7\",\"name\":\"admpu17wp\",\"image\":{\"@type\":\"ImageObject\",\"inLanguage\":\"es\",\"@id\":\"https:\/\/experienciadevida.com.ar\/portalurbano\/#\/schema\/person\/image\/\",\"url\":\"https:\/\/secure.gravatar.com\/avatar\/830d4c57adaae6630765e449a6908047?s=96&d=mm&r=g\",\"contentUrl\":\"https:\/\/secure.gravatar.com\/avatar\/830d4c57adaae6630765e449a6908047?s=96&d=mm&r=g\",\"caption\":\"admpu17wp\"}}]}<\/script>\n<!-- \/ Yoast SEO plugin. -->","yoast_head_json":{"title":"Para la Iglesia la legalizaci\u00f3n del aborto profundizar\u00e1 la grieta","description":"Para la Iglesia, la legalizaci\u00f3n del aborto profundizar\u00e1 la grieta, en un comunicado afirmaron que la sanci\u00f3n ahondar\u00e1 en las divisiones.","robots":{"index":"index","follow":"follow","max-snippet":"max-snippet:-1","max-image-preview":"max-image-preview:large","max-video-preview":"max-video-preview:-1"},"canonical":"https:\/\/experienciadevida.com.ar\/portalurbano\/para-la-iglesia-la-legalizacion-del-aborto-profundizara-la-grieta\/","og_locale":"es_ES","og_type":"article","og_title":"Para la Iglesia la legalizaci\u00f3n del aborto profundizar\u00e1 la grieta","og_description":"Para la Iglesia, la legalizaci\u00f3n del aborto profundizar\u00e1 la grieta, en un comunicado afirmaron que la sanci\u00f3n ahondar\u00e1 en las divisiones.","og_url":"https:\/\/experienciadevida.com.ar\/portalurbano\/para-la-iglesia-la-legalizacion-del-aborto-profundizara-la-grieta\/","article_publisher":"https:\/\/www.facebook.com\/Portal-Urbano-171542830093757\/","article_published_time":"2020-12-30T17:46:40+00:00","article_modified_time":"2020-12-30T17:47:05+00:00","og_image":[{"width":1140,"height":641,"url":"https:\/\/experienciadevida.com.ar\/portalurbano\/wp-content\/uploads\/2020\/12\/Para-la-Iglesia.jpg","type":"image\/jpeg"}],"author":"admpu17wp","twitter_card":"summary_large_image","twitter_creator":"@portalurbanook","twitter_site":"@portalurbanook","twitter_misc":{"Escrito por":"admpu17wp","Tiempo de lectura":"2 minutos"},"schema":{"@context":"https:\/\/schema.org","@graph":[{"@type":"Article","@id":"https:\/\/experienciadevida.com.ar\/portalurbano\/para-la-iglesia-la-legalizacion-del-aborto-profundizara-la-grieta\/#article","isPartOf":{"@id":"https:\/\/experienciadevida.com.ar\/portalurbano\/para-la-iglesia-la-legalizacion-del-aborto-profundizara-la-grieta\/"},"author":{"name":"admpu17wp","@id":"https:\/\/experienciadevida.com.ar\/portalurbano\/#\/schema\/person\/02dd326b1c4b056e9cc972486934a3a7"},"headline":"Para la Iglesia, la legalizaci\u00f3n del aborto profundizar\u00e1 la grieta","datePublished":"2020-12-30T17:46:40+00:00","dateModified":"2020-12-30T17:47:05+00:00","mainEntityOfPage":{"@id":"https:\/\/experienciadevida.com.ar\/portalurbano\/para-la-iglesia-la-legalizacion-del-aborto-profundizara-la-grieta\/"},"wordCount":406,"publisher":{"@id":"https:\/\/experienciadevida.com.ar\/portalurbano\/#organization"},"articleSection":["Naci\u00f3n"],"inLanguage":"es"},{"@type":"WebPage","@id":"https:\/\/experienciadevida.com.ar\/portalurbano\/para-la-iglesia-la-legalizacion-del-aborto-profundizara-la-grieta\/","url":"https:\/\/experienciadevida.com.ar\/portalurbano\/para-la-iglesia-la-legalizacion-del-aborto-profundizara-la-grieta\/","name":"Para la Iglesia la legalizaci\u00f3n del aborto profundizar\u00e1 la grieta","isPartOf":{"@id":"https:\/\/experienciadevida.com.ar\/portalurbano\/#website"},"datePublished":"2020-12-30T17:46:40+00:00","dateModified":"2020-12-30T17:47:05+00:00","description":"Para la Iglesia, la legalizaci\u00f3n del aborto profundizar\u00e1 la grieta, en un comunicado afirmaron que la sanci\u00f3n ahondar\u00e1 en las divisiones.","breadcrumb":{"@id":"https:\/\/experienciadevida.com.ar\/portalurbano\/para-la-iglesia-la-legalizacion-del-aborto-profundizara-la-grieta\/#breadcrumb"},"inLanguage":"es","potentialAction":[{"@type":"ReadAction","target":["https:\/\/experienciadevida.com.ar\/portalurbano\/para-la-iglesia-la-legalizacion-del-aborto-profundizara-la-grieta\/"]}]},{"@type":"BreadcrumbList","@id":"https:\/\/experienciadevida.com.ar\/portalurbano\/para-la-iglesia-la-legalizacion-del-aborto-profundizara-la-grieta\/#breadcrumb","itemListElement":[{"@type":"ListItem","position":1,"name":"Portada","item":"https:\/\/experienciadevida.com.ar\/portalurbano\/"},{"@type":"ListItem","position":2,"name":"Para la Iglesia, la legalizaci\u00f3n del aborto profundizar\u00e1 la grieta"}]},{"@type":"WebSite","@id":"https:\/\/experienciadevida.com.ar\/portalurbano\/#website","url":"https:\/\/experienciadevida.com.ar\/portalurbano\/","name":"","description":"","publisher":{"@id":"https:\/\/experienciadevida.com.ar\/portalurbano\/#organization"},"potentialAction":[{"@type":"SearchAction","target":{"@type":"EntryPoint","urlTemplate":"https:\/\/experienciadevida.com.ar\/portalurbano\/?s={search_term_string}"},"query-input":"required name=search_term_string"}],"inLanguage":"es"},{"@type":"Organization","@id":"https:\/\/experienciadevida.com.ar\/portalurbano\/#organization","name":"Portal Urbano","url":"https:\/\/experienciadevida.com.ar\/portalurbano\/","logo":{"@type":"ImageObject","inLanguage":"es","@id":"https:\/\/experienciadevida.com.ar\/portalurbano\/#\/schema\/logo\/image\/","url":"https:\/\/experienciadevida.com.ar\/portalurbano\/wp-content\/uploads\/2019\/09\/Logo-Original.png","contentUrl":"https:\/\/experienciadevida.com.ar\/portalurbano\/wp-content\/uploads\/2019\/09\/Logo-Original.png","width":2236,"height":1216,"caption":"Portal Urbano"},"image":{"@id":"https:\/\/experienciadevida.com.ar\/portalurbano\/#\/schema\/logo\/image\/"},"sameAs":["https:\/\/www.facebook.com\/Portal-Urbano-171542830093757\/","https:\/\/twitter.com\/portalurbanook","https:\/\/www.instagram.com\/_portalurbano\/","https:\/\/www.youtube.com\/channel\/UCXhagIfszH8KxFiOok79zbA?view_as=subscriber"]},{"@type":"Person","@id":"https:\/\/experienciadevida.com.ar\/portalurbano\/#\/schema\/person\/02dd326b1c4b056e9cc972486934a3a7","name":"admpu17wp","image":{"@type":"ImageObject","inLanguage":"es","@id":"https:\/\/experienciadevida.com.ar\/portalurbano\/#\/schema\/person\/image\/","url":"https:\/\/secure.gravatar.com\/avatar\/830d4c57adaae6630765e449a6908047?s=96&d=mm&r=g","contentUrl":"https:\/\/secure.gravatar.com\/avatar\/830d4c57adaae6630765e449a6908047?s=96&d=mm&r=g","caption":"admpu17wp"}}]}},"featured_image_urls":{"full":["https:\/\/experienciadevida.com.ar\/portalurbano\/wp-content\/uploads\/2020\/12\/Para-la-Iglesia.jpg",1140,641,false],"thumbnail":["https:\/\/experienciadevida.com.ar\/portalurbano\/wp-content\/uploads\/2020\/12\/Para-la-Iglesia-150x150.jpg",150,150,true],"medium":["https:\/\/experienciadevida.com.ar\/portalurbano\/wp-content\/uploads\/2020\/12\/Para-la-Iglesia-300x169.jpg",300,169,true],"medium_large":["https:\/\/experienciadevida.com.ar\/portalurbano\/wp-content\/uploads\/2020\/12\/Para-la-Iglesia-768x432.jpg",640,360,true],"large":["https:\/\/experienciadevida.com.ar\/portalurbano\/wp-content\/uploads\/2020\/12\/Para-la-Iglesia-1024x576.jpg",640,360,true],"ug_big":["https:\/\/experienciadevida.com.ar\/portalurbano\/wp-content\/uploads\/2020\/12\/Para-la-Iglesia-768x432.jpg",768,432,true],"1536x1536":["https:\/\/experienciadevida.com.ar\/portalurbano\/wp-content\/uploads\/2020\/12\/Para-la-Iglesia.jpg",1140,641,false],"2048x2048":["https:\/\/experienciadevida.com.ar\/portalurbano\/wp-content\/uploads\/2020\/12\/Para-la-Iglesia.jpg",1140,641,false],"newsever-slider-full":["https:\/\/experienciadevida.com.ar\/portalurbano\/wp-content\/uploads\/2020\/12\/Para-la-Iglesia.jpg",1140,641,false],"newsever-featured":["https:\/\/experienciadevida.com.ar\/portalurbano\/wp-content\/uploads\/2020\/12\/Para-la-Iglesia.jpg",1024,576,false],"newsever-medium":["https:\/\/experienciadevida.com.ar\/portalurbano\/wp-content\/uploads\/2020\/12\/Para-la-Iglesia.jpg",720,405,false],"web-stories-poster-portrait":["https:\/\/experienciadevida.com.ar\/portalurbano\/wp-content\/uploads\/2020\/12\/Para-la-Iglesia.jpg",640,360,false],"web-stories-publisher-logo":["https:\/\/experienciadevida.com.ar\/portalurbano\/wp-content\/uploads\/2020\/12\/Para-la-Iglesia.jpg",96,54,false],"web-stories-thumbnail":["https:\/\/experienciadevida.com.ar\/portalurbano\/wp-content\/uploads\/2020\/12\/Para-la-Iglesia.jpg",150,84,false]},"author_info":{"display_name":"admpu17wp","author_link":"https:\/\/experienciadevida.com.ar\/portalurbano\/author\/admpu17wp\/"},"category_info":"<a href=\"https:\/\/experienciadevida.com.ar\/portalurbano\/category\/nacion\/\" rel=\"category tag\">Naci\u00f3n<\/a>","tag_info":"Naci\u00f3n","comment_count":"0","amp_enabled":true,"_links":{"self":[{"href":"https:\/\/experienciadevida.com.ar\/portalurbano\/wp-json\/wp\/v2\/posts\/131335"}],"collection":[{"href":"https:\/\/experienciadevida.com.ar\/portalurbano\/wp-json\/wp\/v2\/posts"}],"about":[{"href":"https:\/\/experienciadevida.com.ar\/portalurbano\/wp-json\/wp\/v2\/types\/post"}],"author":[{"embeddable":true,"href":"https:\/\/experienciadevida.com.ar\/portalurbano\/wp-json\/wp\/v2\/users\/1"}],"replies":[{"embeddable":true,"href":"https:\/\/experienciadevida.com.ar\/portalurbano\/wp-json\/wp\/v2\/comments?post=131335"}],"version-history":[{"count":2,"href":"https:\/\/experienciadevida.com.ar\/portalurbano\/wp-json\/wp\/v2\/posts\/131335\/revisions"}],"predecessor-version":[{"id":131338,"href":"https:\/\/experienciadevida.com.ar\/portalurbano\/wp-json\/wp\/v2\/posts\/131335\/revisions\/131338"}],"wp:featuredmedia":[{"embeddable":true,"href":"https:\/\/experienciadevida.com.ar\/portalurbano\/wp-json\/wp\/v2\/media\/131336"}],"wp:attachment":[{"href":"https:\/\/experienciadevida.com.ar\/portalurbano\/wp-json\/wp\/v2\/media?parent=131335"}],"wp:term":[{"taxonomy":"category","embeddable":true,"href":"https:\/\/experienciadevida.com.ar\/portalurbano\/wp-json\/wp\/v2\/categories?post=131335"},{"taxonomy":"post_tag","embeddable":true,"href":"https:\/\/experienciadevida.com.ar\/portalurbano\/wp-json\/wp\/v2\/tags?post=131335"}],"curies":[{"name":"wp","href":"https:\/\/api.w.org\/{rel}","templated":true}]}}