{"id":131237,"date":"2020-12-29T23:56:44","date_gmt":"2020-12-30T02:56:44","guid":{"rendered":"https:\/\/experienciadevida.com.ar\/portalurbano\/?p=131237"},"modified":"2020-12-29T23:56:44","modified_gmt":"2020-12-30T02:56:44","slug":"grave-repunte-se-registraron-11-650-casos-de-coronavirus-en-las-ultimas-24-horas","status":"publish","type":"post","link":"https:\/\/experienciadevida.com.ar\/portalurbano\/grave-repunte-se-registraron-11-650-casos-de-coronavirus-en-las-ultimas-24-horas\/","title":{"rendered":"Grave repunte: se registraron 11.650 casos de coronavirus en las \u00faltimas 24 horas"},"content":{"rendered":"<p>Adem\u00e1s, el Ministerio de Salud de la Naci\u00f3n report\u00f3 151 nuevas muertes por la enfermedad y son 43.018 los fallecidos desde marzo.<\/p>\n<hr \/>\n<p>El Ministerio de Salud de la Naci\u00f3n inform\u00f3 que en las \u00faltimas 24 horas fueron confirmados\u00a0<strong>11.650 nuevos casos de coronavirus en el pa\u00eds y otros 151 decesos.<\/strong>\u00a0En tanto, la pandemia alcanza desde su inicio<strong>1.602.163 positivos<\/strong>\u00a0y, de esa cifra,\u00a0<strong>43.018 personas perdieron la vida<\/strong>\u00a0por la enfermedad.<\/p>\n<p>Las cifras resultan preocupantes, ya que tanto el n\u00famero de diagn\u00f3sticos diario dio una fuerte escalada. La Ciudad de Buenos Aires es uno de los distritos en los que m\u00e1s han crecido los contagios: est\u00e1n al nivel del mes de septiembre.<\/p>\n<p>El reporte indic\u00f3 adem\u00e1s que\u00a0<strong>son 3.345 los internados en unidades de terapia intensiva,<\/strong>\u00a0con un porcentaje de ocupaci\u00f3n de camas de adultos del 53,2% en el pa\u00eds, y del 56,8% en la \u00c1rea Metropolitana Buenos Aires.<\/p>\n<p>El reporte consign\u00f3 que entre los 151 fallecimientos, murieron\u00a0<strong>88 hombres<\/strong>\u00a0y\u00a0<strong>62 mujeres<\/strong>.<\/p>\n<p>En las \u00faltimas 24 horas fueron realizados\u00a0<strong>45.048 testeos<\/strong>\u00a0y desde el inicio del brote se realizaron 4.757.372 pruebas diagn\u00f3sticas para esta enfermedad, lo que equivale a 104.841 muestras por mill\u00f3n de habitantes.<\/p>\n<h3><strong>Detalle por distrito<\/strong><\/h3>\n<p>A continuaci\u00f3n se detallan los casos reportados en las \u00faltimas 24 horas por distrito, en la primera cifra, y los acumulados desde el inicio de la pandemia en la segunda.<\/p>\n<p>A continuaci\u00f3n se detallan los casos reportados en las \u00faltimas 24 horas por distrito, en la primera cifra, y los acumulados desde el inicio de la pandemia en la segunda.<\/p>\n<p>\u2013 Buenos Aires 4.417 | 675.280<\/p>\n<p>\u2013 Ciudad de Buenos Aires 996 | 172.186<\/p>\n<p>\u2013 Catamarca 16 | 2.623<\/p>\n<p>\u2013 Chaco 306 | 24.274<\/p>\n<p>\u2013 Chubut 606 | 30.938<\/p>\n<p>\u2013 Corrientes 216 | 11.782<\/p>\n<p>\u2013 C\u00f3rdoba 775 | 126.154<\/p>\n<p>\u2013 Entre R\u00edos 327 | 28.583<\/p>\n<p>\u2013 Formosa -9 | 212<\/p>\n<p>\u2013 Jujuy 14 | 18.523<\/p>\n<p>\u2013 La Pampa 314 | 10.228<\/p>\n<p>\u2013 La Rioja 3 | 9.075<\/p>\n<p>\u2013 Mendoza 161 | 59.847<\/p>\n<p>\u2013 Misiones 30 | 1044<\/p>\n<p>\u2013 Neuqu\u00e9n 558 | 40.129<\/p>\n<p>\u2013 R\u00edo Negro 387 | 37.927<\/p>\n<p>\u2013 Salta 40 | 22.256<\/p>\n<p>\u2013 San Juan 305 | 11.355<\/p>\n<p>\u2013 San Luis 55 | 16.121<\/p>\n<p>\u2013 Santa Cruz 397 | 22.901<\/p>\n<p>\u2013 Santa Fe 1226 | 173.714<\/p>\n<p>\u2013 Santiago del Estero 75 | 17.207<\/p>\n<p>\u2013 Tierra del Fuego** 159 | 18.961<\/p>\n<p>\u2013 Tucum\u00e1n 276 | 70.843<\/p>\n<p>Aclaraci\u00f3n: aquellas provincias con d\u00edgitos en negativo han reclasificado sus casos a otras jurisdicciones seg\u00fan lugar de residencia.<\/p>\n<p>*Debido a la realizaci\u00f3n de tareas de mantenimiento en el sistema nacional de vigilancia de salud de Argentina (SNVS), durante el d\u00eda 23 de diciembre se vio afectada la posibilidad de notificaci\u00f3n de la evoluci\u00f3n de los casos, lo que repercuti\u00f3 en el n\u00famero de fallecidos registrados en el d\u00eda de hoy. Desde las 16 horas el sistema se encuentra funcionando con normalidad.<\/p>\n<p>**Aquellos casos confirmados que no est\u00e1n notificados por residencia, fueron contabilizados por provincia de carga.<\/p>\n<p>***Se incluyen 13 casos existentes en las Islas Malvinas seg\u00fan informaci\u00f3n de prensa (debido a la ocupaci\u00f3n ilegal del Reino Unido, Gran Breta\u00f1a e Irlanda del Norte no es posible contar con informaci\u00f3n propia sobre el impacto del COVID -19 en esa parte del territorio argentino).<\/p>\n<p>La notificaci\u00f3n y carga de datos en el Sistema Nacional de Vigilancia de la Salud (SNVS) respecto a la cantidad de infectados y de las personas fallecidas es responsabilidad de cada una de las jurisdicciones.<\/p>\n<p>Aclaraci\u00f3n: la notificaci\u00f3n de los casos por jurisdicci\u00f3n se realiza teniendo en cuenta la residencia seg\u00fan el Registro Nacional de las Personas y en caso de no estar notificado la provincia de residencia, se asigna la provincia de carga. Pudiendo variar en funci\u00f3n de la investigaci\u00f3n de la jurisdicci\u00f3n. (DIB) AR<\/p>\n","protected":false},"excerpt":{"rendered":"<p>Adem\u00e1s, el Ministerio de Salud de la Naci\u00f3n report\u00f3 151 nuevas muertes por la enfermedad&#8230;<\/p>\n","protected":false},"author":1,"featured_media":131238,"comment_status":"closed","ping_status":"closed","sticky":false,"template":"","format":"standard","meta":{"content-type":""},"categories":[39],"tags":[],"nelio_content":{"isAutoShareEnabled":false,"autoShareEndMode":"default","automationSources":{"useContentSentences":true,"useSocialTemplates":true,"useCustomSentences":false,"customSentences":[]},"followers":[1],"suggestedReferences":[],"includedReferences":[],"efiUrl":"","efiAlt":"","highlights":[]},"yoast_head":"<!-- This site is optimized with the Yoast SEO plugin v20.7 - https:\/\/yoast.com\/wordpress\/plugins\/seo\/ -->\n<title>Grave repunte: se registraron 11.650 casos de coronavirus en las \u00faltimas 24 horas -<\/title>\n<meta name=\"robots\" content=\"index, follow, max-snippet:-1, max-image-preview:large, max-video-preview:-1\" \/>\n<link rel=\"canonical\" href=\"https:\/\/experienciadevida.com.ar\/portalurbano\/grave-repunte-se-registraron-11-650-casos-de-coronavirus-en-las-ultimas-24-horas\/\" \/>\n<meta property=\"og:locale\" content=\"es_ES\" \/>\n<meta property=\"og:type\" content=\"article\" \/>\n<meta property=\"og:title\" content=\"Grave repunte: se registraron 11.650 casos de coronavirus en las \u00faltimas 24 horas -\" \/>\n<meta property=\"og:description\" content=\"Adem\u00e1s, el Ministerio de Salud de la Naci\u00f3n report\u00f3 151 nuevas muertes por la enfermedad...\" \/>\n<meta property=\"og:url\" content=\"https:\/\/experienciadevida.com.ar\/portalurbano\/grave-repunte-se-registraron-11-650-casos-de-coronavirus-en-las-ultimas-24-horas\/\" \/>\n<meta property=\"article:publisher\" content=\"https:\/\/www.facebook.com\/Portal-Urbano-171542830093757\/\" \/>\n<meta property=\"article:published_time\" content=\"2020-12-30T02:56:44+00:00\" \/>\n<meta property=\"og:image\" content=\"https:\/\/experienciadevida.com.ar\/portalurbano\/wp-content\/uploads\/2020\/12\/Stein-1-e1609296925683.jpg\" \/>\n\t<meta property=\"og:image:width\" content=\"800\" \/>\n\t<meta property=\"og:image:height\" content=\"451\" \/>\n\t<meta property=\"og:image:type\" content=\"image\/jpeg\" \/>\n<meta name=\"author\" content=\"admpu17wp\" \/>\n<meta name=\"twitter:card\" content=\"summary_large_image\" \/>\n<meta name=\"twitter:creator\" content=\"@portalurbanook\" \/>\n<meta name=\"twitter:site\" content=\"@portalurbanook\" \/>\n<meta name=\"twitter:label1\" content=\"Escrito por\" \/>\n\t<meta name=\"twitter:data1\" content=\"admpu17wp\" \/>\n\t<meta name=\"twitter:label2\" content=\"Tiempo de lectura\" \/>\n\t<meta name=\"twitter:data2\" content=\"3 minutos\" \/>\n<script type=\"application\/ld+json\" class=\"yoast-schema-graph\">{\"@context\":\"https:\/\/schema.org\",\"@graph\":[{\"@type\":\"Article\",\"@id\":\"https:\/\/experienciadevida.com.ar\/portalurbano\/grave-repunte-se-registraron-11-650-casos-de-coronavirus-en-las-ultimas-24-horas\/#article\",\"isPartOf\":{\"@id\":\"https:\/\/experienciadevida.com.ar\/portalurbano\/grave-repunte-se-registraron-11-650-casos-de-coronavirus-en-las-ultimas-24-horas\/\"},\"author\":{\"name\":\"admpu17wp\",\"@id\":\"https:\/\/experienciadevida.com.ar\/portalurbano\/#\/schema\/person\/02dd326b1c4b056e9cc972486934a3a7\"},\"headline\":\"Grave repunte: se registraron 11.650 casos de coronavirus en las \u00faltimas 24 horas\",\"datePublished\":\"2020-12-30T02:56:44+00:00\",\"dateModified\":\"2020-12-30T02:56:44+00:00\",\"mainEntityOfPage\":{\"@id\":\"https:\/\/experienciadevida.com.ar\/portalurbano\/grave-repunte-se-registraron-11-650-casos-de-coronavirus-en-las-ultimas-24-horas\/\"},\"wordCount\":561,\"publisher\":{\"@id\":\"https:\/\/experienciadevida.com.ar\/portalurbano\/#organization\"},\"articleSection\":[\"Naci\u00f3n\"],\"inLanguage\":\"es\"},{\"@type\":\"WebPage\",\"@id\":\"https:\/\/experienciadevida.com.ar\/portalurbano\/grave-repunte-se-registraron-11-650-casos-de-coronavirus-en-las-ultimas-24-horas\/\",\"url\":\"https:\/\/experienciadevida.com.ar\/portalurbano\/grave-repunte-se-registraron-11-650-casos-de-coronavirus-en-las-ultimas-24-horas\/\",\"name\":\"Grave repunte: se registraron 11.650 casos de coronavirus en las \u00faltimas 24 horas -\",\"isPartOf\":{\"@id\":\"https:\/\/experienciadevida.com.ar\/portalurbano\/#website\"},\"datePublished\":\"2020-12-30T02:56:44+00:00\",\"dateModified\":\"2020-12-30T02:56:44+00:00\",\"breadcrumb\":{\"@id\":\"https:\/\/experienciadevida.com.ar\/portalurbano\/grave-repunte-se-registraron-11-650-casos-de-coronavirus-en-las-ultimas-24-horas\/#breadcrumb\"},\"inLanguage\":\"es\",\"potentialAction\":[{\"@type\":\"ReadAction\",\"target\":[\"https:\/\/experienciadevida.com.ar\/portalurbano\/grave-repunte-se-registraron-11-650-casos-de-coronavirus-en-las-ultimas-24-horas\/\"]}]},{\"@type\":\"BreadcrumbList\",\"@id\":\"https:\/\/experienciadevida.com.ar\/portalurbano\/grave-repunte-se-registraron-11-650-casos-de-coronavirus-en-las-ultimas-24-horas\/#breadcrumb\",\"itemListElement\":[{\"@type\":\"ListItem\",\"position\":1,\"name\":\"Portada\",\"item\":\"https:\/\/experienciadevida.com.ar\/portalurbano\/\"},{\"@type\":\"ListItem\",\"position\":2,\"name\":\"Grave repunte: se registraron 11.650 casos de coronavirus en las \u00faltimas 24 horas\"}]},{\"@type\":\"WebSite\",\"@id\":\"https:\/\/experienciadevida.com.ar\/portalurbano\/#website\",\"url\":\"https:\/\/experienciadevida.com.ar\/portalurbano\/\",\"name\":\"\",\"description\":\"\",\"publisher\":{\"@id\":\"https:\/\/experienciadevida.com.ar\/portalurbano\/#organization\"},\"potentialAction\":[{\"@type\":\"SearchAction\",\"target\":{\"@type\":\"EntryPoint\",\"urlTemplate\":\"https:\/\/experienciadevida.com.ar\/portalurbano\/?s={search_term_string}\"},\"query-input\":\"required name=search_term_string\"}],\"inLanguage\":\"es\"},{\"@type\":\"Organization\",\"@id\":\"https:\/\/experienciadevida.com.ar\/portalurbano\/#organization\",\"name\":\"Portal Urbano\",\"url\":\"https:\/\/experienciadevida.com.ar\/portalurbano\/\",\"logo\":{\"@type\":\"ImageObject\",\"inLanguage\":\"es\",\"@id\":\"https:\/\/experienciadevida.com.ar\/portalurbano\/#\/schema\/logo\/image\/\",\"url\":\"https:\/\/experienciadevida.com.ar\/portalurbano\/wp-content\/uploads\/2019\/09\/Logo-Original.png\",\"contentUrl\":\"https:\/\/experienciadevida.com.ar\/portalurbano\/wp-content\/uploads\/2019\/09\/Logo-Original.png\",\"width\":2236,\"height\":1216,\"caption\":\"Portal Urbano\"},\"image\":{\"@id\":\"https:\/\/experienciadevida.com.ar\/portalurbano\/#\/schema\/logo\/image\/\"},\"sameAs\":[\"https:\/\/www.facebook.com\/Portal-Urbano-171542830093757\/\",\"https:\/\/twitter.com\/portalurbanook\",\"https:\/\/www.instagram.com\/_portalurbano\/\",\"https:\/\/www.youtube.com\/channel\/UCXhagIfszH8KxFiOok79zbA?view_as=subscriber\"]},{\"@type\":\"Person\",\"@id\":\"https:\/\/experienciadevida.com.ar\/portalurbano\/#\/schema\/person\/02dd326b1c4b056e9cc972486934a3a7\",\"name\":\"admpu17wp\",\"image\":{\"@type\":\"ImageObject\",\"inLanguage\":\"es\",\"@id\":\"https:\/\/experienciadevida.com.ar\/portalurbano\/#\/schema\/person\/image\/\",\"url\":\"https:\/\/secure.gravatar.com\/avatar\/830d4c57adaae6630765e449a6908047?s=96&d=mm&r=g\",\"contentUrl\":\"https:\/\/secure.gravatar.com\/avatar\/830d4c57adaae6630765e449a6908047?s=96&d=mm&r=g\",\"caption\":\"admpu17wp\"}}]}<\/script>\n<!-- \/ Yoast SEO plugin. -->","yoast_head_json":{"title":"Grave repunte: se registraron 11.650 casos de coronavirus en las \u00faltimas 24 horas -","robots":{"index":"index","follow":"follow","max-snippet":"max-snippet:-1","max-image-preview":"max-image-preview:large","max-video-preview":"max-video-preview:-1"},"canonical":"https:\/\/experienciadevida.com.ar\/portalurbano\/grave-repunte-se-registraron-11-650-casos-de-coronavirus-en-las-ultimas-24-horas\/","og_locale":"es_ES","og_type":"article","og_title":"Grave repunte: se registraron 11.650 casos de coronavirus en las \u00faltimas 24 horas -","og_description":"Adem\u00e1s, el Ministerio de Salud de la Naci\u00f3n report\u00f3 151 nuevas muertes por la enfermedad...","og_url":"https:\/\/experienciadevida.com.ar\/portalurbano\/grave-repunte-se-registraron-11-650-casos-de-coronavirus-en-las-ultimas-24-horas\/","article_publisher":"https:\/\/www.facebook.com\/Portal-Urbano-171542830093757\/","article_published_time":"2020-12-30T02:56:44+00:00","og_image":[{"width":800,"height":451,"url":"https:\/\/experienciadevida.com.ar\/portalurbano\/wp-content\/uploads\/2020\/12\/Stein-1-e1609296925683.jpg","type":"image\/jpeg"}],"author":"admpu17wp","twitter_card":"summary_large_image","twitter_creator":"@portalurbanook","twitter_site":"@portalurbanook","twitter_misc":{"Escrito por":"admpu17wp","Tiempo de lectura":"3 minutos"},"schema":{"@context":"https:\/\/schema.org","@graph":[{"@type":"Article","@id":"https:\/\/experienciadevida.com.ar\/portalurbano\/grave-repunte-se-registraron-11-650-casos-de-coronavirus-en-las-ultimas-24-horas\/#article","isPartOf":{"@id":"https:\/\/experienciadevida.com.ar\/portalurbano\/grave-repunte-se-registraron-11-650-casos-de-coronavirus-en-las-ultimas-24-horas\/"},"author":{"name":"admpu17wp","@id":"https:\/\/experienciadevida.com.ar\/portalurbano\/#\/schema\/person\/02dd326b1c4b056e9cc972486934a3a7"},"headline":"Grave repunte: se registraron 11.650 casos de coronavirus en las \u00faltimas 24 horas","datePublished":"2020-12-30T02:56:44+00:00","dateModified":"2020-12-30T02:56:44+00:00","mainEntityOfPage":{"@id":"https:\/\/experienciadevida.com.ar\/portalurbano\/grave-repunte-se-registraron-11-650-casos-de-coronavirus-en-las-ultimas-24-horas\/"},"wordCount":561,"publisher":{"@id":"https:\/\/experienciadevida.com.ar\/portalurbano\/#organization"},"articleSection":["Naci\u00f3n"],"inLanguage":"es"},{"@type":"WebPage","@id":"https:\/\/experienciadevida.com.ar\/portalurbano\/grave-repunte-se-registraron-11-650-casos-de-coronavirus-en-las-ultimas-24-horas\/","url":"https:\/\/experienciadevida.com.ar\/portalurbano\/grave-repunte-se-registraron-11-650-casos-de-coronavirus-en-las-ultimas-24-horas\/","name":"Grave repunte: se registraron 11.650 casos de coronavirus en las \u00faltimas 24 horas -","isPartOf":{"@id":"https:\/\/experienciadevida.com.ar\/portalurbano\/#website"},"datePublished":"2020-12-30T02:56:44+00:00","dateModified":"2020-12-30T02:56:44+00:00","breadcrumb":{"@id":"https:\/\/experienciadevida.com.ar\/portalurbano\/grave-repunte-se-registraron-11-650-casos-de-coronavirus-en-las-ultimas-24-horas\/#breadcrumb"},"inLanguage":"es","potentialAction":[{"@type":"ReadAction","target":["https:\/\/experienciadevida.com.ar\/portalurbano\/grave-repunte-se-registraron-11-650-casos-de-coronavirus-en-las-ultimas-24-horas\/"]}]},{"@type":"BreadcrumbList","@id":"https:\/\/experienciadevida.com.ar\/portalurbano\/grave-repunte-se-registraron-11-650-casos-de-coronavirus-en-las-ultimas-24-horas\/#breadcrumb","itemListElement":[{"@type":"ListItem","position":1,"name":"Portada","item":"https:\/\/experienciadevida.com.ar\/portalurbano\/"},{"@type":"ListItem","position":2,"name":"Grave repunte: se registraron 11.650 casos de coronavirus en las \u00faltimas 24 horas"}]},{"@type":"WebSite","@id":"https:\/\/experienciadevida.com.ar\/portalurbano\/#website","url":"https:\/\/experienciadevida.com.ar\/portalurbano\/","name":"","description":"","publisher":{"@id":"https:\/\/experienciadevida.com.ar\/portalurbano\/#organization"},"potentialAction":[{"@type":"SearchAction","target":{"@type":"EntryPoint","urlTemplate":"https:\/\/experienciadevida.com.ar\/portalurbano\/?s={search_term_string}"},"query-input":"required name=search_term_string"}],"inLanguage":"es"},{"@type":"Organization","@id":"https:\/\/experienciadevida.com.ar\/portalurbano\/#organization","name":"Portal Urbano","url":"https:\/\/experienciadevida.com.ar\/portalurbano\/","logo":{"@type":"ImageObject","inLanguage":"es","@id":"https:\/\/experienciadevida.com.ar\/portalurbano\/#\/schema\/logo\/image\/","url":"https:\/\/experienciadevida.com.ar\/portalurbano\/wp-content\/uploads\/2019\/09\/Logo-Original.png","contentUrl":"https:\/\/experienciadevida.com.ar\/portalurbano\/wp-content\/uploads\/2019\/09\/Logo-Original.png","width":2236,"height":1216,"caption":"Portal Urbano"},"image":{"@id":"https:\/\/experienciadevida.com.ar\/portalurbano\/#\/schema\/logo\/image\/"},"sameAs":["https:\/\/www.facebook.com\/Portal-Urbano-171542830093757\/","https:\/\/twitter.com\/portalurbanook","https:\/\/www.instagram.com\/_portalurbano\/","https:\/\/www.youtube.com\/channel\/UCXhagIfszH8KxFiOok79zbA?view_as=subscriber"]},{"@type":"Person","@id":"https:\/\/experienciadevida.com.ar\/portalurbano\/#\/schema\/person\/02dd326b1c4b056e9cc972486934a3a7","name":"admpu17wp","image":{"@type":"ImageObject","inLanguage":"es","@id":"https:\/\/experienciadevida.com.ar\/portalurbano\/#\/schema\/person\/image\/","url":"https:\/\/secure.gravatar.com\/avatar\/830d4c57adaae6630765e449a6908047?s=96&d=mm&r=g","contentUrl":"https:\/\/secure.gravatar.com\/avatar\/830d4c57adaae6630765e449a6908047?s=96&d=mm&r=g","caption":"admpu17wp"}}]}},"featured_image_urls":{"full":["https:\/\/experienciadevida.com.ar\/portalurbano\/wp-content\/uploads\/2020\/12\/Stein-1-e1609296925683.jpg",800,451,false],"thumbnail":["https:\/\/experienciadevida.com.ar\/portalurbano\/wp-content\/uploads\/2020\/12\/Stein-1-150x150.jpg",150,150,true],"medium":["https:\/\/experienciadevida.com.ar\/portalurbano\/wp-content\/uploads\/2020\/12\/Stein-1-300x169.jpg",300,169,true],"medium_large":["https:\/\/experienciadevida.com.ar\/portalurbano\/wp-content\/uploads\/2020\/12\/Stein-1-768x433.jpg",640,361,true],"large":["https:\/\/experienciadevida.com.ar\/portalurbano\/wp-content\/uploads\/2020\/12\/Stein-1-e1609296925683.jpg",640,361,false],"ug_big":["https:\/\/experienciadevida.com.ar\/portalurbano\/wp-content\/uploads\/2020\/12\/Stein-1-768x433.jpg",768,433,true],"1536x1536":["https:\/\/experienciadevida.com.ar\/portalurbano\/wp-content\/uploads\/2020\/12\/Stein-1-e1609296925683.jpg",800,451,false],"2048x2048":["https:\/\/experienciadevida.com.ar\/portalurbano\/wp-content\/uploads\/2020\/12\/Stein-1-e1609296925683.jpg",800,451,false],"newsever-slider-full":["https:\/\/experienciadevida.com.ar\/portalurbano\/wp-content\/uploads\/2020\/12\/Stein-1-e1609296925683.jpg",800,451,false],"newsever-featured":["https:\/\/experienciadevida.com.ar\/portalurbano\/wp-content\/uploads\/2020\/12\/Stein-1-e1609296925683.jpg",800,451,false],"newsever-medium":["https:\/\/experienciadevida.com.ar\/portalurbano\/wp-content\/uploads\/2020\/12\/Stein-1-e1609296925683.jpg",720,406,false],"web-stories-poster-portrait":["https:\/\/experienciadevida.com.ar\/portalurbano\/wp-content\/uploads\/2020\/12\/Stein-1-e1609296925683.jpg",640,361,false],"web-stories-publisher-logo":["https:\/\/experienciadevida.com.ar\/portalurbano\/wp-content\/uploads\/2020\/12\/Stein-1-e1609296925683.jpg",96,54,false],"web-stories-thumbnail":["https:\/\/experienciadevida.com.ar\/portalurbano\/wp-content\/uploads\/2020\/12\/Stein-1-e1609296925683.jpg",150,85,false]},"author_info":{"display_name":"admpu17wp","author_link":"https:\/\/experienciadevida.com.ar\/portalurbano\/author\/admpu17wp\/"},"category_info":"<a href=\"https:\/\/experienciadevida.com.ar\/portalurbano\/category\/nacion\/\" rel=\"category tag\">Naci\u00f3n<\/a>","tag_info":"Naci\u00f3n","comment_count":"0","amp_enabled":true,"_links":{"self":[{"href":"https:\/\/experienciadevida.com.ar\/portalurbano\/wp-json\/wp\/v2\/posts\/131237"}],"collection":[{"href":"https:\/\/experienciadevida.com.ar\/portalurbano\/wp-json\/wp\/v2\/posts"}],"about":[{"href":"https:\/\/experienciadevida.com.ar\/portalurbano\/wp-json\/wp\/v2\/types\/post"}],"author":[{"embeddable":true,"href":"https:\/\/experienciadevida.com.ar\/portalurbano\/wp-json\/wp\/v2\/users\/1"}],"replies":[{"embeddable":true,"href":"https:\/\/experienciadevida.com.ar\/portalurbano\/wp-json\/wp\/v2\/comments?post=131237"}],"version-history":[{"count":1,"href":"https:\/\/experienciadevida.com.ar\/portalurbano\/wp-json\/wp\/v2\/posts\/131237\/revisions"}],"predecessor-version":[{"id":131239,"href":"https:\/\/experienciadevida.com.ar\/portalurbano\/wp-json\/wp\/v2\/posts\/131237\/revisions\/131239"}],"wp:featuredmedia":[{"embeddable":true,"href":"https:\/\/experienciadevida.com.ar\/portalurbano\/wp-json\/wp\/v2\/media\/131238"}],"wp:attachment":[{"href":"https:\/\/experienciadevida.com.ar\/portalurbano\/wp-json\/wp\/v2\/media?parent=131237"}],"wp:term":[{"taxonomy":"category","embeddable":true,"href":"https:\/\/experienciadevida.com.ar\/portalurbano\/wp-json\/wp\/v2\/categories?post=131237"},{"taxonomy":"post_tag","embeddable":true,"href":"https:\/\/experienciadevida.com.ar\/portalurbano\/wp-json\/wp\/v2\/tags?post=131237"}],"curies":[{"name":"wp","href":"https:\/\/api.w.org\/{rel}","templated":true}]}}