{"id":130935,"date":"2020-12-27T11:30:33","date_gmt":"2020-12-27T14:30:33","guid":{"rendered":"https:\/\/experienciadevida.com.ar\/portalurbano\/?p=130935"},"modified":"2020-12-27T11:30:33","modified_gmt":"2020-12-27T14:30:33","slug":"acordaron-que-la-vacunacion-contra-el-covid-arranca-el-martes-bien-temprano","status":"publish","type":"post","link":"https:\/\/experienciadevida.com.ar\/portalurbano\/acordaron-que-la-vacunacion-contra-el-covid-arranca-el-martes-bien-temprano\/","title":{"rendered":"Acordaron que la vacunaci\u00f3n contra el Covid arranca el martes \u201cbien temprano\u201d"},"content":{"rendered":"<p>La dosis saldr\u00e1n de Avellaneda el lunes y estar\u00e1n e los distros al d\u00eda siguiente para comenzar las aplicaciones. Acuerdo por la &#8220;cuota&#8221; para cada provincia.<\/p>\n<hr \/>\n<p>El presidente Alberto Fern\u00e1ndez acord\u00f3 hoy con los 23 gobernadores \u2013incluido el bonaerense Axel Kicillof- y el jefe de Gobierno porte\u00f1o Horacio Rodr\u00edguez Larreta que el plan de vacunaci\u00f3n contra el Coidv-19 arrancar\u00e1 el pr\u00f3ximo martes \u201cbien temprano\u201d. Tambi\u00e9n se defini\u00f3 cu\u00e1ntas dosis recibir\u00e1 en esta primera tanda cada jurisdicci\u00f3n.<\/p>\n<p>\u201cLas vacunas llegar\u00e1n el lunes a partir de las 10 de la ma\u00f1ana a las provincias. El martes a la ma\u00f1ana podemos arrancar a vacunar todos juntos. Ma\u00f1ana a las 4 de la ma\u00f1ana empezar\u00e1n a salir los distintos camiones a las provincias\u201d, les infirm\u00f3 Fern\u00e1ndez a los gobernadores en un encuentro virtual que mantuvieron esta tarde.<\/p>\n<p>Ese esquema permite el inicio coordinado de las aplicaciones en todas las jurisdicciones al personal sanitario en esta primera tanda. Hoy tambi\u00e9n se confirm\u00f3 otro punto clave: qu\u00e9 cantidad de dosis recibir\u00e1 cada provincia, de las 300 mil que llegaron el mi\u00e9rcoles de Rusia y aguardan su distribuci\u00f3n en un dep\u00f3sito de Avellaneda.<\/p>\n<div class=\"teads-inread teads-display sm-screen\">\n<div>\n<div id=\"teads0\" class=\"teads-player\">Tal como anticip\u00f3 DIB, a la provincia le tocar\u00e1n 120 mil vacunas, que se aplicar\u00e1n en 120 mil dosis, en 86 hospitales y para el personal sanitario exclusivamente. En tanto, Santa Fe recibir\u00e1 24.100; la Ciudad de Buenos Aires, 23.100, C\u00f3rdoba, 21.900; Tucum\u00e1n, 11.500; Mendoza, 11.100; Entre R\u00edos, 10.100; Salta, 8300; Chaco, 7700; Corrientes, 6700; Santiago del Estero, 5900; Misiones, 5200; San Juan, 4700; Jujuy, 4600; R\u00edo Negro, 4400; Neuqu\u00e9n, 3600; Formosa, 3400; San Luis, 3300; Chubut, 3000; Catamarca, 2800; La Rioja, 2600; Santa Cruz, 2400; La Pampa, 2300 y Tierra del Fuego, 1300. Y quedar\u00e1 una reserva de 3000 dosis.<\/div>\n<\/div>\n<\/div>\n<p><strong>Preocupaci\u00f3n<\/strong><\/p>\n<p>Durante la charla, Fern\u00e1ndez le transmiti\u00f3 a los mandatarios provinciales su preocupaci\u00f3n por el repunte que tuvo la curva de contagios y les dijo que espera \u201cllegar al oto\u00f1o con la poblaci\u00f3n de riesgo vacunada\u201d. El presidente les dijo: \u201cEl virus sigue circulando, tenemos que seguir cuid\u00e1ndonos\u201d.<\/p>\n<p>En la Casa Rosada crece el temor a que la suba de casos de coronavirus que se evidencia desde hace quince d\u00edas se convierta en una \u201csegunda ola\u201d. Con la cuarentena como una herramienta desgastada \u00b4por su impacto econ\u00f3mico y el cansancio social que genera, Fern\u00e1ndez viene repitiendo a sus interlocutores que \u201cla concientizaci\u00f3n social es hoy lo m\u00e1s importante\u201d.<\/p>\n<p>Las 300.000 dosis que llegaron de Mosc\u00fa en el Airbus 330 seguir\u00e1n hasta la madrugada de ma\u00f1ana en un dep\u00f3sito de Avellaneda, refrigeradas a -18 grados. All\u00ed el Ministerio de Salud y el operador log\u00edstico (Andreani) para todo el pa\u00eds y tambi\u00e9n el Correo Argentino en el caso bonaerense, realizaron el acondicionamiento para comenzar la distribuci\u00f3n.<\/p>\n<p>Las dosis se llevar\u00e1n a los puntos de almacenamiento que dispuso cada gobernador y todo el operativo ser\u00e1 custodiado por las fuerzas de seguridad federales. A Tierra del Fuego y Santa Cruz las Sputnik V llegar\u00e1n en avi\u00f3n y al resto del pa\u00eds, por tierra.<\/p>\n<p>Los lotes que viajan en los camiones tienen tecnolog\u00eda para monitorear las temperaturas a las que estuvieron sometidas las cargas durante los trayectos.<\/p>\n<p>En el encuentro virtual con el Presidente, Axel Kicillof destac\u00f3: \u201cRecibimos el a\u00f1o con la vacuna en la mano\u201d. Varios gobernadores celebraron el inicio de la vacunaci\u00f3n y el gobernador de Jujuy, Gerardo Morales (Juntos por el Cambio) elogi\u00f3 al Gobierno y dijo: \u201cLos dos meses que vienen van a reforzar que se trabajo muy bien con lo de la vacuna por las decisiones que se han tomado\u201d.<\/p>\n<p>En Olivos, Fern\u00e1ndez estuvo acompa\u00f1ado por los ministros del Interior, Eduardo de Pedro, y de Salud, Gin\u00e9s Gonz\u00e1lez Garc\u00eda, la secretaria de Acceso a la Salud, Carla Vizzotti y el secretario general de la Presidencia, Julio Vitobello. (DIB)<\/p>\n","protected":false},"excerpt":{"rendered":"<p>La dosis saldr\u00e1n de Avellaneda el lunes y estar\u00e1n e los distros al d\u00eda siguiente&#8230;<\/p>\n","protected":false},"author":1,"featured_media":130936,"comment_status":"closed","ping_status":"closed","sticky":false,"template":"","format":"standard","meta":{"content-type":""},"categories":[39],"tags":[],"nelio_content":{"isAutoShareEnabled":false,"autoShareEndMode":"default","automationSources":{"useContentSentences":true,"useSocialTemplates":true,"useCustomSentences":false,"customSentences":[]},"followers":[1],"suggestedReferences":[],"includedReferences":[],"efiUrl":"","efiAlt":"","highlights":[]},"yoast_head":"<!-- This site is optimized with the Yoast SEO plugin v20.7 - https:\/\/yoast.com\/wordpress\/plugins\/seo\/ -->\n<title>Acordaron que la vacunaci\u00f3n contra el Covid arranca el martes \u201cbien temprano\u201d -<\/title>\n<meta name=\"robots\" content=\"index, follow, max-snippet:-1, max-image-preview:large, max-video-preview:-1\" \/>\n<link rel=\"canonical\" href=\"https:\/\/experienciadevida.com.ar\/portalurbano\/acordaron-que-la-vacunacion-contra-el-covid-arranca-el-martes-bien-temprano\/\" \/>\n<meta property=\"og:locale\" content=\"es_ES\" \/>\n<meta property=\"og:type\" content=\"article\" \/>\n<meta property=\"og:title\" content=\"Acordaron que la vacunaci\u00f3n contra el Covid arranca el martes \u201cbien temprano\u201d -\" \/>\n<meta property=\"og:description\" content=\"La dosis saldr\u00e1n de Avellaneda el lunes y estar\u00e1n e los distros al d\u00eda siguiente...\" \/>\n<meta property=\"og:url\" content=\"https:\/\/experienciadevida.com.ar\/portalurbano\/acordaron-que-la-vacunacion-contra-el-covid-arranca-el-martes-bien-temprano\/\" \/>\n<meta property=\"article:publisher\" content=\"https:\/\/www.facebook.com\/Portal-Urbano-171542830093757\/\" \/>\n<meta property=\"article:published_time\" content=\"2020-12-27T14:30:33+00:00\" \/>\n<meta property=\"og:image\" content=\"https:\/\/experienciadevida.com.ar\/portalurbano\/wp-content\/uploads\/2020\/12\/Presi-gobernas.jpeg\" \/>\n\t<meta property=\"og:image:width\" content=\"936\" \/>\n\t<meta property=\"og:image:height\" content=\"702\" \/>\n\t<meta property=\"og:image:type\" content=\"image\/jpeg\" \/>\n<meta name=\"author\" content=\"admpu17wp\" \/>\n<meta name=\"twitter:card\" content=\"summary_large_image\" \/>\n<meta name=\"twitter:creator\" content=\"@portalurbanook\" \/>\n<meta name=\"twitter:site\" content=\"@portalurbanook\" \/>\n<meta name=\"twitter:label1\" content=\"Escrito por\" \/>\n\t<meta name=\"twitter:data1\" content=\"admpu17wp\" \/>\n\t<meta name=\"twitter:label2\" content=\"Tiempo de lectura\" \/>\n\t<meta name=\"twitter:data2\" content=\"3 minutos\" \/>\n<script type=\"application\/ld+json\" class=\"yoast-schema-graph\">{\"@context\":\"https:\/\/schema.org\",\"@graph\":[{\"@type\":\"Article\",\"@id\":\"https:\/\/experienciadevida.com.ar\/portalurbano\/acordaron-que-la-vacunacion-contra-el-covid-arranca-el-martes-bien-temprano\/#article\",\"isPartOf\":{\"@id\":\"https:\/\/experienciadevida.com.ar\/portalurbano\/acordaron-que-la-vacunacion-contra-el-covid-arranca-el-martes-bien-temprano\/\"},\"author\":{\"name\":\"admpu17wp\",\"@id\":\"https:\/\/experienciadevida.com.ar\/portalurbano\/#\/schema\/person\/02dd326b1c4b056e9cc972486934a3a7\"},\"headline\":\"Acordaron que la vacunaci\u00f3n contra el Covid arranca el martes \u201cbien temprano\u201d\",\"datePublished\":\"2020-12-27T14:30:33+00:00\",\"dateModified\":\"2020-12-27T14:30:33+00:00\",\"mainEntityOfPage\":{\"@id\":\"https:\/\/experienciadevida.com.ar\/portalurbano\/acordaron-que-la-vacunacion-contra-el-covid-arranca-el-martes-bien-temprano\/\"},\"wordCount\":664,\"publisher\":{\"@id\":\"https:\/\/experienciadevida.com.ar\/portalurbano\/#organization\"},\"articleSection\":[\"Naci\u00f3n\"],\"inLanguage\":\"es\"},{\"@type\":\"WebPage\",\"@id\":\"https:\/\/experienciadevida.com.ar\/portalurbano\/acordaron-que-la-vacunacion-contra-el-covid-arranca-el-martes-bien-temprano\/\",\"url\":\"https:\/\/experienciadevida.com.ar\/portalurbano\/acordaron-que-la-vacunacion-contra-el-covid-arranca-el-martes-bien-temprano\/\",\"name\":\"Acordaron que la vacunaci\u00f3n contra el Covid arranca el martes \u201cbien temprano\u201d -\",\"isPartOf\":{\"@id\":\"https:\/\/experienciadevida.com.ar\/portalurbano\/#website\"},\"datePublished\":\"2020-12-27T14:30:33+00:00\",\"dateModified\":\"2020-12-27T14:30:33+00:00\",\"breadcrumb\":{\"@id\":\"https:\/\/experienciadevida.com.ar\/portalurbano\/acordaron-que-la-vacunacion-contra-el-covid-arranca-el-martes-bien-temprano\/#breadcrumb\"},\"inLanguage\":\"es\",\"potentialAction\":[{\"@type\":\"ReadAction\",\"target\":[\"https:\/\/experienciadevida.com.ar\/portalurbano\/acordaron-que-la-vacunacion-contra-el-covid-arranca-el-martes-bien-temprano\/\"]}]},{\"@type\":\"BreadcrumbList\",\"@id\":\"https:\/\/experienciadevida.com.ar\/portalurbano\/acordaron-que-la-vacunacion-contra-el-covid-arranca-el-martes-bien-temprano\/#breadcrumb\",\"itemListElement\":[{\"@type\":\"ListItem\",\"position\":1,\"name\":\"Portada\",\"item\":\"https:\/\/experienciadevida.com.ar\/portalurbano\/\"},{\"@type\":\"ListItem\",\"position\":2,\"name\":\"Acordaron que la vacunaci\u00f3n contra el Covid arranca el martes \u201cbien temprano\u201d\"}]},{\"@type\":\"WebSite\",\"@id\":\"https:\/\/experienciadevida.com.ar\/portalurbano\/#website\",\"url\":\"https:\/\/experienciadevida.com.ar\/portalurbano\/\",\"name\":\"\",\"description\":\"\",\"publisher\":{\"@id\":\"https:\/\/experienciadevida.com.ar\/portalurbano\/#organization\"},\"potentialAction\":[{\"@type\":\"SearchAction\",\"target\":{\"@type\":\"EntryPoint\",\"urlTemplate\":\"https:\/\/experienciadevida.com.ar\/portalurbano\/?s={search_term_string}\"},\"query-input\":\"required name=search_term_string\"}],\"inLanguage\":\"es\"},{\"@type\":\"Organization\",\"@id\":\"https:\/\/experienciadevida.com.ar\/portalurbano\/#organization\",\"name\":\"Portal Urbano\",\"url\":\"https:\/\/experienciadevida.com.ar\/portalurbano\/\",\"logo\":{\"@type\":\"ImageObject\",\"inLanguage\":\"es\",\"@id\":\"https:\/\/experienciadevida.com.ar\/portalurbano\/#\/schema\/logo\/image\/\",\"url\":\"https:\/\/experienciadevida.com.ar\/portalurbano\/wp-content\/uploads\/2019\/09\/Logo-Original.png\",\"contentUrl\":\"https:\/\/experienciadevida.com.ar\/portalurbano\/wp-content\/uploads\/2019\/09\/Logo-Original.png\",\"width\":2236,\"height\":1216,\"caption\":\"Portal Urbano\"},\"image\":{\"@id\":\"https:\/\/experienciadevida.com.ar\/portalurbano\/#\/schema\/logo\/image\/\"},\"sameAs\":[\"https:\/\/www.facebook.com\/Portal-Urbano-171542830093757\/\",\"https:\/\/twitter.com\/portalurbanook\",\"https:\/\/www.instagram.com\/_portalurbano\/\",\"https:\/\/www.youtube.com\/channel\/UCXhagIfszH8KxFiOok79zbA?view_as=subscriber\"]},{\"@type\":\"Person\",\"@id\":\"https:\/\/experienciadevida.com.ar\/portalurbano\/#\/schema\/person\/02dd326b1c4b056e9cc972486934a3a7\",\"name\":\"admpu17wp\",\"image\":{\"@type\":\"ImageObject\",\"inLanguage\":\"es\",\"@id\":\"https:\/\/experienciadevida.com.ar\/portalurbano\/#\/schema\/person\/image\/\",\"url\":\"https:\/\/secure.gravatar.com\/avatar\/830d4c57adaae6630765e449a6908047?s=96&d=mm&r=g\",\"contentUrl\":\"https:\/\/secure.gravatar.com\/avatar\/830d4c57adaae6630765e449a6908047?s=96&d=mm&r=g\",\"caption\":\"admpu17wp\"}}]}<\/script>\n<!-- \/ Yoast SEO plugin. -->","yoast_head_json":{"title":"Acordaron que la vacunaci\u00f3n contra el Covid arranca el martes \u201cbien temprano\u201d -","robots":{"index":"index","follow":"follow","max-snippet":"max-snippet:-1","max-image-preview":"max-image-preview:large","max-video-preview":"max-video-preview:-1"},"canonical":"https:\/\/experienciadevida.com.ar\/portalurbano\/acordaron-que-la-vacunacion-contra-el-covid-arranca-el-martes-bien-temprano\/","og_locale":"es_ES","og_type":"article","og_title":"Acordaron que la vacunaci\u00f3n contra el Covid arranca el martes \u201cbien temprano\u201d -","og_description":"La dosis saldr\u00e1n de Avellaneda el lunes y estar\u00e1n e los distros al d\u00eda siguiente...","og_url":"https:\/\/experienciadevida.com.ar\/portalurbano\/acordaron-que-la-vacunacion-contra-el-covid-arranca-el-martes-bien-temprano\/","article_publisher":"https:\/\/www.facebook.com\/Portal-Urbano-171542830093757\/","article_published_time":"2020-12-27T14:30:33+00:00","og_image":[{"width":936,"height":702,"url":"https:\/\/experienciadevida.com.ar\/portalurbano\/wp-content\/uploads\/2020\/12\/Presi-gobernas.jpeg","type":"image\/jpeg"}],"author":"admpu17wp","twitter_card":"summary_large_image","twitter_creator":"@portalurbanook","twitter_site":"@portalurbanook","twitter_misc":{"Escrito por":"admpu17wp","Tiempo de lectura":"3 minutos"},"schema":{"@context":"https:\/\/schema.org","@graph":[{"@type":"Article","@id":"https:\/\/experienciadevida.com.ar\/portalurbano\/acordaron-que-la-vacunacion-contra-el-covid-arranca-el-martes-bien-temprano\/#article","isPartOf":{"@id":"https:\/\/experienciadevida.com.ar\/portalurbano\/acordaron-que-la-vacunacion-contra-el-covid-arranca-el-martes-bien-temprano\/"},"author":{"name":"admpu17wp","@id":"https:\/\/experienciadevida.com.ar\/portalurbano\/#\/schema\/person\/02dd326b1c4b056e9cc972486934a3a7"},"headline":"Acordaron que la vacunaci\u00f3n contra el Covid arranca el martes \u201cbien temprano\u201d","datePublished":"2020-12-27T14:30:33+00:00","dateModified":"2020-12-27T14:30:33+00:00","mainEntityOfPage":{"@id":"https:\/\/experienciadevida.com.ar\/portalurbano\/acordaron-que-la-vacunacion-contra-el-covid-arranca-el-martes-bien-temprano\/"},"wordCount":664,"publisher":{"@id":"https:\/\/experienciadevida.com.ar\/portalurbano\/#organization"},"articleSection":["Naci\u00f3n"],"inLanguage":"es"},{"@type":"WebPage","@id":"https:\/\/experienciadevida.com.ar\/portalurbano\/acordaron-que-la-vacunacion-contra-el-covid-arranca-el-martes-bien-temprano\/","url":"https:\/\/experienciadevida.com.ar\/portalurbano\/acordaron-que-la-vacunacion-contra-el-covid-arranca-el-martes-bien-temprano\/","name":"Acordaron que la vacunaci\u00f3n contra el Covid arranca el martes \u201cbien temprano\u201d -","isPartOf":{"@id":"https:\/\/experienciadevida.com.ar\/portalurbano\/#website"},"datePublished":"2020-12-27T14:30:33+00:00","dateModified":"2020-12-27T14:30:33+00:00","breadcrumb":{"@id":"https:\/\/experienciadevida.com.ar\/portalurbano\/acordaron-que-la-vacunacion-contra-el-covid-arranca-el-martes-bien-temprano\/#breadcrumb"},"inLanguage":"es","potentialAction":[{"@type":"ReadAction","target":["https:\/\/experienciadevida.com.ar\/portalurbano\/acordaron-que-la-vacunacion-contra-el-covid-arranca-el-martes-bien-temprano\/"]}]},{"@type":"BreadcrumbList","@id":"https:\/\/experienciadevida.com.ar\/portalurbano\/acordaron-que-la-vacunacion-contra-el-covid-arranca-el-martes-bien-temprano\/#breadcrumb","itemListElement":[{"@type":"ListItem","position":1,"name":"Portada","item":"https:\/\/experienciadevida.com.ar\/portalurbano\/"},{"@type":"ListItem","position":2,"name":"Acordaron que la vacunaci\u00f3n contra el Covid arranca el martes \u201cbien temprano\u201d"}]},{"@type":"WebSite","@id":"https:\/\/experienciadevida.com.ar\/portalurbano\/#website","url":"https:\/\/experienciadevida.com.ar\/portalurbano\/","name":"","description":"","publisher":{"@id":"https:\/\/experienciadevida.com.ar\/portalurbano\/#organization"},"potentialAction":[{"@type":"SearchAction","target":{"@type":"EntryPoint","urlTemplate":"https:\/\/experienciadevida.com.ar\/portalurbano\/?s={search_term_string}"},"query-input":"required name=search_term_string"}],"inLanguage":"es"},{"@type":"Organization","@id":"https:\/\/experienciadevida.com.ar\/portalurbano\/#organization","name":"Portal Urbano","url":"https:\/\/experienciadevida.com.ar\/portalurbano\/","logo":{"@type":"ImageObject","inLanguage":"es","@id":"https:\/\/experienciadevida.com.ar\/portalurbano\/#\/schema\/logo\/image\/","url":"https:\/\/experienciadevida.com.ar\/portalurbano\/wp-content\/uploads\/2019\/09\/Logo-Original.png","contentUrl":"https:\/\/experienciadevida.com.ar\/portalurbano\/wp-content\/uploads\/2019\/09\/Logo-Original.png","width":2236,"height":1216,"caption":"Portal Urbano"},"image":{"@id":"https:\/\/experienciadevida.com.ar\/portalurbano\/#\/schema\/logo\/image\/"},"sameAs":["https:\/\/www.facebook.com\/Portal-Urbano-171542830093757\/","https:\/\/twitter.com\/portalurbanook","https:\/\/www.instagram.com\/_portalurbano\/","https:\/\/www.youtube.com\/channel\/UCXhagIfszH8KxFiOok79zbA?view_as=subscriber"]},{"@type":"Person","@id":"https:\/\/experienciadevida.com.ar\/portalurbano\/#\/schema\/person\/02dd326b1c4b056e9cc972486934a3a7","name":"admpu17wp","image":{"@type":"ImageObject","inLanguage":"es","@id":"https:\/\/experienciadevida.com.ar\/portalurbano\/#\/schema\/person\/image\/","url":"https:\/\/secure.gravatar.com\/avatar\/830d4c57adaae6630765e449a6908047?s=96&d=mm&r=g","contentUrl":"https:\/\/secure.gravatar.com\/avatar\/830d4c57adaae6630765e449a6908047?s=96&d=mm&r=g","caption":"admpu17wp"}}]}},"featured_image_urls":{"full":["https:\/\/experienciadevida.com.ar\/portalurbano\/wp-content\/uploads\/2020\/12\/Presi-gobernas.jpeg",936,702,false],"thumbnail":["https:\/\/experienciadevida.com.ar\/portalurbano\/wp-content\/uploads\/2020\/12\/Presi-gobernas-150x150.jpeg",150,150,true],"medium":["https:\/\/experienciadevida.com.ar\/portalurbano\/wp-content\/uploads\/2020\/12\/Presi-gobernas-300x225.jpeg",300,225,true],"medium_large":["https:\/\/experienciadevida.com.ar\/portalurbano\/wp-content\/uploads\/2020\/12\/Presi-gobernas-768x576.jpeg",640,480,true],"large":["https:\/\/experienciadevida.com.ar\/portalurbano\/wp-content\/uploads\/2020\/12\/Presi-gobernas.jpeg",640,480,false],"ug_big":["https:\/\/experienciadevida.com.ar\/portalurbano\/wp-content\/uploads\/2020\/12\/Presi-gobernas-768x576.jpeg",768,576,true],"1536x1536":["https:\/\/experienciadevida.com.ar\/portalurbano\/wp-content\/uploads\/2020\/12\/Presi-gobernas.jpeg",936,702,false],"2048x2048":["https:\/\/experienciadevida.com.ar\/portalurbano\/wp-content\/uploads\/2020\/12\/Presi-gobernas.jpeg",936,702,false],"newsever-slider-full":["https:\/\/experienciadevida.com.ar\/portalurbano\/wp-content\/uploads\/2020\/12\/Presi-gobernas.jpeg",936,702,false],"newsever-featured":["https:\/\/experienciadevida.com.ar\/portalurbano\/wp-content\/uploads\/2020\/12\/Presi-gobernas.jpeg",936,702,false],"newsever-medium":["https:\/\/experienciadevida.com.ar\/portalurbano\/wp-content\/uploads\/2020\/12\/Presi-gobernas.jpeg",633,475,false],"web-stories-poster-portrait":["https:\/\/experienciadevida.com.ar\/portalurbano\/wp-content\/uploads\/2020\/12\/Presi-gobernas.jpeg",640,480,false],"web-stories-publisher-logo":["https:\/\/experienciadevida.com.ar\/portalurbano\/wp-content\/uploads\/2020\/12\/Presi-gobernas.jpeg",96,72,false],"web-stories-thumbnail":["https:\/\/experienciadevida.com.ar\/portalurbano\/wp-content\/uploads\/2020\/12\/Presi-gobernas.jpeg",150,113,false]},"author_info":{"display_name":"admpu17wp","author_link":"https:\/\/experienciadevida.com.ar\/portalurbano\/author\/admpu17wp\/"},"category_info":"<a href=\"https:\/\/experienciadevida.com.ar\/portalurbano\/category\/nacion\/\" rel=\"category tag\">Naci\u00f3n<\/a>","tag_info":"Naci\u00f3n","comment_count":"0","amp_enabled":true,"_links":{"self":[{"href":"https:\/\/experienciadevida.com.ar\/portalurbano\/wp-json\/wp\/v2\/posts\/130935"}],"collection":[{"href":"https:\/\/experienciadevida.com.ar\/portalurbano\/wp-json\/wp\/v2\/posts"}],"about":[{"href":"https:\/\/experienciadevida.com.ar\/portalurbano\/wp-json\/wp\/v2\/types\/post"}],"author":[{"embeddable":true,"href":"https:\/\/experienciadevida.com.ar\/portalurbano\/wp-json\/wp\/v2\/users\/1"}],"replies":[{"embeddable":true,"href":"https:\/\/experienciadevida.com.ar\/portalurbano\/wp-json\/wp\/v2\/comments?post=130935"}],"version-history":[{"count":2,"href":"https:\/\/experienciadevida.com.ar\/portalurbano\/wp-json\/wp\/v2\/posts\/130935\/revisions"}],"predecessor-version":[{"id":130938,"href":"https:\/\/experienciadevida.com.ar\/portalurbano\/wp-json\/wp\/v2\/posts\/130935\/revisions\/130938"}],"wp:featuredmedia":[{"embeddable":true,"href":"https:\/\/experienciadevida.com.ar\/portalurbano\/wp-json\/wp\/v2\/media\/130936"}],"wp:attachment":[{"href":"https:\/\/experienciadevida.com.ar\/portalurbano\/wp-json\/wp\/v2\/media?parent=130935"}],"wp:term":[{"taxonomy":"category","embeddable":true,"href":"https:\/\/experienciadevida.com.ar\/portalurbano\/wp-json\/wp\/v2\/categories?post=130935"},{"taxonomy":"post_tag","embeddable":true,"href":"https:\/\/experienciadevida.com.ar\/portalurbano\/wp-json\/wp\/v2\/tags?post=130935"}],"curies":[{"name":"wp","href":"https:\/\/api.w.org\/{rel}","templated":true}]}}