{"id":130893,"date":"2020-12-26T12:18:32","date_gmt":"2020-12-26T15:18:32","guid":{"rendered":"https:\/\/experienciadevida.com.ar\/portalurbano\/?p=130893"},"modified":"2020-12-26T12:18:59","modified_gmt":"2020-12-26T15:18:59","slug":"aborto-ojea-pidio-a-los-senadores-una-serena-reflexion","status":"publish","type":"post","link":"https:\/\/experienciadevida.com.ar\/portalurbano\/aborto-ojea-pidio-a-los-senadores-una-serena-reflexion\/","title":{"rendered":"Aborto: Ojea pidi\u00f3 a los senadores &#8220;una serena reflexi\u00f3n&#8221;"},"content":{"rendered":"<p>El presidente CEA, monse\u00f1or Oscar Ojea, subray\u00f3 hoy, en Luj\u00e1n, que &#8220;no se puede ocultar el dolor ante el proyecto de ley&#8221; de aborto.<\/p>\n<p>El presidente de la Conferencia Episcopal Argentina (CEA), monse\u00f1or Oscar Ojea, subray\u00f3 hoy, en la misa oficiada en la Bas\u00edlica de Luj\u00e1n, que &#8220;no se puede ocultar el dolor ante el proyecto de ley&#8221; de aborto e inst\u00f3 a los legisladores a realizar &#8220;una serena reflexi\u00f3n&#8221;, a la vez que los inst\u00f3 a los senadoresde la Naci\u00f3n a que &#8220;no renieguen de sus convicciones m\u00e1s profundas&#8221;.<\/p>\n<p>A tres d\u00edas de la sesi\u00f3n del Senado en la que se tratar\u00e1 el proyecto de ley sobre Interrupci\u00f3n Voluntaria del Embarazo (IVE), el obispo de San Isidro encabez\u00f3 una misa en la Bas\u00edlica de Luj\u00e1n y, desde el altar del santuario, tambi\u00e9n analiz\u00f3 la situaci\u00f3n de la Argentina y se\u00f1al\u00f3 que la pandemia de coronavirus mostr\u00f3 las &#8220;grav\u00edsimas inequidades, deficiencias estructurales y sin que faltaran mezquinos intereses en algunos, as\u00ed como la negaci\u00f3n de la realidad en otros&#8221;.<\/p>\n<p>Dolor por el proyecto de ley de aborto:<\/p>\n<p>&#8220;En medio de este contexto excepcional, no podemos ocultar nuestro dolor ante el proyecto de ley del aborto. P\u00fablicamente hemos expresado la inoportunidad de dicho proyecto, no porque pensemos que hay un tiempo propio para presentarlo, sino que cuando hablamos de tiempo oportuno nos referimos a la sabidur\u00eda de leer en profundidad lo que se est\u00e1 viviendo, la magnitud y complejidad de la crisis que atravesamos, para poner nuestras mejores energ\u00edas en resolver los problemas que nos urgen hoy&#8221;, sostuvo el monse\u00f1or.<\/p>\n<p>Ojea asegur\u00f3 que la Argentina necesita &#8220;una ardua reconstrucci\u00f3n de las fuentes de trabajo, de la educaci\u00f3n, de las instituciones y de los lazos fraternos&#8221; y remarc\u00f3 que &#8220;muchas cosas se han roto y necesitan ser sanadas&#8221;.<\/p>\n<p>Sin embargo, advirti\u00f3: &#8220;No podemos construir si se le suelta la mano al indefenso, si se desconocen los derechos al m\u00e1s d\u00e9bil y al m\u00e1s pobre. Este es un principio de \u00e9tica humana, prerreligiosa, sostenido por la ciencia m\u00e9dica y el derecho&#8221;.<\/p>\n<p>&#8220;Este a\u00f1o el pueblo argentino cuid\u00f3 la vida, la protegi\u00f3, la aliment\u00f3, la cur\u00f3, la llor\u00f3 y la defendi\u00f3 de la pandemia del hambre, de la falta de trabajo y de la miseria. Por eso estamos convencidos que con Mar\u00eda de Luj\u00e1n el pueblo seguir\u00e1 eligiendo siempre toda la vida y todas las vidas&#8221;, afirm\u00f3 el prelado.<\/p>\n<p>Senadores &#8220;serena reflexi\u00f3n&#8221;:<\/p>\n<p>All\u00ed, el presidente del Episcopado envi\u00f3 un mensaje a los senadores, que el pr\u00f3ximo martes participar\u00e1n del debate del proyecto de legalizaci\u00f3n del aborto.<\/p>\n<p>&#8220;Te pedimos, Se\u00f1or, que detengas tu mirada sobre nuestros legisladores que tendr\u00e1n que decidir sobre un tema de delicadeza tan extrema, que puedas provocar en ellos una serena reflexi\u00f3n tanto en sus mentes como en sus corazones, que no renieguen de sus convicciones m\u00e1s profundas, para que todos los invitados al banquete de la vida puedan ser recibidos por un pueblo que sabe crear las condiciones de justicia necesarias para que cada uno tenga su lugar en esta mesa de la vida sin excluir a nadie, ni privilegiando a algunos&#8221;, rez\u00f3.<\/p>\n<p>Asimismo, Ojea subray\u00f3 la &#8220;necesidad de establecer acuerdos fundamentales desde la dirigente pol\u00edtica, econ\u00f3mica y social que permitan mirar hacia adelante, priorizando techo, tierra y trabajo para todos&#8221; y llam\u00f3 a &#8220;promover estilos de liderazgo que puedan perseverar en un proceso que llevar\u00e1 mucho tiempo y esfuerzo y buscando sostener siempre lo que une y no instalarnos en lo que divide&#8221;.<\/p>\n<p>Fuente: NA<\/p>\n","protected":false},"excerpt":{"rendered":"<p>El presidente CEA, monse\u00f1or Oscar Ojea, subray\u00f3 hoy, en Luj\u00e1n, que &#8220;no se puede ocultar&#8230;<\/p>\n","protected":false},"author":1,"featured_media":130894,"comment_status":"closed","ping_status":"closed","sticky":false,"template":"","format":"standard","meta":{"content-type":""},"categories":[39],"tags":[],"nelio_content":{"isAutoShareEnabled":false,"autoShareEndMode":"default","automationSources":{"useContentSentences":true,"useSocialTemplates":true,"useCustomSentences":false,"customSentences":[]},"followers":[1],"suggestedReferences":[],"includedReferences":[],"efiUrl":"","efiAlt":"","highlights":[]},"yoast_head":"<!-- This site is optimized with the Yoast SEO plugin v20.7 - https:\/\/yoast.com\/wordpress\/plugins\/seo\/ -->\n<title>Aborto: Ojea pidi\u00f3 a los Senadores una serena reflexi\u00f3n<\/title>\n<meta name=\"description\" content=\"Se expresaron ante el tratamiento del proyecto del aborto Ojea pidi\u00f3 a los senadores una &quot;serena reflexi\u00f3n&quot; ante su tratamiento.\" \/>\n<meta name=\"robots\" content=\"index, follow, max-snippet:-1, max-image-preview:large, max-video-preview:-1\" \/>\n<link rel=\"canonical\" href=\"https:\/\/experienciadevida.com.ar\/portalurbano\/aborto-ojea-pidio-a-los-senadores-una-serena-reflexion\/\" \/>\n<meta property=\"og:locale\" content=\"es_ES\" \/>\n<meta property=\"og:type\" content=\"article\" \/>\n<meta property=\"og:title\" content=\"Aborto: Ojea pidi\u00f3 a los Senadores una serena reflexi\u00f3n\" \/>\n<meta property=\"og:description\" content=\"Se expresaron ante el tratamiento del proyecto del aborto Ojea pidi\u00f3 a los senadores una &quot;serena reflexi\u00f3n&quot; ante su tratamiento.\" \/>\n<meta property=\"og:url\" content=\"https:\/\/experienciadevida.com.ar\/portalurbano\/aborto-ojea-pidio-a-los-senadores-una-serena-reflexion\/\" \/>\n<meta property=\"article:publisher\" content=\"https:\/\/www.facebook.com\/Portal-Urbano-171542830093757\/\" \/>\n<meta property=\"article:published_time\" content=\"2020-12-26T15:18:32+00:00\" \/>\n<meta property=\"article:modified_time\" content=\"2020-12-26T15:18:59+00:00\" \/>\n<meta property=\"og:image\" content=\"https:\/\/experienciadevida.com.ar\/portalurbano\/wp-content\/uploads\/2020\/12\/Aborto-2.jpg\" \/>\n\t<meta property=\"og:image:width\" content=\"1140\" \/>\n\t<meta property=\"og:image:height\" content=\"855\" \/>\n\t<meta property=\"og:image:type\" content=\"image\/jpeg\" \/>\n<meta name=\"author\" content=\"admpu17wp\" \/>\n<meta name=\"twitter:card\" content=\"summary_large_image\" \/>\n<meta name=\"twitter:creator\" content=\"@portalurbanook\" \/>\n<meta name=\"twitter:site\" content=\"@portalurbanook\" \/>\n<meta name=\"twitter:label1\" content=\"Escrito por\" \/>\n\t<meta name=\"twitter:data1\" content=\"admpu17wp\" \/>\n\t<meta name=\"twitter:label2\" content=\"Tiempo de lectura\" \/>\n\t<meta name=\"twitter:data2\" content=\"3 minutos\" \/>\n<script type=\"application\/ld+json\" class=\"yoast-schema-graph\">{\"@context\":\"https:\/\/schema.org\",\"@graph\":[{\"@type\":\"Article\",\"@id\":\"https:\/\/experienciadevida.com.ar\/portalurbano\/aborto-ojea-pidio-a-los-senadores-una-serena-reflexion\/#article\",\"isPartOf\":{\"@id\":\"https:\/\/experienciadevida.com.ar\/portalurbano\/aborto-ojea-pidio-a-los-senadores-una-serena-reflexion\/\"},\"author\":{\"name\":\"admpu17wp\",\"@id\":\"https:\/\/experienciadevida.com.ar\/portalurbano\/#\/schema\/person\/02dd326b1c4b056e9cc972486934a3a7\"},\"headline\":\"Aborto: Ojea pidi\u00f3 a los senadores &#8220;una serena reflexi\u00f3n&#8221;\",\"datePublished\":\"2020-12-26T15:18:32+00:00\",\"dateModified\":\"2020-12-26T15:18:59+00:00\",\"mainEntityOfPage\":{\"@id\":\"https:\/\/experienciadevida.com.ar\/portalurbano\/aborto-ojea-pidio-a-los-senadores-una-serena-reflexion\/\"},\"wordCount\":627,\"publisher\":{\"@id\":\"https:\/\/experienciadevida.com.ar\/portalurbano\/#organization\"},\"articleSection\":[\"Naci\u00f3n\"],\"inLanguage\":\"es\"},{\"@type\":\"WebPage\",\"@id\":\"https:\/\/experienciadevida.com.ar\/portalurbano\/aborto-ojea-pidio-a-los-senadores-una-serena-reflexion\/\",\"url\":\"https:\/\/experienciadevida.com.ar\/portalurbano\/aborto-ojea-pidio-a-los-senadores-una-serena-reflexion\/\",\"name\":\"Aborto: Ojea pidi\u00f3 a los Senadores una serena reflexi\u00f3n\",\"isPartOf\":{\"@id\":\"https:\/\/experienciadevida.com.ar\/portalurbano\/#website\"},\"datePublished\":\"2020-12-26T15:18:32+00:00\",\"dateModified\":\"2020-12-26T15:18:59+00:00\",\"description\":\"Se expresaron ante el tratamiento del proyecto del aborto Ojea pidi\u00f3 a los senadores una \\\"serena reflexi\u00f3n\\\" ante su tratamiento.\",\"breadcrumb\":{\"@id\":\"https:\/\/experienciadevida.com.ar\/portalurbano\/aborto-ojea-pidio-a-los-senadores-una-serena-reflexion\/#breadcrumb\"},\"inLanguage\":\"es\",\"potentialAction\":[{\"@type\":\"ReadAction\",\"target\":[\"https:\/\/experienciadevida.com.ar\/portalurbano\/aborto-ojea-pidio-a-los-senadores-una-serena-reflexion\/\"]}]},{\"@type\":\"BreadcrumbList\",\"@id\":\"https:\/\/experienciadevida.com.ar\/portalurbano\/aborto-ojea-pidio-a-los-senadores-una-serena-reflexion\/#breadcrumb\",\"itemListElement\":[{\"@type\":\"ListItem\",\"position\":1,\"name\":\"Portada\",\"item\":\"https:\/\/experienciadevida.com.ar\/portalurbano\/\"},{\"@type\":\"ListItem\",\"position\":2,\"name\":\"Aborto: Ojea pidi\u00f3 a los senadores \u00abuna serena reflexi\u00f3n\u00bb\"}]},{\"@type\":\"WebSite\",\"@id\":\"https:\/\/experienciadevida.com.ar\/portalurbano\/#website\",\"url\":\"https:\/\/experienciadevida.com.ar\/portalurbano\/\",\"name\":\"\",\"description\":\"\",\"publisher\":{\"@id\":\"https:\/\/experienciadevida.com.ar\/portalurbano\/#organization\"},\"potentialAction\":[{\"@type\":\"SearchAction\",\"target\":{\"@type\":\"EntryPoint\",\"urlTemplate\":\"https:\/\/experienciadevida.com.ar\/portalurbano\/?s={search_term_string}\"},\"query-input\":\"required name=search_term_string\"}],\"inLanguage\":\"es\"},{\"@type\":\"Organization\",\"@id\":\"https:\/\/experienciadevida.com.ar\/portalurbano\/#organization\",\"name\":\"Portal Urbano\",\"url\":\"https:\/\/experienciadevida.com.ar\/portalurbano\/\",\"logo\":{\"@type\":\"ImageObject\",\"inLanguage\":\"es\",\"@id\":\"https:\/\/experienciadevida.com.ar\/portalurbano\/#\/schema\/logo\/image\/\",\"url\":\"https:\/\/experienciadevida.com.ar\/portalurbano\/wp-content\/uploads\/2019\/09\/Logo-Original.png\",\"contentUrl\":\"https:\/\/experienciadevida.com.ar\/portalurbano\/wp-content\/uploads\/2019\/09\/Logo-Original.png\",\"width\":2236,\"height\":1216,\"caption\":\"Portal Urbano\"},\"image\":{\"@id\":\"https:\/\/experienciadevida.com.ar\/portalurbano\/#\/schema\/logo\/image\/\"},\"sameAs\":[\"https:\/\/www.facebook.com\/Portal-Urbano-171542830093757\/\",\"https:\/\/twitter.com\/portalurbanook\",\"https:\/\/www.instagram.com\/_portalurbano\/\",\"https:\/\/www.youtube.com\/channel\/UCXhagIfszH8KxFiOok79zbA?view_as=subscriber\"]},{\"@type\":\"Person\",\"@id\":\"https:\/\/experienciadevida.com.ar\/portalurbano\/#\/schema\/person\/02dd326b1c4b056e9cc972486934a3a7\",\"name\":\"admpu17wp\",\"image\":{\"@type\":\"ImageObject\",\"inLanguage\":\"es\",\"@id\":\"https:\/\/experienciadevida.com.ar\/portalurbano\/#\/schema\/person\/image\/\",\"url\":\"https:\/\/secure.gravatar.com\/avatar\/830d4c57adaae6630765e449a6908047?s=96&d=mm&r=g\",\"contentUrl\":\"https:\/\/secure.gravatar.com\/avatar\/830d4c57adaae6630765e449a6908047?s=96&d=mm&r=g\",\"caption\":\"admpu17wp\"}}]}<\/script>\n<!-- \/ Yoast SEO plugin. -->","yoast_head_json":{"title":"Aborto: Ojea pidi\u00f3 a los Senadores una serena reflexi\u00f3n","description":"Se expresaron ante el tratamiento del proyecto del aborto Ojea pidi\u00f3 a los senadores una \"serena reflexi\u00f3n\" ante su tratamiento.","robots":{"index":"index","follow":"follow","max-snippet":"max-snippet:-1","max-image-preview":"max-image-preview:large","max-video-preview":"max-video-preview:-1"},"canonical":"https:\/\/experienciadevida.com.ar\/portalurbano\/aborto-ojea-pidio-a-los-senadores-una-serena-reflexion\/","og_locale":"es_ES","og_type":"article","og_title":"Aborto: Ojea pidi\u00f3 a los Senadores una serena reflexi\u00f3n","og_description":"Se expresaron ante el tratamiento del proyecto del aborto Ojea pidi\u00f3 a los senadores una \"serena reflexi\u00f3n\" ante su tratamiento.","og_url":"https:\/\/experienciadevida.com.ar\/portalurbano\/aborto-ojea-pidio-a-los-senadores-una-serena-reflexion\/","article_publisher":"https:\/\/www.facebook.com\/Portal-Urbano-171542830093757\/","article_published_time":"2020-12-26T15:18:32+00:00","article_modified_time":"2020-12-26T15:18:59+00:00","og_image":[{"width":1140,"height":855,"url":"https:\/\/experienciadevida.com.ar\/portalurbano\/wp-content\/uploads\/2020\/12\/Aborto-2.jpg","type":"image\/jpeg"}],"author":"admpu17wp","twitter_card":"summary_large_image","twitter_creator":"@portalurbanook","twitter_site":"@portalurbanook","twitter_misc":{"Escrito por":"admpu17wp","Tiempo de lectura":"3 minutos"},"schema":{"@context":"https:\/\/schema.org","@graph":[{"@type":"Article","@id":"https:\/\/experienciadevida.com.ar\/portalurbano\/aborto-ojea-pidio-a-los-senadores-una-serena-reflexion\/#article","isPartOf":{"@id":"https:\/\/experienciadevida.com.ar\/portalurbano\/aborto-ojea-pidio-a-los-senadores-una-serena-reflexion\/"},"author":{"name":"admpu17wp","@id":"https:\/\/experienciadevida.com.ar\/portalurbano\/#\/schema\/person\/02dd326b1c4b056e9cc972486934a3a7"},"headline":"Aborto: Ojea pidi\u00f3 a los senadores &#8220;una serena reflexi\u00f3n&#8221;","datePublished":"2020-12-26T15:18:32+00:00","dateModified":"2020-12-26T15:18:59+00:00","mainEntityOfPage":{"@id":"https:\/\/experienciadevida.com.ar\/portalurbano\/aborto-ojea-pidio-a-los-senadores-una-serena-reflexion\/"},"wordCount":627,"publisher":{"@id":"https:\/\/experienciadevida.com.ar\/portalurbano\/#organization"},"articleSection":["Naci\u00f3n"],"inLanguage":"es"},{"@type":"WebPage","@id":"https:\/\/experienciadevida.com.ar\/portalurbano\/aborto-ojea-pidio-a-los-senadores-una-serena-reflexion\/","url":"https:\/\/experienciadevida.com.ar\/portalurbano\/aborto-ojea-pidio-a-los-senadores-una-serena-reflexion\/","name":"Aborto: Ojea pidi\u00f3 a los Senadores una serena reflexi\u00f3n","isPartOf":{"@id":"https:\/\/experienciadevida.com.ar\/portalurbano\/#website"},"datePublished":"2020-12-26T15:18:32+00:00","dateModified":"2020-12-26T15:18:59+00:00","description":"Se expresaron ante el tratamiento del proyecto del aborto Ojea pidi\u00f3 a los senadores una \"serena reflexi\u00f3n\" ante su tratamiento.","breadcrumb":{"@id":"https:\/\/experienciadevida.com.ar\/portalurbano\/aborto-ojea-pidio-a-los-senadores-una-serena-reflexion\/#breadcrumb"},"inLanguage":"es","potentialAction":[{"@type":"ReadAction","target":["https:\/\/experienciadevida.com.ar\/portalurbano\/aborto-ojea-pidio-a-los-senadores-una-serena-reflexion\/"]}]},{"@type":"BreadcrumbList","@id":"https:\/\/experienciadevida.com.ar\/portalurbano\/aborto-ojea-pidio-a-los-senadores-una-serena-reflexion\/#breadcrumb","itemListElement":[{"@type":"ListItem","position":1,"name":"Portada","item":"https:\/\/experienciadevida.com.ar\/portalurbano\/"},{"@type":"ListItem","position":2,"name":"Aborto: Ojea pidi\u00f3 a los senadores \u00abuna serena reflexi\u00f3n\u00bb"}]},{"@type":"WebSite","@id":"https:\/\/experienciadevida.com.ar\/portalurbano\/#website","url":"https:\/\/experienciadevida.com.ar\/portalurbano\/","name":"","description":"","publisher":{"@id":"https:\/\/experienciadevida.com.ar\/portalurbano\/#organization"},"potentialAction":[{"@type":"SearchAction","target":{"@type":"EntryPoint","urlTemplate":"https:\/\/experienciadevida.com.ar\/portalurbano\/?s={search_term_string}"},"query-input":"required name=search_term_string"}],"inLanguage":"es"},{"@type":"Organization","@id":"https:\/\/experienciadevida.com.ar\/portalurbano\/#organization","name":"Portal Urbano","url":"https:\/\/experienciadevida.com.ar\/portalurbano\/","logo":{"@type":"ImageObject","inLanguage":"es","@id":"https:\/\/experienciadevida.com.ar\/portalurbano\/#\/schema\/logo\/image\/","url":"https:\/\/experienciadevida.com.ar\/portalurbano\/wp-content\/uploads\/2019\/09\/Logo-Original.png","contentUrl":"https:\/\/experienciadevida.com.ar\/portalurbano\/wp-content\/uploads\/2019\/09\/Logo-Original.png","width":2236,"height":1216,"caption":"Portal Urbano"},"image":{"@id":"https:\/\/experienciadevida.com.ar\/portalurbano\/#\/schema\/logo\/image\/"},"sameAs":["https:\/\/www.facebook.com\/Portal-Urbano-171542830093757\/","https:\/\/twitter.com\/portalurbanook","https:\/\/www.instagram.com\/_portalurbano\/","https:\/\/www.youtube.com\/channel\/UCXhagIfszH8KxFiOok79zbA?view_as=subscriber"]},{"@type":"Person","@id":"https:\/\/experienciadevida.com.ar\/portalurbano\/#\/schema\/person\/02dd326b1c4b056e9cc972486934a3a7","name":"admpu17wp","image":{"@type":"ImageObject","inLanguage":"es","@id":"https:\/\/experienciadevida.com.ar\/portalurbano\/#\/schema\/person\/image\/","url":"https:\/\/secure.gravatar.com\/avatar\/830d4c57adaae6630765e449a6908047?s=96&d=mm&r=g","contentUrl":"https:\/\/secure.gravatar.com\/avatar\/830d4c57adaae6630765e449a6908047?s=96&d=mm&r=g","caption":"admpu17wp"}}]}},"featured_image_urls":{"full":["https:\/\/experienciadevida.com.ar\/portalurbano\/wp-content\/uploads\/2020\/12\/Aborto-2.jpg",1140,855,false],"thumbnail":["https:\/\/experienciadevida.com.ar\/portalurbano\/wp-content\/uploads\/2020\/12\/Aborto-2-150x150.jpg",150,150,true],"medium":["https:\/\/experienciadevida.com.ar\/portalurbano\/wp-content\/uploads\/2020\/12\/Aborto-2-300x225.jpg",300,225,true],"medium_large":["https:\/\/experienciadevida.com.ar\/portalurbano\/wp-content\/uploads\/2020\/12\/Aborto-2-768x576.jpg",640,480,true],"large":["https:\/\/experienciadevida.com.ar\/portalurbano\/wp-content\/uploads\/2020\/12\/Aborto-2-1024x768.jpg",640,480,true],"ug_big":["https:\/\/experienciadevida.com.ar\/portalurbano\/wp-content\/uploads\/2020\/12\/Aborto-2-768x576.jpg",768,576,true],"1536x1536":["https:\/\/experienciadevida.com.ar\/portalurbano\/wp-content\/uploads\/2020\/12\/Aborto-2.jpg",1140,855,false],"2048x2048":["https:\/\/experienciadevida.com.ar\/portalurbano\/wp-content\/uploads\/2020\/12\/Aborto-2.jpg",1140,855,false],"newsever-slider-full":["https:\/\/experienciadevida.com.ar\/portalurbano\/wp-content\/uploads\/2020\/12\/Aborto-2.jpg",1127,845,false],"newsever-featured":["https:\/\/experienciadevida.com.ar\/portalurbano\/wp-content\/uploads\/2020\/12\/Aborto-2.jpg",1024,768,false],"newsever-medium":["https:\/\/experienciadevida.com.ar\/portalurbano\/wp-content\/uploads\/2020\/12\/Aborto-2.jpg",633,475,false],"web-stories-poster-portrait":["https:\/\/experienciadevida.com.ar\/portalurbano\/wp-content\/uploads\/2020\/12\/Aborto-2.jpg",640,480,false],"web-stories-publisher-logo":["https:\/\/experienciadevida.com.ar\/portalurbano\/wp-content\/uploads\/2020\/12\/Aborto-2.jpg",96,72,false],"web-stories-thumbnail":["https:\/\/experienciadevida.com.ar\/portalurbano\/wp-content\/uploads\/2020\/12\/Aborto-2.jpg",150,113,false]},"author_info":{"display_name":"admpu17wp","author_link":"https:\/\/experienciadevida.com.ar\/portalurbano\/author\/admpu17wp\/"},"category_info":"<a href=\"https:\/\/experienciadevida.com.ar\/portalurbano\/category\/nacion\/\" rel=\"category tag\">Naci\u00f3n<\/a>","tag_info":"Naci\u00f3n","comment_count":"0","amp_enabled":true,"_links":{"self":[{"href":"https:\/\/experienciadevida.com.ar\/portalurbano\/wp-json\/wp\/v2\/posts\/130893"}],"collection":[{"href":"https:\/\/experienciadevida.com.ar\/portalurbano\/wp-json\/wp\/v2\/posts"}],"about":[{"href":"https:\/\/experienciadevida.com.ar\/portalurbano\/wp-json\/wp\/v2\/types\/post"}],"author":[{"embeddable":true,"href":"https:\/\/experienciadevida.com.ar\/portalurbano\/wp-json\/wp\/v2\/users\/1"}],"replies":[{"embeddable":true,"href":"https:\/\/experienciadevida.com.ar\/portalurbano\/wp-json\/wp\/v2\/comments?post=130893"}],"version-history":[{"count":2,"href":"https:\/\/experienciadevida.com.ar\/portalurbano\/wp-json\/wp\/v2\/posts\/130893\/revisions"}],"predecessor-version":[{"id":130896,"href":"https:\/\/experienciadevida.com.ar\/portalurbano\/wp-json\/wp\/v2\/posts\/130893\/revisions\/130896"}],"wp:featuredmedia":[{"embeddable":true,"href":"https:\/\/experienciadevida.com.ar\/portalurbano\/wp-json\/wp\/v2\/media\/130894"}],"wp:attachment":[{"href":"https:\/\/experienciadevida.com.ar\/portalurbano\/wp-json\/wp\/v2\/media?parent=130893"}],"wp:term":[{"taxonomy":"category","embeddable":true,"href":"https:\/\/experienciadevida.com.ar\/portalurbano\/wp-json\/wp\/v2\/categories?post=130893"},{"taxonomy":"post_tag","embeddable":true,"href":"https:\/\/experienciadevida.com.ar\/portalurbano\/wp-json\/wp\/v2\/tags?post=130893"}],"curies":[{"name":"wp","href":"https:\/\/api.w.org\/{rel}","templated":true}]}}