{"id":130713,"date":"2020-12-23T18:16:00","date_gmt":"2020-12-23T21:16:00","guid":{"rendered":"https:\/\/experienciadevida.com.ar\/portalurbano\/?p=130713"},"modified":"2020-12-23T18:19:56","modified_gmt":"2020-12-23T21:19:56","slug":"se-realizo-el-140-acto-aniversario-de-la-creacion-de-la-policia-de-la-provincia","status":"publish","type":"post","link":"https:\/\/experienciadevida.com.ar\/portalurbano\/se-realizo-el-140-acto-aniversario-de-la-creacion-de-la-policia-de-la-provincia\/","title":{"rendered":"Se realiz\u00f3 el 140\u00b0 acto aniversario de la creaci\u00f3n de la polic\u00eda de la Provincia"},"content":{"rendered":"<p>Este mi\u00e9rcoles se realiz\u00f3 el 140\u00b0 acto aniversario de la creaci\u00f3n de la polic\u00eda de la Provincia de Buenos Aires, y se destac\u00f3 a los efectivos policiales de diversas Dependencias policiales del partido de Olavarr\u00eda por la labor realizada durante el a\u00f1o en curso, bajo el mando de la Estaci\u00f3n Departamental de polic\u00eda de seguridad Olavarria, a cargo del Comisario Roberto Landoni, quien dio unas palabras alusivas al personal policial.<\/p>\n<p><a href=\"https:\/\/experienciadevida.com.ar\/portalurbano\/se-realizo-el-140-acto-aniversario-de-la-creacion-de-la-policia-de-la-provincia\/acto-aniversario\/\" rel=\"attachment wp-att-130716\"><img decoding=\"async\" class=\"alignnone size-full wp-image-130716\" src=\"https:\/\/experienciadevida.com.ar\/portalurbano\/wp-content\/uploads\/2020\/12\/Acto-aniversario.jpg\" alt=\"Acto aniversario \" width=\"1280\" height=\"854\" srcset=\"https:\/\/experienciadevida.com.ar\/portalurbano\/wp-content\/uploads\/2020\/12\/Acto-aniversario.jpg 1280w, https:\/\/experienciadevida.com.ar\/portalurbano\/wp-content\/uploads\/2020\/12\/Acto-aniversario-300x200.jpg 300w, https:\/\/experienciadevida.com.ar\/portalurbano\/wp-content\/uploads\/2020\/12\/Acto-aniversario-1024x683.jpg 1024w, https:\/\/experienciadevida.com.ar\/portalurbano\/wp-content\/uploads\/2020\/12\/Acto-aniversario-768x512.jpg 768w\" sizes=\"(max-width: 1280px) 100vw, 1280px\" \/><\/a><\/p>\n<p>Fueron destacados personal del Comando Patrullas Olavavrria, UPPL, Cria 1era , Cria 2da., Comisar\u00eda de la Mujer y la flia., Subcomisaria Loma Negra, Subcomisaria Sierras Bayas, Subcomisaria Hinojo, Destacamento Sierras Chica y Destacamento Espigas.<\/p>\n<p><a href=\"https:\/\/experienciadevida.com.ar\/portalurbano\/se-realizo-el-140-acto-aniversario-de-la-creacion-de-la-policia-de-la-provincia\/acto-16\/\" rel=\"attachment wp-att-130718\"><img decoding=\"async\" class=\"alignnone size-full wp-image-130718\" src=\"https:\/\/experienciadevida.com.ar\/portalurbano\/wp-content\/uploads\/2020\/12\/Acto.jpg\" alt=\"Acto \" width=\"1280\" height=\"854\" srcset=\"https:\/\/experienciadevida.com.ar\/portalurbano\/wp-content\/uploads\/2020\/12\/Acto.jpg 1280w, https:\/\/experienciadevida.com.ar\/portalurbano\/wp-content\/uploads\/2020\/12\/Acto-300x200.jpg 300w, https:\/\/experienciadevida.com.ar\/portalurbano\/wp-content\/uploads\/2020\/12\/Acto-1024x683.jpg 1024w, https:\/\/experienciadevida.com.ar\/portalurbano\/wp-content\/uploads\/2020\/12\/Acto-768x512.jpg 768w\" sizes=\"(max-width: 1280px) 100vw, 1280px\" \/><\/a><\/p>\n<p>Premio m\u00e9rito:<\/p>\n<p>Ofl Ppal Schneider N\u00e9stor David<br \/>\n2- Subteniente Hoffer Jose Ignacio<br \/>\n3- Ofl Subayte Rios Cristian<br \/>\n4- Ofl Subayte Arena Jes\u00fas Gonzalo<\/p>\n<p>Premio est\u00edmulo:<\/p>\n<p>Subcrio Balquinta Maria Guadalupe<br \/>\nOfl Ppal Souto Gisella<br \/>\nOfl Ppal Gorosito Vanesa<br \/>\nOfl Insp. Recalde Florencia<br \/>\nOfl Insp. Barraza M. Laura<br \/>\nOfl Subinsp. Perez Yesica Soledad<br \/>\nOfl Ayte. (adm) Gregorini Marina Giselle<br \/>\nOfl Subayte. Basualdo Nahuel<br \/>\nTte 1\u00b0 Guti\u00e9rrez Jos\u00e9 Sebasti\u00e1n<br \/>\nSubtte. N\u00fa\u00f1ez Sergio Adri\u00e1n<br \/>\nSubtte Roldan Natalia Alejandra<br \/>\nSubtte. Perez Natalia Vanesa<br \/>\nSgto. Puma Simon David Sgto Ponce M. Paula<br \/>\nOfl. Vicente Lucas<br \/>\nOfl. Jarie Joel<br \/>\nOfl. Nanni Daiana Veronica<br \/>\nOfl. Olivetto Nahir<br \/>\nOfl. Lopez Micaela<br \/>\nOfl. Andronaco Marianela Mariquena<br \/>\nOfl. Cordero Veronica<br \/>\nOfl. Chinela Sergio<br \/>\nOfl Ferro Agustina<br \/>\nOfl. Cabrera Marina Andrea<br \/>\nOfl. Mallavia Gabriel Moises<br \/>\nOfl. Tejeda Marisol<br \/>\nOfl. Ag\u00fcero Carolina Estefan\u00eda<br \/>\nOfl. Sanchez Ariana Noelia<br \/>\nOfl. Juarez Alejandro Omar<br \/>\nOfl Rodriguez Juan Ignacio<br \/>\nOfl. Echeverria Matias<br \/>\nOfl. Suarez Juan Nicolas<br \/>\nOfl. Simons Florencia.-<\/p>\n<p>Por otra parte desde la Municipaliad de Olavarria, presentes el Sr Bobiani, de la secretario de desarrollo humanos y calidad de vida, junto con el director del centro monitoreo Daniel Manuel, hicieron entrega de placas y medallas, recibieron las mismas:<\/p>\n<p><a href=\"https:\/\/experienciadevida.com.ar\/portalurbano\/se-realizo-el-140-acto-aniversario-de-la-creacion-de-la-policia-de-la-provincia\/aniversario-10\/\" rel=\"attachment wp-att-130719\"><img decoding=\"async\" class=\"alignnone size-full wp-image-130719\" src=\"https:\/\/experienciadevida.com.ar\/portalurbano\/wp-content\/uploads\/2020\/12\/Aniversario.jpg\" alt=\"Aniversario \" width=\"1280\" height=\"854\" srcset=\"https:\/\/experienciadevida.com.ar\/portalurbano\/wp-content\/uploads\/2020\/12\/Aniversario.jpg 1280w, https:\/\/experienciadevida.com.ar\/portalurbano\/wp-content\/uploads\/2020\/12\/Aniversario-300x200.jpg 300w, https:\/\/experienciadevida.com.ar\/portalurbano\/wp-content\/uploads\/2020\/12\/Aniversario-1024x683.jpg 1024w, https:\/\/experienciadevida.com.ar\/portalurbano\/wp-content\/uploads\/2020\/12\/Aniversario-768x512.jpg 768w\" sizes=\"(max-width: 1280px) 100vw, 1280px\" \/><\/a><\/p>\n<p>Comisario Roberto Landoni, Jefe de Estaci\u00f3n de polic\u00eda Departamental de Seguridad Olavarria.-<\/p>\n<p>Crio Insp. Juan Guillermo Iturregui, Jefe CPO<br \/>\n2- Subcrio Fabio Niciolas Kette, Jefe Cria 1\u00b0<br \/>\n1- Subcrio Lestani Silvana, Jefe Cria 2\u00b0<br \/>\n2- Subcrio Mario Humberto Wagner, Jefe Subcria L. Negra.-<br \/>\n1- Subcrio Lucas Matias Rodriguez, Jefe UPPL<br \/>\n2- Subcrio Vanesa Lauge, Jefe Cria Mujer y Flia<br \/>\n1- Ofl Pppal Garcia Juan Alberto, Jefe Subcria Hinojo<br \/>\n2- Ofl Ppal Romina Eugenia Alonso, Jefe Subcria Sierras Bayas.-<br \/>\n1-Ofl Insp. Martin Lopez, Enc. Dest. Espigas<br \/>\n2-Ofl Insp. Matias Budi\u00f1o, Enc Dest. S. Chica.-<br \/>\nRecibieron medallas.:<br \/>\nSubcrio Martin Zapata, 2do Jefe EPDSO<br \/>\n2- Subcrio Guadalupe Balquinta, 2do Jefe Cria 1\u00b0<br \/>\n1- Subcrio martin Cortes, 2\u00b0 Jefe UPPL<br \/>\n2- Subcrio Herrera Maximiliano, 2\u00b0 Jefe Cria 2\u00b0<br \/>\n1- Ofl Ayte. Lagos Alejandro, Jefe Gab. Crim Cria 2<br \/>\n2- Ofl Subayte Basualdo Nahuel, Jefe Gab. Crim. Cria 1<\/p>\n<p>Tambi\u00e9n se hicieron entrega de premios est\u00edmulos y m\u00e9ritos, al personal de la Escuela de Formaci\u00f3n sede Olavarria, a cargo del Comisario Marcelo Saraceno; distinci\u00f3n al personal del Centro de Despacho Olavarria, a cargo del Comisario Gustavo Lucero; distinci\u00f3n al personal de la Sub DDI Olavarr\u00eda entregando los mismos Comisario Inspector Gimenez Carlos, Director de Investigaciones en funci\u00f3n judicial y del Tutilar de la SUBDDI Subcomisario Sebastian Lagano; tambi\u00e9n hizo lo propio el Subcomisario Mart\u00edn Garc\u00eda, titular de criminalistica Azul, quien hizo entrega de premios al personal de la Delegaci\u00f3n de Polic\u00eda Cientifica.-<\/p>\n","protected":false},"excerpt":{"rendered":"<p>Este mi\u00e9rcoles se realiz\u00f3 el 140\u00b0 acto aniversario de la creaci\u00f3n de la polic\u00eda de&#8230;<\/p>\n","protected":false},"author":1,"featured_media":130714,"comment_status":"closed","ping_status":"closed","sticky":false,"template":"","format":"standard","meta":{"content-type":""},"categories":[27,51],"tags":[],"nelio_content":{"isAutoShareEnabled":false,"autoShareEndMode":"default","automationSources":{"useContentSentences":true,"useSocialTemplates":true,"useCustomSentences":false,"customSentences":[]},"followers":[1],"suggestedReferences":[],"includedReferences":[],"efiUrl":"","efiAlt":"","highlights":[]},"yoast_head":"<!-- This site is optimized with the Yoast SEO plugin v20.7 - https:\/\/yoast.com\/wordpress\/plugins\/seo\/ -->\n<title>Se realiz\u00f3 el 140\u00b0 acto aniversario de la creaci\u00f3n de la polic\u00eda<\/title>\n<meta name=\"description\" content=\"Este mi\u00e9rcoles se realiz\u00f3 el 140\u00b0 acto aniversario de la creaci\u00f3n de la polic\u00eda de la Provincia de Buenos Aires.\" \/>\n<meta name=\"robots\" content=\"index, follow, max-snippet:-1, max-image-preview:large, max-video-preview:-1\" \/>\n<link rel=\"canonical\" href=\"https:\/\/experienciadevida.com.ar\/portalurbano\/se-realizo-el-140-acto-aniversario-de-la-creacion-de-la-policia-de-la-provincia\/\" \/>\n<meta property=\"og:locale\" content=\"es_ES\" \/>\n<meta property=\"og:type\" content=\"article\" \/>\n<meta property=\"og:title\" content=\"Se realiz\u00f3 el 140\u00b0 acto aniversario de la creaci\u00f3n de la polic\u00eda\" \/>\n<meta property=\"og:description\" content=\"Este mi\u00e9rcoles se realiz\u00f3 el 140\u00b0 acto aniversario de la creaci\u00f3n de la polic\u00eda de la Provincia de Buenos Aires.\" \/>\n<meta property=\"og:url\" content=\"https:\/\/experienciadevida.com.ar\/portalurbano\/se-realizo-el-140-acto-aniversario-de-la-creacion-de-la-policia-de-la-provincia\/\" \/>\n<meta property=\"article:publisher\" content=\"https:\/\/www.facebook.com\/Portal-Urbano-171542830093757\/\" \/>\n<meta property=\"article:published_time\" content=\"2020-12-23T21:16:00+00:00\" \/>\n<meta property=\"article:modified_time\" content=\"2020-12-23T21:19:56+00:00\" \/>\n<meta property=\"og:image\" content=\"https:\/\/experienciadevida.com.ar\/portalurbano\/wp-content\/uploads\/2020\/12\/140-acto-aniversario.jpg\" \/>\n\t<meta property=\"og:image:width\" content=\"1280\" \/>\n\t<meta property=\"og:image:height\" content=\"854\" \/>\n\t<meta property=\"og:image:type\" content=\"image\/jpeg\" \/>\n<meta name=\"author\" content=\"admpu17wp\" \/>\n<meta name=\"twitter:card\" content=\"summary_large_image\" \/>\n<meta name=\"twitter:creator\" content=\"@portalurbanook\" \/>\n<meta name=\"twitter:site\" content=\"@portalurbanook\" \/>\n<meta name=\"twitter:label1\" content=\"Escrito por\" \/>\n\t<meta name=\"twitter:data1\" content=\"admpu17wp\" \/>\n\t<meta name=\"twitter:label2\" content=\"Tiempo de lectura\" \/>\n\t<meta name=\"twitter:data2\" content=\"3 minutos\" \/>\n<script type=\"application\/ld+json\" class=\"yoast-schema-graph\">{\"@context\":\"https:\/\/schema.org\",\"@graph\":[{\"@type\":\"Article\",\"@id\":\"https:\/\/experienciadevida.com.ar\/portalurbano\/se-realizo-el-140-acto-aniversario-de-la-creacion-de-la-policia-de-la-provincia\/#article\",\"isPartOf\":{\"@id\":\"https:\/\/experienciadevida.com.ar\/portalurbano\/se-realizo-el-140-acto-aniversario-de-la-creacion-de-la-policia-de-la-provincia\/\"},\"author\":{\"name\":\"admpu17wp\",\"@id\":\"https:\/\/experienciadevida.com.ar\/portalurbano\/#\/schema\/person\/02dd326b1c4b056e9cc972486934a3a7\"},\"headline\":\"Se realiz\u00f3 el 140\u00b0 acto aniversario de la creaci\u00f3n de la polic\u00eda de la Provincia\",\"datePublished\":\"2020-12-23T21:16:00+00:00\",\"dateModified\":\"2020-12-23T21:19:56+00:00\",\"mainEntityOfPage\":{\"@id\":\"https:\/\/experienciadevida.com.ar\/portalurbano\/se-realizo-el-140-acto-aniversario-de-la-creacion-de-la-policia-de-la-provincia\/\"},\"wordCount\":577,\"publisher\":{\"@id\":\"https:\/\/experienciadevida.com.ar\/portalurbano\/#organization\"},\"articleSection\":[\"Ciudad\",\"Destacadas\"],\"inLanguage\":\"es\"},{\"@type\":\"WebPage\",\"@id\":\"https:\/\/experienciadevida.com.ar\/portalurbano\/se-realizo-el-140-acto-aniversario-de-la-creacion-de-la-policia-de-la-provincia\/\",\"url\":\"https:\/\/experienciadevida.com.ar\/portalurbano\/se-realizo-el-140-acto-aniversario-de-la-creacion-de-la-policia-de-la-provincia\/\",\"name\":\"Se realiz\u00f3 el 140\u00b0 acto aniversario de la creaci\u00f3n de la polic\u00eda\",\"isPartOf\":{\"@id\":\"https:\/\/experienciadevida.com.ar\/portalurbano\/#website\"},\"datePublished\":\"2020-12-23T21:16:00+00:00\",\"dateModified\":\"2020-12-23T21:19:56+00:00\",\"description\":\"Este mi\u00e9rcoles se realiz\u00f3 el 140\u00b0 acto aniversario de la creaci\u00f3n de la polic\u00eda de la Provincia de Buenos Aires.\",\"breadcrumb\":{\"@id\":\"https:\/\/experienciadevida.com.ar\/portalurbano\/se-realizo-el-140-acto-aniversario-de-la-creacion-de-la-policia-de-la-provincia\/#breadcrumb\"},\"inLanguage\":\"es\",\"potentialAction\":[{\"@type\":\"ReadAction\",\"target\":[\"https:\/\/experienciadevida.com.ar\/portalurbano\/se-realizo-el-140-acto-aniversario-de-la-creacion-de-la-policia-de-la-provincia\/\"]}]},{\"@type\":\"BreadcrumbList\",\"@id\":\"https:\/\/experienciadevida.com.ar\/portalurbano\/se-realizo-el-140-acto-aniversario-de-la-creacion-de-la-policia-de-la-provincia\/#breadcrumb\",\"itemListElement\":[{\"@type\":\"ListItem\",\"position\":1,\"name\":\"Portada\",\"item\":\"https:\/\/experienciadevida.com.ar\/portalurbano\/\"},{\"@type\":\"ListItem\",\"position\":2,\"name\":\"Se realiz\u00f3 el 140\u00b0 acto aniversario de la creaci\u00f3n de la polic\u00eda de la Provincia\"}]},{\"@type\":\"WebSite\",\"@id\":\"https:\/\/experienciadevida.com.ar\/portalurbano\/#website\",\"url\":\"https:\/\/experienciadevida.com.ar\/portalurbano\/\",\"name\":\"\",\"description\":\"\",\"publisher\":{\"@id\":\"https:\/\/experienciadevida.com.ar\/portalurbano\/#organization\"},\"potentialAction\":[{\"@type\":\"SearchAction\",\"target\":{\"@type\":\"EntryPoint\",\"urlTemplate\":\"https:\/\/experienciadevida.com.ar\/portalurbano\/?s={search_term_string}\"},\"query-input\":\"required name=search_term_string\"}],\"inLanguage\":\"es\"},{\"@type\":\"Organization\",\"@id\":\"https:\/\/experienciadevida.com.ar\/portalurbano\/#organization\",\"name\":\"Portal Urbano\",\"url\":\"https:\/\/experienciadevida.com.ar\/portalurbano\/\",\"logo\":{\"@type\":\"ImageObject\",\"inLanguage\":\"es\",\"@id\":\"https:\/\/experienciadevida.com.ar\/portalurbano\/#\/schema\/logo\/image\/\",\"url\":\"https:\/\/experienciadevida.com.ar\/portalurbano\/wp-content\/uploads\/2019\/09\/Logo-Original.png\",\"contentUrl\":\"https:\/\/experienciadevida.com.ar\/portalurbano\/wp-content\/uploads\/2019\/09\/Logo-Original.png\",\"width\":2236,\"height\":1216,\"caption\":\"Portal Urbano\"},\"image\":{\"@id\":\"https:\/\/experienciadevida.com.ar\/portalurbano\/#\/schema\/logo\/image\/\"},\"sameAs\":[\"https:\/\/www.facebook.com\/Portal-Urbano-171542830093757\/\",\"https:\/\/twitter.com\/portalurbanook\",\"https:\/\/www.instagram.com\/_portalurbano\/\",\"https:\/\/www.youtube.com\/channel\/UCXhagIfszH8KxFiOok79zbA?view_as=subscriber\"]},{\"@type\":\"Person\",\"@id\":\"https:\/\/experienciadevida.com.ar\/portalurbano\/#\/schema\/person\/02dd326b1c4b056e9cc972486934a3a7\",\"name\":\"admpu17wp\",\"image\":{\"@type\":\"ImageObject\",\"inLanguage\":\"es\",\"@id\":\"https:\/\/experienciadevida.com.ar\/portalurbano\/#\/schema\/person\/image\/\",\"url\":\"https:\/\/secure.gravatar.com\/avatar\/830d4c57adaae6630765e449a6908047?s=96&d=mm&r=g\",\"contentUrl\":\"https:\/\/secure.gravatar.com\/avatar\/830d4c57adaae6630765e449a6908047?s=96&d=mm&r=g\",\"caption\":\"admpu17wp\"}}]}<\/script>\n<!-- \/ Yoast SEO plugin. -->","yoast_head_json":{"title":"Se realiz\u00f3 el 140\u00b0 acto aniversario de la creaci\u00f3n de la polic\u00eda","description":"Este mi\u00e9rcoles se realiz\u00f3 el 140\u00b0 acto aniversario de la creaci\u00f3n de la polic\u00eda de la Provincia de Buenos Aires.","robots":{"index":"index","follow":"follow","max-snippet":"max-snippet:-1","max-image-preview":"max-image-preview:large","max-video-preview":"max-video-preview:-1"},"canonical":"https:\/\/experienciadevida.com.ar\/portalurbano\/se-realizo-el-140-acto-aniversario-de-la-creacion-de-la-policia-de-la-provincia\/","og_locale":"es_ES","og_type":"article","og_title":"Se realiz\u00f3 el 140\u00b0 acto aniversario de la creaci\u00f3n de la polic\u00eda","og_description":"Este mi\u00e9rcoles se realiz\u00f3 el 140\u00b0 acto aniversario de la creaci\u00f3n de la polic\u00eda de la Provincia de Buenos Aires.","og_url":"https:\/\/experienciadevida.com.ar\/portalurbano\/se-realizo-el-140-acto-aniversario-de-la-creacion-de-la-policia-de-la-provincia\/","article_publisher":"https:\/\/www.facebook.com\/Portal-Urbano-171542830093757\/","article_published_time":"2020-12-23T21:16:00+00:00","article_modified_time":"2020-12-23T21:19:56+00:00","og_image":[{"width":1280,"height":854,"url":"https:\/\/experienciadevida.com.ar\/portalurbano\/wp-content\/uploads\/2020\/12\/140-acto-aniversario.jpg","type":"image\/jpeg"}],"author":"admpu17wp","twitter_card":"summary_large_image","twitter_creator":"@portalurbanook","twitter_site":"@portalurbanook","twitter_misc":{"Escrito por":"admpu17wp","Tiempo de lectura":"3 minutos"},"schema":{"@context":"https:\/\/schema.org","@graph":[{"@type":"Article","@id":"https:\/\/experienciadevida.com.ar\/portalurbano\/se-realizo-el-140-acto-aniversario-de-la-creacion-de-la-policia-de-la-provincia\/#article","isPartOf":{"@id":"https:\/\/experienciadevida.com.ar\/portalurbano\/se-realizo-el-140-acto-aniversario-de-la-creacion-de-la-policia-de-la-provincia\/"},"author":{"name":"admpu17wp","@id":"https:\/\/experienciadevida.com.ar\/portalurbano\/#\/schema\/person\/02dd326b1c4b056e9cc972486934a3a7"},"headline":"Se realiz\u00f3 el 140\u00b0 acto aniversario de la creaci\u00f3n de la polic\u00eda de la Provincia","datePublished":"2020-12-23T21:16:00+00:00","dateModified":"2020-12-23T21:19:56+00:00","mainEntityOfPage":{"@id":"https:\/\/experienciadevida.com.ar\/portalurbano\/se-realizo-el-140-acto-aniversario-de-la-creacion-de-la-policia-de-la-provincia\/"},"wordCount":577,"publisher":{"@id":"https:\/\/experienciadevida.com.ar\/portalurbano\/#organization"},"articleSection":["Ciudad","Destacadas"],"inLanguage":"es"},{"@type":"WebPage","@id":"https:\/\/experienciadevida.com.ar\/portalurbano\/se-realizo-el-140-acto-aniversario-de-la-creacion-de-la-policia-de-la-provincia\/","url":"https:\/\/experienciadevida.com.ar\/portalurbano\/se-realizo-el-140-acto-aniversario-de-la-creacion-de-la-policia-de-la-provincia\/","name":"Se realiz\u00f3 el 140\u00b0 acto aniversario de la creaci\u00f3n de la polic\u00eda","isPartOf":{"@id":"https:\/\/experienciadevida.com.ar\/portalurbano\/#website"},"datePublished":"2020-12-23T21:16:00+00:00","dateModified":"2020-12-23T21:19:56+00:00","description":"Este mi\u00e9rcoles se realiz\u00f3 el 140\u00b0 acto aniversario de la creaci\u00f3n de la polic\u00eda de la Provincia de Buenos Aires.","breadcrumb":{"@id":"https:\/\/experienciadevida.com.ar\/portalurbano\/se-realizo-el-140-acto-aniversario-de-la-creacion-de-la-policia-de-la-provincia\/#breadcrumb"},"inLanguage":"es","potentialAction":[{"@type":"ReadAction","target":["https:\/\/experienciadevida.com.ar\/portalurbano\/se-realizo-el-140-acto-aniversario-de-la-creacion-de-la-policia-de-la-provincia\/"]}]},{"@type":"BreadcrumbList","@id":"https:\/\/experienciadevida.com.ar\/portalurbano\/se-realizo-el-140-acto-aniversario-de-la-creacion-de-la-policia-de-la-provincia\/#breadcrumb","itemListElement":[{"@type":"ListItem","position":1,"name":"Portada","item":"https:\/\/experienciadevida.com.ar\/portalurbano\/"},{"@type":"ListItem","position":2,"name":"Se realiz\u00f3 el 140\u00b0 acto aniversario de la creaci\u00f3n de la polic\u00eda de la Provincia"}]},{"@type":"WebSite","@id":"https:\/\/experienciadevida.com.ar\/portalurbano\/#website","url":"https:\/\/experienciadevida.com.ar\/portalurbano\/","name":"","description":"","publisher":{"@id":"https:\/\/experienciadevida.com.ar\/portalurbano\/#organization"},"potentialAction":[{"@type":"SearchAction","target":{"@type":"EntryPoint","urlTemplate":"https:\/\/experienciadevida.com.ar\/portalurbano\/?s={search_term_string}"},"query-input":"required name=search_term_string"}],"inLanguage":"es"},{"@type":"Organization","@id":"https:\/\/experienciadevida.com.ar\/portalurbano\/#organization","name":"Portal Urbano","url":"https:\/\/experienciadevida.com.ar\/portalurbano\/","logo":{"@type":"ImageObject","inLanguage":"es","@id":"https:\/\/experienciadevida.com.ar\/portalurbano\/#\/schema\/logo\/image\/","url":"https:\/\/experienciadevida.com.ar\/portalurbano\/wp-content\/uploads\/2019\/09\/Logo-Original.png","contentUrl":"https:\/\/experienciadevida.com.ar\/portalurbano\/wp-content\/uploads\/2019\/09\/Logo-Original.png","width":2236,"height":1216,"caption":"Portal Urbano"},"image":{"@id":"https:\/\/experienciadevida.com.ar\/portalurbano\/#\/schema\/logo\/image\/"},"sameAs":["https:\/\/www.facebook.com\/Portal-Urbano-171542830093757\/","https:\/\/twitter.com\/portalurbanook","https:\/\/www.instagram.com\/_portalurbano\/","https:\/\/www.youtube.com\/channel\/UCXhagIfszH8KxFiOok79zbA?view_as=subscriber"]},{"@type":"Person","@id":"https:\/\/experienciadevida.com.ar\/portalurbano\/#\/schema\/person\/02dd326b1c4b056e9cc972486934a3a7","name":"admpu17wp","image":{"@type":"ImageObject","inLanguage":"es","@id":"https:\/\/experienciadevida.com.ar\/portalurbano\/#\/schema\/person\/image\/","url":"https:\/\/secure.gravatar.com\/avatar\/830d4c57adaae6630765e449a6908047?s=96&d=mm&r=g","contentUrl":"https:\/\/secure.gravatar.com\/avatar\/830d4c57adaae6630765e449a6908047?s=96&d=mm&r=g","caption":"admpu17wp"}}]}},"featured_image_urls":{"full":["https:\/\/experienciadevida.com.ar\/portalurbano\/wp-content\/uploads\/2020\/12\/140-acto-aniversario.jpg",1280,854,false],"thumbnail":["https:\/\/experienciadevida.com.ar\/portalurbano\/wp-content\/uploads\/2020\/12\/140-acto-aniversario-150x150.jpg",150,150,true],"medium":["https:\/\/experienciadevida.com.ar\/portalurbano\/wp-content\/uploads\/2020\/12\/140-acto-aniversario-300x200.jpg",300,200,true],"medium_large":["https:\/\/experienciadevida.com.ar\/portalurbano\/wp-content\/uploads\/2020\/12\/140-acto-aniversario-768x512.jpg",640,427,true],"large":["https:\/\/experienciadevida.com.ar\/portalurbano\/wp-content\/uploads\/2020\/12\/140-acto-aniversario-1024x683.jpg",640,427,true],"ug_big":["https:\/\/experienciadevida.com.ar\/portalurbano\/wp-content\/uploads\/2020\/12\/140-acto-aniversario-768x512.jpg",768,512,true],"1536x1536":["https:\/\/experienciadevida.com.ar\/portalurbano\/wp-content\/uploads\/2020\/12\/140-acto-aniversario.jpg",1280,854,false],"2048x2048":["https:\/\/experienciadevida.com.ar\/portalurbano\/wp-content\/uploads\/2020\/12\/140-acto-aniversario.jpg",1280,854,false],"newsever-slider-full":["https:\/\/experienciadevida.com.ar\/portalurbano\/wp-content\/uploads\/2020\/12\/140-acto-aniversario.jpg",1267,845,false],"newsever-featured":["https:\/\/experienciadevida.com.ar\/portalurbano\/wp-content\/uploads\/2020\/12\/140-acto-aniversario.jpg",1024,683,false],"newsever-medium":["https:\/\/experienciadevida.com.ar\/portalurbano\/wp-content\/uploads\/2020\/12\/140-acto-aniversario.jpg",712,475,false],"web-stories-poster-portrait":["https:\/\/experienciadevida.com.ar\/portalurbano\/wp-content\/uploads\/2020\/12\/140-acto-aniversario.jpg",640,427,false],"web-stories-publisher-logo":["https:\/\/experienciadevida.com.ar\/portalurbano\/wp-content\/uploads\/2020\/12\/140-acto-aniversario.jpg",96,64,false],"web-stories-thumbnail":["https:\/\/experienciadevida.com.ar\/portalurbano\/wp-content\/uploads\/2020\/12\/140-acto-aniversario.jpg",150,100,false]},"author_info":{"display_name":"admpu17wp","author_link":"https:\/\/experienciadevida.com.ar\/portalurbano\/author\/admpu17wp\/"},"category_info":"<a href=\"https:\/\/experienciadevida.com.ar\/portalurbano\/category\/ciudad\/\" rel=\"category tag\">Ciudad<\/a> <a href=\"https:\/\/experienciadevida.com.ar\/portalurbano\/category\/destacadas\/\" rel=\"category tag\">Destacadas<\/a>","tag_info":"Destacadas","comment_count":"0","amp_enabled":true,"_links":{"self":[{"href":"https:\/\/experienciadevida.com.ar\/portalurbano\/wp-json\/wp\/v2\/posts\/130713"}],"collection":[{"href":"https:\/\/experienciadevida.com.ar\/portalurbano\/wp-json\/wp\/v2\/posts"}],"about":[{"href":"https:\/\/experienciadevida.com.ar\/portalurbano\/wp-json\/wp\/v2\/types\/post"}],"author":[{"embeddable":true,"href":"https:\/\/experienciadevida.com.ar\/portalurbano\/wp-json\/wp\/v2\/users\/1"}],"replies":[{"embeddable":true,"href":"https:\/\/experienciadevida.com.ar\/portalurbano\/wp-json\/wp\/v2\/comments?post=130713"}],"version-history":[{"count":3,"href":"https:\/\/experienciadevida.com.ar\/portalurbano\/wp-json\/wp\/v2\/posts\/130713\/revisions"}],"predecessor-version":[{"id":130720,"href":"https:\/\/experienciadevida.com.ar\/portalurbano\/wp-json\/wp\/v2\/posts\/130713\/revisions\/130720"}],"wp:featuredmedia":[{"embeddable":true,"href":"https:\/\/experienciadevida.com.ar\/portalurbano\/wp-json\/wp\/v2\/media\/130714"}],"wp:attachment":[{"href":"https:\/\/experienciadevida.com.ar\/portalurbano\/wp-json\/wp\/v2\/media?parent=130713"}],"wp:term":[{"taxonomy":"category","embeddable":true,"href":"https:\/\/experienciadevida.com.ar\/portalurbano\/wp-json\/wp\/v2\/categories?post=130713"},{"taxonomy":"post_tag","embeddable":true,"href":"https:\/\/experienciadevida.com.ar\/portalurbano\/wp-json\/wp\/v2\/tags?post=130713"}],"curies":[{"name":"wp","href":"https:\/\/api.w.org\/{rel}","templated":true}]}}