{"id":130677,"date":"2020-12-23T12:08:40","date_gmt":"2020-12-23T15:08:40","guid":{"rendered":"https:\/\/experienciadevida.com.ar\/portalurbano\/?p=130677"},"modified":"2020-12-23T12:09:52","modified_gmt":"2020-12-23T15:09:52","slug":"navidad-como-sera-el-servicio-de-recoleccion-de-residuos","status":"publish","type":"post","link":"https:\/\/experienciadevida.com.ar\/portalurbano\/navidad-como-sera-el-servicio-de-recoleccion-de-residuos\/","title":{"rendered":"Navidad: \u00bfC\u00f3mo ser\u00e1 el servicio de recolecci\u00f3n de residuos?"},"content":{"rendered":"<p>Desde la Secretar\u00eda de Mantenimiento y Obras P\u00fablicas se inform\u00f3 c\u00f3mo se desarrollar\u00e1 el servicio de recolecci\u00f3n de residuos, en los pr\u00f3ximos d\u00edas, con motivo de la celebraci\u00f3n de Navidad.<\/p>\n<p>Jueves 24:<\/p>\n<p>Barrido manual: servicio normal<\/p>\n<p>Recolecci\u00f3n diurna: servicio normal<\/p>\n<p>Recolecci\u00f3n nocturna: no se realizar\u00e1 servicio.<\/p>\n<p>Barrido mec\u00e1nico: no se realizar\u00e1 servicio.<\/p>\n<p>Viernes 25:<\/p>\n<p>Barrido manual: no se realizar\u00e1 servicio.<\/p>\n<p>Recolecci\u00f3n diurna: no se realizar\u00e1 servicio<\/p>\n<p>Recolecci\u00f3n nocturna: servicio normal.<\/p>\n<p>Barrido mec\u00e1nico: servicio normal.<\/p>\n<p>Finalmente desde la empresa Transportes Malvinas se solicit\u00f3 la colaboraci\u00f3n de parte de la comunidad para hacer entre todos una ciudad m\u00e1s limpia. Por m\u00e1s informaci\u00f3n comunicarse con el Centro de Atenci\u00f3n al Usuario al 433073 o por mail a sucolavarria@tmalvinas.com.ar<\/p>\n<p>&nbsp;<\/p>\n","protected":false},"excerpt":{"rendered":"<p>Desde la Secretar\u00eda de Mantenimiento y Obras P\u00fablicas se inform\u00f3 c\u00f3mo se desarrollar\u00e1 el servicio&#8230;<\/p>\n","protected":false},"author":1,"featured_media":0,"comment_status":"closed","ping_status":"closed","sticky":false,"template":"","format":"standard","meta":{"content-type":""},"categories":[27,51],"tags":[],"nelio_content":{"isAutoShareEnabled":false,"autoShareEndMode":"default","automationSources":{"useContentSentences":true,"useSocialTemplates":true,"useCustomSentences":false,"customSentences":[]},"followers":[1],"suggestedReferences":[],"includedReferences":[],"efiUrl":"","efiAlt":"","highlights":[]},"yoast_head":"<!-- This site is optimized with the Yoast SEO plugin v20.7 - https:\/\/yoast.com\/wordpress\/plugins\/seo\/ -->\n<title>Navidad: \u00bfC\u00f3mo ser\u00e1 el servicio de recolecci\u00f3n de residuos?<\/title>\n<meta name=\"description\" content=\"Se inform\u00f3 c\u00f3mo se desarrollar\u00e1 el servicio de recolecci\u00f3n de residuos, en los pr\u00f3ximos d\u00edas, con motivo de la celebraci\u00f3n de Navidad.\" \/>\n<meta name=\"robots\" content=\"index, follow, max-snippet:-1, max-image-preview:large, max-video-preview:-1\" \/>\n<link rel=\"canonical\" href=\"https:\/\/experienciadevida.com.ar\/portalurbano\/navidad-como-sera-el-servicio-de-recoleccion-de-residuos\/\" \/>\n<meta property=\"og:locale\" content=\"es_ES\" \/>\n<meta property=\"og:type\" content=\"article\" \/>\n<meta property=\"og:title\" content=\"Navidad: \u00bfC\u00f3mo ser\u00e1 el servicio de recolecci\u00f3n de residuos?\" \/>\n<meta property=\"og:description\" content=\"Se inform\u00f3 c\u00f3mo se desarrollar\u00e1 el servicio de recolecci\u00f3n de residuos, en los pr\u00f3ximos d\u00edas, con motivo de la celebraci\u00f3n de Navidad.\" \/>\n<meta property=\"og:url\" content=\"https:\/\/experienciadevida.com.ar\/portalurbano\/navidad-como-sera-el-servicio-de-recoleccion-de-residuos\/\" \/>\n<meta property=\"article:publisher\" content=\"https:\/\/www.facebook.com\/Portal-Urbano-171542830093757\/\" \/>\n<meta property=\"article:published_time\" content=\"2020-12-23T15:08:40+00:00\" \/>\n<meta property=\"article:modified_time\" content=\"2020-12-23T15:09:52+00:00\" \/>\n<meta property=\"og:image\" content=\"https:\/\/experienciadevida.com.ar\/portalurbano\/wp-content\/uploads\/2018\/09\/MALVINAS-e1561218226276.jpg\" \/>\n\t<meta property=\"og:image:width\" content=\"750\" \/>\n\t<meta property=\"og:image:height\" content=\"497\" \/>\n\t<meta property=\"og:image:type\" content=\"image\/jpeg\" \/>\n<meta name=\"author\" content=\"admpu17wp\" \/>\n<meta name=\"twitter:card\" content=\"summary_large_image\" \/>\n<meta name=\"twitter:creator\" content=\"@portalurbanook\" \/>\n<meta name=\"twitter:site\" content=\"@portalurbanook\" \/>\n<meta name=\"twitter:label1\" content=\"Escrito por\" \/>\n\t<meta name=\"twitter:data1\" content=\"admpu17wp\" \/>\n\t<meta name=\"twitter:label2\" content=\"Tiempo de lectura\" \/>\n\t<meta name=\"twitter:data2\" content=\"1 minuto\" \/>\n<script type=\"application\/ld+json\" class=\"yoast-schema-graph\">{\"@context\":\"https:\/\/schema.org\",\"@graph\":[{\"@type\":\"Article\",\"@id\":\"https:\/\/experienciadevida.com.ar\/portalurbano\/navidad-como-sera-el-servicio-de-recoleccion-de-residuos\/#article\",\"isPartOf\":{\"@id\":\"https:\/\/experienciadevida.com.ar\/portalurbano\/navidad-como-sera-el-servicio-de-recoleccion-de-residuos\/\"},\"author\":{\"name\":\"admpu17wp\",\"@id\":\"https:\/\/experienciadevida.com.ar\/portalurbano\/#\/schema\/person\/02dd326b1c4b056e9cc972486934a3a7\"},\"headline\":\"Navidad: \u00bfC\u00f3mo ser\u00e1 el servicio de recolecci\u00f3n de residuos?\",\"datePublished\":\"2020-12-23T15:08:40+00:00\",\"dateModified\":\"2020-12-23T15:09:52+00:00\",\"mainEntityOfPage\":{\"@id\":\"https:\/\/experienciadevida.com.ar\/portalurbano\/navidad-como-sera-el-servicio-de-recoleccion-de-residuos\/\"},\"wordCount\":145,\"publisher\":{\"@id\":\"https:\/\/experienciadevida.com.ar\/portalurbano\/#organization\"},\"articleSection\":[\"Ciudad\",\"Destacadas\"],\"inLanguage\":\"es\"},{\"@type\":\"WebPage\",\"@id\":\"https:\/\/experienciadevida.com.ar\/portalurbano\/navidad-como-sera-el-servicio-de-recoleccion-de-residuos\/\",\"url\":\"https:\/\/experienciadevida.com.ar\/portalurbano\/navidad-como-sera-el-servicio-de-recoleccion-de-residuos\/\",\"name\":\"Navidad: \u00bfC\u00f3mo ser\u00e1 el servicio de recolecci\u00f3n de residuos?\",\"isPartOf\":{\"@id\":\"https:\/\/experienciadevida.com.ar\/portalurbano\/#website\"},\"datePublished\":\"2020-12-23T15:08:40+00:00\",\"dateModified\":\"2020-12-23T15:09:52+00:00\",\"description\":\"Se inform\u00f3 c\u00f3mo se desarrollar\u00e1 el servicio de recolecci\u00f3n de residuos, en los pr\u00f3ximos d\u00edas, con motivo de la celebraci\u00f3n de Navidad.\",\"breadcrumb\":{\"@id\":\"https:\/\/experienciadevida.com.ar\/portalurbano\/navidad-como-sera-el-servicio-de-recoleccion-de-residuos\/#breadcrumb\"},\"inLanguage\":\"es\",\"potentialAction\":[{\"@type\":\"ReadAction\",\"target\":[\"https:\/\/experienciadevida.com.ar\/portalurbano\/navidad-como-sera-el-servicio-de-recoleccion-de-residuos\/\"]}]},{\"@type\":\"BreadcrumbList\",\"@id\":\"https:\/\/experienciadevida.com.ar\/portalurbano\/navidad-como-sera-el-servicio-de-recoleccion-de-residuos\/#breadcrumb\",\"itemListElement\":[{\"@type\":\"ListItem\",\"position\":1,\"name\":\"Portada\",\"item\":\"https:\/\/experienciadevida.com.ar\/portalurbano\/\"},{\"@type\":\"ListItem\",\"position\":2,\"name\":\"Navidad: \u00bfC\u00f3mo ser\u00e1 el servicio de recolecci\u00f3n de residuos?\"}]},{\"@type\":\"WebSite\",\"@id\":\"https:\/\/experienciadevida.com.ar\/portalurbano\/#website\",\"url\":\"https:\/\/experienciadevida.com.ar\/portalurbano\/\",\"name\":\"\",\"description\":\"\",\"publisher\":{\"@id\":\"https:\/\/experienciadevida.com.ar\/portalurbano\/#organization\"},\"potentialAction\":[{\"@type\":\"SearchAction\",\"target\":{\"@type\":\"EntryPoint\",\"urlTemplate\":\"https:\/\/experienciadevida.com.ar\/portalurbano\/?s={search_term_string}\"},\"query-input\":\"required name=search_term_string\"}],\"inLanguage\":\"es\"},{\"@type\":\"Organization\",\"@id\":\"https:\/\/experienciadevida.com.ar\/portalurbano\/#organization\",\"name\":\"Portal Urbano\",\"url\":\"https:\/\/experienciadevida.com.ar\/portalurbano\/\",\"logo\":{\"@type\":\"ImageObject\",\"inLanguage\":\"es\",\"@id\":\"https:\/\/experienciadevida.com.ar\/portalurbano\/#\/schema\/logo\/image\/\",\"url\":\"https:\/\/experienciadevida.com.ar\/portalurbano\/wp-content\/uploads\/2019\/09\/Logo-Original.png\",\"contentUrl\":\"https:\/\/experienciadevida.com.ar\/portalurbano\/wp-content\/uploads\/2019\/09\/Logo-Original.png\",\"width\":2236,\"height\":1216,\"caption\":\"Portal Urbano\"},\"image\":{\"@id\":\"https:\/\/experienciadevida.com.ar\/portalurbano\/#\/schema\/logo\/image\/\"},\"sameAs\":[\"https:\/\/www.facebook.com\/Portal-Urbano-171542830093757\/\",\"https:\/\/twitter.com\/portalurbanook\",\"https:\/\/www.instagram.com\/_portalurbano\/\",\"https:\/\/www.youtube.com\/channel\/UCXhagIfszH8KxFiOok79zbA?view_as=subscriber\"]},{\"@type\":\"Person\",\"@id\":\"https:\/\/experienciadevida.com.ar\/portalurbano\/#\/schema\/person\/02dd326b1c4b056e9cc972486934a3a7\",\"name\":\"admpu17wp\",\"image\":{\"@type\":\"ImageObject\",\"inLanguage\":\"es\",\"@id\":\"https:\/\/experienciadevida.com.ar\/portalurbano\/#\/schema\/person\/image\/\",\"url\":\"https:\/\/secure.gravatar.com\/avatar\/830d4c57adaae6630765e449a6908047?s=96&d=mm&r=g\",\"contentUrl\":\"https:\/\/secure.gravatar.com\/avatar\/830d4c57adaae6630765e449a6908047?s=96&d=mm&r=g\",\"caption\":\"admpu17wp\"}}]}<\/script>\n<!-- \/ Yoast SEO plugin. -->","yoast_head_json":{"title":"Navidad: \u00bfC\u00f3mo ser\u00e1 el servicio de recolecci\u00f3n de residuos?","description":"Se inform\u00f3 c\u00f3mo se desarrollar\u00e1 el servicio de recolecci\u00f3n de residuos, en los pr\u00f3ximos d\u00edas, con motivo de la celebraci\u00f3n de Navidad.","robots":{"index":"index","follow":"follow","max-snippet":"max-snippet:-1","max-image-preview":"max-image-preview:large","max-video-preview":"max-video-preview:-1"},"canonical":"https:\/\/experienciadevida.com.ar\/portalurbano\/navidad-como-sera-el-servicio-de-recoleccion-de-residuos\/","og_locale":"es_ES","og_type":"article","og_title":"Navidad: \u00bfC\u00f3mo ser\u00e1 el servicio de recolecci\u00f3n de residuos?","og_description":"Se inform\u00f3 c\u00f3mo se desarrollar\u00e1 el servicio de recolecci\u00f3n de residuos, en los pr\u00f3ximos d\u00edas, con motivo de la celebraci\u00f3n de Navidad.","og_url":"https:\/\/experienciadevida.com.ar\/portalurbano\/navidad-como-sera-el-servicio-de-recoleccion-de-residuos\/","article_publisher":"https:\/\/www.facebook.com\/Portal-Urbano-171542830093757\/","article_published_time":"2020-12-23T15:08:40+00:00","article_modified_time":"2020-12-23T15:09:52+00:00","og_image":[{"width":750,"height":497,"url":"https:\/\/experienciadevida.com.ar\/portalurbano\/wp-content\/uploads\/2018\/09\/MALVINAS-e1561218226276.jpg","type":"image\/jpeg"}],"author":"admpu17wp","twitter_card":"summary_large_image","twitter_creator":"@portalurbanook","twitter_site":"@portalurbanook","twitter_misc":{"Escrito por":"admpu17wp","Tiempo de lectura":"1 minuto"},"schema":{"@context":"https:\/\/schema.org","@graph":[{"@type":"Article","@id":"https:\/\/experienciadevida.com.ar\/portalurbano\/navidad-como-sera-el-servicio-de-recoleccion-de-residuos\/#article","isPartOf":{"@id":"https:\/\/experienciadevida.com.ar\/portalurbano\/navidad-como-sera-el-servicio-de-recoleccion-de-residuos\/"},"author":{"name":"admpu17wp","@id":"https:\/\/experienciadevida.com.ar\/portalurbano\/#\/schema\/person\/02dd326b1c4b056e9cc972486934a3a7"},"headline":"Navidad: \u00bfC\u00f3mo ser\u00e1 el servicio de recolecci\u00f3n de residuos?","datePublished":"2020-12-23T15:08:40+00:00","dateModified":"2020-12-23T15:09:52+00:00","mainEntityOfPage":{"@id":"https:\/\/experienciadevida.com.ar\/portalurbano\/navidad-como-sera-el-servicio-de-recoleccion-de-residuos\/"},"wordCount":145,"publisher":{"@id":"https:\/\/experienciadevida.com.ar\/portalurbano\/#organization"},"articleSection":["Ciudad","Destacadas"],"inLanguage":"es"},{"@type":"WebPage","@id":"https:\/\/experienciadevida.com.ar\/portalurbano\/navidad-como-sera-el-servicio-de-recoleccion-de-residuos\/","url":"https:\/\/experienciadevida.com.ar\/portalurbano\/navidad-como-sera-el-servicio-de-recoleccion-de-residuos\/","name":"Navidad: \u00bfC\u00f3mo ser\u00e1 el servicio de recolecci\u00f3n de residuos?","isPartOf":{"@id":"https:\/\/experienciadevida.com.ar\/portalurbano\/#website"},"datePublished":"2020-12-23T15:08:40+00:00","dateModified":"2020-12-23T15:09:52+00:00","description":"Se inform\u00f3 c\u00f3mo se desarrollar\u00e1 el servicio de recolecci\u00f3n de residuos, en los pr\u00f3ximos d\u00edas, con motivo de la celebraci\u00f3n de Navidad.","breadcrumb":{"@id":"https:\/\/experienciadevida.com.ar\/portalurbano\/navidad-como-sera-el-servicio-de-recoleccion-de-residuos\/#breadcrumb"},"inLanguage":"es","potentialAction":[{"@type":"ReadAction","target":["https:\/\/experienciadevida.com.ar\/portalurbano\/navidad-como-sera-el-servicio-de-recoleccion-de-residuos\/"]}]},{"@type":"BreadcrumbList","@id":"https:\/\/experienciadevida.com.ar\/portalurbano\/navidad-como-sera-el-servicio-de-recoleccion-de-residuos\/#breadcrumb","itemListElement":[{"@type":"ListItem","position":1,"name":"Portada","item":"https:\/\/experienciadevida.com.ar\/portalurbano\/"},{"@type":"ListItem","position":2,"name":"Navidad: \u00bfC\u00f3mo ser\u00e1 el servicio de recolecci\u00f3n de residuos?"}]},{"@type":"WebSite","@id":"https:\/\/experienciadevida.com.ar\/portalurbano\/#website","url":"https:\/\/experienciadevida.com.ar\/portalurbano\/","name":"","description":"","publisher":{"@id":"https:\/\/experienciadevida.com.ar\/portalurbano\/#organization"},"potentialAction":[{"@type":"SearchAction","target":{"@type":"EntryPoint","urlTemplate":"https:\/\/experienciadevida.com.ar\/portalurbano\/?s={search_term_string}"},"query-input":"required name=search_term_string"}],"inLanguage":"es"},{"@type":"Organization","@id":"https:\/\/experienciadevida.com.ar\/portalurbano\/#organization","name":"Portal Urbano","url":"https:\/\/experienciadevida.com.ar\/portalurbano\/","logo":{"@type":"ImageObject","inLanguage":"es","@id":"https:\/\/experienciadevida.com.ar\/portalurbano\/#\/schema\/logo\/image\/","url":"https:\/\/experienciadevida.com.ar\/portalurbano\/wp-content\/uploads\/2019\/09\/Logo-Original.png","contentUrl":"https:\/\/experienciadevida.com.ar\/portalurbano\/wp-content\/uploads\/2019\/09\/Logo-Original.png","width":2236,"height":1216,"caption":"Portal Urbano"},"image":{"@id":"https:\/\/experienciadevida.com.ar\/portalurbano\/#\/schema\/logo\/image\/"},"sameAs":["https:\/\/www.facebook.com\/Portal-Urbano-171542830093757\/","https:\/\/twitter.com\/portalurbanook","https:\/\/www.instagram.com\/_portalurbano\/","https:\/\/www.youtube.com\/channel\/UCXhagIfszH8KxFiOok79zbA?view_as=subscriber"]},{"@type":"Person","@id":"https:\/\/experienciadevida.com.ar\/portalurbano\/#\/schema\/person\/02dd326b1c4b056e9cc972486934a3a7","name":"admpu17wp","image":{"@type":"ImageObject","inLanguage":"es","@id":"https:\/\/experienciadevida.com.ar\/portalurbano\/#\/schema\/person\/image\/","url":"https:\/\/secure.gravatar.com\/avatar\/830d4c57adaae6630765e449a6908047?s=96&d=mm&r=g","contentUrl":"https:\/\/secure.gravatar.com\/avatar\/830d4c57adaae6630765e449a6908047?s=96&d=mm&r=g","caption":"admpu17wp"}}]}},"featured_image_urls":{"full":"","thumbnail":"","medium":"","medium_large":"","large":"","ug_big":"","1536x1536":"","2048x2048":"","newsever-slider-full":"","newsever-featured":"","newsever-medium":"","web-stories-poster-portrait":"","web-stories-publisher-logo":"","web-stories-thumbnail":""},"author_info":{"display_name":"admpu17wp","author_link":"https:\/\/experienciadevida.com.ar\/portalurbano\/author\/admpu17wp\/"},"category_info":"<a href=\"https:\/\/experienciadevida.com.ar\/portalurbano\/category\/ciudad\/\" rel=\"category tag\">Ciudad<\/a> <a href=\"https:\/\/experienciadevida.com.ar\/portalurbano\/category\/destacadas\/\" rel=\"category tag\">Destacadas<\/a>","tag_info":"Destacadas","comment_count":"0","amp_enabled":true,"_links":{"self":[{"href":"https:\/\/experienciadevida.com.ar\/portalurbano\/wp-json\/wp\/v2\/posts\/130677"}],"collection":[{"href":"https:\/\/experienciadevida.com.ar\/portalurbano\/wp-json\/wp\/v2\/posts"}],"about":[{"href":"https:\/\/experienciadevida.com.ar\/portalurbano\/wp-json\/wp\/v2\/types\/post"}],"author":[{"embeddable":true,"href":"https:\/\/experienciadevida.com.ar\/portalurbano\/wp-json\/wp\/v2\/users\/1"}],"replies":[{"embeddable":true,"href":"https:\/\/experienciadevida.com.ar\/portalurbano\/wp-json\/wp\/v2\/comments?post=130677"}],"version-history":[{"count":1,"href":"https:\/\/experienciadevida.com.ar\/portalurbano\/wp-json\/wp\/v2\/posts\/130677\/revisions"}],"predecessor-version":[{"id":130678,"href":"https:\/\/experienciadevida.com.ar\/portalurbano\/wp-json\/wp\/v2\/posts\/130677\/revisions\/130678"}],"wp:attachment":[{"href":"https:\/\/experienciadevida.com.ar\/portalurbano\/wp-json\/wp\/v2\/media?parent=130677"}],"wp:term":[{"taxonomy":"category","embeddable":true,"href":"https:\/\/experienciadevida.com.ar\/portalurbano\/wp-json\/wp\/v2\/categories?post=130677"},{"taxonomy":"post_tag","embeddable":true,"href":"https:\/\/experienciadevida.com.ar\/portalurbano\/wp-json\/wp\/v2\/tags?post=130677"}],"curies":[{"name":"wp","href":"https:\/\/api.w.org\/{rel}","templated":true}]}}