{"id":130589,"date":"2020-12-22T14:29:37","date_gmt":"2020-12-22T17:29:37","guid":{"rendered":"https:\/\/experienciadevida.com.ar\/portalurbano\/?p=130589"},"modified":"2020-12-22T14:34:48","modified_gmt":"2020-12-22T17:34:48","slug":"con-un-verdurazo-reclamaran-a-galli-atienda-los-danos-provocados-por-la-tormenta","status":"publish","type":"post","link":"https:\/\/experienciadevida.com.ar\/portalurbano\/con-un-verdurazo-reclamaran-a-galli-atienda-los-danos-provocados-por-la-tormenta\/","title":{"rendered":"Con un verdurazo reclamar\u00e1n a Galli atienda los da\u00f1os provocados por la tormenta"},"content":{"rendered":"<p>Los productores del sector hort\u00edcola de la ciudad nucleados en el MTE- rural (Movimiento de trabajadores exclu\u00eddos) y en conjunto\u00a0 con la UTT (Uni\u00f3n de trabajadores de la tierra), realizar\u00e1n un &#8220;verdurazo&#8221; este mi\u00e9rcoles a las 10hs en el Paseo Jes\u00fas Mend\u00eda exigiendo al gobierno Municipal que atienda de forma urgente los da\u00f1os provocados por los \u00faltimos dos temporales, 18\/10 y de este mes.<\/p>\n<p><a href=\"https:\/\/experienciadevida.com.ar\/portalurbano\/con-un-verdurazo-reclamaran-a-galli-atienda-los-danos-provocados-por-la-tormenta\/img-20201219-wa0032\/\" rel=\"attachment wp-att-130593\"><img decoding=\"async\" class=\"alignnone size-full wp-image-130593\" src=\"https:\/\/experienciadevida.com.ar\/portalurbano\/wp-content\/uploads\/2020\/12\/IMG-20201219-WA0032.jpg\" alt=\"\" width=\"765\" height=\"510\" srcset=\"https:\/\/experienciadevida.com.ar\/portalurbano\/wp-content\/uploads\/2020\/12\/IMG-20201219-WA0032.jpg 765w, https:\/\/experienciadevida.com.ar\/portalurbano\/wp-content\/uploads\/2020\/12\/IMG-20201219-WA0032-300x200.jpg 300w\" sizes=\"(max-width: 765px) 100vw, 765px\" \/><\/a><\/p>\n<p>Los temporales han provocado desastres en sus quintas arruinando la producci\u00f3n y econom\u00eda. Mencionan que &#8220;hemos sido completamente invisibilizados siendo que nosotros somos quienes producimos los alimentos frescos que abastecen las mesas de los Olavarrienses. Exigimos al Municipio de Olavarr\u00eda los materiales, principalmente nylon para reparar invernaderos destrozados por las fuertes r\u00e1fagas de viento y la creaci\u00f3n de un banco de insumos destinado para la reposici\u00f3n de los mismos en futuros temporales&#8221;.<\/p>\n<p><a href=\"https:\/\/experienciadevida.com.ar\/portalurbano\/con-un-verdurazo-reclamaran-a-galli-atienda-los-danos-provocados-por-la-tormenta\/img_20201019_103408_969\/\" rel=\"attachment wp-att-130594\"><img decoding=\"async\" class=\"alignnone size-full wp-image-130594\" src=\"https:\/\/experienciadevida.com.ar\/portalurbano\/wp-content\/uploads\/2020\/12\/IMG_20201019_103408_969-scaled-e1608658482396.jpg\" alt=\"\" width=\"765\" height=\"574\" \/><\/a><\/p>\n<p>&#8220;Invitamos a toda la ciudadan\u00eda a pasar por la plaza a conocer el trabajo que hacemos, y vamos a estar reglando bolsas de verdura para quienes m\u00e1s lo necesitan&#8221;.<\/p>\n<p>Por otro lado recuerdan las medidas de cuidado tales como respetar el distanciamiento social, y concurrir con barbijo.<\/p>\n","protected":false},"excerpt":{"rendered":"<p>Los productores del sector hort\u00edcola de la ciudad nucleados en el MTE- rural (Movimiento de&#8230;<\/p>\n","protected":false},"author":1,"featured_media":130590,"comment_status":"closed","ping_status":"closed","sticky":false,"template":"","format":"standard","meta":{"content-type":""},"categories":[27,51],"tags":[],"nelio_content":{"isAutoShareEnabled":false,"autoShareEndMode":"default","automationSources":{"useContentSentences":true,"useSocialTemplates":true,"useCustomSentences":false,"customSentences":[]},"followers":[1],"suggestedReferences":[],"includedReferences":[],"efiUrl":"","efiAlt":"","highlights":[]},"yoast_head":"<!-- This site is optimized with the Yoast SEO plugin v20.7 - https:\/\/yoast.com\/wordpress\/plugins\/seo\/ -->\n<title>Con un verdurazo reclamar\u00e1n a Galli atienda da\u00f1os provocados<\/title>\n<meta name=\"description\" content=\"realizar\u00e1n un &quot;verdurazo&quot; este mi\u00e9rcoles a las 10hs exigiendo al gobierno Municipal que atienda de forma urgente los da\u00f1os provocados.\" \/>\n<meta name=\"robots\" content=\"index, follow, max-snippet:-1, max-image-preview:large, max-video-preview:-1\" \/>\n<link rel=\"canonical\" href=\"https:\/\/experienciadevida.com.ar\/portalurbano\/con-un-verdurazo-reclamaran-a-galli-atienda-los-danos-provocados-por-la-tormenta\/\" \/>\n<meta property=\"og:locale\" content=\"es_ES\" \/>\n<meta property=\"og:type\" content=\"article\" \/>\n<meta property=\"og:title\" content=\"Con un verdurazo reclamar\u00e1n a Galli atienda da\u00f1os provocados\" \/>\n<meta property=\"og:description\" content=\"realizar\u00e1n un &quot;verdurazo&quot; este mi\u00e9rcoles a las 10hs exigiendo al gobierno Municipal que atienda de forma urgente los da\u00f1os provocados.\" \/>\n<meta property=\"og:url\" content=\"https:\/\/experienciadevida.com.ar\/portalurbano\/con-un-verdurazo-reclamaran-a-galli-atienda-los-danos-provocados-por-la-tormenta\/\" \/>\n<meta property=\"article:publisher\" content=\"https:\/\/www.facebook.com\/Portal-Urbano-171542830093757\/\" \/>\n<meta property=\"article:published_time\" content=\"2020-12-22T17:29:37+00:00\" \/>\n<meta property=\"article:modified_time\" content=\"2020-12-22T17:34:48+00:00\" \/>\n<meta property=\"og:image\" content=\"https:\/\/experienciadevida.com.ar\/portalurbano\/wp-content\/uploads\/2020\/12\/Verdurazo.jpg\" \/>\n\t<meta property=\"og:image:width\" content=\"1032\" \/>\n\t<meta property=\"og:image:height\" content=\"774\" \/>\n\t<meta property=\"og:image:type\" content=\"image\/jpeg\" \/>\n<meta name=\"author\" content=\"admpu17wp\" \/>\n<meta name=\"twitter:card\" content=\"summary_large_image\" \/>\n<meta name=\"twitter:creator\" content=\"@portalurbanook\" \/>\n<meta name=\"twitter:site\" content=\"@portalurbanook\" \/>\n<meta name=\"twitter:label1\" content=\"Escrito por\" \/>\n\t<meta name=\"twitter:data1\" content=\"admpu17wp\" \/>\n\t<meta name=\"twitter:label2\" content=\"Tiempo de lectura\" \/>\n\t<meta name=\"twitter:data2\" content=\"1 minuto\" \/>\n<script type=\"application\/ld+json\" class=\"yoast-schema-graph\">{\"@context\":\"https:\/\/schema.org\",\"@graph\":[{\"@type\":\"Article\",\"@id\":\"https:\/\/experienciadevida.com.ar\/portalurbano\/con-un-verdurazo-reclamaran-a-galli-atienda-los-danos-provocados-por-la-tormenta\/#article\",\"isPartOf\":{\"@id\":\"https:\/\/experienciadevida.com.ar\/portalurbano\/con-un-verdurazo-reclamaran-a-galli-atienda-los-danos-provocados-por-la-tormenta\/\"},\"author\":{\"name\":\"admpu17wp\",\"@id\":\"https:\/\/experienciadevida.com.ar\/portalurbano\/#\/schema\/person\/02dd326b1c4b056e9cc972486934a3a7\"},\"headline\":\"Con un verdurazo reclamar\u00e1n a Galli atienda los da\u00f1os provocados por la tormenta\",\"datePublished\":\"2020-12-22T17:29:37+00:00\",\"dateModified\":\"2020-12-22T17:34:48+00:00\",\"mainEntityOfPage\":{\"@id\":\"https:\/\/experienciadevida.com.ar\/portalurbano\/con-un-verdurazo-reclamaran-a-galli-atienda-los-danos-provocados-por-la-tormenta\/\"},\"wordCount\":213,\"publisher\":{\"@id\":\"https:\/\/experienciadevida.com.ar\/portalurbano\/#organization\"},\"articleSection\":[\"Ciudad\",\"Destacadas\"],\"inLanguage\":\"es\"},{\"@type\":\"WebPage\",\"@id\":\"https:\/\/experienciadevida.com.ar\/portalurbano\/con-un-verdurazo-reclamaran-a-galli-atienda-los-danos-provocados-por-la-tormenta\/\",\"url\":\"https:\/\/experienciadevida.com.ar\/portalurbano\/con-un-verdurazo-reclamaran-a-galli-atienda-los-danos-provocados-por-la-tormenta\/\",\"name\":\"Con un verdurazo reclamar\u00e1n a Galli atienda da\u00f1os provocados\",\"isPartOf\":{\"@id\":\"https:\/\/experienciadevida.com.ar\/portalurbano\/#website\"},\"datePublished\":\"2020-12-22T17:29:37+00:00\",\"dateModified\":\"2020-12-22T17:34:48+00:00\",\"description\":\"realizar\u00e1n un \\\"verdurazo\\\" este mi\u00e9rcoles a las 10hs exigiendo al gobierno Municipal que atienda de forma urgente los da\u00f1os provocados.\",\"breadcrumb\":{\"@id\":\"https:\/\/experienciadevida.com.ar\/portalurbano\/con-un-verdurazo-reclamaran-a-galli-atienda-los-danos-provocados-por-la-tormenta\/#breadcrumb\"},\"inLanguage\":\"es\",\"potentialAction\":[{\"@type\":\"ReadAction\",\"target\":[\"https:\/\/experienciadevida.com.ar\/portalurbano\/con-un-verdurazo-reclamaran-a-galli-atienda-los-danos-provocados-por-la-tormenta\/\"]}]},{\"@type\":\"BreadcrumbList\",\"@id\":\"https:\/\/experienciadevida.com.ar\/portalurbano\/con-un-verdurazo-reclamaran-a-galli-atienda-los-danos-provocados-por-la-tormenta\/#breadcrumb\",\"itemListElement\":[{\"@type\":\"ListItem\",\"position\":1,\"name\":\"Portada\",\"item\":\"https:\/\/experienciadevida.com.ar\/portalurbano\/\"},{\"@type\":\"ListItem\",\"position\":2,\"name\":\"Con un verdurazo reclamar\u00e1n a Galli atienda los da\u00f1os provocados por la tormenta\"}]},{\"@type\":\"WebSite\",\"@id\":\"https:\/\/experienciadevida.com.ar\/portalurbano\/#website\",\"url\":\"https:\/\/experienciadevida.com.ar\/portalurbano\/\",\"name\":\"\",\"description\":\"\",\"publisher\":{\"@id\":\"https:\/\/experienciadevida.com.ar\/portalurbano\/#organization\"},\"potentialAction\":[{\"@type\":\"SearchAction\",\"target\":{\"@type\":\"EntryPoint\",\"urlTemplate\":\"https:\/\/experienciadevida.com.ar\/portalurbano\/?s={search_term_string}\"},\"query-input\":\"required name=search_term_string\"}],\"inLanguage\":\"es\"},{\"@type\":\"Organization\",\"@id\":\"https:\/\/experienciadevida.com.ar\/portalurbano\/#organization\",\"name\":\"Portal Urbano\",\"url\":\"https:\/\/experienciadevida.com.ar\/portalurbano\/\",\"logo\":{\"@type\":\"ImageObject\",\"inLanguage\":\"es\",\"@id\":\"https:\/\/experienciadevida.com.ar\/portalurbano\/#\/schema\/logo\/image\/\",\"url\":\"https:\/\/experienciadevida.com.ar\/portalurbano\/wp-content\/uploads\/2019\/09\/Logo-Original.png\",\"contentUrl\":\"https:\/\/experienciadevida.com.ar\/portalurbano\/wp-content\/uploads\/2019\/09\/Logo-Original.png\",\"width\":2236,\"height\":1216,\"caption\":\"Portal Urbano\"},\"image\":{\"@id\":\"https:\/\/experienciadevida.com.ar\/portalurbano\/#\/schema\/logo\/image\/\"},\"sameAs\":[\"https:\/\/www.facebook.com\/Portal-Urbano-171542830093757\/\",\"https:\/\/twitter.com\/portalurbanook\",\"https:\/\/www.instagram.com\/_portalurbano\/\",\"https:\/\/www.youtube.com\/channel\/UCXhagIfszH8KxFiOok79zbA?view_as=subscriber\"]},{\"@type\":\"Person\",\"@id\":\"https:\/\/experienciadevida.com.ar\/portalurbano\/#\/schema\/person\/02dd326b1c4b056e9cc972486934a3a7\",\"name\":\"admpu17wp\",\"image\":{\"@type\":\"ImageObject\",\"inLanguage\":\"es\",\"@id\":\"https:\/\/experienciadevida.com.ar\/portalurbano\/#\/schema\/person\/image\/\",\"url\":\"https:\/\/secure.gravatar.com\/avatar\/830d4c57adaae6630765e449a6908047?s=96&d=mm&r=g\",\"contentUrl\":\"https:\/\/secure.gravatar.com\/avatar\/830d4c57adaae6630765e449a6908047?s=96&d=mm&r=g\",\"caption\":\"admpu17wp\"}}]}<\/script>\n<!-- \/ Yoast SEO plugin. -->","yoast_head_json":{"title":"Con un verdurazo reclamar\u00e1n a Galli atienda da\u00f1os provocados","description":"realizar\u00e1n un \"verdurazo\" este mi\u00e9rcoles a las 10hs exigiendo al gobierno Municipal que atienda de forma urgente los da\u00f1os provocados.","robots":{"index":"index","follow":"follow","max-snippet":"max-snippet:-1","max-image-preview":"max-image-preview:large","max-video-preview":"max-video-preview:-1"},"canonical":"https:\/\/experienciadevida.com.ar\/portalurbano\/con-un-verdurazo-reclamaran-a-galli-atienda-los-danos-provocados-por-la-tormenta\/","og_locale":"es_ES","og_type":"article","og_title":"Con un verdurazo reclamar\u00e1n a Galli atienda da\u00f1os provocados","og_description":"realizar\u00e1n un \"verdurazo\" este mi\u00e9rcoles a las 10hs exigiendo al gobierno Municipal que atienda de forma urgente los da\u00f1os provocados.","og_url":"https:\/\/experienciadevida.com.ar\/portalurbano\/con-un-verdurazo-reclamaran-a-galli-atienda-los-danos-provocados-por-la-tormenta\/","article_publisher":"https:\/\/www.facebook.com\/Portal-Urbano-171542830093757\/","article_published_time":"2020-12-22T17:29:37+00:00","article_modified_time":"2020-12-22T17:34:48+00:00","og_image":[{"width":1032,"height":774,"url":"https:\/\/experienciadevida.com.ar\/portalurbano\/wp-content\/uploads\/2020\/12\/Verdurazo.jpg","type":"image\/jpeg"}],"author":"admpu17wp","twitter_card":"summary_large_image","twitter_creator":"@portalurbanook","twitter_site":"@portalurbanook","twitter_misc":{"Escrito por":"admpu17wp","Tiempo de lectura":"1 minuto"},"schema":{"@context":"https:\/\/schema.org","@graph":[{"@type":"Article","@id":"https:\/\/experienciadevida.com.ar\/portalurbano\/con-un-verdurazo-reclamaran-a-galli-atienda-los-danos-provocados-por-la-tormenta\/#article","isPartOf":{"@id":"https:\/\/experienciadevida.com.ar\/portalurbano\/con-un-verdurazo-reclamaran-a-galli-atienda-los-danos-provocados-por-la-tormenta\/"},"author":{"name":"admpu17wp","@id":"https:\/\/experienciadevida.com.ar\/portalurbano\/#\/schema\/person\/02dd326b1c4b056e9cc972486934a3a7"},"headline":"Con un verdurazo reclamar\u00e1n a Galli atienda los da\u00f1os provocados por la tormenta","datePublished":"2020-12-22T17:29:37+00:00","dateModified":"2020-12-22T17:34:48+00:00","mainEntityOfPage":{"@id":"https:\/\/experienciadevida.com.ar\/portalurbano\/con-un-verdurazo-reclamaran-a-galli-atienda-los-danos-provocados-por-la-tormenta\/"},"wordCount":213,"publisher":{"@id":"https:\/\/experienciadevida.com.ar\/portalurbano\/#organization"},"articleSection":["Ciudad","Destacadas"],"inLanguage":"es"},{"@type":"WebPage","@id":"https:\/\/experienciadevida.com.ar\/portalurbano\/con-un-verdurazo-reclamaran-a-galli-atienda-los-danos-provocados-por-la-tormenta\/","url":"https:\/\/experienciadevida.com.ar\/portalurbano\/con-un-verdurazo-reclamaran-a-galli-atienda-los-danos-provocados-por-la-tormenta\/","name":"Con un verdurazo reclamar\u00e1n a Galli atienda da\u00f1os provocados","isPartOf":{"@id":"https:\/\/experienciadevida.com.ar\/portalurbano\/#website"},"datePublished":"2020-12-22T17:29:37+00:00","dateModified":"2020-12-22T17:34:48+00:00","description":"realizar\u00e1n un \"verdurazo\" este mi\u00e9rcoles a las 10hs exigiendo al gobierno Municipal que atienda de forma urgente los da\u00f1os provocados.","breadcrumb":{"@id":"https:\/\/experienciadevida.com.ar\/portalurbano\/con-un-verdurazo-reclamaran-a-galli-atienda-los-danos-provocados-por-la-tormenta\/#breadcrumb"},"inLanguage":"es","potentialAction":[{"@type":"ReadAction","target":["https:\/\/experienciadevida.com.ar\/portalurbano\/con-un-verdurazo-reclamaran-a-galli-atienda-los-danos-provocados-por-la-tormenta\/"]}]},{"@type":"BreadcrumbList","@id":"https:\/\/experienciadevida.com.ar\/portalurbano\/con-un-verdurazo-reclamaran-a-galli-atienda-los-danos-provocados-por-la-tormenta\/#breadcrumb","itemListElement":[{"@type":"ListItem","position":1,"name":"Portada","item":"https:\/\/experienciadevida.com.ar\/portalurbano\/"},{"@type":"ListItem","position":2,"name":"Con un verdurazo reclamar\u00e1n a Galli atienda los da\u00f1os provocados por la tormenta"}]},{"@type":"WebSite","@id":"https:\/\/experienciadevida.com.ar\/portalurbano\/#website","url":"https:\/\/experienciadevida.com.ar\/portalurbano\/","name":"","description":"","publisher":{"@id":"https:\/\/experienciadevida.com.ar\/portalurbano\/#organization"},"potentialAction":[{"@type":"SearchAction","target":{"@type":"EntryPoint","urlTemplate":"https:\/\/experienciadevida.com.ar\/portalurbano\/?s={search_term_string}"},"query-input":"required name=search_term_string"}],"inLanguage":"es"},{"@type":"Organization","@id":"https:\/\/experienciadevida.com.ar\/portalurbano\/#organization","name":"Portal Urbano","url":"https:\/\/experienciadevida.com.ar\/portalurbano\/","logo":{"@type":"ImageObject","inLanguage":"es","@id":"https:\/\/experienciadevida.com.ar\/portalurbano\/#\/schema\/logo\/image\/","url":"https:\/\/experienciadevida.com.ar\/portalurbano\/wp-content\/uploads\/2019\/09\/Logo-Original.png","contentUrl":"https:\/\/experienciadevida.com.ar\/portalurbano\/wp-content\/uploads\/2019\/09\/Logo-Original.png","width":2236,"height":1216,"caption":"Portal Urbano"},"image":{"@id":"https:\/\/experienciadevida.com.ar\/portalurbano\/#\/schema\/logo\/image\/"},"sameAs":["https:\/\/www.facebook.com\/Portal-Urbano-171542830093757\/","https:\/\/twitter.com\/portalurbanook","https:\/\/www.instagram.com\/_portalurbano\/","https:\/\/www.youtube.com\/channel\/UCXhagIfszH8KxFiOok79zbA?view_as=subscriber"]},{"@type":"Person","@id":"https:\/\/experienciadevida.com.ar\/portalurbano\/#\/schema\/person\/02dd326b1c4b056e9cc972486934a3a7","name":"admpu17wp","image":{"@type":"ImageObject","inLanguage":"es","@id":"https:\/\/experienciadevida.com.ar\/portalurbano\/#\/schema\/person\/image\/","url":"https:\/\/secure.gravatar.com\/avatar\/830d4c57adaae6630765e449a6908047?s=96&d=mm&r=g","contentUrl":"https:\/\/secure.gravatar.com\/avatar\/830d4c57adaae6630765e449a6908047?s=96&d=mm&r=g","caption":"admpu17wp"}}]}},"featured_image_urls":{"full":["https:\/\/experienciadevida.com.ar\/portalurbano\/wp-content\/uploads\/2020\/12\/Verdurazo.jpg",1032,774,false],"thumbnail":["https:\/\/experienciadevida.com.ar\/portalurbano\/wp-content\/uploads\/2020\/12\/Verdurazo-150x150.jpg",150,150,true],"medium":["https:\/\/experienciadevida.com.ar\/portalurbano\/wp-content\/uploads\/2020\/12\/Verdurazo-300x225.jpg",300,225,true],"medium_large":["https:\/\/experienciadevida.com.ar\/portalurbano\/wp-content\/uploads\/2020\/12\/Verdurazo-768x576.jpg",640,480,true],"large":["https:\/\/experienciadevida.com.ar\/portalurbano\/wp-content\/uploads\/2020\/12\/Verdurazo-1024x768.jpg",640,480,true],"ug_big":["https:\/\/experienciadevida.com.ar\/portalurbano\/wp-content\/uploads\/2020\/12\/Verdurazo-768x576.jpg",768,576,true],"1536x1536":["https:\/\/experienciadevida.com.ar\/portalurbano\/wp-content\/uploads\/2020\/12\/Verdurazo.jpg",1032,774,false],"2048x2048":["https:\/\/experienciadevida.com.ar\/portalurbano\/wp-content\/uploads\/2020\/12\/Verdurazo.jpg",1032,774,false],"newsever-slider-full":["https:\/\/experienciadevida.com.ar\/portalurbano\/wp-content\/uploads\/2020\/12\/Verdurazo.jpg",1032,774,false],"newsever-featured":["https:\/\/experienciadevida.com.ar\/portalurbano\/wp-content\/uploads\/2020\/12\/Verdurazo.jpg",1024,768,false],"newsever-medium":["https:\/\/experienciadevida.com.ar\/portalurbano\/wp-content\/uploads\/2020\/12\/Verdurazo.jpg",633,475,false],"web-stories-poster-portrait":["https:\/\/experienciadevida.com.ar\/portalurbano\/wp-content\/uploads\/2020\/12\/Verdurazo.jpg",640,480,false],"web-stories-publisher-logo":["https:\/\/experienciadevida.com.ar\/portalurbano\/wp-content\/uploads\/2020\/12\/Verdurazo.jpg",96,72,false],"web-stories-thumbnail":["https:\/\/experienciadevida.com.ar\/portalurbano\/wp-content\/uploads\/2020\/12\/Verdurazo.jpg",150,113,false]},"author_info":{"display_name":"admpu17wp","author_link":"https:\/\/experienciadevida.com.ar\/portalurbano\/author\/admpu17wp\/"},"category_info":"<a href=\"https:\/\/experienciadevida.com.ar\/portalurbano\/category\/ciudad\/\" rel=\"category tag\">Ciudad<\/a> <a href=\"https:\/\/experienciadevida.com.ar\/portalurbano\/category\/destacadas\/\" rel=\"category tag\">Destacadas<\/a>","tag_info":"Destacadas","comment_count":"0","amp_enabled":true,"_links":{"self":[{"href":"https:\/\/experienciadevida.com.ar\/portalurbano\/wp-json\/wp\/v2\/posts\/130589"}],"collection":[{"href":"https:\/\/experienciadevida.com.ar\/portalurbano\/wp-json\/wp\/v2\/posts"}],"about":[{"href":"https:\/\/experienciadevida.com.ar\/portalurbano\/wp-json\/wp\/v2\/types\/post"}],"author":[{"embeddable":true,"href":"https:\/\/experienciadevida.com.ar\/portalurbano\/wp-json\/wp\/v2\/users\/1"}],"replies":[{"embeddable":true,"href":"https:\/\/experienciadevida.com.ar\/portalurbano\/wp-json\/wp\/v2\/comments?post=130589"}],"version-history":[{"count":3,"href":"https:\/\/experienciadevida.com.ar\/portalurbano\/wp-json\/wp\/v2\/posts\/130589\/revisions"}],"predecessor-version":[{"id":130595,"href":"https:\/\/experienciadevida.com.ar\/portalurbano\/wp-json\/wp\/v2\/posts\/130589\/revisions\/130595"}],"wp:featuredmedia":[{"embeddable":true,"href":"https:\/\/experienciadevida.com.ar\/portalurbano\/wp-json\/wp\/v2\/media\/130590"}],"wp:attachment":[{"href":"https:\/\/experienciadevida.com.ar\/portalurbano\/wp-json\/wp\/v2\/media?parent=130589"}],"wp:term":[{"taxonomy":"category","embeddable":true,"href":"https:\/\/experienciadevida.com.ar\/portalurbano\/wp-json\/wp\/v2\/categories?post=130589"},{"taxonomy":"post_tag","embeddable":true,"href":"https:\/\/experienciadevida.com.ar\/portalurbano\/wp-json\/wp\/v2\/tags?post=130589"}],"curies":[{"name":"wp","href":"https:\/\/api.w.org\/{rel}","templated":true}]}}