{"id":130564,"date":"2020-12-22T12:39:53","date_gmt":"2020-12-22T15:39:53","guid":{"rendered":"https:\/\/experienciadevida.com.ar\/portalurbano\/?p=130564"},"modified":"2020-12-22T12:43:08","modified_gmt":"2020-12-22T15:43:08","slug":"pista-de-atletismo-el-deporte-es-para-nosotros-una-politica-de-estado","status":"publish","type":"post","link":"https:\/\/experienciadevida.com.ar\/portalurbano\/pista-de-atletismo-el-deporte-es-para-nosotros-una-politica-de-estado\/","title":{"rendered":"Pista de atletismo: \u201cEl deporte es para nosotros una pol\u00edtica de Estado\u201d"},"content":{"rendered":"<p>El intendente Ezequiel Galli, en la ma\u00f1ana de este martes, dej\u00f3 inaugurada oficialmente la pista de atletismo municipal, ubicada en el Parque Avellaneda, que pretende constituirse en el punto neur\u00e1lgico del deporte en Olavarr\u00eda.<\/p>\n<p><a href=\"https:\/\/experienciadevida.com.ar\/portalurbano\/pista-de-atletismo-el-deporte-es-para-nosotros-una-politica-de-estado\/deportes-inauguracion-pista-atletismo-3-scaled\/\" rel=\"attachment wp-att-130568\"><img decoding=\"async\" class=\"alignnone size-full wp-image-130568\" src=\"https:\/\/experienciadevida.com.ar\/portalurbano\/wp-content\/uploads\/2020\/12\/Deportes-Inauguracion-Pista-Atletismo-3-scaled-1.jpg\" alt=\"\" width=\"2560\" height=\"1711\" srcset=\"https:\/\/experienciadevida.com.ar\/portalurbano\/wp-content\/uploads\/2020\/12\/Deportes-Inauguracion-Pista-Atletismo-3-scaled-1.jpg 2560w, https:\/\/experienciadevida.com.ar\/portalurbano\/wp-content\/uploads\/2020\/12\/Deportes-Inauguracion-Pista-Atletismo-3-scaled-1-300x201.jpg 300w, https:\/\/experienciadevida.com.ar\/portalurbano\/wp-content\/uploads\/2020\/12\/Deportes-Inauguracion-Pista-Atletismo-3-scaled-1-1024x684.jpg 1024w, https:\/\/experienciadevida.com.ar\/portalurbano\/wp-content\/uploads\/2020\/12\/Deportes-Inauguracion-Pista-Atletismo-3-scaled-1-768x513.jpg 768w, https:\/\/experienciadevida.com.ar\/portalurbano\/wp-content\/uploads\/2020\/12\/Deportes-Inauguracion-Pista-Atletismo-3-scaled-1-1536x1027.jpg 1536w, https:\/\/experienciadevida.com.ar\/portalurbano\/wp-content\/uploads\/2020\/12\/Deportes-Inauguracion-Pista-Atletismo-3-scaled-1-2048x1369.jpg 2048w\" sizes=\"(max-width: 2560px) 100vw, 2560px\" \/><\/a><\/p>\n<p>La pista se incluye dentro de una de las tres etapas de obra que se proyectan en este predio, para sentar las bases de lo que ser\u00e1 el Centro Deportivo Municipal, pensado como un espacio que permitir\u00e1 concentrar distintas disciplinas deportivas (f\u00fatbol, b\u00e1squet, v\u00f3ley, handball) y oficinas administrativas.<\/p>\n<p>Esta inauguraci\u00f3n se concreta tras cinco a\u00f1os de arduo trabajo, que cont\u00f3 principalmente con la intervenci\u00f3n de dos \u00e1reas claves para el desarrollo de este proyecto: desde el punto de vista de la infraestructura, la Secretar\u00eda de Mantenimiento y Obras P\u00fablicas, en tanto que desde lo deportivo y social cont\u00f3 con el importante aporte de la Subsecretar\u00eda de Deportes y Recreaci\u00f3n.<\/p>\n<p><a href=\"https:\/\/experienciadevida.com.ar\/portalurbano\/pista-de-atletismo-el-deporte-es-para-nosotros-una-politica-de-estado\/deportes-inauguracion-pista-atletismo-4-scaled\/\" rel=\"attachment wp-att-130569\"><img decoding=\"async\" class=\"alignnone size-full wp-image-130569\" src=\"https:\/\/experienciadevida.com.ar\/portalurbano\/wp-content\/uploads\/2020\/12\/Deportes-Inauguracion-Pista-Atletismo-4-scaled-1.jpg\" alt=\"\" width=\"2560\" height=\"1711\" srcset=\"https:\/\/experienciadevida.com.ar\/portalurbano\/wp-content\/uploads\/2020\/12\/Deportes-Inauguracion-Pista-Atletismo-4-scaled-1.jpg 2560w, https:\/\/experienciadevida.com.ar\/portalurbano\/wp-content\/uploads\/2020\/12\/Deportes-Inauguracion-Pista-Atletismo-4-scaled-1-300x201.jpg 300w, https:\/\/experienciadevida.com.ar\/portalurbano\/wp-content\/uploads\/2020\/12\/Deportes-Inauguracion-Pista-Atletismo-4-scaled-1-1024x684.jpg 1024w, https:\/\/experienciadevida.com.ar\/portalurbano\/wp-content\/uploads\/2020\/12\/Deportes-Inauguracion-Pista-Atletismo-4-scaled-1-768x513.jpg 768w, https:\/\/experienciadevida.com.ar\/portalurbano\/wp-content\/uploads\/2020\/12\/Deportes-Inauguracion-Pista-Atletismo-4-scaled-1-1536x1027.jpg 1536w, https:\/\/experienciadevida.com.ar\/portalurbano\/wp-content\/uploads\/2020\/12\/Deportes-Inauguracion-Pista-Atletismo-4-scaled-1-2048x1369.jpg 2048w\" sizes=\"(max-width: 2560px) 100vw, 2560px\" \/><\/a><\/p>\n<p>Acompa\u00f1aron al Intendente en el acto de este martes el presidente del Honorable Concejo Deliberante Bruno Cenizo, el secretario de Gobierno Hilario Galli, los secretarios de Desarrollo Humano y Calidad de Vida Diego Robbiani, de Mantenimiento y Obras P\u00fablicas Julio Ferraro y de Desarrollo Econ\u00f3mico Julio Valetutto, el subsecretario de Legal y T\u00e9cnica Marcelo Fabbi y el subsecretario de Deportes y Recreaci\u00f3n Juan Agust\u00edn Galli.<\/p>\n<p>Tambi\u00e9n estuvieron presentes los directores de Gesti\u00f3n Deportiva Marcelo Verna y de Deporte Social Fabricio Carrera, inspectores del \u00e1rea educativa, CEF 44, 100 y 124, Club El Fort\u00edn, C\u00edrculo de Atletas Veteranos, Grupos de Running, atletas olavarrienses y familias.<\/p>\n<p>Tras la entonaci\u00f3n de las estrofas del Himno Nacional Argentino, el Intendente, el secretario de Desarrollo Humano y Calidad de Vida Diego Robbiani y el subsecretario de Deportes y Recreaci\u00f3n Juan Agust\u00edn Galli, junto al director de Gesti\u00f3n Deportiva Marcelo Verna, el director de Deporte Social Fabricio Carreras, el profesor Jorge \u201cBoby\u201d Bellinzoni y el ex subsecretario de Deportes Eduardo Galli; procedieron a realizar el tradicional corte de cintas para dejar formalmente inaugurada la pista.<\/p>\n<p>Posteriormente, el Intendente brind\u00f3 palabras alusivas y expres\u00f3: \u201cEstamos concretando un proyecto de campa\u00f1a de 2015. El sector del atletismo lo ped\u00eda y para nosotros fue prioridad, porque el deporte para nosotros es una pol\u00edtica de Estado\u201d.<\/p>\n<p>\u201cEsta es la primera etapa de lo que va a ser el Polideportivo Municipal. Lo vamos a hacer paso a paso, ya que as\u00ed es nuestra forma de trabajar\u201d, anticip\u00f3 el Intendente y a\u00f1adi\u00f3 que \u201ces un sue\u00f1o poder pasar por ac\u00e1 y ver a muchos chicos haciendo deportes\u201d.<\/p>\n<p>\u201cEstuvimos debatiendo el nombre de la pista y decidimos hacer un proceso de participaci\u00f3n comunitaria para que sean los vecinos quienes elijan su nombre\u201d, adelant\u00f3 Galli.<\/p>\n<p>Finalmente el intendente destac\u00f3 que \u201cvamos a articular con el sector educativo y deportivo para darle contenido a esta pista\u201d.<\/p>\n<p><a href=\"https:\/\/experienciadevida.com.ar\/portalurbano\/pista-de-atletismo-el-deporte-es-para-nosotros-una-politica-de-estado\/deportes-inauguracion-pista-atletismo-1-scaled\/\" rel=\"attachment wp-att-130571\"><img decoding=\"async\" class=\"alignnone size-full wp-image-130571\" src=\"https:\/\/experienciadevida.com.ar\/portalurbano\/wp-content\/uploads\/2020\/12\/Deportes-Inauguracion-Pista-Atletismo-1-scaled-1.jpg\" alt=\"\" width=\"2560\" height=\"1711\" srcset=\"https:\/\/experienciadevida.com.ar\/portalurbano\/wp-content\/uploads\/2020\/12\/Deportes-Inauguracion-Pista-Atletismo-1-scaled-1.jpg 2560w, https:\/\/experienciadevida.com.ar\/portalurbano\/wp-content\/uploads\/2020\/12\/Deportes-Inauguracion-Pista-Atletismo-1-scaled-1-300x201.jpg 300w, https:\/\/experienciadevida.com.ar\/portalurbano\/wp-content\/uploads\/2020\/12\/Deportes-Inauguracion-Pista-Atletismo-1-scaled-1-1024x684.jpg 1024w, https:\/\/experienciadevida.com.ar\/portalurbano\/wp-content\/uploads\/2020\/12\/Deportes-Inauguracion-Pista-Atletismo-1-scaled-1-768x513.jpg 768w, https:\/\/experienciadevida.com.ar\/portalurbano\/wp-content\/uploads\/2020\/12\/Deportes-Inauguracion-Pista-Atletismo-1-scaled-1-1536x1027.jpg 1536w, https:\/\/experienciadevida.com.ar\/portalurbano\/wp-content\/uploads\/2020\/12\/Deportes-Inauguracion-Pista-Atletismo-1-scaled-1-2048x1369.jpg 2048w\" sizes=\"(max-width: 2560px) 100vw, 2560px\" \/><\/a><\/p>\n<p>Tambi\u00e9n hizo uso de la palabra el titular del C\u00edrculo de Atletas Veteranos de Olavarr\u00eda, Luis Salom\u00f3n. En esta oportunidad, subray\u00f3: \u201choy me toca hablar a mi, pero quiero recordar a todos los dirigentes y profes que por a\u00f1os pidieron esta obra, en una ciudad como Olavarr\u00eda que tanto necesitaba esta pista\u201d.<\/p>\n<p>\u201cEs emocionante hasta las l\u00e1grimas esta inauguraci\u00f3n\u201d, expres\u00f3 visiblemente conmovido el referente del CAVO.<\/p>\n<p>Para finalizar resalt\u00f3 su agradecimiento \u201cal intendente Ezequiel Galli, porque hubo a\u00f1os de promesas y finalmente \u00e9l cumpli\u00f3 con su palabra\u201d.<\/p>\n<p>Asimismo \u201cBoby\u201d Bellinzoni expres\u00f3: \u201cpara algunos esto no significa nada. Para nosotros es todo. Estoy muy emocionado. Cuando Ezequiel me lo dijo hace cinco a\u00f1os yo confi\u00e9 en \u00e9l y cumpli\u00f3\u201d.<\/p>\n<p>\u201cEs una alegr\u00eda enorme. Hemos luchado mucho y no tengo m\u00e1s que palabras de agradecimiento\u201d concluy\u00f3 emocionado Bellinzoni.<\/p>\n<p>Los j\u00f3venes atletas Romina Masson, Bautista Astiz, Chiara Stoppini, Ignacio Argara\u00f1az, Bel\u00e9n Wagner, Diego \u00c1lvarez, Joaqu\u00edn Escaig, Fausto Olivera, Oriana Robledo, Ariel Laplace, Valentino Escaig, Mait\u00e9n Ramos, Lautaro \u00c1lvarez, Agust\u00edn Ley, Tatiana Tonel y Melisa N\u00fa\u00f1ez, fueron los protagonistas de las diferentes pruebas que se desarrollaron en la pista y fueron muy aplaudidos, ya que en ellos est\u00e1n representados todos los atletas que le dar\u00e1n vida y transformar\u00e1n este espacio en un punto neur\u00e1lgico del Deporte.<\/p>\n<p>Hoy estamos compartiendo el sue\u00f1o de muchos olavarrienses y de muchos otros que durante a\u00f1os y a\u00f1os adaptaron diferentes espacios, tal vez con pocos recursos, pero con mucha pasi\u00f3n por ense\u00f1ar y por el deporte, para brindar a los atletas un lugar, su lugar. Hoy, esos sue\u00f1os y esfuerzos se materializan en este predio: Olavarr\u00eda y sus deportistas cuentan con una pista de atletismo municipal.<\/p>\n<p>Detalles t\u00e9cnicos<\/p>\n<p>La pista cuenta con ocho carriles individuales de 1.22 metros y una longitud de 400 metros, con bordillos de confinamientos perimetrales interiores y exteriores con un acabado perfecto, sim\u00e9trico y sumamente preciso.<\/p>\n<p>Entre los antecedentes m\u00e1s significativos cabe mencionar que en el a\u00f1o 2017 se iniciaron los contactos con los especialistas en construcci\u00f3n de pistas, es as\u00ed como representantes de la empresa Mondo \u2013 una de las m\u00e1s importantes del mundo \u2013 visitaron este lugar para brindar su asesoramiento.<\/p>\n<p>En los primeros d\u00edas del mes de mayo de 2019 el intendente anunci\u00f3 su construcci\u00f3n y lugar de emplazamiento en Parque Avellaneda, en un lugar estrat\u00e9gico de la planta urbana de la ciudad -delimitado por Av. Avellaneda, Av. Pellegrini, calle Santa Cruz y Rend\u00f3n- debido a las condiciones de accesibilidad al predio.<\/p>\n","protected":false},"excerpt":{"rendered":"<p>El intendente Ezequiel Galli, en la ma\u00f1ana de este martes, dej\u00f3 inaugurada oficialmente la pista&#8230;<\/p>\n","protected":false},"author":1,"featured_media":130565,"comment_status":"closed","ping_status":"closed","sticky":false,"template":"","format":"standard","meta":{"content-type":""},"categories":[27,51],"tags":[],"nelio_content":{"isAutoShareEnabled":false,"autoShareEndMode":"default","automationSources":{"useContentSentences":true,"useSocialTemplates":true,"useCustomSentences":false,"customSentences":[]},"followers":[1],"suggestedReferences":[],"includedReferences":[],"efiUrl":"","efiAlt":"","highlights":[]},"yoast_head":"<!-- This site is optimized with the Yoast SEO plugin v20.7 - https:\/\/yoast.com\/wordpress\/plugins\/seo\/ -->\n<title>Pista de atletismo: &quot;El deporte es para nosotros una pol\u00edtica de estado&quot;<\/title>\n<meta name=\"description\" content=\"Galli inaugur\u00f3 la pista de Atletismo retende constituirse en el punto neur\u00e1lgico del deporte en Olavarr\u00eda.\" \/>\n<meta name=\"robots\" content=\"index, follow, max-snippet:-1, max-image-preview:large, max-video-preview:-1\" \/>\n<link rel=\"canonical\" href=\"https:\/\/experienciadevida.com.ar\/portalurbano\/pista-de-atletismo-el-deporte-es-para-nosotros-una-politica-de-estado\/\" \/>\n<meta property=\"og:locale\" content=\"es_ES\" \/>\n<meta property=\"og:type\" content=\"article\" \/>\n<meta property=\"og:title\" content=\"Pista de atletismo: &quot;El deporte es para nosotros una pol\u00edtica de estado&quot;\" \/>\n<meta property=\"og:description\" content=\"Galli inaugur\u00f3 la pista de Atletismo retende constituirse en el punto neur\u00e1lgico del deporte en Olavarr\u00eda.\" \/>\n<meta property=\"og:url\" content=\"https:\/\/experienciadevida.com.ar\/portalurbano\/pista-de-atletismo-el-deporte-es-para-nosotros-una-politica-de-estado\/\" \/>\n<meta property=\"article:publisher\" content=\"https:\/\/www.facebook.com\/Portal-Urbano-171542830093757\/\" \/>\n<meta property=\"article:published_time\" content=\"2020-12-22T15:39:53+00:00\" \/>\n<meta property=\"article:modified_time\" content=\"2020-12-22T15:43:08+00:00\" \/>\n<meta property=\"og:image\" content=\"https:\/\/experienciadevida.com.ar\/portalurbano\/wp-content\/uploads\/2020\/12\/Deporte.jpg\" \/>\n\t<meta property=\"og:image:width\" content=\"2560\" \/>\n\t<meta property=\"og:image:height\" content=\"1711\" \/>\n\t<meta property=\"og:image:type\" content=\"image\/jpeg\" \/>\n<meta name=\"author\" content=\"admpu17wp\" \/>\n<meta name=\"twitter:card\" content=\"summary_large_image\" \/>\n<meta name=\"twitter:creator\" content=\"@portalurbanook\" \/>\n<meta name=\"twitter:site\" content=\"@portalurbanook\" \/>\n<meta name=\"twitter:label1\" content=\"Escrito por\" \/>\n\t<meta name=\"twitter:data1\" content=\"admpu17wp\" \/>\n\t<meta name=\"twitter:label2\" content=\"Tiempo de lectura\" \/>\n\t<meta name=\"twitter:data2\" content=\"5 minutos\" \/>\n<script type=\"application\/ld+json\" class=\"yoast-schema-graph\">{\"@context\":\"https:\/\/schema.org\",\"@graph\":[{\"@type\":\"Article\",\"@id\":\"https:\/\/experienciadevida.com.ar\/portalurbano\/pista-de-atletismo-el-deporte-es-para-nosotros-una-politica-de-estado\/#article\",\"isPartOf\":{\"@id\":\"https:\/\/experienciadevida.com.ar\/portalurbano\/pista-de-atletismo-el-deporte-es-para-nosotros-una-politica-de-estado\/\"},\"author\":{\"name\":\"admpu17wp\",\"@id\":\"https:\/\/experienciadevida.com.ar\/portalurbano\/#\/schema\/person\/02dd326b1c4b056e9cc972486934a3a7\"},\"headline\":\"Pista de atletismo: \u201cEl deporte es para nosotros una pol\u00edtica de Estado\u201d\",\"datePublished\":\"2020-12-22T15:39:53+00:00\",\"dateModified\":\"2020-12-22T15:43:08+00:00\",\"mainEntityOfPage\":{\"@id\":\"https:\/\/experienciadevida.com.ar\/portalurbano\/pista-de-atletismo-el-deporte-es-para-nosotros-una-politica-de-estado\/\"},\"wordCount\":940,\"publisher\":{\"@id\":\"https:\/\/experienciadevida.com.ar\/portalurbano\/#organization\"},\"articleSection\":[\"Ciudad\",\"Destacadas\"],\"inLanguage\":\"es\"},{\"@type\":\"WebPage\",\"@id\":\"https:\/\/experienciadevida.com.ar\/portalurbano\/pista-de-atletismo-el-deporte-es-para-nosotros-una-politica-de-estado\/\",\"url\":\"https:\/\/experienciadevida.com.ar\/portalurbano\/pista-de-atletismo-el-deporte-es-para-nosotros-una-politica-de-estado\/\",\"name\":\"Pista de atletismo: \\\"El deporte es para nosotros una pol\u00edtica de estado\\\"\",\"isPartOf\":{\"@id\":\"https:\/\/experienciadevida.com.ar\/portalurbano\/#website\"},\"datePublished\":\"2020-12-22T15:39:53+00:00\",\"dateModified\":\"2020-12-22T15:43:08+00:00\",\"description\":\"Galli inaugur\u00f3 la pista de Atletismo retende constituirse en el punto neur\u00e1lgico del deporte en Olavarr\u00eda.\",\"breadcrumb\":{\"@id\":\"https:\/\/experienciadevida.com.ar\/portalurbano\/pista-de-atletismo-el-deporte-es-para-nosotros-una-politica-de-estado\/#breadcrumb\"},\"inLanguage\":\"es\",\"potentialAction\":[{\"@type\":\"ReadAction\",\"target\":[\"https:\/\/experienciadevida.com.ar\/portalurbano\/pista-de-atletismo-el-deporte-es-para-nosotros-una-politica-de-estado\/\"]}]},{\"@type\":\"BreadcrumbList\",\"@id\":\"https:\/\/experienciadevida.com.ar\/portalurbano\/pista-de-atletismo-el-deporte-es-para-nosotros-una-politica-de-estado\/#breadcrumb\",\"itemListElement\":[{\"@type\":\"ListItem\",\"position\":1,\"name\":\"Portada\",\"item\":\"https:\/\/experienciadevida.com.ar\/portalurbano\/\"},{\"@type\":\"ListItem\",\"position\":2,\"name\":\"Pista de atletismo: \u201cEl deporte es para nosotros una pol\u00edtica de Estado\u201d\"}]},{\"@type\":\"WebSite\",\"@id\":\"https:\/\/experienciadevida.com.ar\/portalurbano\/#website\",\"url\":\"https:\/\/experienciadevida.com.ar\/portalurbano\/\",\"name\":\"\",\"description\":\"\",\"publisher\":{\"@id\":\"https:\/\/experienciadevida.com.ar\/portalurbano\/#organization\"},\"potentialAction\":[{\"@type\":\"SearchAction\",\"target\":{\"@type\":\"EntryPoint\",\"urlTemplate\":\"https:\/\/experienciadevida.com.ar\/portalurbano\/?s={search_term_string}\"},\"query-input\":\"required name=search_term_string\"}],\"inLanguage\":\"es\"},{\"@type\":\"Organization\",\"@id\":\"https:\/\/experienciadevida.com.ar\/portalurbano\/#organization\",\"name\":\"Portal Urbano\",\"url\":\"https:\/\/experienciadevida.com.ar\/portalurbano\/\",\"logo\":{\"@type\":\"ImageObject\",\"inLanguage\":\"es\",\"@id\":\"https:\/\/experienciadevida.com.ar\/portalurbano\/#\/schema\/logo\/image\/\",\"url\":\"https:\/\/experienciadevida.com.ar\/portalurbano\/wp-content\/uploads\/2019\/09\/Logo-Original.png\",\"contentUrl\":\"https:\/\/experienciadevida.com.ar\/portalurbano\/wp-content\/uploads\/2019\/09\/Logo-Original.png\",\"width\":2236,\"height\":1216,\"caption\":\"Portal Urbano\"},\"image\":{\"@id\":\"https:\/\/experienciadevida.com.ar\/portalurbano\/#\/schema\/logo\/image\/\"},\"sameAs\":[\"https:\/\/www.facebook.com\/Portal-Urbano-171542830093757\/\",\"https:\/\/twitter.com\/portalurbanook\",\"https:\/\/www.instagram.com\/_portalurbano\/\",\"https:\/\/www.youtube.com\/channel\/UCXhagIfszH8KxFiOok79zbA?view_as=subscriber\"]},{\"@type\":\"Person\",\"@id\":\"https:\/\/experienciadevida.com.ar\/portalurbano\/#\/schema\/person\/02dd326b1c4b056e9cc972486934a3a7\",\"name\":\"admpu17wp\",\"image\":{\"@type\":\"ImageObject\",\"inLanguage\":\"es\",\"@id\":\"https:\/\/experienciadevida.com.ar\/portalurbano\/#\/schema\/person\/image\/\",\"url\":\"https:\/\/secure.gravatar.com\/avatar\/830d4c57adaae6630765e449a6908047?s=96&d=mm&r=g\",\"contentUrl\":\"https:\/\/secure.gravatar.com\/avatar\/830d4c57adaae6630765e449a6908047?s=96&d=mm&r=g\",\"caption\":\"admpu17wp\"}}]}<\/script>\n<!-- \/ Yoast SEO plugin. -->","yoast_head_json":{"title":"Pista de atletismo: \"El deporte es para nosotros una pol\u00edtica de estado\"","description":"Galli inaugur\u00f3 la pista de Atletismo retende constituirse en el punto neur\u00e1lgico del deporte en Olavarr\u00eda.","robots":{"index":"index","follow":"follow","max-snippet":"max-snippet:-1","max-image-preview":"max-image-preview:large","max-video-preview":"max-video-preview:-1"},"canonical":"https:\/\/experienciadevida.com.ar\/portalurbano\/pista-de-atletismo-el-deporte-es-para-nosotros-una-politica-de-estado\/","og_locale":"es_ES","og_type":"article","og_title":"Pista de atletismo: \"El deporte es para nosotros una pol\u00edtica de estado\"","og_description":"Galli inaugur\u00f3 la pista de Atletismo retende constituirse en el punto neur\u00e1lgico del deporte en Olavarr\u00eda.","og_url":"https:\/\/experienciadevida.com.ar\/portalurbano\/pista-de-atletismo-el-deporte-es-para-nosotros-una-politica-de-estado\/","article_publisher":"https:\/\/www.facebook.com\/Portal-Urbano-171542830093757\/","article_published_time":"2020-12-22T15:39:53+00:00","article_modified_time":"2020-12-22T15:43:08+00:00","og_image":[{"width":2560,"height":1711,"url":"https:\/\/experienciadevida.com.ar\/portalurbano\/wp-content\/uploads\/2020\/12\/Deporte.jpg","type":"image\/jpeg"}],"author":"admpu17wp","twitter_card":"summary_large_image","twitter_creator":"@portalurbanook","twitter_site":"@portalurbanook","twitter_misc":{"Escrito por":"admpu17wp","Tiempo de lectura":"5 minutos"},"schema":{"@context":"https:\/\/schema.org","@graph":[{"@type":"Article","@id":"https:\/\/experienciadevida.com.ar\/portalurbano\/pista-de-atletismo-el-deporte-es-para-nosotros-una-politica-de-estado\/#article","isPartOf":{"@id":"https:\/\/experienciadevida.com.ar\/portalurbano\/pista-de-atletismo-el-deporte-es-para-nosotros-una-politica-de-estado\/"},"author":{"name":"admpu17wp","@id":"https:\/\/experienciadevida.com.ar\/portalurbano\/#\/schema\/person\/02dd326b1c4b056e9cc972486934a3a7"},"headline":"Pista de atletismo: \u201cEl deporte es para nosotros una pol\u00edtica de Estado\u201d","datePublished":"2020-12-22T15:39:53+00:00","dateModified":"2020-12-22T15:43:08+00:00","mainEntityOfPage":{"@id":"https:\/\/experienciadevida.com.ar\/portalurbano\/pista-de-atletismo-el-deporte-es-para-nosotros-una-politica-de-estado\/"},"wordCount":940,"publisher":{"@id":"https:\/\/experienciadevida.com.ar\/portalurbano\/#organization"},"articleSection":["Ciudad","Destacadas"],"inLanguage":"es"},{"@type":"WebPage","@id":"https:\/\/experienciadevida.com.ar\/portalurbano\/pista-de-atletismo-el-deporte-es-para-nosotros-una-politica-de-estado\/","url":"https:\/\/experienciadevida.com.ar\/portalurbano\/pista-de-atletismo-el-deporte-es-para-nosotros-una-politica-de-estado\/","name":"Pista de atletismo: \"El deporte es para nosotros una pol\u00edtica de estado\"","isPartOf":{"@id":"https:\/\/experienciadevida.com.ar\/portalurbano\/#website"},"datePublished":"2020-12-22T15:39:53+00:00","dateModified":"2020-12-22T15:43:08+00:00","description":"Galli inaugur\u00f3 la pista de Atletismo retende constituirse en el punto neur\u00e1lgico del deporte en Olavarr\u00eda.","breadcrumb":{"@id":"https:\/\/experienciadevida.com.ar\/portalurbano\/pista-de-atletismo-el-deporte-es-para-nosotros-una-politica-de-estado\/#breadcrumb"},"inLanguage":"es","potentialAction":[{"@type":"ReadAction","target":["https:\/\/experienciadevida.com.ar\/portalurbano\/pista-de-atletismo-el-deporte-es-para-nosotros-una-politica-de-estado\/"]}]},{"@type":"BreadcrumbList","@id":"https:\/\/experienciadevida.com.ar\/portalurbano\/pista-de-atletismo-el-deporte-es-para-nosotros-una-politica-de-estado\/#breadcrumb","itemListElement":[{"@type":"ListItem","position":1,"name":"Portada","item":"https:\/\/experienciadevida.com.ar\/portalurbano\/"},{"@type":"ListItem","position":2,"name":"Pista de atletismo: \u201cEl deporte es para nosotros una pol\u00edtica de Estado\u201d"}]},{"@type":"WebSite","@id":"https:\/\/experienciadevida.com.ar\/portalurbano\/#website","url":"https:\/\/experienciadevida.com.ar\/portalurbano\/","name":"","description":"","publisher":{"@id":"https:\/\/experienciadevida.com.ar\/portalurbano\/#organization"},"potentialAction":[{"@type":"SearchAction","target":{"@type":"EntryPoint","urlTemplate":"https:\/\/experienciadevida.com.ar\/portalurbano\/?s={search_term_string}"},"query-input":"required name=search_term_string"}],"inLanguage":"es"},{"@type":"Organization","@id":"https:\/\/experienciadevida.com.ar\/portalurbano\/#organization","name":"Portal Urbano","url":"https:\/\/experienciadevida.com.ar\/portalurbano\/","logo":{"@type":"ImageObject","inLanguage":"es","@id":"https:\/\/experienciadevida.com.ar\/portalurbano\/#\/schema\/logo\/image\/","url":"https:\/\/experienciadevida.com.ar\/portalurbano\/wp-content\/uploads\/2019\/09\/Logo-Original.png","contentUrl":"https:\/\/experienciadevida.com.ar\/portalurbano\/wp-content\/uploads\/2019\/09\/Logo-Original.png","width":2236,"height":1216,"caption":"Portal Urbano"},"image":{"@id":"https:\/\/experienciadevida.com.ar\/portalurbano\/#\/schema\/logo\/image\/"},"sameAs":["https:\/\/www.facebook.com\/Portal-Urbano-171542830093757\/","https:\/\/twitter.com\/portalurbanook","https:\/\/www.instagram.com\/_portalurbano\/","https:\/\/www.youtube.com\/channel\/UCXhagIfszH8KxFiOok79zbA?view_as=subscriber"]},{"@type":"Person","@id":"https:\/\/experienciadevida.com.ar\/portalurbano\/#\/schema\/person\/02dd326b1c4b056e9cc972486934a3a7","name":"admpu17wp","image":{"@type":"ImageObject","inLanguage":"es","@id":"https:\/\/experienciadevida.com.ar\/portalurbano\/#\/schema\/person\/image\/","url":"https:\/\/secure.gravatar.com\/avatar\/830d4c57adaae6630765e449a6908047?s=96&d=mm&r=g","contentUrl":"https:\/\/secure.gravatar.com\/avatar\/830d4c57adaae6630765e449a6908047?s=96&d=mm&r=g","caption":"admpu17wp"}}]}},"featured_image_urls":{"full":["https:\/\/experienciadevida.com.ar\/portalurbano\/wp-content\/uploads\/2020\/12\/Deporte.jpg",2560,1711,false],"thumbnail":["https:\/\/experienciadevida.com.ar\/portalurbano\/wp-content\/uploads\/2020\/12\/Deporte-150x150.jpg",150,150,true],"medium":["https:\/\/experienciadevida.com.ar\/portalurbano\/wp-content\/uploads\/2020\/12\/Deporte-300x201.jpg",300,201,true],"medium_large":["https:\/\/experienciadevida.com.ar\/portalurbano\/wp-content\/uploads\/2020\/12\/Deporte-768x513.jpg",640,428,true],"large":["https:\/\/experienciadevida.com.ar\/portalurbano\/wp-content\/uploads\/2020\/12\/Deporte-1024x684.jpg",640,428,true],"ug_big":["https:\/\/experienciadevida.com.ar\/portalurbano\/wp-content\/uploads\/2020\/12\/Deporte-768x513.jpg",768,513,true],"1536x1536":["https:\/\/experienciadevida.com.ar\/portalurbano\/wp-content\/uploads\/2020\/12\/Deporte-1536x1027.jpg",1536,1027,true],"2048x2048":["https:\/\/experienciadevida.com.ar\/portalurbano\/wp-content\/uploads\/2020\/12\/Deporte-2048x1369.jpg",2048,1369,true],"newsever-slider-full":["https:\/\/experienciadevida.com.ar\/portalurbano\/wp-content\/uploads\/2020\/12\/Deporte.jpg",1264,845,false],"newsever-featured":["https:\/\/experienciadevida.com.ar\/portalurbano\/wp-content\/uploads\/2020\/12\/Deporte.jpg",1024,684,false],"newsever-medium":["https:\/\/experienciadevida.com.ar\/portalurbano\/wp-content\/uploads\/2020\/12\/Deporte.jpg",711,475,false],"web-stories-poster-portrait":["https:\/\/experienciadevida.com.ar\/portalurbano\/wp-content\/uploads\/2020\/12\/Deporte.jpg",640,428,false],"web-stories-publisher-logo":["https:\/\/experienciadevida.com.ar\/portalurbano\/wp-content\/uploads\/2020\/12\/Deporte.jpg",96,64,false],"web-stories-thumbnail":["https:\/\/experienciadevida.com.ar\/portalurbano\/wp-content\/uploads\/2020\/12\/Deporte.jpg",150,100,false]},"author_info":{"display_name":"admpu17wp","author_link":"https:\/\/experienciadevida.com.ar\/portalurbano\/author\/admpu17wp\/"},"category_info":"<a href=\"https:\/\/experienciadevida.com.ar\/portalurbano\/category\/ciudad\/\" rel=\"category tag\">Ciudad<\/a> <a href=\"https:\/\/experienciadevida.com.ar\/portalurbano\/category\/destacadas\/\" rel=\"category tag\">Destacadas<\/a>","tag_info":"Destacadas","comment_count":"0","amp_enabled":true,"_links":{"self":[{"href":"https:\/\/experienciadevida.com.ar\/portalurbano\/wp-json\/wp\/v2\/posts\/130564"}],"collection":[{"href":"https:\/\/experienciadevida.com.ar\/portalurbano\/wp-json\/wp\/v2\/posts"}],"about":[{"href":"https:\/\/experienciadevida.com.ar\/portalurbano\/wp-json\/wp\/v2\/types\/post"}],"author":[{"embeddable":true,"href":"https:\/\/experienciadevida.com.ar\/portalurbano\/wp-json\/wp\/v2\/users\/1"}],"replies":[{"embeddable":true,"href":"https:\/\/experienciadevida.com.ar\/portalurbano\/wp-json\/wp\/v2\/comments?post=130564"}],"version-history":[{"count":3,"href":"https:\/\/experienciadevida.com.ar\/portalurbano\/wp-json\/wp\/v2\/posts\/130564\/revisions"}],"predecessor-version":[{"id":130567,"href":"https:\/\/experienciadevida.com.ar\/portalurbano\/wp-json\/wp\/v2\/posts\/130564\/revisions\/130567"}],"wp:featuredmedia":[{"embeddable":true,"href":"https:\/\/experienciadevida.com.ar\/portalurbano\/wp-json\/wp\/v2\/media\/130565"}],"wp:attachment":[{"href":"https:\/\/experienciadevida.com.ar\/portalurbano\/wp-json\/wp\/v2\/media?parent=130564"}],"wp:term":[{"taxonomy":"category","embeddable":true,"href":"https:\/\/experienciadevida.com.ar\/portalurbano\/wp-json\/wp\/v2\/categories?post=130564"},{"taxonomy":"post_tag","embeddable":true,"href":"https:\/\/experienciadevida.com.ar\/portalurbano\/wp-json\/wp\/v2\/tags?post=130564"}],"curies":[{"name":"wp","href":"https:\/\/api.w.org\/{rel}","templated":true}]}}