{"id":130535,"date":"2020-12-22T09:50:08","date_gmt":"2020-12-22T12:50:08","guid":{"rendered":"https:\/\/experienciadevida.com.ar\/portalurbano\/?p=130535"},"modified":"2020-12-22T09:56:08","modified_gmt":"2020-12-22T12:56:08","slug":"municipio-y-educacion-gestion-participativa","status":"publish","type":"post","link":"https:\/\/experienciadevida.com.ar\/portalurbano\/municipio-y-educacion-gestion-participativa\/","title":{"rendered":"Municipio y Educaci\u00f3n: Gesti\u00f3n participativa"},"content":{"rendered":"<p>Desde hace m\u00e1s de cuatro a\u00f1os, el Municipio y educaci\u00f3n\u00a0 -representada por Inspectoras de Ense\u00f1anza de gesti\u00f3n p\u00fablica y privada y sus respectivos equipos distritales- conforman una mesa interdisciplinaria para brindar herramientas de promoci\u00f3n y prevenci\u00f3n de los derechos de ni\u00f1os, ni\u00f1as y adolescentes, como as\u00ed tambi\u00e9n intervenir en las situaciones que lo requieran en la comunidad educativa.<\/p>\n<p><em>\u201cEsta mesa interdisciplinaria es una m\u00e1s de la gran cantidad de actividades y tareas que realizamos -hace m\u00e1s de cuatro a\u00f1os- en coordinaci\u00f3n con el sector educativo, con la intenci\u00f3n de aunar esfuerzos y recursos en pos de tener una territorialidad total de las diferentes situaciones que ocurren en el Partido de Olavarr\u00eda. Forma parte de una decisi\u00f3n de la Secretar\u00eda mantener una relaci\u00f3n constante, no solamente con Derechos, Igualdad y Oportunidades, sino con todas las \u00e1reas del Municipio\u201d<\/em>, asegur\u00f3 el secretario de Desarrollo Humano y Calidad de Vida Diego Robbiani.<\/p>\n<p><a href=\"https:\/\/experienciadevida.com.ar\/portalurbano\/municipio-y-educacion-gestion-participativa\/municipio-32\/\" rel=\"attachment wp-att-130541\"><img decoding=\"async\" class=\"alignnone size-full wp-image-130541\" src=\"https:\/\/experienciadevida.com.ar\/portalurbano\/wp-content\/uploads\/2020\/12\/Municipio-e1608641762466.jpg\" alt=\"\" width=\"765\" height=\"511\" \/><\/a><\/p>\n<p>En este sentido, en una charla con la subsecretaria de Derechos, Igualdad y Oportunidades Dolores Muro, la inspectora de nivel secundario de gesti\u00f3n privada (referente del distrito) Karina Elbey y las inspectoras de psicolog\u00eda comunitaria y pedagog\u00eda social Marcela Sesto y Rosana Ingliso, las representantes dialogaron acerca del desaf\u00edo del trabajo durante esta pandemia, como as\u00ed tambi\u00e9n del fortalecimiento del espacio, tras todos estos a\u00f1os de labor.<\/p>\n<p>La mesa de trabajo<\/p>\n<p><em>\u00a8Este espacio es el logro de muchos a\u00f1os de trabajo en el que hemos podido articular de manera operativa nuestros recursos para activar los mecanismos necesarios de acuerdo a las intervenciones. Es fruto de negociaciones, a veces escenario de tensiones, pero que siempre hemos podido llevar de la mejor manera con el aporte de cada instituci\u00f3n y referente, d\u00e1ndole el sentido de corresponsabilidad que se merece un espacio as\u00ed\u00a8,<\/em> destac\u00f3 la subsecretaria de Derechos, Igualdad y Oportunidades del Municipio \u2013dependiente de la Secretar\u00eda de Desarrollo Humano y Calidad de Vida\u2013 Dolores Muro.<\/p>\n<p>Rosana Ingliso, por su parte, se\u00f1al\u00f3 la articulaci\u00f3n interinstitucional, y los desaf\u00edos a los que se enfrentan diariamente: <em>\u201cal ser dos organismos que dependen de dos esferas diferentes, como Educaci\u00f3n de una esfera provincial y el Servicio Local que depende del Estado Municipal, comparten un mont\u00f3n de cuestiones como la promoci\u00f3n y prevenci\u00f3n, pero en la pr\u00e1ctica diaria no comparten las l\u00f3gicas, que son diferentes. Eso al principio, si bien sab\u00edamos que nos iba a llevar algunas discusiones y diferentes posturas, creo que este a\u00f1o fluyeron mejor. El ASPO nos ubic\u00f3 en una tercera esfera que tiene que ver con la funci\u00f3n del Estado, que cumplimos todos y es com\u00fan\u201d.<\/em><\/p>\n<p>En este sentido, Marcela Sesto, agreg\u00f3 que \u201c<em>esa articulaci\u00f3n es lo que fortalecimos en el transcurso de los a\u00f1os. Este v\u00ednculo de confianza para la intervenci\u00f3n. Vamos en el mismo sentido y si no, tenemos la confianza para discutirlo. El trabajo en la mesa es armonioso porque tenemos entendimiento y un v\u00ednculo de cuidado, entendemos que hay que cuidar este espacio de trabajo conjunto, que nos tenemos que cuidar mutuamente con responsabilidad y confianza. Ante la complejidad de las problem\u00e1ticas sociales y familiares no hay otra forma de abordarlo si no es en conjunto\u201d.<\/em><\/p>\n<p>Karina Elbey, inspectora de nivel secundario de gesti\u00f3n privada, destac\u00f3 el trabajo en corresponsabilidad que vienen haciendo a lo largo del tiempo, y c\u00f3mo gestionan la comunicaci\u00f3n para poder actuar de manera r\u00e1pida y operativa: <em>\u201ces importante se\u00f1alar el trabajo en corresponsabilidad porque estamos todo el tiempo en comunicaci\u00f3n. En cuanto surge una situaci\u00f3n nos comunicamos y la soluci\u00f3n est\u00e1. Hablamos y ya sabemos de qu\u00e9 estamos hablando, manejamos el mismo discurso y compartimos las mismas directivas de las cosas que tenemos que hacer, las normativas\u00a8.<\/em><\/p>\n<p>Gestionar en pandemia: desaf\u00edos y posibilidades<\/p>\n<p>En cuanto al abordaje en contexto de emergencia sanitaria en el marco de la cuarentena obligatoria dispuesta por el Gobierno Nacional por COVID-19, las referentes coinciden en que fue un desaf\u00edo que trastoc\u00f3 las din\u00e1micas tradicionales que desarrollaban hasta el momento y que tuvieron que pensar nuevas maneras para dar respuesta a las situaciones que se presentaban, tanto a nivel log\u00edstico, como a nivel territorial.<\/p>\n<p><em>\u00a8La pandemia irrumpi\u00f3 en nuestras vidas abruptamente, y como Estado tuvimos que sentarnos a pensar nuevas maneras de gestionar que implicaron el uso total de las nuevas tecnolog\u00edas. Lo importante fue poder consensuar entre todas las instituciones y diagramar esquemas de intervenci\u00f3n de acuerdo a las situaciones, y la log\u00edstica de comunicaci\u00f3n, que nos desafi\u00f3 ampliamente para que todo el dispositivo pudiese seguir funcionando, y dar respuestas a las personas que hay detr\u00e1s de cada intervenci\u00f3n. Por eso gestionar en cuarentena en corresponsabilidad ha sido una tarea muy ardua y todo un logro para quienes hace muchos a\u00f1os transitamos la gesti\u00f3n p\u00fablica\u00a8,<\/em> destac\u00f3 la subsecretaria Muro.<\/p>\n<p>Por su parte, Marcela Sesto, agreg\u00f3 que \u201c<em>las intervenciones fueron con muchos menos recursos, porque la jornada presencial en instituciones educativas, m\u00e1s los Centros Educativos Complementarios, los Centros de D\u00eda, Jardines Maternales, toda esta infraestructura en relaci\u00f3n a recursos que tiene nuestro distrito no lo est\u00e1bamos contando. Entonces los sostenes a las familias fue m\u00e1s dif\u00edcil de hacerlos\u201d.<\/em><\/p>\n<p>En este sentido, Rosana Ingliso estim\u00f3 que<em> \u201cser\u00e1 el retorno a la presencialidad lo que nos marque el impacto. Esto es lo que hemos logrado construir, pero cuando volvamos, con los chicos a diario en las Escuelas, los Centros Complementarios o Centros de D\u00eda, nos marcar\u00e1 el rumbo de por d\u00f3nde fuimos y ah\u00ed podremos hablar de c\u00f3mo nos fue\u201d.<\/em><\/p>\n<p>En este contexto adverso, donde las medidas de aislamiento imped\u00edan el encuentro cara a cara con las personas, \u00a8el punto clave de intervenci\u00f3n fue el momento de entrega de ayuda alimentaria, donde nos encontr\u00e1bamos con las personas, y hab\u00eda un feedback significativo, sab\u00edamos que ten\u00edamos que aprovechar ese momento para detectar situaciones de emergencia o vulneraci\u00f3n de derechos, y de esa manera activ\u00e1bamos todos nuestros dispositivos. Adem\u00e1s, era una oportunidad para distribuir folleter\u00eda, y promocionar nuestros recursos estatales m\u00e1s que nunca, y marcar nuestra presencia como Municipio\u00a8, destac\u00f3 la subsecretaria Muro.<\/p>\n<p>Adem\u00e1s destac\u00f3 el trabajo de educaci\u00f3n, y agradeci\u00f3 la predisposici\u00f3n de todos los equipos: \u201c<em>Sent\u00ed mucho acompa\u00f1amiento, buena voluntad y predisposici\u00f3n las 24 horas. En este contexto no hubo horarios para pensar estrategias, en el momento que fuera, con las posibilidades que ten\u00edamos. Y esto tiene que ver con que ya tenemos un v\u00ednculo y respeto muy fuerte, un recorrido a trav\u00e9s de los a\u00f1os que hace que nos conozcamos, y que confiemos en la mirada de nuestras colegas, sin cuestionar\u00a8, <\/em>valor\u00f3.<\/p>\n<p>Balances:<\/p>\n<p>Entre los frutos de trabajo de destaca la planificaci\u00f3n conjunta de un proyecto destinado a adolescentes del nivel secundario para pensar formatosy din\u00e1micas alternativas para quienes no pueden continuar con las modalidades tradicionales que ofrece el sistema por diversas situaciones, haciendo eje en la inclusi\u00f3n de estos chicos y chicas para garantizar su continuidad educativa,al tiempo que se resuelven las problem\u00e1ticas de base que se detectan.<\/p>\n<p>Adem\u00e1s, una propuesta de registro etnogr\u00e1fico de las pr\u00e1cticas educativas, evaluaci\u00f3n y monitoreo, en articulaci\u00f3n con la Facultad de Ciencias Sociales, que resulta un aporte muy valioso y enriquecedor para mejorar las intervenciones y perfeccionar los canales de comunicaci\u00f3n interinstitucional a la hora de realizar abordajes operativos y efectivos.<\/p>\n<p>Con respeto al trabajo territorial, las profesionales remarcaron que se consolid\u00f3 fuertemente en la localidad de Sierra Chica y en el barrio Villa Aurora , inici\u00e1ndose adem\u00e1s un trabajo en el Servicio Territorial Municipal N\u00ba1. <em>\u201cNo paramos, seguimos trabajando. Adhiero a que me parece que son las bases que uno va construyendo para que despu\u00e9s en \u00e9pocas de crisis estos proyectos puedan surgir y no se dinamite todo. Esto que dec\u00edamos de los bolsones fue as\u00ed, m\u00e1s all\u00e1 de la entrega de un alimento se convirti\u00f3 en un v\u00ednculo pedag\u00f3gico. Las escuelas, tambi\u00e9n, lograron abrir sus puertas esos d\u00edas y se ve\u00edan con las familias\u201d,<\/em> precis\u00f3 Rosana Ingliso.<\/p>\n<p>Adem\u00e1s, Marcela Sesto expres\u00f3 que <em>\u201ctenemos que destacar que llevamos adelante el trabajo de la mesa, pero es una parte de todo un proceso de intervenci\u00f3n que se inicia en equipos docentes y orientadores de las Escuelas, que han estado alerta -en los pocos contactos que ten\u00edan- a lo que pasaba fundamentalmente a los ni\u00f1os, a las madres y las familias\u201d.<\/em><\/p>\n<p>Por \u00faltimo, Ingliso plante\u00f3 que <em>\u201chay un proceso de concientizaci\u00f3n comunitaria respecto de la ni\u00f1ez, a la promoci\u00f3n y protecci\u00f3n de derechos. El cuidado del Servicio Local como instituci\u00f3n de promoci\u00f3n. Hay que poner un alerta en el marco del cuidado de la ni\u00f1ez. Las alertas se disparan por distintos sectores y son el punto de partida para las intervenciones. Hemos superado la idea de \u2018derivaci\u00f3n\u2019. Esto es un trabajo conjunto, pensamos con otro y fue todo una construcci\u00f3n. Porque no hay respuestas m\u00e1gicas, vamos reformulando y buscando estrategias. Es muy amplio para pensarlo, no hay manera de resolver estas situaciones de forma m\u00e1gica\u201d.<\/em><\/p>\n","protected":false},"excerpt":{"rendered":"<p>Desde hace m\u00e1s de cuatro a\u00f1os, el Municipio y educaci\u00f3n\u00a0 -representada por Inspectoras de Ense\u00f1anza&#8230;<\/p>\n","protected":false},"author":1,"featured_media":130537,"comment_status":"closed","ping_status":"closed","sticky":false,"template":"","format":"standard","meta":{"content-type":""},"categories":[27,51],"tags":[],"nelio_content":{"isAutoShareEnabled":false,"autoShareEndMode":"default","automationSources":{"useContentSentences":true,"useSocialTemplates":true,"useCustomSentences":false,"customSentences":[]},"followers":[1],"suggestedReferences":[],"includedReferences":[],"efiUrl":"","efiAlt":"","highlights":[]},"yoast_head":"<!-- This site is optimized with the Yoast SEO plugin v20.7 - https:\/\/yoast.com\/wordpress\/plugins\/seo\/ -->\n<title>Municipio y educaci\u00f3n: Gesti\u00f3n participativa<\/title>\n<meta name=\"description\" content=\"Desde hace m\u00e1s de cuatro a\u00f1os, el Municipio y educaci\u00f3n trabajan de manera conjunta y en este a\u00f1o de pandemia a\u00fan m\u00e1s.\" \/>\n<meta name=\"robots\" content=\"index, follow, max-snippet:-1, max-image-preview:large, max-video-preview:-1\" \/>\n<link rel=\"canonical\" href=\"https:\/\/experienciadevida.com.ar\/portalurbano\/municipio-y-educacion-gestion-participativa\/\" \/>\n<meta property=\"og:locale\" content=\"es_ES\" \/>\n<meta property=\"og:type\" content=\"article\" \/>\n<meta property=\"og:title\" content=\"Municipio y educaci\u00f3n: Gesti\u00f3n participativa\" \/>\n<meta property=\"og:description\" content=\"Desde hace m\u00e1s de cuatro a\u00f1os, el Municipio y educaci\u00f3n trabajan de manera conjunta y en este a\u00f1o de pandemia a\u00fan m\u00e1s.\" \/>\n<meta property=\"og:url\" content=\"https:\/\/experienciadevida.com.ar\/portalurbano\/municipio-y-educacion-gestion-participativa\/\" \/>\n<meta property=\"article:publisher\" content=\"https:\/\/www.facebook.com\/Portal-Urbano-171542830093757\/\" \/>\n<meta property=\"article:published_time\" content=\"2020-12-22T12:50:08+00:00\" \/>\n<meta property=\"article:modified_time\" content=\"2020-12-22T12:56:08+00:00\" \/>\n<meta property=\"og:image\" content=\"https:\/\/experienciadevida.com.ar\/portalurbano\/wp-content\/uploads\/2020\/12\/Municipio-y-educacion-e1608641456351.jpg\" \/>\n\t<meta property=\"og:image:width\" content=\"765\" \/>\n\t<meta property=\"og:image:height\" content=\"511\" \/>\n\t<meta property=\"og:image:type\" content=\"image\/jpeg\" \/>\n<meta name=\"author\" content=\"admpu17wp\" \/>\n<meta name=\"twitter:card\" content=\"summary_large_image\" \/>\n<meta name=\"twitter:creator\" content=\"@portalurbanook\" \/>\n<meta name=\"twitter:site\" content=\"@portalurbanook\" \/>\n<meta name=\"twitter:label1\" content=\"Escrito por\" \/>\n\t<meta name=\"twitter:data1\" content=\"admpu17wp\" \/>\n\t<meta name=\"twitter:label2\" content=\"Tiempo de lectura\" \/>\n\t<meta name=\"twitter:data2\" content=\"8 minutos\" \/>\n<script type=\"application\/ld+json\" class=\"yoast-schema-graph\">{\"@context\":\"https:\/\/schema.org\",\"@graph\":[{\"@type\":\"Article\",\"@id\":\"https:\/\/experienciadevida.com.ar\/portalurbano\/municipio-y-educacion-gestion-participativa\/#article\",\"isPartOf\":{\"@id\":\"https:\/\/experienciadevida.com.ar\/portalurbano\/municipio-y-educacion-gestion-participativa\/\"},\"author\":{\"name\":\"admpu17wp\",\"@id\":\"https:\/\/experienciadevida.com.ar\/portalurbano\/#\/schema\/person\/02dd326b1c4b056e9cc972486934a3a7\"},\"headline\":\"Municipio y Educaci\u00f3n: Gesti\u00f3n participativa\",\"datePublished\":\"2020-12-22T12:50:08+00:00\",\"dateModified\":\"2020-12-22T12:56:08+00:00\",\"mainEntityOfPage\":{\"@id\":\"https:\/\/experienciadevida.com.ar\/portalurbano\/municipio-y-educacion-gestion-participativa\/\"},\"wordCount\":1599,\"publisher\":{\"@id\":\"https:\/\/experienciadevida.com.ar\/portalurbano\/#organization\"},\"articleSection\":[\"Ciudad\",\"Destacadas\"],\"inLanguage\":\"es\"},{\"@type\":\"WebPage\",\"@id\":\"https:\/\/experienciadevida.com.ar\/portalurbano\/municipio-y-educacion-gestion-participativa\/\",\"url\":\"https:\/\/experienciadevida.com.ar\/portalurbano\/municipio-y-educacion-gestion-participativa\/\",\"name\":\"Municipio y educaci\u00f3n: Gesti\u00f3n participativa\",\"isPartOf\":{\"@id\":\"https:\/\/experienciadevida.com.ar\/portalurbano\/#website\"},\"datePublished\":\"2020-12-22T12:50:08+00:00\",\"dateModified\":\"2020-12-22T12:56:08+00:00\",\"description\":\"Desde hace m\u00e1s de cuatro a\u00f1os, el Municipio y educaci\u00f3n trabajan de manera conjunta y en este a\u00f1o de pandemia a\u00fan m\u00e1s.\",\"breadcrumb\":{\"@id\":\"https:\/\/experienciadevida.com.ar\/portalurbano\/municipio-y-educacion-gestion-participativa\/#breadcrumb\"},\"inLanguage\":\"es\",\"potentialAction\":[{\"@type\":\"ReadAction\",\"target\":[\"https:\/\/experienciadevida.com.ar\/portalurbano\/municipio-y-educacion-gestion-participativa\/\"]}]},{\"@type\":\"BreadcrumbList\",\"@id\":\"https:\/\/experienciadevida.com.ar\/portalurbano\/municipio-y-educacion-gestion-participativa\/#breadcrumb\",\"itemListElement\":[{\"@type\":\"ListItem\",\"position\":1,\"name\":\"Portada\",\"item\":\"https:\/\/experienciadevida.com.ar\/portalurbano\/\"},{\"@type\":\"ListItem\",\"position\":2,\"name\":\"Municipio y Educaci\u00f3n: Gesti\u00f3n participativa\"}]},{\"@type\":\"WebSite\",\"@id\":\"https:\/\/experienciadevida.com.ar\/portalurbano\/#website\",\"url\":\"https:\/\/experienciadevida.com.ar\/portalurbano\/\",\"name\":\"\",\"description\":\"\",\"publisher\":{\"@id\":\"https:\/\/experienciadevida.com.ar\/portalurbano\/#organization\"},\"potentialAction\":[{\"@type\":\"SearchAction\",\"target\":{\"@type\":\"EntryPoint\",\"urlTemplate\":\"https:\/\/experienciadevida.com.ar\/portalurbano\/?s={search_term_string}\"},\"query-input\":\"required name=search_term_string\"}],\"inLanguage\":\"es\"},{\"@type\":\"Organization\",\"@id\":\"https:\/\/experienciadevida.com.ar\/portalurbano\/#organization\",\"name\":\"Portal Urbano\",\"url\":\"https:\/\/experienciadevida.com.ar\/portalurbano\/\",\"logo\":{\"@type\":\"ImageObject\",\"inLanguage\":\"es\",\"@id\":\"https:\/\/experienciadevida.com.ar\/portalurbano\/#\/schema\/logo\/image\/\",\"url\":\"https:\/\/experienciadevida.com.ar\/portalurbano\/wp-content\/uploads\/2019\/09\/Logo-Original.png\",\"contentUrl\":\"https:\/\/experienciadevida.com.ar\/portalurbano\/wp-content\/uploads\/2019\/09\/Logo-Original.png\",\"width\":2236,\"height\":1216,\"caption\":\"Portal Urbano\"},\"image\":{\"@id\":\"https:\/\/experienciadevida.com.ar\/portalurbano\/#\/schema\/logo\/image\/\"},\"sameAs\":[\"https:\/\/www.facebook.com\/Portal-Urbano-171542830093757\/\",\"https:\/\/twitter.com\/portalurbanook\",\"https:\/\/www.instagram.com\/_portalurbano\/\",\"https:\/\/www.youtube.com\/channel\/UCXhagIfszH8KxFiOok79zbA?view_as=subscriber\"]},{\"@type\":\"Person\",\"@id\":\"https:\/\/experienciadevida.com.ar\/portalurbano\/#\/schema\/person\/02dd326b1c4b056e9cc972486934a3a7\",\"name\":\"admpu17wp\",\"image\":{\"@type\":\"ImageObject\",\"inLanguage\":\"es\",\"@id\":\"https:\/\/experienciadevida.com.ar\/portalurbano\/#\/schema\/person\/image\/\",\"url\":\"https:\/\/secure.gravatar.com\/avatar\/830d4c57adaae6630765e449a6908047?s=96&d=mm&r=g\",\"contentUrl\":\"https:\/\/secure.gravatar.com\/avatar\/830d4c57adaae6630765e449a6908047?s=96&d=mm&r=g\",\"caption\":\"admpu17wp\"}}]}<\/script>\n<!-- \/ Yoast SEO plugin. -->","yoast_head_json":{"title":"Municipio y educaci\u00f3n: Gesti\u00f3n participativa","description":"Desde hace m\u00e1s de cuatro a\u00f1os, el Municipio y educaci\u00f3n trabajan de manera conjunta y en este a\u00f1o de pandemia a\u00fan m\u00e1s.","robots":{"index":"index","follow":"follow","max-snippet":"max-snippet:-1","max-image-preview":"max-image-preview:large","max-video-preview":"max-video-preview:-1"},"canonical":"https:\/\/experienciadevida.com.ar\/portalurbano\/municipio-y-educacion-gestion-participativa\/","og_locale":"es_ES","og_type":"article","og_title":"Municipio y educaci\u00f3n: Gesti\u00f3n participativa","og_description":"Desde hace m\u00e1s de cuatro a\u00f1os, el Municipio y educaci\u00f3n trabajan de manera conjunta y en este a\u00f1o de pandemia a\u00fan m\u00e1s.","og_url":"https:\/\/experienciadevida.com.ar\/portalurbano\/municipio-y-educacion-gestion-participativa\/","article_publisher":"https:\/\/www.facebook.com\/Portal-Urbano-171542830093757\/","article_published_time":"2020-12-22T12:50:08+00:00","article_modified_time":"2020-12-22T12:56:08+00:00","og_image":[{"width":765,"height":511,"url":"https:\/\/experienciadevida.com.ar\/portalurbano\/wp-content\/uploads\/2020\/12\/Municipio-y-educacion-e1608641456351.jpg","type":"image\/jpeg"}],"author":"admpu17wp","twitter_card":"summary_large_image","twitter_creator":"@portalurbanook","twitter_site":"@portalurbanook","twitter_misc":{"Escrito por":"admpu17wp","Tiempo de lectura":"8 minutos"},"schema":{"@context":"https:\/\/schema.org","@graph":[{"@type":"Article","@id":"https:\/\/experienciadevida.com.ar\/portalurbano\/municipio-y-educacion-gestion-participativa\/#article","isPartOf":{"@id":"https:\/\/experienciadevida.com.ar\/portalurbano\/municipio-y-educacion-gestion-participativa\/"},"author":{"name":"admpu17wp","@id":"https:\/\/experienciadevida.com.ar\/portalurbano\/#\/schema\/person\/02dd326b1c4b056e9cc972486934a3a7"},"headline":"Municipio y Educaci\u00f3n: Gesti\u00f3n participativa","datePublished":"2020-12-22T12:50:08+00:00","dateModified":"2020-12-22T12:56:08+00:00","mainEntityOfPage":{"@id":"https:\/\/experienciadevida.com.ar\/portalurbano\/municipio-y-educacion-gestion-participativa\/"},"wordCount":1599,"publisher":{"@id":"https:\/\/experienciadevida.com.ar\/portalurbano\/#organization"},"articleSection":["Ciudad","Destacadas"],"inLanguage":"es"},{"@type":"WebPage","@id":"https:\/\/experienciadevida.com.ar\/portalurbano\/municipio-y-educacion-gestion-participativa\/","url":"https:\/\/experienciadevida.com.ar\/portalurbano\/municipio-y-educacion-gestion-participativa\/","name":"Municipio y educaci\u00f3n: Gesti\u00f3n participativa","isPartOf":{"@id":"https:\/\/experienciadevida.com.ar\/portalurbano\/#website"},"datePublished":"2020-12-22T12:50:08+00:00","dateModified":"2020-12-22T12:56:08+00:00","description":"Desde hace m\u00e1s de cuatro a\u00f1os, el Municipio y educaci\u00f3n trabajan de manera conjunta y en este a\u00f1o de pandemia a\u00fan m\u00e1s.","breadcrumb":{"@id":"https:\/\/experienciadevida.com.ar\/portalurbano\/municipio-y-educacion-gestion-participativa\/#breadcrumb"},"inLanguage":"es","potentialAction":[{"@type":"ReadAction","target":["https:\/\/experienciadevida.com.ar\/portalurbano\/municipio-y-educacion-gestion-participativa\/"]}]},{"@type":"BreadcrumbList","@id":"https:\/\/experienciadevida.com.ar\/portalurbano\/municipio-y-educacion-gestion-participativa\/#breadcrumb","itemListElement":[{"@type":"ListItem","position":1,"name":"Portada","item":"https:\/\/experienciadevida.com.ar\/portalurbano\/"},{"@type":"ListItem","position":2,"name":"Municipio y Educaci\u00f3n: Gesti\u00f3n participativa"}]},{"@type":"WebSite","@id":"https:\/\/experienciadevida.com.ar\/portalurbano\/#website","url":"https:\/\/experienciadevida.com.ar\/portalurbano\/","name":"","description":"","publisher":{"@id":"https:\/\/experienciadevida.com.ar\/portalurbano\/#organization"},"potentialAction":[{"@type":"SearchAction","target":{"@type":"EntryPoint","urlTemplate":"https:\/\/experienciadevida.com.ar\/portalurbano\/?s={search_term_string}"},"query-input":"required name=search_term_string"}],"inLanguage":"es"},{"@type":"Organization","@id":"https:\/\/experienciadevida.com.ar\/portalurbano\/#organization","name":"Portal Urbano","url":"https:\/\/experienciadevida.com.ar\/portalurbano\/","logo":{"@type":"ImageObject","inLanguage":"es","@id":"https:\/\/experienciadevida.com.ar\/portalurbano\/#\/schema\/logo\/image\/","url":"https:\/\/experienciadevida.com.ar\/portalurbano\/wp-content\/uploads\/2019\/09\/Logo-Original.png","contentUrl":"https:\/\/experienciadevida.com.ar\/portalurbano\/wp-content\/uploads\/2019\/09\/Logo-Original.png","width":2236,"height":1216,"caption":"Portal Urbano"},"image":{"@id":"https:\/\/experienciadevida.com.ar\/portalurbano\/#\/schema\/logo\/image\/"},"sameAs":["https:\/\/www.facebook.com\/Portal-Urbano-171542830093757\/","https:\/\/twitter.com\/portalurbanook","https:\/\/www.instagram.com\/_portalurbano\/","https:\/\/www.youtube.com\/channel\/UCXhagIfszH8KxFiOok79zbA?view_as=subscriber"]},{"@type":"Person","@id":"https:\/\/experienciadevida.com.ar\/portalurbano\/#\/schema\/person\/02dd326b1c4b056e9cc972486934a3a7","name":"admpu17wp","image":{"@type":"ImageObject","inLanguage":"es","@id":"https:\/\/experienciadevida.com.ar\/portalurbano\/#\/schema\/person\/image\/","url":"https:\/\/secure.gravatar.com\/avatar\/830d4c57adaae6630765e449a6908047?s=96&d=mm&r=g","contentUrl":"https:\/\/secure.gravatar.com\/avatar\/830d4c57adaae6630765e449a6908047?s=96&d=mm&r=g","caption":"admpu17wp"}}]}},"featured_image_urls":{"full":["https:\/\/experienciadevida.com.ar\/portalurbano\/wp-content\/uploads\/2020\/12\/Municipio-y-educacion-e1608641456351.jpg",765,511,false],"thumbnail":["https:\/\/experienciadevida.com.ar\/portalurbano\/wp-content\/uploads\/2020\/12\/Municipio-y-educacion-150x150.jpg",150,150,true],"medium":["https:\/\/experienciadevida.com.ar\/portalurbano\/wp-content\/uploads\/2020\/12\/Municipio-y-educacion-300x201.jpg",300,201,true],"medium_large":["https:\/\/experienciadevida.com.ar\/portalurbano\/wp-content\/uploads\/2020\/12\/Municipio-y-educacion-768x513.jpg",640,428,true],"large":["https:\/\/experienciadevida.com.ar\/portalurbano\/wp-content\/uploads\/2020\/12\/Municipio-y-educacion-1024x684.jpg",640,428,true],"ug_big":["https:\/\/experienciadevida.com.ar\/portalurbano\/wp-content\/uploads\/2020\/12\/Municipio-y-educacion-768x513.jpg",768,513,true],"1536x1536":["https:\/\/experienciadevida.com.ar\/portalurbano\/wp-content\/uploads\/2020\/12\/Municipio-y-educacion-1536x1027.jpg",1536,1027,true],"2048x2048":["https:\/\/experienciadevida.com.ar\/portalurbano\/wp-content\/uploads\/2020\/12\/Municipio-y-educacion-2048x1369.jpg",2048,1369,true],"newsever-slider-full":["https:\/\/experienciadevida.com.ar\/portalurbano\/wp-content\/uploads\/2020\/12\/Municipio-y-educacion-e1608641456351.jpg",765,511,false],"newsever-featured":["https:\/\/experienciadevida.com.ar\/portalurbano\/wp-content\/uploads\/2020\/12\/Municipio-y-educacion-e1608641456351.jpg",765,511,false],"newsever-medium":["https:\/\/experienciadevida.com.ar\/portalurbano\/wp-content\/uploads\/2020\/12\/Municipio-y-educacion-e1608641456351.jpg",711,475,false],"web-stories-poster-portrait":["https:\/\/experienciadevida.com.ar\/portalurbano\/wp-content\/uploads\/2020\/12\/Municipio-y-educacion-e1608641456351.jpg",640,428,false],"web-stories-publisher-logo":["https:\/\/experienciadevida.com.ar\/portalurbano\/wp-content\/uploads\/2020\/12\/Municipio-y-educacion-e1608641456351.jpg",96,64,false],"web-stories-thumbnail":["https:\/\/experienciadevida.com.ar\/portalurbano\/wp-content\/uploads\/2020\/12\/Municipio-y-educacion-e1608641456351.jpg",150,100,false]},"author_info":{"display_name":"admpu17wp","author_link":"https:\/\/experienciadevida.com.ar\/portalurbano\/author\/admpu17wp\/"},"category_info":"<a href=\"https:\/\/experienciadevida.com.ar\/portalurbano\/category\/ciudad\/\" rel=\"category tag\">Ciudad<\/a> <a href=\"https:\/\/experienciadevida.com.ar\/portalurbano\/category\/destacadas\/\" rel=\"category tag\">Destacadas<\/a>","tag_info":"Destacadas","comment_count":"0","amp_enabled":true,"_links":{"self":[{"href":"https:\/\/experienciadevida.com.ar\/portalurbano\/wp-json\/wp\/v2\/posts\/130535"}],"collection":[{"href":"https:\/\/experienciadevida.com.ar\/portalurbano\/wp-json\/wp\/v2\/posts"}],"about":[{"href":"https:\/\/experienciadevida.com.ar\/portalurbano\/wp-json\/wp\/v2\/types\/post"}],"author":[{"embeddable":true,"href":"https:\/\/experienciadevida.com.ar\/portalurbano\/wp-json\/wp\/v2\/users\/1"}],"replies":[{"embeddable":true,"href":"https:\/\/experienciadevida.com.ar\/portalurbano\/wp-json\/wp\/v2\/comments?post=130535"}],"version-history":[{"count":5,"href":"https:\/\/experienciadevida.com.ar\/portalurbano\/wp-json\/wp\/v2\/posts\/130535\/revisions"}],"predecessor-version":[{"id":130542,"href":"https:\/\/experienciadevida.com.ar\/portalurbano\/wp-json\/wp\/v2\/posts\/130535\/revisions\/130542"}],"wp:featuredmedia":[{"embeddable":true,"href":"https:\/\/experienciadevida.com.ar\/portalurbano\/wp-json\/wp\/v2\/media\/130537"}],"wp:attachment":[{"href":"https:\/\/experienciadevida.com.ar\/portalurbano\/wp-json\/wp\/v2\/media?parent=130535"}],"wp:term":[{"taxonomy":"category","embeddable":true,"href":"https:\/\/experienciadevida.com.ar\/portalurbano\/wp-json\/wp\/v2\/categories?post=130535"},{"taxonomy":"post_tag","embeddable":true,"href":"https:\/\/experienciadevida.com.ar\/portalurbano\/wp-json\/wp\/v2\/tags?post=130535"}],"curies":[{"name":"wp","href":"https:\/\/api.w.org\/{rel}","templated":true}]}}