{"id":130526,"date":"2020-12-21T21:54:57","date_gmt":"2020-12-22T00:54:57","guid":{"rendered":"https:\/\/experienciadevida.com.ar\/portalurbano\/?p=130526"},"modified":"2020-12-21T21:56:47","modified_gmt":"2020-12-22T00:56:47","slug":"este-martes-se-inaugurara-la-pista-de-atletismo","status":"publish","type":"post","link":"https:\/\/experienciadevida.com.ar\/portalurbano\/este-martes-se-inaugurara-la-pista-de-atletismo\/","title":{"rendered":"Este martes se inaugurar\u00e1 la pista de atletismo"},"content":{"rendered":"<p>El Intendente Ezequiel Galli a las 11hs de este martes encabezar\u00e1 el acto de inauguraci\u00f3n de la pista de atletismo ubicada en el Parque Avellaneda.<\/p>\n<p>La pista se encuentra incluida dentro de una de las tres etapas de obra que se proyectan all\u00ed, para sentar las bases de lo que ser\u00e1 el Centro Deportivo Municipal, pensado como un espacio que permitir\u00e1 concentrar distintas disciplinas deportivas (f\u00fatbol, b\u00e1squet, v\u00f3ley, handball) y oficinas administrativas.<\/p>\n<p>Cabe destacar que la propuesta fue elaborada tras dos a\u00f1os de mucho trabajo, con la intervenci\u00f3n de dos \u00e1reas claves para el desarrollo del proyecto, desde el punto de vista de la infraestructura, la Secretar\u00eda de Mantenimiento y Obras P\u00fablicas y desde lo deportivo y social, cont\u00f3 con el importante aporte de la Subsecretar\u00eda de Deportes y Recreaci\u00f3n.<\/p>\n<p>Concretamente, la pista se emplaza en un lugar estrat\u00e9gico de la planta urbana ciudad, en el Parque Avellaneda -delimitado por Av. Avellaneda, Av. Pellegrini, calle Santa Cruz y Rend\u00f3n- debido a las condiciones de accesibilidad al predio.<\/p>\n<p>Foto- Facebook<\/p>\n","protected":false},"excerpt":{"rendered":"<p>El Intendente Ezequiel Galli a las 11hs de este martes encabezar\u00e1 el acto de inauguraci\u00f3n&#8230;<\/p>\n","protected":false},"author":1,"featured_media":130528,"comment_status":"closed","ping_status":"closed","sticky":false,"template":"","format":"standard","meta":{"content-type":""},"categories":[27,51],"tags":[],"nelio_content":{"isAutoShareEnabled":false,"autoShareEndMode":"default","automationSources":{"useContentSentences":true,"useSocialTemplates":true,"useCustomSentences":false,"customSentences":[]},"followers":[1],"suggestedReferences":[],"includedReferences":[],"efiUrl":"","efiAlt":"","highlights":[]},"yoast_head":"<!-- This site is optimized with the Yoast SEO plugin v20.7 - https:\/\/yoast.com\/wordpress\/plugins\/seo\/ -->\n<title>Este martes se inaugurar\u00e1 la pista de Atletismo<\/title>\n<meta name=\"description\" content=\"Ezequiel Galli a las 11hs de este martes encabezar\u00e1 el acto de inauguraci\u00f3n de la pista de atletismo ubicada en el Parque Avellaneda.\" \/>\n<meta name=\"robots\" content=\"index, follow, max-snippet:-1, max-image-preview:large, max-video-preview:-1\" \/>\n<link rel=\"canonical\" href=\"https:\/\/experienciadevida.com.ar\/portalurbano\/este-martes-se-inaugurara-la-pista-de-atletismo\/\" \/>\n<meta property=\"og:locale\" content=\"es_ES\" \/>\n<meta property=\"og:type\" content=\"article\" \/>\n<meta property=\"og:title\" content=\"Este martes se inaugurar\u00e1 la pista de Atletismo\" \/>\n<meta property=\"og:description\" content=\"Ezequiel Galli a las 11hs de este martes encabezar\u00e1 el acto de inauguraci\u00f3n de la pista de atletismo ubicada en el Parque Avellaneda.\" \/>\n<meta property=\"og:url\" content=\"https:\/\/experienciadevida.com.ar\/portalurbano\/este-martes-se-inaugurara-la-pista-de-atletismo\/\" \/>\n<meta property=\"article:publisher\" content=\"https:\/\/www.facebook.com\/Portal-Urbano-171542830093757\/\" \/>\n<meta property=\"article:published_time\" content=\"2020-12-22T00:54:57+00:00\" \/>\n<meta property=\"article:modified_time\" content=\"2020-12-22T00:56:47+00:00\" \/>\n<meta property=\"og:image\" content=\"https:\/\/experienciadevida.com.ar\/portalurbano\/wp-content\/uploads\/2020\/12\/Pista-de-atletismo.jpg\" \/>\n\t<meta property=\"og:image:width\" content=\"765\" \/>\n\t<meta property=\"og:image:height\" content=\"612\" \/>\n\t<meta property=\"og:image:type\" content=\"image\/jpeg\" \/>\n<meta name=\"author\" content=\"admpu17wp\" \/>\n<meta name=\"twitter:card\" content=\"summary_large_image\" \/>\n<meta name=\"twitter:creator\" content=\"@portalurbanook\" \/>\n<meta name=\"twitter:site\" content=\"@portalurbanook\" \/>\n<meta name=\"twitter:label1\" content=\"Escrito por\" \/>\n\t<meta name=\"twitter:data1\" content=\"admpu17wp\" \/>\n\t<meta name=\"twitter:label2\" content=\"Tiempo de lectura\" \/>\n\t<meta name=\"twitter:data2\" content=\"1 minuto\" \/>\n<script type=\"application\/ld+json\" class=\"yoast-schema-graph\">{\"@context\":\"https:\/\/schema.org\",\"@graph\":[{\"@type\":\"Article\",\"@id\":\"https:\/\/experienciadevida.com.ar\/portalurbano\/este-martes-se-inaugurara-la-pista-de-atletismo\/#article\",\"isPartOf\":{\"@id\":\"https:\/\/experienciadevida.com.ar\/portalurbano\/este-martes-se-inaugurara-la-pista-de-atletismo\/\"},\"author\":{\"name\":\"admpu17wp\",\"@id\":\"https:\/\/experienciadevida.com.ar\/portalurbano\/#\/schema\/person\/02dd326b1c4b056e9cc972486934a3a7\"},\"headline\":\"Este martes se inaugurar\u00e1 la pista de atletismo\",\"datePublished\":\"2020-12-22T00:54:57+00:00\",\"dateModified\":\"2020-12-22T00:56:47+00:00\",\"mainEntityOfPage\":{\"@id\":\"https:\/\/experienciadevida.com.ar\/portalurbano\/este-martes-se-inaugurara-la-pista-de-atletismo\/\"},\"wordCount\":189,\"publisher\":{\"@id\":\"https:\/\/experienciadevida.com.ar\/portalurbano\/#organization\"},\"articleSection\":[\"Ciudad\",\"Destacadas\"],\"inLanguage\":\"es\"},{\"@type\":\"WebPage\",\"@id\":\"https:\/\/experienciadevida.com.ar\/portalurbano\/este-martes-se-inaugurara-la-pista-de-atletismo\/\",\"url\":\"https:\/\/experienciadevida.com.ar\/portalurbano\/este-martes-se-inaugurara-la-pista-de-atletismo\/\",\"name\":\"Este martes se inaugurar\u00e1 la pista de Atletismo\",\"isPartOf\":{\"@id\":\"https:\/\/experienciadevida.com.ar\/portalurbano\/#website\"},\"datePublished\":\"2020-12-22T00:54:57+00:00\",\"dateModified\":\"2020-12-22T00:56:47+00:00\",\"description\":\"Ezequiel Galli a las 11hs de este martes encabezar\u00e1 el acto de inauguraci\u00f3n de la pista de atletismo ubicada en el Parque Avellaneda.\",\"breadcrumb\":{\"@id\":\"https:\/\/experienciadevida.com.ar\/portalurbano\/este-martes-se-inaugurara-la-pista-de-atletismo\/#breadcrumb\"},\"inLanguage\":\"es\",\"potentialAction\":[{\"@type\":\"ReadAction\",\"target\":[\"https:\/\/experienciadevida.com.ar\/portalurbano\/este-martes-se-inaugurara-la-pista-de-atletismo\/\"]}]},{\"@type\":\"BreadcrumbList\",\"@id\":\"https:\/\/experienciadevida.com.ar\/portalurbano\/este-martes-se-inaugurara-la-pista-de-atletismo\/#breadcrumb\",\"itemListElement\":[{\"@type\":\"ListItem\",\"position\":1,\"name\":\"Portada\",\"item\":\"https:\/\/experienciadevida.com.ar\/portalurbano\/\"},{\"@type\":\"ListItem\",\"position\":2,\"name\":\"Este martes se inaugurar\u00e1 la pista de atletismo\"}]},{\"@type\":\"WebSite\",\"@id\":\"https:\/\/experienciadevida.com.ar\/portalurbano\/#website\",\"url\":\"https:\/\/experienciadevida.com.ar\/portalurbano\/\",\"name\":\"\",\"description\":\"\",\"publisher\":{\"@id\":\"https:\/\/experienciadevida.com.ar\/portalurbano\/#organization\"},\"potentialAction\":[{\"@type\":\"SearchAction\",\"target\":{\"@type\":\"EntryPoint\",\"urlTemplate\":\"https:\/\/experienciadevida.com.ar\/portalurbano\/?s={search_term_string}\"},\"query-input\":\"required name=search_term_string\"}],\"inLanguage\":\"es\"},{\"@type\":\"Organization\",\"@id\":\"https:\/\/experienciadevida.com.ar\/portalurbano\/#organization\",\"name\":\"Portal Urbano\",\"url\":\"https:\/\/experienciadevida.com.ar\/portalurbano\/\",\"logo\":{\"@type\":\"ImageObject\",\"inLanguage\":\"es\",\"@id\":\"https:\/\/experienciadevida.com.ar\/portalurbano\/#\/schema\/logo\/image\/\",\"url\":\"https:\/\/experienciadevida.com.ar\/portalurbano\/wp-content\/uploads\/2019\/09\/Logo-Original.png\",\"contentUrl\":\"https:\/\/experienciadevida.com.ar\/portalurbano\/wp-content\/uploads\/2019\/09\/Logo-Original.png\",\"width\":2236,\"height\":1216,\"caption\":\"Portal Urbano\"},\"image\":{\"@id\":\"https:\/\/experienciadevida.com.ar\/portalurbano\/#\/schema\/logo\/image\/\"},\"sameAs\":[\"https:\/\/www.facebook.com\/Portal-Urbano-171542830093757\/\",\"https:\/\/twitter.com\/portalurbanook\",\"https:\/\/www.instagram.com\/_portalurbano\/\",\"https:\/\/www.youtube.com\/channel\/UCXhagIfszH8KxFiOok79zbA?view_as=subscriber\"]},{\"@type\":\"Person\",\"@id\":\"https:\/\/experienciadevida.com.ar\/portalurbano\/#\/schema\/person\/02dd326b1c4b056e9cc972486934a3a7\",\"name\":\"admpu17wp\",\"image\":{\"@type\":\"ImageObject\",\"inLanguage\":\"es\",\"@id\":\"https:\/\/experienciadevida.com.ar\/portalurbano\/#\/schema\/person\/image\/\",\"url\":\"https:\/\/secure.gravatar.com\/avatar\/830d4c57adaae6630765e449a6908047?s=96&d=mm&r=g\",\"contentUrl\":\"https:\/\/secure.gravatar.com\/avatar\/830d4c57adaae6630765e449a6908047?s=96&d=mm&r=g\",\"caption\":\"admpu17wp\"}}]}<\/script>\n<!-- \/ Yoast SEO plugin. -->","yoast_head_json":{"title":"Este martes se inaugurar\u00e1 la pista de Atletismo","description":"Ezequiel Galli a las 11hs de este martes encabezar\u00e1 el acto de inauguraci\u00f3n de la pista de atletismo ubicada en el Parque Avellaneda.","robots":{"index":"index","follow":"follow","max-snippet":"max-snippet:-1","max-image-preview":"max-image-preview:large","max-video-preview":"max-video-preview:-1"},"canonical":"https:\/\/experienciadevida.com.ar\/portalurbano\/este-martes-se-inaugurara-la-pista-de-atletismo\/","og_locale":"es_ES","og_type":"article","og_title":"Este martes se inaugurar\u00e1 la pista de Atletismo","og_description":"Ezequiel Galli a las 11hs de este martes encabezar\u00e1 el acto de inauguraci\u00f3n de la pista de atletismo ubicada en el Parque Avellaneda.","og_url":"https:\/\/experienciadevida.com.ar\/portalurbano\/este-martes-se-inaugurara-la-pista-de-atletismo\/","article_publisher":"https:\/\/www.facebook.com\/Portal-Urbano-171542830093757\/","article_published_time":"2020-12-22T00:54:57+00:00","article_modified_time":"2020-12-22T00:56:47+00:00","og_image":[{"width":765,"height":612,"url":"https:\/\/experienciadevida.com.ar\/portalurbano\/wp-content\/uploads\/2020\/12\/Pista-de-atletismo.jpg","type":"image\/jpeg"}],"author":"admpu17wp","twitter_card":"summary_large_image","twitter_creator":"@portalurbanook","twitter_site":"@portalurbanook","twitter_misc":{"Escrito por":"admpu17wp","Tiempo de lectura":"1 minuto"},"schema":{"@context":"https:\/\/schema.org","@graph":[{"@type":"Article","@id":"https:\/\/experienciadevida.com.ar\/portalurbano\/este-martes-se-inaugurara-la-pista-de-atletismo\/#article","isPartOf":{"@id":"https:\/\/experienciadevida.com.ar\/portalurbano\/este-martes-se-inaugurara-la-pista-de-atletismo\/"},"author":{"name":"admpu17wp","@id":"https:\/\/experienciadevida.com.ar\/portalurbano\/#\/schema\/person\/02dd326b1c4b056e9cc972486934a3a7"},"headline":"Este martes se inaugurar\u00e1 la pista de atletismo","datePublished":"2020-12-22T00:54:57+00:00","dateModified":"2020-12-22T00:56:47+00:00","mainEntityOfPage":{"@id":"https:\/\/experienciadevida.com.ar\/portalurbano\/este-martes-se-inaugurara-la-pista-de-atletismo\/"},"wordCount":189,"publisher":{"@id":"https:\/\/experienciadevida.com.ar\/portalurbano\/#organization"},"articleSection":["Ciudad","Destacadas"],"inLanguage":"es"},{"@type":"WebPage","@id":"https:\/\/experienciadevida.com.ar\/portalurbano\/este-martes-se-inaugurara-la-pista-de-atletismo\/","url":"https:\/\/experienciadevida.com.ar\/portalurbano\/este-martes-se-inaugurara-la-pista-de-atletismo\/","name":"Este martes se inaugurar\u00e1 la pista de Atletismo","isPartOf":{"@id":"https:\/\/experienciadevida.com.ar\/portalurbano\/#website"},"datePublished":"2020-12-22T00:54:57+00:00","dateModified":"2020-12-22T00:56:47+00:00","description":"Ezequiel Galli a las 11hs de este martes encabezar\u00e1 el acto de inauguraci\u00f3n de la pista de atletismo ubicada en el Parque Avellaneda.","breadcrumb":{"@id":"https:\/\/experienciadevida.com.ar\/portalurbano\/este-martes-se-inaugurara-la-pista-de-atletismo\/#breadcrumb"},"inLanguage":"es","potentialAction":[{"@type":"ReadAction","target":["https:\/\/experienciadevida.com.ar\/portalurbano\/este-martes-se-inaugurara-la-pista-de-atletismo\/"]}]},{"@type":"BreadcrumbList","@id":"https:\/\/experienciadevida.com.ar\/portalurbano\/este-martes-se-inaugurara-la-pista-de-atletismo\/#breadcrumb","itemListElement":[{"@type":"ListItem","position":1,"name":"Portada","item":"https:\/\/experienciadevida.com.ar\/portalurbano\/"},{"@type":"ListItem","position":2,"name":"Este martes se inaugurar\u00e1 la pista de atletismo"}]},{"@type":"WebSite","@id":"https:\/\/experienciadevida.com.ar\/portalurbano\/#website","url":"https:\/\/experienciadevida.com.ar\/portalurbano\/","name":"","description":"","publisher":{"@id":"https:\/\/experienciadevida.com.ar\/portalurbano\/#organization"},"potentialAction":[{"@type":"SearchAction","target":{"@type":"EntryPoint","urlTemplate":"https:\/\/experienciadevida.com.ar\/portalurbano\/?s={search_term_string}"},"query-input":"required name=search_term_string"}],"inLanguage":"es"},{"@type":"Organization","@id":"https:\/\/experienciadevida.com.ar\/portalurbano\/#organization","name":"Portal Urbano","url":"https:\/\/experienciadevida.com.ar\/portalurbano\/","logo":{"@type":"ImageObject","inLanguage":"es","@id":"https:\/\/experienciadevida.com.ar\/portalurbano\/#\/schema\/logo\/image\/","url":"https:\/\/experienciadevida.com.ar\/portalurbano\/wp-content\/uploads\/2019\/09\/Logo-Original.png","contentUrl":"https:\/\/experienciadevida.com.ar\/portalurbano\/wp-content\/uploads\/2019\/09\/Logo-Original.png","width":2236,"height":1216,"caption":"Portal Urbano"},"image":{"@id":"https:\/\/experienciadevida.com.ar\/portalurbano\/#\/schema\/logo\/image\/"},"sameAs":["https:\/\/www.facebook.com\/Portal-Urbano-171542830093757\/","https:\/\/twitter.com\/portalurbanook","https:\/\/www.instagram.com\/_portalurbano\/","https:\/\/www.youtube.com\/channel\/UCXhagIfszH8KxFiOok79zbA?view_as=subscriber"]},{"@type":"Person","@id":"https:\/\/experienciadevida.com.ar\/portalurbano\/#\/schema\/person\/02dd326b1c4b056e9cc972486934a3a7","name":"admpu17wp","image":{"@type":"ImageObject","inLanguage":"es","@id":"https:\/\/experienciadevida.com.ar\/portalurbano\/#\/schema\/person\/image\/","url":"https:\/\/secure.gravatar.com\/avatar\/830d4c57adaae6630765e449a6908047?s=96&d=mm&r=g","contentUrl":"https:\/\/secure.gravatar.com\/avatar\/830d4c57adaae6630765e449a6908047?s=96&d=mm&r=g","caption":"admpu17wp"}}]}},"featured_image_urls":{"full":["https:\/\/experienciadevida.com.ar\/portalurbano\/wp-content\/uploads\/2020\/12\/Pista-de-atletismo.jpg",765,612,false],"thumbnail":["https:\/\/experienciadevida.com.ar\/portalurbano\/wp-content\/uploads\/2020\/12\/Pista-de-atletismo-150x150.jpg",150,150,true],"medium":["https:\/\/experienciadevida.com.ar\/portalurbano\/wp-content\/uploads\/2020\/12\/Pista-de-atletismo-300x240.jpg",300,240,true],"medium_large":["https:\/\/experienciadevida.com.ar\/portalurbano\/wp-content\/uploads\/2020\/12\/Pista-de-atletismo.jpg",640,512,false],"large":["https:\/\/experienciadevida.com.ar\/portalurbano\/wp-content\/uploads\/2020\/12\/Pista-de-atletismo.jpg",640,512,false],"ug_big":["https:\/\/experienciadevida.com.ar\/portalurbano\/wp-content\/uploads\/2020\/12\/Pista-de-atletismo.jpg",765,612,false],"1536x1536":["https:\/\/experienciadevida.com.ar\/portalurbano\/wp-content\/uploads\/2020\/12\/Pista-de-atletismo.jpg",765,612,false],"2048x2048":["https:\/\/experienciadevida.com.ar\/portalurbano\/wp-content\/uploads\/2020\/12\/Pista-de-atletismo.jpg",765,612,false],"newsever-slider-full":["https:\/\/experienciadevida.com.ar\/portalurbano\/wp-content\/uploads\/2020\/12\/Pista-de-atletismo.jpg",765,612,false],"newsever-featured":["https:\/\/experienciadevida.com.ar\/portalurbano\/wp-content\/uploads\/2020\/12\/Pista-de-atletismo.jpg",765,612,false],"newsever-medium":["https:\/\/experienciadevida.com.ar\/portalurbano\/wp-content\/uploads\/2020\/12\/Pista-de-atletismo.jpg",594,475,false],"web-stories-poster-portrait":["https:\/\/experienciadevida.com.ar\/portalurbano\/wp-content\/uploads\/2020\/12\/Pista-de-atletismo.jpg",640,512,false],"web-stories-publisher-logo":["https:\/\/experienciadevida.com.ar\/portalurbano\/wp-content\/uploads\/2020\/12\/Pista-de-atletismo.jpg",96,77,false],"web-stories-thumbnail":["https:\/\/experienciadevida.com.ar\/portalurbano\/wp-content\/uploads\/2020\/12\/Pista-de-atletismo.jpg",150,120,false]},"author_info":{"display_name":"admpu17wp","author_link":"https:\/\/experienciadevida.com.ar\/portalurbano\/author\/admpu17wp\/"},"category_info":"<a href=\"https:\/\/experienciadevida.com.ar\/portalurbano\/category\/ciudad\/\" rel=\"category tag\">Ciudad<\/a> <a href=\"https:\/\/experienciadevida.com.ar\/portalurbano\/category\/destacadas\/\" rel=\"category tag\">Destacadas<\/a>","tag_info":"Destacadas","comment_count":"0","amp_enabled":true,"_links":{"self":[{"href":"https:\/\/experienciadevida.com.ar\/portalurbano\/wp-json\/wp\/v2\/posts\/130526"}],"collection":[{"href":"https:\/\/experienciadevida.com.ar\/portalurbano\/wp-json\/wp\/v2\/posts"}],"about":[{"href":"https:\/\/experienciadevida.com.ar\/portalurbano\/wp-json\/wp\/v2\/types\/post"}],"author":[{"embeddable":true,"href":"https:\/\/experienciadevida.com.ar\/portalurbano\/wp-json\/wp\/v2\/users\/1"}],"replies":[{"embeddable":true,"href":"https:\/\/experienciadevida.com.ar\/portalurbano\/wp-json\/wp\/v2\/comments?post=130526"}],"version-history":[{"count":1,"href":"https:\/\/experienciadevida.com.ar\/portalurbano\/wp-json\/wp\/v2\/posts\/130526\/revisions"}],"predecessor-version":[{"id":130529,"href":"https:\/\/experienciadevida.com.ar\/portalurbano\/wp-json\/wp\/v2\/posts\/130526\/revisions\/130529"}],"wp:featuredmedia":[{"embeddable":true,"href":"https:\/\/experienciadevida.com.ar\/portalurbano\/wp-json\/wp\/v2\/media\/130528"}],"wp:attachment":[{"href":"https:\/\/experienciadevida.com.ar\/portalurbano\/wp-json\/wp\/v2\/media?parent=130526"}],"wp:term":[{"taxonomy":"category","embeddable":true,"href":"https:\/\/experienciadevida.com.ar\/portalurbano\/wp-json\/wp\/v2\/categories?post=130526"},{"taxonomy":"post_tag","embeddable":true,"href":"https:\/\/experienciadevida.com.ar\/portalurbano\/wp-json\/wp\/v2\/tags?post=130526"}],"curies":[{"name":"wp","href":"https:\/\/api.w.org\/{rel}","templated":true}]}}