{"id":130507,"date":"2020-12-21T21:15:41","date_gmt":"2020-12-22T00:15:41","guid":{"rendered":"https:\/\/experienciadevida.com.ar\/portalurbano\/?p=130507"},"modified":"2020-12-21T21:20:16","modified_gmt":"2020-12-22T00:20:16","slug":"alicia-almada-no-creemos-en-principio-que-este-presupuesto-sea-justo","status":"publish","type":"post","link":"https:\/\/experienciadevida.com.ar\/portalurbano\/alicia-almada-no-creemos-en-principio-que-este-presupuesto-sea-justo\/","title":{"rendered":"Alicia Almada: &#8220;No creemos en principio que este presupuesto sea justo&#8221;"},"content":{"rendered":"<p>Este lunes, tras 7 horas de debate sobre el presupuesto Municipal 2021, que fue aprobado por mayor\u00eda, todos los ediles en el recinto de la Sociedad Espa\u00f1ola expusieron su postura.<\/p>\n<p>En este caso la edil Alicia Almada quien rechaz\u00f3 el presupuesto mencion\u00f3 <em>&#8220;el Partido de Olavarr\u00eda no es un escenario inmune a los efectos negativos de la Pandemia en la cual a\u00fan nos encontramos inmersos\u00a0 y con incertidumbre absoluta de cara al 2021, tampoco nuestra ciudad est\u00e1 exenta de las pol\u00edticas econ\u00f3micas err\u00e1ticas del Gobierno Nacional y provincial anterior, a lo que se suma la mala administraci\u00f3n local, que arrojara en 2019 un d\u00e9ficit de 354 millones de pesos y un 2020 donde la misma pandemia es aprovechada para ajustar presupuestos en todas las \u00e1reas en detrimento de la calidad\u00a0 de vida de los Olavarrienses con el claro objetivo de que los n\u00fameros cierren, esto nos coloca en un escenario complejo ante el a\u00f1o venidero, un a\u00f1o donde deberemos sortear a\u00fan desaf\u00edos importantes en el \u00e1mbito de la salud y la econom\u00eda en general y en particular&#8221;.<\/em><\/p>\n<p>&#8220;Cualquier presupuesto que se dise\u00f1e debiera estar sustentado sobre la base de un diagn\u00f3stico acertado de la realidad que a grandes rasgos vienen a impartir injusticias sobre el acceso a derechos humanos b\u00e1sicos de la sociedad en su conjunto, <strong>no creemos en principio que este presupuesto sea justo,\u00a0<\/strong>una vez m\u00e1s creemos que estamos frente a un presupuesto que ya no podemos calificar de conservador ni prudente, sino m\u00e1s bien poco democr\u00e1tico y un tanto confuso&#8221;.<\/p>\n<p>A su vez la edil mencion\u00f3 <em>&#8220;el presupuesto 2020 destin\u00f3 el 1,5 del total a inversiones en las localidades el a\u00f1o venidero ser\u00e1 del 0% en un pa\u00eds federal con tanto territorio, Olavarr\u00eda se caracteriza por sus localidades que a modo de sat\u00e9lites enriquecen con identidad propia nuestra impronta como Partido todas con problemas en com\u00fan como la falta de trabajo, viviendas, centros educativos, iluminaci\u00f3n, asfalto, micros regulares, mantenimiento de parques y paseos, cloacas, agua potable, cajeros autom\u00e1ticos, impulso al turismo, cultura, hospitales, o centros de atenci\u00f3n primaria a la salud con personal suficiente e insumos necesarios, seguridad con mayor tecnolog\u00eda, acceso a la comunicaci\u00f3n y la garant\u00eda del funcionamiento de una delegaci\u00f3n municipal con respaldo\u00a0 y financiamiento propio, nada de eso se contempla en este presupuesto de los 4 700 millones de pesos,\u00a0 s\u00f3lo 60 millones son destinados para mantener todas las localidades, sin dudas estamos frente a un panorama desolador&#8221;.<\/em><\/p>\n<p>Por otro lado coment\u00f3<em> &#8220;no corre mucha mejor suerte que las localidades el\u00a0 casco urbano, con obras p\u00fablicas que rondan unos 120 millones de pesos a la espera de la ayuda\u00a0 de provincia y naci\u00f3n que impulse la obra p\u00fablica. Desde nuestro espacio observamos con preocupaci\u00f3n el tiempo transcurrido en pandemia y lo que reste de ella relacionado a la falta de controles m\u00e9dicos en vecinos de todas edades, cirug\u00edas postergadas, y trabajos de prevenci\u00f3n en\u00a0 informaci\u00f3n, mientras se destinan\u00a0 1314 millones al hospital municipal s\u00f3lo\u00a0 214 millones ser\u00e1n distribuidos entre los 27 centros de atenci\u00f3n\u00a0 primaria de la salud, lo cual presupone otro a\u00f1o sin agentes sanitarios abocados a la prevenci\u00f3n de la salud&#8221;.<\/em><\/p>\n<p>Luego detall\u00f3 varios problemas que se acent\u00faan en la ciudad, tales como el de la salud mental, la construcci\u00f3n de viviendas para v\u00edctimas de violencia familiar y g\u00e9nero, as\u00ed como tambi\u00e9n el consultorio inclusivo, poco dinero ser\u00e1 destinado a discapacidad, entre otras problem\u00e1ticas.<\/p>\n<p>Por \u00faltimo explic\u00f3 &#8221; es<em>te gobierno municipal o abierto, no estuvo abierto al dialogo y a la participaci\u00f3n,\u00a0 fruto de esa carencia es este presupuesto unilateral, injusto que de ser aplicado tal y como esta presentado no sera otra cosa que un caldo de cultivo para el malestar social que ya se viene acumulando&#8221;.\u00a0<\/em><\/p>\n","protected":false},"excerpt":{"rendered":"<p>Este lunes, tras 7 horas de debate sobre el presupuesto Municipal 2021, que fue aprobado&#8230;<\/p>\n","protected":false},"author":1,"featured_media":130517,"comment_status":"closed","ping_status":"closed","sticky":false,"template":"","format":"standard","meta":{"content-type":""},"categories":[27,64],"tags":[],"nelio_content":{"isAutoShareEnabled":false,"autoShareEndMode":"default","automationSources":{"useContentSentences":true,"useSocialTemplates":true,"useCustomSentences":false,"customSentences":[]},"followers":[1],"suggestedReferences":[],"includedReferences":[],"efiUrl":"","efiAlt":"","highlights":[]},"yoast_head":"<!-- This site is optimized with the Yoast SEO plugin v20.7 - https:\/\/yoast.com\/wordpress\/plugins\/seo\/ -->\n<title>Alicia Almada: &quot;No creemos en principio que este presupuesto sea justo&quot; -<\/title>\n<meta name=\"robots\" content=\"index, follow, max-snippet:-1, max-image-preview:large, max-video-preview:-1\" \/>\n<link rel=\"canonical\" href=\"https:\/\/experienciadevida.com.ar\/portalurbano\/alicia-almada-no-creemos-en-principio-que-este-presupuesto-sea-justo\/\" \/>\n<meta property=\"og:locale\" content=\"es_ES\" \/>\n<meta property=\"og:type\" content=\"article\" \/>\n<meta property=\"og:title\" content=\"Alicia Almada: &quot;No creemos en principio que este presupuesto sea justo&quot; -\" \/>\n<meta property=\"og:description\" content=\"Este lunes, tras 7 horas de debate sobre el presupuesto Municipal 2021, que fue aprobado...\" \/>\n<meta property=\"og:url\" content=\"https:\/\/experienciadevida.com.ar\/portalurbano\/alicia-almada-no-creemos-en-principio-que-este-presupuesto-sea-justo\/\" \/>\n<meta property=\"article:publisher\" content=\"https:\/\/www.facebook.com\/Portal-Urbano-171542830093757\/\" \/>\n<meta property=\"article:published_time\" content=\"2020-12-22T00:15:41+00:00\" \/>\n<meta property=\"article:modified_time\" content=\"2020-12-22T00:20:16+00:00\" \/>\n<meta property=\"og:image\" content=\"https:\/\/experienciadevida.com.ar\/portalurbano\/wp-content\/uploads\/2020\/12\/Alicia-Almada-1.png\" \/>\n\t<meta property=\"og:image:width\" content=\"630\" \/>\n\t<meta property=\"og:image:height\" content=\"419\" \/>\n\t<meta property=\"og:image:type\" content=\"image\/png\" \/>\n<meta name=\"author\" content=\"admpu17wp\" \/>\n<meta name=\"twitter:card\" content=\"summary_large_image\" \/>\n<meta name=\"twitter:creator\" content=\"@portalurbanook\" \/>\n<meta name=\"twitter:site\" content=\"@portalurbanook\" \/>\n<meta name=\"twitter:label1\" content=\"Escrito por\" \/>\n\t<meta name=\"twitter:data1\" content=\"admpu17wp\" \/>\n\t<meta name=\"twitter:label2\" content=\"Tiempo de lectura\" \/>\n\t<meta name=\"twitter:data2\" content=\"3 minutos\" \/>\n<script type=\"application\/ld+json\" class=\"yoast-schema-graph\">{\"@context\":\"https:\/\/schema.org\",\"@graph\":[{\"@type\":\"Article\",\"@id\":\"https:\/\/experienciadevida.com.ar\/portalurbano\/alicia-almada-no-creemos-en-principio-que-este-presupuesto-sea-justo\/#article\",\"isPartOf\":{\"@id\":\"https:\/\/experienciadevida.com.ar\/portalurbano\/alicia-almada-no-creemos-en-principio-que-este-presupuesto-sea-justo\/\"},\"author\":{\"name\":\"admpu17wp\",\"@id\":\"https:\/\/experienciadevida.com.ar\/portalurbano\/#\/schema\/person\/02dd326b1c4b056e9cc972486934a3a7\"},\"headline\":\"Alicia Almada: &#8220;No creemos en principio que este presupuesto sea justo&#8221;\",\"datePublished\":\"2020-12-22T00:15:41+00:00\",\"dateModified\":\"2020-12-22T00:20:16+00:00\",\"mainEntityOfPage\":{\"@id\":\"https:\/\/experienciadevida.com.ar\/portalurbano\/alicia-almada-no-creemos-en-principio-que-este-presupuesto-sea-justo\/\"},\"wordCount\":665,\"publisher\":{\"@id\":\"https:\/\/experienciadevida.com.ar\/portalurbano\/#organization\"},\"articleSection\":[\"Ciudad\",\"Destacadas 2\"],\"inLanguage\":\"es\"},{\"@type\":\"WebPage\",\"@id\":\"https:\/\/experienciadevida.com.ar\/portalurbano\/alicia-almada-no-creemos-en-principio-que-este-presupuesto-sea-justo\/\",\"url\":\"https:\/\/experienciadevida.com.ar\/portalurbano\/alicia-almada-no-creemos-en-principio-que-este-presupuesto-sea-justo\/\",\"name\":\"Alicia Almada: \\\"No creemos en principio que este presupuesto sea justo\\\" -\",\"isPartOf\":{\"@id\":\"https:\/\/experienciadevida.com.ar\/portalurbano\/#website\"},\"datePublished\":\"2020-12-22T00:15:41+00:00\",\"dateModified\":\"2020-12-22T00:20:16+00:00\",\"breadcrumb\":{\"@id\":\"https:\/\/experienciadevida.com.ar\/portalurbano\/alicia-almada-no-creemos-en-principio-que-este-presupuesto-sea-justo\/#breadcrumb\"},\"inLanguage\":\"es\",\"potentialAction\":[{\"@type\":\"ReadAction\",\"target\":[\"https:\/\/experienciadevida.com.ar\/portalurbano\/alicia-almada-no-creemos-en-principio-que-este-presupuesto-sea-justo\/\"]}]},{\"@type\":\"BreadcrumbList\",\"@id\":\"https:\/\/experienciadevida.com.ar\/portalurbano\/alicia-almada-no-creemos-en-principio-que-este-presupuesto-sea-justo\/#breadcrumb\",\"itemListElement\":[{\"@type\":\"ListItem\",\"position\":1,\"name\":\"Portada\",\"item\":\"https:\/\/experienciadevida.com.ar\/portalurbano\/\"},{\"@type\":\"ListItem\",\"position\":2,\"name\":\"Alicia Almada: \u00abNo creemos en principio que este presupuesto sea justo\u00bb\"}]},{\"@type\":\"WebSite\",\"@id\":\"https:\/\/experienciadevida.com.ar\/portalurbano\/#website\",\"url\":\"https:\/\/experienciadevida.com.ar\/portalurbano\/\",\"name\":\"\",\"description\":\"\",\"publisher\":{\"@id\":\"https:\/\/experienciadevida.com.ar\/portalurbano\/#organization\"},\"potentialAction\":[{\"@type\":\"SearchAction\",\"target\":{\"@type\":\"EntryPoint\",\"urlTemplate\":\"https:\/\/experienciadevida.com.ar\/portalurbano\/?s={search_term_string}\"},\"query-input\":\"required name=search_term_string\"}],\"inLanguage\":\"es\"},{\"@type\":\"Organization\",\"@id\":\"https:\/\/experienciadevida.com.ar\/portalurbano\/#organization\",\"name\":\"Portal Urbano\",\"url\":\"https:\/\/experienciadevida.com.ar\/portalurbano\/\",\"logo\":{\"@type\":\"ImageObject\",\"inLanguage\":\"es\",\"@id\":\"https:\/\/experienciadevida.com.ar\/portalurbano\/#\/schema\/logo\/image\/\",\"url\":\"https:\/\/experienciadevida.com.ar\/portalurbano\/wp-content\/uploads\/2019\/09\/Logo-Original.png\",\"contentUrl\":\"https:\/\/experienciadevida.com.ar\/portalurbano\/wp-content\/uploads\/2019\/09\/Logo-Original.png\",\"width\":2236,\"height\":1216,\"caption\":\"Portal Urbano\"},\"image\":{\"@id\":\"https:\/\/experienciadevida.com.ar\/portalurbano\/#\/schema\/logo\/image\/\"},\"sameAs\":[\"https:\/\/www.facebook.com\/Portal-Urbano-171542830093757\/\",\"https:\/\/twitter.com\/portalurbanook\",\"https:\/\/www.instagram.com\/_portalurbano\/\",\"https:\/\/www.youtube.com\/channel\/UCXhagIfszH8KxFiOok79zbA?view_as=subscriber\"]},{\"@type\":\"Person\",\"@id\":\"https:\/\/experienciadevida.com.ar\/portalurbano\/#\/schema\/person\/02dd326b1c4b056e9cc972486934a3a7\",\"name\":\"admpu17wp\",\"image\":{\"@type\":\"ImageObject\",\"inLanguage\":\"es\",\"@id\":\"https:\/\/experienciadevida.com.ar\/portalurbano\/#\/schema\/person\/image\/\",\"url\":\"https:\/\/secure.gravatar.com\/avatar\/830d4c57adaae6630765e449a6908047?s=96&d=mm&r=g\",\"contentUrl\":\"https:\/\/secure.gravatar.com\/avatar\/830d4c57adaae6630765e449a6908047?s=96&d=mm&r=g\",\"caption\":\"admpu17wp\"}}]}<\/script>\n<!-- \/ Yoast SEO plugin. -->","yoast_head_json":{"title":"Alicia Almada: \"No creemos en principio que este presupuesto sea justo\" -","robots":{"index":"index","follow":"follow","max-snippet":"max-snippet:-1","max-image-preview":"max-image-preview:large","max-video-preview":"max-video-preview:-1"},"canonical":"https:\/\/experienciadevida.com.ar\/portalurbano\/alicia-almada-no-creemos-en-principio-que-este-presupuesto-sea-justo\/","og_locale":"es_ES","og_type":"article","og_title":"Alicia Almada: \"No creemos en principio que este presupuesto sea justo\" -","og_description":"Este lunes, tras 7 horas de debate sobre el presupuesto Municipal 2021, que fue aprobado...","og_url":"https:\/\/experienciadevida.com.ar\/portalurbano\/alicia-almada-no-creemos-en-principio-que-este-presupuesto-sea-justo\/","article_publisher":"https:\/\/www.facebook.com\/Portal-Urbano-171542830093757\/","article_published_time":"2020-12-22T00:15:41+00:00","article_modified_time":"2020-12-22T00:20:16+00:00","og_image":[{"width":630,"height":419,"url":"https:\/\/experienciadevida.com.ar\/portalurbano\/wp-content\/uploads\/2020\/12\/Alicia-Almada-1.png","type":"image\/png"}],"author":"admpu17wp","twitter_card":"summary_large_image","twitter_creator":"@portalurbanook","twitter_site":"@portalurbanook","twitter_misc":{"Escrito por":"admpu17wp","Tiempo de lectura":"3 minutos"},"schema":{"@context":"https:\/\/schema.org","@graph":[{"@type":"Article","@id":"https:\/\/experienciadevida.com.ar\/portalurbano\/alicia-almada-no-creemos-en-principio-que-este-presupuesto-sea-justo\/#article","isPartOf":{"@id":"https:\/\/experienciadevida.com.ar\/portalurbano\/alicia-almada-no-creemos-en-principio-que-este-presupuesto-sea-justo\/"},"author":{"name":"admpu17wp","@id":"https:\/\/experienciadevida.com.ar\/portalurbano\/#\/schema\/person\/02dd326b1c4b056e9cc972486934a3a7"},"headline":"Alicia Almada: &#8220;No creemos en principio que este presupuesto sea justo&#8221;","datePublished":"2020-12-22T00:15:41+00:00","dateModified":"2020-12-22T00:20:16+00:00","mainEntityOfPage":{"@id":"https:\/\/experienciadevida.com.ar\/portalurbano\/alicia-almada-no-creemos-en-principio-que-este-presupuesto-sea-justo\/"},"wordCount":665,"publisher":{"@id":"https:\/\/experienciadevida.com.ar\/portalurbano\/#organization"},"articleSection":["Ciudad","Destacadas 2"],"inLanguage":"es"},{"@type":"WebPage","@id":"https:\/\/experienciadevida.com.ar\/portalurbano\/alicia-almada-no-creemos-en-principio-que-este-presupuesto-sea-justo\/","url":"https:\/\/experienciadevida.com.ar\/portalurbano\/alicia-almada-no-creemos-en-principio-que-este-presupuesto-sea-justo\/","name":"Alicia Almada: \"No creemos en principio que este presupuesto sea justo\" -","isPartOf":{"@id":"https:\/\/experienciadevida.com.ar\/portalurbano\/#website"},"datePublished":"2020-12-22T00:15:41+00:00","dateModified":"2020-12-22T00:20:16+00:00","breadcrumb":{"@id":"https:\/\/experienciadevida.com.ar\/portalurbano\/alicia-almada-no-creemos-en-principio-que-este-presupuesto-sea-justo\/#breadcrumb"},"inLanguage":"es","potentialAction":[{"@type":"ReadAction","target":["https:\/\/experienciadevida.com.ar\/portalurbano\/alicia-almada-no-creemos-en-principio-que-este-presupuesto-sea-justo\/"]}]},{"@type":"BreadcrumbList","@id":"https:\/\/experienciadevida.com.ar\/portalurbano\/alicia-almada-no-creemos-en-principio-que-este-presupuesto-sea-justo\/#breadcrumb","itemListElement":[{"@type":"ListItem","position":1,"name":"Portada","item":"https:\/\/experienciadevida.com.ar\/portalurbano\/"},{"@type":"ListItem","position":2,"name":"Alicia Almada: \u00abNo creemos en principio que este presupuesto sea justo\u00bb"}]},{"@type":"WebSite","@id":"https:\/\/experienciadevida.com.ar\/portalurbano\/#website","url":"https:\/\/experienciadevida.com.ar\/portalurbano\/","name":"","description":"","publisher":{"@id":"https:\/\/experienciadevida.com.ar\/portalurbano\/#organization"},"potentialAction":[{"@type":"SearchAction","target":{"@type":"EntryPoint","urlTemplate":"https:\/\/experienciadevida.com.ar\/portalurbano\/?s={search_term_string}"},"query-input":"required name=search_term_string"}],"inLanguage":"es"},{"@type":"Organization","@id":"https:\/\/experienciadevida.com.ar\/portalurbano\/#organization","name":"Portal Urbano","url":"https:\/\/experienciadevida.com.ar\/portalurbano\/","logo":{"@type":"ImageObject","inLanguage":"es","@id":"https:\/\/experienciadevida.com.ar\/portalurbano\/#\/schema\/logo\/image\/","url":"https:\/\/experienciadevida.com.ar\/portalurbano\/wp-content\/uploads\/2019\/09\/Logo-Original.png","contentUrl":"https:\/\/experienciadevida.com.ar\/portalurbano\/wp-content\/uploads\/2019\/09\/Logo-Original.png","width":2236,"height":1216,"caption":"Portal Urbano"},"image":{"@id":"https:\/\/experienciadevida.com.ar\/portalurbano\/#\/schema\/logo\/image\/"},"sameAs":["https:\/\/www.facebook.com\/Portal-Urbano-171542830093757\/","https:\/\/twitter.com\/portalurbanook","https:\/\/www.instagram.com\/_portalurbano\/","https:\/\/www.youtube.com\/channel\/UCXhagIfszH8KxFiOok79zbA?view_as=subscriber"]},{"@type":"Person","@id":"https:\/\/experienciadevida.com.ar\/portalurbano\/#\/schema\/person\/02dd326b1c4b056e9cc972486934a3a7","name":"admpu17wp","image":{"@type":"ImageObject","inLanguage":"es","@id":"https:\/\/experienciadevida.com.ar\/portalurbano\/#\/schema\/person\/image\/","url":"https:\/\/secure.gravatar.com\/avatar\/830d4c57adaae6630765e449a6908047?s=96&d=mm&r=g","contentUrl":"https:\/\/secure.gravatar.com\/avatar\/830d4c57adaae6630765e449a6908047?s=96&d=mm&r=g","caption":"admpu17wp"}}]}},"featured_image_urls":{"full":["https:\/\/experienciadevida.com.ar\/portalurbano\/wp-content\/uploads\/2020\/12\/Alicia-Almada-1.png",630,419,false],"thumbnail":["https:\/\/experienciadevida.com.ar\/portalurbano\/wp-content\/uploads\/2020\/12\/Alicia-Almada-1-150x150.png",150,150,true],"medium":["https:\/\/experienciadevida.com.ar\/portalurbano\/wp-content\/uploads\/2020\/12\/Alicia-Almada-1-300x200.png",300,200,true],"medium_large":["https:\/\/experienciadevida.com.ar\/portalurbano\/wp-content\/uploads\/2020\/12\/Alicia-Almada-1.png",630,419,false],"large":["https:\/\/experienciadevida.com.ar\/portalurbano\/wp-content\/uploads\/2020\/12\/Alicia-Almada-1.png",630,419,false],"ug_big":["https:\/\/experienciadevida.com.ar\/portalurbano\/wp-content\/uploads\/2020\/12\/Alicia-Almada-1.png",630,419,false],"1536x1536":["https:\/\/experienciadevida.com.ar\/portalurbano\/wp-content\/uploads\/2020\/12\/Alicia-Almada-1.png",630,419,false],"2048x2048":["https:\/\/experienciadevida.com.ar\/portalurbano\/wp-content\/uploads\/2020\/12\/Alicia-Almada-1.png",630,419,false],"newsever-slider-full":["https:\/\/experienciadevida.com.ar\/portalurbano\/wp-content\/uploads\/2020\/12\/Alicia-Almada-1.png",630,419,false],"newsever-featured":["https:\/\/experienciadevida.com.ar\/portalurbano\/wp-content\/uploads\/2020\/12\/Alicia-Almada-1.png",630,419,false],"newsever-medium":["https:\/\/experienciadevida.com.ar\/portalurbano\/wp-content\/uploads\/2020\/12\/Alicia-Almada-1.png",630,419,false],"web-stories-poster-portrait":["https:\/\/experienciadevida.com.ar\/portalurbano\/wp-content\/uploads\/2020\/12\/Alicia-Almada-1.png",630,419,false],"web-stories-publisher-logo":["https:\/\/experienciadevida.com.ar\/portalurbano\/wp-content\/uploads\/2020\/12\/Alicia-Almada-1.png",96,64,false],"web-stories-thumbnail":["https:\/\/experienciadevida.com.ar\/portalurbano\/wp-content\/uploads\/2020\/12\/Alicia-Almada-1.png",150,100,false]},"author_info":{"display_name":"admpu17wp","author_link":"https:\/\/experienciadevida.com.ar\/portalurbano\/author\/admpu17wp\/"},"category_info":"<a href=\"https:\/\/experienciadevida.com.ar\/portalurbano\/category\/ciudad\/\" rel=\"category tag\">Ciudad<\/a> <a href=\"https:\/\/experienciadevida.com.ar\/portalurbano\/category\/destacadas-2\/\" rel=\"category tag\">Destacadas 2<\/a>","tag_info":"Destacadas 2","comment_count":"0","amp_enabled":true,"_links":{"self":[{"href":"https:\/\/experienciadevida.com.ar\/portalurbano\/wp-json\/wp\/v2\/posts\/130507"}],"collection":[{"href":"https:\/\/experienciadevida.com.ar\/portalurbano\/wp-json\/wp\/v2\/posts"}],"about":[{"href":"https:\/\/experienciadevida.com.ar\/portalurbano\/wp-json\/wp\/v2\/types\/post"}],"author":[{"embeddable":true,"href":"https:\/\/experienciadevida.com.ar\/portalurbano\/wp-json\/wp\/v2\/users\/1"}],"replies":[{"embeddable":true,"href":"https:\/\/experienciadevida.com.ar\/portalurbano\/wp-json\/wp\/v2\/comments?post=130507"}],"version-history":[{"count":4,"href":"https:\/\/experienciadevida.com.ar\/portalurbano\/wp-json\/wp\/v2\/posts\/130507\/revisions"}],"predecessor-version":[{"id":130520,"href":"https:\/\/experienciadevida.com.ar\/portalurbano\/wp-json\/wp\/v2\/posts\/130507\/revisions\/130520"}],"wp:featuredmedia":[{"embeddable":true,"href":"https:\/\/experienciadevida.com.ar\/portalurbano\/wp-json\/wp\/v2\/media\/130517"}],"wp:attachment":[{"href":"https:\/\/experienciadevida.com.ar\/portalurbano\/wp-json\/wp\/v2\/media?parent=130507"}],"wp:term":[{"taxonomy":"category","embeddable":true,"href":"https:\/\/experienciadevida.com.ar\/portalurbano\/wp-json\/wp\/v2\/categories?post=130507"},{"taxonomy":"post_tag","embeddable":true,"href":"https:\/\/experienciadevida.com.ar\/portalurbano\/wp-json\/wp\/v2\/tags?post=130507"}],"curies":[{"name":"wp","href":"https:\/\/api.w.org\/{rel}","templated":true}]}}