{"id":130479,"date":"2020-12-21T16:00:46","date_gmt":"2020-12-21T19:00:46","guid":{"rendered":"https:\/\/experienciadevida.com.ar\/portalurbano\/?p=130479"},"modified":"2020-12-21T16:04:35","modified_gmt":"2020-12-21T19:04:35","slug":"landivar-del-presupuesto-2021-no-hay-plata-para-obras-publicas-en-las-localidades","status":"publish","type":"post","link":"https:\/\/experienciadevida.com.ar\/portalurbano\/landivar-del-presupuesto-2021-no-hay-plata-para-obras-publicas-en-las-localidades\/","title":{"rendered":"Landivar: &#8220;Del presupuesto 2021 no hay plata para obras p\u00fablicas en las localidades&#8221;"},"content":{"rendered":"<p>En un extenso debate que se realiza en el HCD el debate del presupuesto Municipal, la concejal del Interbloque Frente de Todos dio un extenso discurso sobre las localidades y mencion\u00f3 que &#8220;<em>del presupuesto 2021 no hay plata para obras p\u00fablicas&#8221;.<\/em><\/p>\n<p>Landivar coment\u00f3 &#8220;<em>en primer\u00a0 lugar poner en valor lo expuesto por mis compa\u00f1eros por Ubaldo y Guillermo, que han descripto un poco el porque del rechazo a este presupuesto para el 2021, en mi caso particular me toca profundizar y hablar sobre esta problem\u00e1tica que todos sabemos que no es de ahora que lleva muchos a\u00f1os, quienes militamos en diferentes espacios o han tenido la oportunidad de ser funcionarios y han podido recorrer las localidades, y escuchar a sus vecinos y a las instituciones, saben que esto no es de ahora no es circunstancial, es un reclamo de a\u00f1os&#8221;.\u00a0<\/em><\/p>\n<p><em>&#8220;Hemos tenido la oportunidad de dar a conocer a la comunidad nuestras plataformas de Gobierno y qu\u00e9 pens\u00e1bamos hacer para las localidades del Partido de Olavarr\u00eda, ojala exista la posibilidad de empezar a transcurrir el camino del ejercicio de la memoria. Galli menciona que el reclamo de los vecinos es pol\u00edtica&#8221;<\/em><\/p>\n<p><em>&#8220;Adem\u00e1s menciona algo que es muy sorprendente, dice que la recaudaci\u00f3n de las localidades es de un promedio del 25%, y por eso justifica la falta de inversi\u00f3n en obra p\u00fablica, pero el porcentaje de cobrabilidad es mucho m\u00e1s que eso&#8221;.<\/em><\/p>\n<p>Por otro lado menciona que<em> &#8220;el Intendente est\u00e1 enojado, le molesta que los vecinos se organicen y reclamen por lo suyo. La situaci\u00f3n de las localidades del partido,\u00a0 son una muestra m\u00e1s de las evidentes inequidades que sostiene el Municipio en materia de financiaci\u00f3n,\u00a0 la ausencia total de planificaci\u00f3n de obras, desfinanciamiento constante en las delegaciones municipales, indiferencia hacia los delegados, es un combo preocupante de decisiones pol\u00edticas que dejan al descubierto el desinter\u00e9s del Intendete para los vecinos de las localidades&#8221;.\u00a0<\/em><\/p>\n<p>A su vez dijo &#8220;<em>no hay que dejar a las localidades en la indiferencia total como en este momento, hay que crear una mesa de gesti\u00f3n que sea\u00a0 representada por los delegados, instituciones, vecinos y municipio que escuche lo que les pasa a los vecinos, y que tome las medidas correspondientes&#8221;.<\/em><\/p>\n<p><em>&#8220;No hay programas espec\u00edficos para las localidades, cero de pesos para\u00a0 obras p\u00fablicas, es abandono,\u00a0 falta de dialogo,\u00a0 empat\u00eda que los atraviesa a todos&#8221;.\u00a0<\/em><\/p>\n<p>Al finalizar remarc\u00f3 &#8220;<em>rechazamos el presupuesto planteado para el 2021, no queremos un cierre de a\u00f1o con super\u00e1vit con la gente afuera&#8221;.\u00a0<\/em><\/p>\n","protected":false},"excerpt":{"rendered":"<p>En un extenso debate que se realiza en el HCD el debate del presupuesto Municipal,&#8230;<\/p>\n","protected":false},"author":1,"featured_media":130480,"comment_status":"closed","ping_status":"closed","sticky":false,"template":"","format":"standard","meta":{"content-type":""},"categories":[27,51],"tags":[],"nelio_content":{"isAutoShareEnabled":false,"autoShareEndMode":"default","automationSources":{"useContentSentences":true,"useSocialTemplates":true,"useCustomSentences":false,"customSentences":[]},"followers":[1],"suggestedReferences":[],"includedReferences":[],"efiUrl":"","efiAlt":"","highlights":[]},"yoast_head":"<!-- This site is optimized with the Yoast SEO plugin v20.7 - https:\/\/yoast.com\/wordpress\/plugins\/seo\/ -->\n<title>Landivar: &quot;Del presupuesto 2021 no hay plata para obras p\u00fablicas en las localidades&quot; -<\/title>\n<meta name=\"robots\" content=\"index, follow, max-snippet:-1, max-image-preview:large, max-video-preview:-1\" \/>\n<link rel=\"canonical\" href=\"https:\/\/experienciadevida.com.ar\/portalurbano\/landivar-del-presupuesto-2021-no-hay-plata-para-obras-publicas-en-las-localidades\/\" \/>\n<meta property=\"og:locale\" content=\"es_ES\" \/>\n<meta property=\"og:type\" content=\"article\" \/>\n<meta property=\"og:title\" content=\"Landivar: &quot;Del presupuesto 2021 no hay plata para obras p\u00fablicas en las localidades&quot; -\" \/>\n<meta property=\"og:description\" content=\"En un extenso debate que se realiza en el HCD el debate del presupuesto Municipal,...\" \/>\n<meta property=\"og:url\" content=\"https:\/\/experienciadevida.com.ar\/portalurbano\/landivar-del-presupuesto-2021-no-hay-plata-para-obras-publicas-en-las-localidades\/\" \/>\n<meta property=\"article:publisher\" content=\"https:\/\/www.facebook.com\/Portal-Urbano-171542830093757\/\" \/>\n<meta property=\"article:published_time\" content=\"2020-12-21T19:00:46+00:00\" \/>\n<meta property=\"article:modified_time\" content=\"2020-12-21T19:04:35+00:00\" \/>\n<meta property=\"og:image\" content=\"https:\/\/experienciadevida.com.ar\/portalurbano\/wp-content\/uploads\/2020\/12\/Mercedes-Landivar.png\" \/>\n\t<meta property=\"og:image:width\" content=\"726\" \/>\n\t<meta property=\"og:image:height\" content=\"418\" \/>\n\t<meta property=\"og:image:type\" content=\"image\/png\" \/>\n<meta name=\"author\" content=\"admpu17wp\" \/>\n<meta name=\"twitter:card\" content=\"summary_large_image\" \/>\n<meta name=\"twitter:creator\" content=\"@portalurbanook\" \/>\n<meta name=\"twitter:site\" content=\"@portalurbanook\" \/>\n<meta name=\"twitter:label1\" content=\"Escrito por\" \/>\n\t<meta name=\"twitter:data1\" content=\"admpu17wp\" \/>\n\t<meta name=\"twitter:label2\" content=\"Tiempo de lectura\" \/>\n\t<meta name=\"twitter:data2\" content=\"2 minutos\" \/>\n<script type=\"application\/ld+json\" class=\"yoast-schema-graph\">{\"@context\":\"https:\/\/schema.org\",\"@graph\":[{\"@type\":\"Article\",\"@id\":\"https:\/\/experienciadevida.com.ar\/portalurbano\/landivar-del-presupuesto-2021-no-hay-plata-para-obras-publicas-en-las-localidades\/#article\",\"isPartOf\":{\"@id\":\"https:\/\/experienciadevida.com.ar\/portalurbano\/landivar-del-presupuesto-2021-no-hay-plata-para-obras-publicas-en-las-localidades\/\"},\"author\":{\"name\":\"admpu17wp\",\"@id\":\"https:\/\/experienciadevida.com.ar\/portalurbano\/#\/schema\/person\/02dd326b1c4b056e9cc972486934a3a7\"},\"headline\":\"Landivar: &#8220;Del presupuesto 2021 no hay plata para obras p\u00fablicas en las localidades&#8221;\",\"datePublished\":\"2020-12-21T19:00:46+00:00\",\"dateModified\":\"2020-12-21T19:04:35+00:00\",\"mainEntityOfPage\":{\"@id\":\"https:\/\/experienciadevida.com.ar\/portalurbano\/landivar-del-presupuesto-2021-no-hay-plata-para-obras-publicas-en-las-localidades\/\"},\"wordCount\":445,\"publisher\":{\"@id\":\"https:\/\/experienciadevida.com.ar\/portalurbano\/#organization\"},\"articleSection\":[\"Ciudad\",\"Destacadas\"],\"inLanguage\":\"es\"},{\"@type\":\"WebPage\",\"@id\":\"https:\/\/experienciadevida.com.ar\/portalurbano\/landivar-del-presupuesto-2021-no-hay-plata-para-obras-publicas-en-las-localidades\/\",\"url\":\"https:\/\/experienciadevida.com.ar\/portalurbano\/landivar-del-presupuesto-2021-no-hay-plata-para-obras-publicas-en-las-localidades\/\",\"name\":\"Landivar: \\\"Del presupuesto 2021 no hay plata para obras p\u00fablicas en las localidades\\\" -\",\"isPartOf\":{\"@id\":\"https:\/\/experienciadevida.com.ar\/portalurbano\/#website\"},\"datePublished\":\"2020-12-21T19:00:46+00:00\",\"dateModified\":\"2020-12-21T19:04:35+00:00\",\"breadcrumb\":{\"@id\":\"https:\/\/experienciadevida.com.ar\/portalurbano\/landivar-del-presupuesto-2021-no-hay-plata-para-obras-publicas-en-las-localidades\/#breadcrumb\"},\"inLanguage\":\"es\",\"potentialAction\":[{\"@type\":\"ReadAction\",\"target\":[\"https:\/\/experienciadevida.com.ar\/portalurbano\/landivar-del-presupuesto-2021-no-hay-plata-para-obras-publicas-en-las-localidades\/\"]}]},{\"@type\":\"BreadcrumbList\",\"@id\":\"https:\/\/experienciadevida.com.ar\/portalurbano\/landivar-del-presupuesto-2021-no-hay-plata-para-obras-publicas-en-las-localidades\/#breadcrumb\",\"itemListElement\":[{\"@type\":\"ListItem\",\"position\":1,\"name\":\"Portada\",\"item\":\"https:\/\/experienciadevida.com.ar\/portalurbano\/\"},{\"@type\":\"ListItem\",\"position\":2,\"name\":\"Landivar: \u00abDel presupuesto 2021 no hay plata para obras p\u00fablicas en las localidades\u00bb\"}]},{\"@type\":\"WebSite\",\"@id\":\"https:\/\/experienciadevida.com.ar\/portalurbano\/#website\",\"url\":\"https:\/\/experienciadevida.com.ar\/portalurbano\/\",\"name\":\"\",\"description\":\"\",\"publisher\":{\"@id\":\"https:\/\/experienciadevida.com.ar\/portalurbano\/#organization\"},\"potentialAction\":[{\"@type\":\"SearchAction\",\"target\":{\"@type\":\"EntryPoint\",\"urlTemplate\":\"https:\/\/experienciadevida.com.ar\/portalurbano\/?s={search_term_string}\"},\"query-input\":\"required name=search_term_string\"}],\"inLanguage\":\"es\"},{\"@type\":\"Organization\",\"@id\":\"https:\/\/experienciadevida.com.ar\/portalurbano\/#organization\",\"name\":\"Portal Urbano\",\"url\":\"https:\/\/experienciadevida.com.ar\/portalurbano\/\",\"logo\":{\"@type\":\"ImageObject\",\"inLanguage\":\"es\",\"@id\":\"https:\/\/experienciadevida.com.ar\/portalurbano\/#\/schema\/logo\/image\/\",\"url\":\"https:\/\/experienciadevida.com.ar\/portalurbano\/wp-content\/uploads\/2019\/09\/Logo-Original.png\",\"contentUrl\":\"https:\/\/experienciadevida.com.ar\/portalurbano\/wp-content\/uploads\/2019\/09\/Logo-Original.png\",\"width\":2236,\"height\":1216,\"caption\":\"Portal Urbano\"},\"image\":{\"@id\":\"https:\/\/experienciadevida.com.ar\/portalurbano\/#\/schema\/logo\/image\/\"},\"sameAs\":[\"https:\/\/www.facebook.com\/Portal-Urbano-171542830093757\/\",\"https:\/\/twitter.com\/portalurbanook\",\"https:\/\/www.instagram.com\/_portalurbano\/\",\"https:\/\/www.youtube.com\/channel\/UCXhagIfszH8KxFiOok79zbA?view_as=subscriber\"]},{\"@type\":\"Person\",\"@id\":\"https:\/\/experienciadevida.com.ar\/portalurbano\/#\/schema\/person\/02dd326b1c4b056e9cc972486934a3a7\",\"name\":\"admpu17wp\",\"image\":{\"@type\":\"ImageObject\",\"inLanguage\":\"es\",\"@id\":\"https:\/\/experienciadevida.com.ar\/portalurbano\/#\/schema\/person\/image\/\",\"url\":\"https:\/\/secure.gravatar.com\/avatar\/830d4c57adaae6630765e449a6908047?s=96&d=mm&r=g\",\"contentUrl\":\"https:\/\/secure.gravatar.com\/avatar\/830d4c57adaae6630765e449a6908047?s=96&d=mm&r=g\",\"caption\":\"admpu17wp\"}}]}<\/script>\n<!-- \/ Yoast SEO plugin. -->","yoast_head_json":{"title":"Landivar: \"Del presupuesto 2021 no hay plata para obras p\u00fablicas en las localidades\" -","robots":{"index":"index","follow":"follow","max-snippet":"max-snippet:-1","max-image-preview":"max-image-preview:large","max-video-preview":"max-video-preview:-1"},"canonical":"https:\/\/experienciadevida.com.ar\/portalurbano\/landivar-del-presupuesto-2021-no-hay-plata-para-obras-publicas-en-las-localidades\/","og_locale":"es_ES","og_type":"article","og_title":"Landivar: \"Del presupuesto 2021 no hay plata para obras p\u00fablicas en las localidades\" -","og_description":"En un extenso debate que se realiza en el HCD el debate del presupuesto Municipal,...","og_url":"https:\/\/experienciadevida.com.ar\/portalurbano\/landivar-del-presupuesto-2021-no-hay-plata-para-obras-publicas-en-las-localidades\/","article_publisher":"https:\/\/www.facebook.com\/Portal-Urbano-171542830093757\/","article_published_time":"2020-12-21T19:00:46+00:00","article_modified_time":"2020-12-21T19:04:35+00:00","og_image":[{"width":726,"height":418,"url":"https:\/\/experienciadevida.com.ar\/portalurbano\/wp-content\/uploads\/2020\/12\/Mercedes-Landivar.png","type":"image\/png"}],"author":"admpu17wp","twitter_card":"summary_large_image","twitter_creator":"@portalurbanook","twitter_site":"@portalurbanook","twitter_misc":{"Escrito por":"admpu17wp","Tiempo de lectura":"2 minutos"},"schema":{"@context":"https:\/\/schema.org","@graph":[{"@type":"Article","@id":"https:\/\/experienciadevida.com.ar\/portalurbano\/landivar-del-presupuesto-2021-no-hay-plata-para-obras-publicas-en-las-localidades\/#article","isPartOf":{"@id":"https:\/\/experienciadevida.com.ar\/portalurbano\/landivar-del-presupuesto-2021-no-hay-plata-para-obras-publicas-en-las-localidades\/"},"author":{"name":"admpu17wp","@id":"https:\/\/experienciadevida.com.ar\/portalurbano\/#\/schema\/person\/02dd326b1c4b056e9cc972486934a3a7"},"headline":"Landivar: &#8220;Del presupuesto 2021 no hay plata para obras p\u00fablicas en las localidades&#8221;","datePublished":"2020-12-21T19:00:46+00:00","dateModified":"2020-12-21T19:04:35+00:00","mainEntityOfPage":{"@id":"https:\/\/experienciadevida.com.ar\/portalurbano\/landivar-del-presupuesto-2021-no-hay-plata-para-obras-publicas-en-las-localidades\/"},"wordCount":445,"publisher":{"@id":"https:\/\/experienciadevida.com.ar\/portalurbano\/#organization"},"articleSection":["Ciudad","Destacadas"],"inLanguage":"es"},{"@type":"WebPage","@id":"https:\/\/experienciadevida.com.ar\/portalurbano\/landivar-del-presupuesto-2021-no-hay-plata-para-obras-publicas-en-las-localidades\/","url":"https:\/\/experienciadevida.com.ar\/portalurbano\/landivar-del-presupuesto-2021-no-hay-plata-para-obras-publicas-en-las-localidades\/","name":"Landivar: \"Del presupuesto 2021 no hay plata para obras p\u00fablicas en las localidades\" -","isPartOf":{"@id":"https:\/\/experienciadevida.com.ar\/portalurbano\/#website"},"datePublished":"2020-12-21T19:00:46+00:00","dateModified":"2020-12-21T19:04:35+00:00","breadcrumb":{"@id":"https:\/\/experienciadevida.com.ar\/portalurbano\/landivar-del-presupuesto-2021-no-hay-plata-para-obras-publicas-en-las-localidades\/#breadcrumb"},"inLanguage":"es","potentialAction":[{"@type":"ReadAction","target":["https:\/\/experienciadevida.com.ar\/portalurbano\/landivar-del-presupuesto-2021-no-hay-plata-para-obras-publicas-en-las-localidades\/"]}]},{"@type":"BreadcrumbList","@id":"https:\/\/experienciadevida.com.ar\/portalurbano\/landivar-del-presupuesto-2021-no-hay-plata-para-obras-publicas-en-las-localidades\/#breadcrumb","itemListElement":[{"@type":"ListItem","position":1,"name":"Portada","item":"https:\/\/experienciadevida.com.ar\/portalurbano\/"},{"@type":"ListItem","position":2,"name":"Landivar: \u00abDel presupuesto 2021 no hay plata para obras p\u00fablicas en las localidades\u00bb"}]},{"@type":"WebSite","@id":"https:\/\/experienciadevida.com.ar\/portalurbano\/#website","url":"https:\/\/experienciadevida.com.ar\/portalurbano\/","name":"","description":"","publisher":{"@id":"https:\/\/experienciadevida.com.ar\/portalurbano\/#organization"},"potentialAction":[{"@type":"SearchAction","target":{"@type":"EntryPoint","urlTemplate":"https:\/\/experienciadevida.com.ar\/portalurbano\/?s={search_term_string}"},"query-input":"required name=search_term_string"}],"inLanguage":"es"},{"@type":"Organization","@id":"https:\/\/experienciadevida.com.ar\/portalurbano\/#organization","name":"Portal Urbano","url":"https:\/\/experienciadevida.com.ar\/portalurbano\/","logo":{"@type":"ImageObject","inLanguage":"es","@id":"https:\/\/experienciadevida.com.ar\/portalurbano\/#\/schema\/logo\/image\/","url":"https:\/\/experienciadevida.com.ar\/portalurbano\/wp-content\/uploads\/2019\/09\/Logo-Original.png","contentUrl":"https:\/\/experienciadevida.com.ar\/portalurbano\/wp-content\/uploads\/2019\/09\/Logo-Original.png","width":2236,"height":1216,"caption":"Portal Urbano"},"image":{"@id":"https:\/\/experienciadevida.com.ar\/portalurbano\/#\/schema\/logo\/image\/"},"sameAs":["https:\/\/www.facebook.com\/Portal-Urbano-171542830093757\/","https:\/\/twitter.com\/portalurbanook","https:\/\/www.instagram.com\/_portalurbano\/","https:\/\/www.youtube.com\/channel\/UCXhagIfszH8KxFiOok79zbA?view_as=subscriber"]},{"@type":"Person","@id":"https:\/\/experienciadevida.com.ar\/portalurbano\/#\/schema\/person\/02dd326b1c4b056e9cc972486934a3a7","name":"admpu17wp","image":{"@type":"ImageObject","inLanguage":"es","@id":"https:\/\/experienciadevida.com.ar\/portalurbano\/#\/schema\/person\/image\/","url":"https:\/\/secure.gravatar.com\/avatar\/830d4c57adaae6630765e449a6908047?s=96&d=mm&r=g","contentUrl":"https:\/\/secure.gravatar.com\/avatar\/830d4c57adaae6630765e449a6908047?s=96&d=mm&r=g","caption":"admpu17wp"}}]}},"featured_image_urls":{"full":["https:\/\/experienciadevida.com.ar\/portalurbano\/wp-content\/uploads\/2020\/12\/Mercedes-Landivar.png",726,418,false],"thumbnail":["https:\/\/experienciadevida.com.ar\/portalurbano\/wp-content\/uploads\/2020\/12\/Mercedes-Landivar-150x150.png",150,150,true],"medium":["https:\/\/experienciadevida.com.ar\/portalurbano\/wp-content\/uploads\/2020\/12\/Mercedes-Landivar-300x173.png",300,173,true],"medium_large":["https:\/\/experienciadevida.com.ar\/portalurbano\/wp-content\/uploads\/2020\/12\/Mercedes-Landivar.png",640,368,false],"large":["https:\/\/experienciadevida.com.ar\/portalurbano\/wp-content\/uploads\/2020\/12\/Mercedes-Landivar.png",640,368,false],"ug_big":["https:\/\/experienciadevida.com.ar\/portalurbano\/wp-content\/uploads\/2020\/12\/Mercedes-Landivar.png",726,418,false],"1536x1536":["https:\/\/experienciadevida.com.ar\/portalurbano\/wp-content\/uploads\/2020\/12\/Mercedes-Landivar.png",726,418,false],"2048x2048":["https:\/\/experienciadevida.com.ar\/portalurbano\/wp-content\/uploads\/2020\/12\/Mercedes-Landivar.png",726,418,false],"newsever-slider-full":["https:\/\/experienciadevida.com.ar\/portalurbano\/wp-content\/uploads\/2020\/12\/Mercedes-Landivar.png",726,418,false],"newsever-featured":["https:\/\/experienciadevida.com.ar\/portalurbano\/wp-content\/uploads\/2020\/12\/Mercedes-Landivar.png",726,418,false],"newsever-medium":["https:\/\/experienciadevida.com.ar\/portalurbano\/wp-content\/uploads\/2020\/12\/Mercedes-Landivar.png",720,415,false],"web-stories-poster-portrait":["https:\/\/experienciadevida.com.ar\/portalurbano\/wp-content\/uploads\/2020\/12\/Mercedes-Landivar.png",640,368,false],"web-stories-publisher-logo":["https:\/\/experienciadevida.com.ar\/portalurbano\/wp-content\/uploads\/2020\/12\/Mercedes-Landivar.png",96,55,false],"web-stories-thumbnail":["https:\/\/experienciadevida.com.ar\/portalurbano\/wp-content\/uploads\/2020\/12\/Mercedes-Landivar.png",150,86,false]},"author_info":{"display_name":"admpu17wp","author_link":"https:\/\/experienciadevida.com.ar\/portalurbano\/author\/admpu17wp\/"},"category_info":"<a href=\"https:\/\/experienciadevida.com.ar\/portalurbano\/category\/ciudad\/\" rel=\"category tag\">Ciudad<\/a> <a href=\"https:\/\/experienciadevida.com.ar\/portalurbano\/category\/destacadas\/\" rel=\"category tag\">Destacadas<\/a>","tag_info":"Destacadas","comment_count":"0","amp_enabled":true,"_links":{"self":[{"href":"https:\/\/experienciadevida.com.ar\/portalurbano\/wp-json\/wp\/v2\/posts\/130479"}],"collection":[{"href":"https:\/\/experienciadevida.com.ar\/portalurbano\/wp-json\/wp\/v2\/posts"}],"about":[{"href":"https:\/\/experienciadevida.com.ar\/portalurbano\/wp-json\/wp\/v2\/types\/post"}],"author":[{"embeddable":true,"href":"https:\/\/experienciadevida.com.ar\/portalurbano\/wp-json\/wp\/v2\/users\/1"}],"replies":[{"embeddable":true,"href":"https:\/\/experienciadevida.com.ar\/portalurbano\/wp-json\/wp\/v2\/comments?post=130479"}],"version-history":[{"count":5,"href":"https:\/\/experienciadevida.com.ar\/portalurbano\/wp-json\/wp\/v2\/posts\/130479\/revisions"}],"predecessor-version":[{"id":130488,"href":"https:\/\/experienciadevida.com.ar\/portalurbano\/wp-json\/wp\/v2\/posts\/130479\/revisions\/130488"}],"wp:featuredmedia":[{"embeddable":true,"href":"https:\/\/experienciadevida.com.ar\/portalurbano\/wp-json\/wp\/v2\/media\/130480"}],"wp:attachment":[{"href":"https:\/\/experienciadevida.com.ar\/portalurbano\/wp-json\/wp\/v2\/media?parent=130479"}],"wp:term":[{"taxonomy":"category","embeddable":true,"href":"https:\/\/experienciadevida.com.ar\/portalurbano\/wp-json\/wp\/v2\/categories?post=130479"},{"taxonomy":"post_tag","embeddable":true,"href":"https:\/\/experienciadevida.com.ar\/portalurbano\/wp-json\/wp\/v2\/tags?post=130479"}],"curies":[{"name":"wp","href":"https:\/\/api.w.org\/{rel}","templated":true}]}}