{"id":130473,"date":"2020-12-21T15:12:18","date_gmt":"2020-12-21T18:12:18","guid":{"rendered":"https:\/\/experienciadevida.com.ar\/portalurbano\/?p=130473"},"modified":"2020-12-21T15:18:24","modified_gmt":"2020-12-21T18:18:24","slug":"santellan-es-un-presupuesto-que-le-hace-pagar-a-la-gente-la-falta-de-gestion","status":"publish","type":"post","link":"https:\/\/experienciadevida.com.ar\/portalurbano\/santellan-es-un-presupuesto-que-le-hace-pagar-a-la-gente-la-falta-de-gestion\/","title":{"rendered":"Santell\u00e1n: &#8220;Es un presupuesto que le hace pagar a la gente la falta de gesti\u00f3n&#8221;"},"content":{"rendered":"<p>As\u00ed lo expres\u00f3 el edil del interbloque del Frente de Todos, Guillermo Santell\u00e1n, en el debate del\u00a0 presupuesto municipal 2021 que se desarrolla en el recinto de la Sociedad Espa\u00f1ola.<\/p>\n<p>El edil fue duro al criticar el presupuesto &#8220;<em>Es un presupuesto que sigue haci\u00e9ndole pagar a los vecinos la ineficiencia, falta de gesti\u00f3n, d\u00e9ficit que ha generado el a\u00f1o pasado y la nula posibilidad de llevar adelante una gesti\u00f3n proactiva&#8221;.<\/em><\/p>\n<p>&#8220;<em>Para nosotros es inaceptable que se trate as\u00ed a los Olavarrienses, es inaceptable que se agreda la inteligencia no s\u00f3lo de quienes estamos representando circunstancialmente a los Olavarrienses sino justamente de todos los vecinos, lo que vemos ac\u00e1 en la sesi\u00f3n es un emergente de lo que est\u00e1 pasando en las localidades y\u00a0 pasa porque justamente hay una falta de responsabilidad con los vecinos de la ciudad. El concejal Mujica explic\u00f3 muy bien, y tiene cero en obra p\u00fablica&#8221;.<\/em><\/p>\n<p>Adem\u00e1s dijo &#8220;<em>todo lo que dijo Mujica de obras para Olavarr\u00eda se van a hacer con recursos nacionales\u00a0 y provinciales,\u00a0 a eso hay que sumarle todo lo que puso el gobierno este a\u00f1o a trav\u00e9s del anses con las PPT, asignaciones, procrear, hay dos notas llamativas en este presupuesto que son dos n\u00fameros 10 en un presupuesto de 5 mil millones de pesos,\u00a0 en un presupuesto para 125 mil habitantes 10 viviendas y 10 cuadras de asfalto para Olavarr\u00eda. Es obvio que ponerse en el lugar del otro desde lo discursivo resulta f\u00e1cil, pero tiene que darle verguenza\u00a0 a un gobierno de una ciudad\u00a0 c\u00f3mo Olavarr\u00eda presentar a sus\u00a0 ciudadanos como proyecto de obras p\u00fablicas 10 viviendas, y 10 cuadras de asfalto, es inentendible, injustificable&#8221;.<\/em><\/p>\n<p><em>&#8220;En ese mismo discurso se le pide paciencia\u00a0 a los vecinos. Adem\u00e1s se confirma que se van a aumentar las tasas, y se justifica el 100% el aumento del agua&#8221;.<\/em><\/p>\n<p><em>&#8220;Cuando se le habla a los vecinos\u00a0 \u00a0y lo \u00fanico que se les pide es paciencia lo \u00fanico que se les ofrece es que aguanten, que las obras van a llegar, pero vamos a aumentar las tasas, el agua&#8221;.<\/em><\/p>\n<p>Al finalizar se pregunt\u00f3 &#8220;\u00bfQu\u00e9<em> ciudad estamos planteando para los vecinos?&#8221;<\/em><\/p>\n","protected":false},"excerpt":{"rendered":"<p>As\u00ed lo expres\u00f3 el edil del interbloque del Frente de Todos, Guillermo Santell\u00e1n, en el&#8230;<\/p>\n","protected":false},"author":1,"featured_media":130474,"comment_status":"closed","ping_status":"closed","sticky":false,"template":"","format":"standard","meta":{"content-type":""},"categories":[27,64],"tags":[],"nelio_content":{"isAutoShareEnabled":false,"autoShareEndMode":"default","automationSources":{"useContentSentences":true,"useSocialTemplates":true,"useCustomSentences":false,"customSentences":[]},"followers":[1],"suggestedReferences":[],"includedReferences":[],"efiUrl":"","efiAlt":"","highlights":[]},"yoast_head":"<!-- This site is optimized with the Yoast SEO plugin v20.7 - https:\/\/yoast.com\/wordpress\/plugins\/seo\/ -->\n<title>Santell\u00e1n: &quot;Es un presupuesto que le hace pagar a la gente la falta de gesti\u00f3n&quot; -<\/title>\n<meta name=\"robots\" content=\"index, follow, max-snippet:-1, max-image-preview:large, max-video-preview:-1\" \/>\n<link rel=\"canonical\" href=\"https:\/\/experienciadevida.com.ar\/portalurbano\/santellan-es-un-presupuesto-que-le-hace-pagar-a-la-gente-la-falta-de-gestion\/\" \/>\n<meta property=\"og:locale\" content=\"es_ES\" \/>\n<meta property=\"og:type\" content=\"article\" \/>\n<meta property=\"og:title\" content=\"Santell\u00e1n: &quot;Es un presupuesto que le hace pagar a la gente la falta de gesti\u00f3n&quot; -\" \/>\n<meta property=\"og:description\" content=\"As\u00ed lo expres\u00f3 el edil del interbloque del Frente de Todos, Guillermo Santell\u00e1n, en el...\" \/>\n<meta property=\"og:url\" content=\"https:\/\/experienciadevida.com.ar\/portalurbano\/santellan-es-un-presupuesto-que-le-hace-pagar-a-la-gente-la-falta-de-gestion\/\" \/>\n<meta property=\"article:publisher\" content=\"https:\/\/www.facebook.com\/Portal-Urbano-171542830093757\/\" \/>\n<meta property=\"article:published_time\" content=\"2020-12-21T18:12:18+00:00\" \/>\n<meta property=\"article:modified_time\" content=\"2020-12-21T18:18:24+00:00\" \/>\n<meta property=\"og:image\" content=\"https:\/\/experienciadevida.com.ar\/portalurbano\/wp-content\/uploads\/2020\/12\/Santellan.png\" \/>\n\t<meta property=\"og:image:width\" content=\"750\" \/>\n\t<meta property=\"og:image:height\" content=\"470\" \/>\n\t<meta property=\"og:image:type\" content=\"image\/png\" \/>\n<meta name=\"author\" content=\"admpu17wp\" \/>\n<meta name=\"twitter:card\" content=\"summary_large_image\" \/>\n<meta name=\"twitter:creator\" content=\"@portalurbanook\" \/>\n<meta name=\"twitter:site\" content=\"@portalurbanook\" \/>\n<meta name=\"twitter:label1\" content=\"Escrito por\" \/>\n\t<meta name=\"twitter:data1\" content=\"admpu17wp\" \/>\n\t<meta name=\"twitter:label2\" content=\"Tiempo de lectura\" \/>\n\t<meta name=\"twitter:data2\" content=\"2 minutos\" \/>\n<script type=\"application\/ld+json\" class=\"yoast-schema-graph\">{\"@context\":\"https:\/\/schema.org\",\"@graph\":[{\"@type\":\"Article\",\"@id\":\"https:\/\/experienciadevida.com.ar\/portalurbano\/santellan-es-un-presupuesto-que-le-hace-pagar-a-la-gente-la-falta-de-gestion\/#article\",\"isPartOf\":{\"@id\":\"https:\/\/experienciadevida.com.ar\/portalurbano\/santellan-es-un-presupuesto-que-le-hace-pagar-a-la-gente-la-falta-de-gestion\/\"},\"author\":{\"name\":\"admpu17wp\",\"@id\":\"https:\/\/experienciadevida.com.ar\/portalurbano\/#\/schema\/person\/02dd326b1c4b056e9cc972486934a3a7\"},\"headline\":\"Santell\u00e1n: &#8220;Es un presupuesto que le hace pagar a la gente la falta de gesti\u00f3n&#8221;\",\"datePublished\":\"2020-12-21T18:12:18+00:00\",\"dateModified\":\"2020-12-21T18:18:24+00:00\",\"mainEntityOfPage\":{\"@id\":\"https:\/\/experienciadevida.com.ar\/portalurbano\/santellan-es-un-presupuesto-que-le-hace-pagar-a-la-gente-la-falta-de-gestion\/\"},\"wordCount\":383,\"publisher\":{\"@id\":\"https:\/\/experienciadevida.com.ar\/portalurbano\/#organization\"},\"articleSection\":[\"Ciudad\",\"Destacadas 2\"],\"inLanguage\":\"es\"},{\"@type\":\"WebPage\",\"@id\":\"https:\/\/experienciadevida.com.ar\/portalurbano\/santellan-es-un-presupuesto-que-le-hace-pagar-a-la-gente-la-falta-de-gestion\/\",\"url\":\"https:\/\/experienciadevida.com.ar\/portalurbano\/santellan-es-un-presupuesto-que-le-hace-pagar-a-la-gente-la-falta-de-gestion\/\",\"name\":\"Santell\u00e1n: \\\"Es un presupuesto que le hace pagar a la gente la falta de gesti\u00f3n\\\" -\",\"isPartOf\":{\"@id\":\"https:\/\/experienciadevida.com.ar\/portalurbano\/#website\"},\"datePublished\":\"2020-12-21T18:12:18+00:00\",\"dateModified\":\"2020-12-21T18:18:24+00:00\",\"breadcrumb\":{\"@id\":\"https:\/\/experienciadevida.com.ar\/portalurbano\/santellan-es-un-presupuesto-que-le-hace-pagar-a-la-gente-la-falta-de-gestion\/#breadcrumb\"},\"inLanguage\":\"es\",\"potentialAction\":[{\"@type\":\"ReadAction\",\"target\":[\"https:\/\/experienciadevida.com.ar\/portalurbano\/santellan-es-un-presupuesto-que-le-hace-pagar-a-la-gente-la-falta-de-gestion\/\"]}]},{\"@type\":\"BreadcrumbList\",\"@id\":\"https:\/\/experienciadevida.com.ar\/portalurbano\/santellan-es-un-presupuesto-que-le-hace-pagar-a-la-gente-la-falta-de-gestion\/#breadcrumb\",\"itemListElement\":[{\"@type\":\"ListItem\",\"position\":1,\"name\":\"Portada\",\"item\":\"https:\/\/experienciadevida.com.ar\/portalurbano\/\"},{\"@type\":\"ListItem\",\"position\":2,\"name\":\"Santell\u00e1n: \u00abEs un presupuesto que le hace pagar a la gente la falta de gesti\u00f3n\u00bb\"}]},{\"@type\":\"WebSite\",\"@id\":\"https:\/\/experienciadevida.com.ar\/portalurbano\/#website\",\"url\":\"https:\/\/experienciadevida.com.ar\/portalurbano\/\",\"name\":\"\",\"description\":\"\",\"publisher\":{\"@id\":\"https:\/\/experienciadevida.com.ar\/portalurbano\/#organization\"},\"potentialAction\":[{\"@type\":\"SearchAction\",\"target\":{\"@type\":\"EntryPoint\",\"urlTemplate\":\"https:\/\/experienciadevida.com.ar\/portalurbano\/?s={search_term_string}\"},\"query-input\":\"required name=search_term_string\"}],\"inLanguage\":\"es\"},{\"@type\":\"Organization\",\"@id\":\"https:\/\/experienciadevida.com.ar\/portalurbano\/#organization\",\"name\":\"Portal Urbano\",\"url\":\"https:\/\/experienciadevida.com.ar\/portalurbano\/\",\"logo\":{\"@type\":\"ImageObject\",\"inLanguage\":\"es\",\"@id\":\"https:\/\/experienciadevida.com.ar\/portalurbano\/#\/schema\/logo\/image\/\",\"url\":\"https:\/\/experienciadevida.com.ar\/portalurbano\/wp-content\/uploads\/2019\/09\/Logo-Original.png\",\"contentUrl\":\"https:\/\/experienciadevida.com.ar\/portalurbano\/wp-content\/uploads\/2019\/09\/Logo-Original.png\",\"width\":2236,\"height\":1216,\"caption\":\"Portal Urbano\"},\"image\":{\"@id\":\"https:\/\/experienciadevida.com.ar\/portalurbano\/#\/schema\/logo\/image\/\"},\"sameAs\":[\"https:\/\/www.facebook.com\/Portal-Urbano-171542830093757\/\",\"https:\/\/twitter.com\/portalurbanook\",\"https:\/\/www.instagram.com\/_portalurbano\/\",\"https:\/\/www.youtube.com\/channel\/UCXhagIfszH8KxFiOok79zbA?view_as=subscriber\"]},{\"@type\":\"Person\",\"@id\":\"https:\/\/experienciadevida.com.ar\/portalurbano\/#\/schema\/person\/02dd326b1c4b056e9cc972486934a3a7\",\"name\":\"admpu17wp\",\"image\":{\"@type\":\"ImageObject\",\"inLanguage\":\"es\",\"@id\":\"https:\/\/experienciadevida.com.ar\/portalurbano\/#\/schema\/person\/image\/\",\"url\":\"https:\/\/secure.gravatar.com\/avatar\/830d4c57adaae6630765e449a6908047?s=96&d=mm&r=g\",\"contentUrl\":\"https:\/\/secure.gravatar.com\/avatar\/830d4c57adaae6630765e449a6908047?s=96&d=mm&r=g\",\"caption\":\"admpu17wp\"}}]}<\/script>\n<!-- \/ Yoast SEO plugin. -->","yoast_head_json":{"title":"Santell\u00e1n: \"Es un presupuesto que le hace pagar a la gente la falta de gesti\u00f3n\" -","robots":{"index":"index","follow":"follow","max-snippet":"max-snippet:-1","max-image-preview":"max-image-preview:large","max-video-preview":"max-video-preview:-1"},"canonical":"https:\/\/experienciadevida.com.ar\/portalurbano\/santellan-es-un-presupuesto-que-le-hace-pagar-a-la-gente-la-falta-de-gestion\/","og_locale":"es_ES","og_type":"article","og_title":"Santell\u00e1n: \"Es un presupuesto que le hace pagar a la gente la falta de gesti\u00f3n\" -","og_description":"As\u00ed lo expres\u00f3 el edil del interbloque del Frente de Todos, Guillermo Santell\u00e1n, en el...","og_url":"https:\/\/experienciadevida.com.ar\/portalurbano\/santellan-es-un-presupuesto-que-le-hace-pagar-a-la-gente-la-falta-de-gestion\/","article_publisher":"https:\/\/www.facebook.com\/Portal-Urbano-171542830093757\/","article_published_time":"2020-12-21T18:12:18+00:00","article_modified_time":"2020-12-21T18:18:24+00:00","og_image":[{"width":750,"height":470,"url":"https:\/\/experienciadevida.com.ar\/portalurbano\/wp-content\/uploads\/2020\/12\/Santellan.png","type":"image\/png"}],"author":"admpu17wp","twitter_card":"summary_large_image","twitter_creator":"@portalurbanook","twitter_site":"@portalurbanook","twitter_misc":{"Escrito por":"admpu17wp","Tiempo de lectura":"2 minutos"},"schema":{"@context":"https:\/\/schema.org","@graph":[{"@type":"Article","@id":"https:\/\/experienciadevida.com.ar\/portalurbano\/santellan-es-un-presupuesto-que-le-hace-pagar-a-la-gente-la-falta-de-gestion\/#article","isPartOf":{"@id":"https:\/\/experienciadevida.com.ar\/portalurbano\/santellan-es-un-presupuesto-que-le-hace-pagar-a-la-gente-la-falta-de-gestion\/"},"author":{"name":"admpu17wp","@id":"https:\/\/experienciadevida.com.ar\/portalurbano\/#\/schema\/person\/02dd326b1c4b056e9cc972486934a3a7"},"headline":"Santell\u00e1n: &#8220;Es un presupuesto que le hace pagar a la gente la falta de gesti\u00f3n&#8221;","datePublished":"2020-12-21T18:12:18+00:00","dateModified":"2020-12-21T18:18:24+00:00","mainEntityOfPage":{"@id":"https:\/\/experienciadevida.com.ar\/portalurbano\/santellan-es-un-presupuesto-que-le-hace-pagar-a-la-gente-la-falta-de-gestion\/"},"wordCount":383,"publisher":{"@id":"https:\/\/experienciadevida.com.ar\/portalurbano\/#organization"},"articleSection":["Ciudad","Destacadas 2"],"inLanguage":"es"},{"@type":"WebPage","@id":"https:\/\/experienciadevida.com.ar\/portalurbano\/santellan-es-un-presupuesto-que-le-hace-pagar-a-la-gente-la-falta-de-gestion\/","url":"https:\/\/experienciadevida.com.ar\/portalurbano\/santellan-es-un-presupuesto-que-le-hace-pagar-a-la-gente-la-falta-de-gestion\/","name":"Santell\u00e1n: \"Es un presupuesto que le hace pagar a la gente la falta de gesti\u00f3n\" -","isPartOf":{"@id":"https:\/\/experienciadevida.com.ar\/portalurbano\/#website"},"datePublished":"2020-12-21T18:12:18+00:00","dateModified":"2020-12-21T18:18:24+00:00","breadcrumb":{"@id":"https:\/\/experienciadevida.com.ar\/portalurbano\/santellan-es-un-presupuesto-que-le-hace-pagar-a-la-gente-la-falta-de-gestion\/#breadcrumb"},"inLanguage":"es","potentialAction":[{"@type":"ReadAction","target":["https:\/\/experienciadevida.com.ar\/portalurbano\/santellan-es-un-presupuesto-que-le-hace-pagar-a-la-gente-la-falta-de-gestion\/"]}]},{"@type":"BreadcrumbList","@id":"https:\/\/experienciadevida.com.ar\/portalurbano\/santellan-es-un-presupuesto-que-le-hace-pagar-a-la-gente-la-falta-de-gestion\/#breadcrumb","itemListElement":[{"@type":"ListItem","position":1,"name":"Portada","item":"https:\/\/experienciadevida.com.ar\/portalurbano\/"},{"@type":"ListItem","position":2,"name":"Santell\u00e1n: \u00abEs un presupuesto que le hace pagar a la gente la falta de gesti\u00f3n\u00bb"}]},{"@type":"WebSite","@id":"https:\/\/experienciadevida.com.ar\/portalurbano\/#website","url":"https:\/\/experienciadevida.com.ar\/portalurbano\/","name":"","description":"","publisher":{"@id":"https:\/\/experienciadevida.com.ar\/portalurbano\/#organization"},"potentialAction":[{"@type":"SearchAction","target":{"@type":"EntryPoint","urlTemplate":"https:\/\/experienciadevida.com.ar\/portalurbano\/?s={search_term_string}"},"query-input":"required name=search_term_string"}],"inLanguage":"es"},{"@type":"Organization","@id":"https:\/\/experienciadevida.com.ar\/portalurbano\/#organization","name":"Portal Urbano","url":"https:\/\/experienciadevida.com.ar\/portalurbano\/","logo":{"@type":"ImageObject","inLanguage":"es","@id":"https:\/\/experienciadevida.com.ar\/portalurbano\/#\/schema\/logo\/image\/","url":"https:\/\/experienciadevida.com.ar\/portalurbano\/wp-content\/uploads\/2019\/09\/Logo-Original.png","contentUrl":"https:\/\/experienciadevida.com.ar\/portalurbano\/wp-content\/uploads\/2019\/09\/Logo-Original.png","width":2236,"height":1216,"caption":"Portal Urbano"},"image":{"@id":"https:\/\/experienciadevida.com.ar\/portalurbano\/#\/schema\/logo\/image\/"},"sameAs":["https:\/\/www.facebook.com\/Portal-Urbano-171542830093757\/","https:\/\/twitter.com\/portalurbanook","https:\/\/www.instagram.com\/_portalurbano\/","https:\/\/www.youtube.com\/channel\/UCXhagIfszH8KxFiOok79zbA?view_as=subscriber"]},{"@type":"Person","@id":"https:\/\/experienciadevida.com.ar\/portalurbano\/#\/schema\/person\/02dd326b1c4b056e9cc972486934a3a7","name":"admpu17wp","image":{"@type":"ImageObject","inLanguage":"es","@id":"https:\/\/experienciadevida.com.ar\/portalurbano\/#\/schema\/person\/image\/","url":"https:\/\/secure.gravatar.com\/avatar\/830d4c57adaae6630765e449a6908047?s=96&d=mm&r=g","contentUrl":"https:\/\/secure.gravatar.com\/avatar\/830d4c57adaae6630765e449a6908047?s=96&d=mm&r=g","caption":"admpu17wp"}}]}},"featured_image_urls":{"full":["https:\/\/experienciadevida.com.ar\/portalurbano\/wp-content\/uploads\/2020\/12\/Santellan.png",750,470,false],"thumbnail":["https:\/\/experienciadevida.com.ar\/portalurbano\/wp-content\/uploads\/2020\/12\/Santellan-150x150.png",150,150,true],"medium":["https:\/\/experienciadevida.com.ar\/portalurbano\/wp-content\/uploads\/2020\/12\/Santellan-300x188.png",300,188,true],"medium_large":["https:\/\/experienciadevida.com.ar\/portalurbano\/wp-content\/uploads\/2020\/12\/Santellan.png",640,401,false],"large":["https:\/\/experienciadevida.com.ar\/portalurbano\/wp-content\/uploads\/2020\/12\/Santellan.png",640,401,false],"ug_big":["https:\/\/experienciadevida.com.ar\/portalurbano\/wp-content\/uploads\/2020\/12\/Santellan.png",750,470,false],"1536x1536":["https:\/\/experienciadevida.com.ar\/portalurbano\/wp-content\/uploads\/2020\/12\/Santellan.png",750,470,false],"2048x2048":["https:\/\/experienciadevida.com.ar\/portalurbano\/wp-content\/uploads\/2020\/12\/Santellan.png",750,470,false],"newsever-slider-full":["https:\/\/experienciadevida.com.ar\/portalurbano\/wp-content\/uploads\/2020\/12\/Santellan.png",750,470,false],"newsever-featured":["https:\/\/experienciadevida.com.ar\/portalurbano\/wp-content\/uploads\/2020\/12\/Santellan.png",750,470,false],"newsever-medium":["https:\/\/experienciadevida.com.ar\/portalurbano\/wp-content\/uploads\/2020\/12\/Santellan.png",720,451,false],"web-stories-poster-portrait":["https:\/\/experienciadevida.com.ar\/portalurbano\/wp-content\/uploads\/2020\/12\/Santellan.png",640,401,false],"web-stories-publisher-logo":["https:\/\/experienciadevida.com.ar\/portalurbano\/wp-content\/uploads\/2020\/12\/Santellan.png",96,60,false],"web-stories-thumbnail":["https:\/\/experienciadevida.com.ar\/portalurbano\/wp-content\/uploads\/2020\/12\/Santellan.png",150,94,false]},"author_info":{"display_name":"admpu17wp","author_link":"https:\/\/experienciadevida.com.ar\/portalurbano\/author\/admpu17wp\/"},"category_info":"<a href=\"https:\/\/experienciadevida.com.ar\/portalurbano\/category\/ciudad\/\" rel=\"category tag\">Ciudad<\/a> <a href=\"https:\/\/experienciadevida.com.ar\/portalurbano\/category\/destacadas-2\/\" rel=\"category tag\">Destacadas 2<\/a>","tag_info":"Destacadas 2","comment_count":"0","amp_enabled":true,"_links":{"self":[{"href":"https:\/\/experienciadevida.com.ar\/portalurbano\/wp-json\/wp\/v2\/posts\/130473"}],"collection":[{"href":"https:\/\/experienciadevida.com.ar\/portalurbano\/wp-json\/wp\/v2\/posts"}],"about":[{"href":"https:\/\/experienciadevida.com.ar\/portalurbano\/wp-json\/wp\/v2\/types\/post"}],"author":[{"embeddable":true,"href":"https:\/\/experienciadevida.com.ar\/portalurbano\/wp-json\/wp\/v2\/users\/1"}],"replies":[{"embeddable":true,"href":"https:\/\/experienciadevida.com.ar\/portalurbano\/wp-json\/wp\/v2\/comments?post=130473"}],"version-history":[{"count":4,"href":"https:\/\/experienciadevida.com.ar\/portalurbano\/wp-json\/wp\/v2\/posts\/130473\/revisions"}],"predecessor-version":[{"id":130478,"href":"https:\/\/experienciadevida.com.ar\/portalurbano\/wp-json\/wp\/v2\/posts\/130473\/revisions\/130478"}],"wp:featuredmedia":[{"embeddable":true,"href":"https:\/\/experienciadevida.com.ar\/portalurbano\/wp-json\/wp\/v2\/media\/130474"}],"wp:attachment":[{"href":"https:\/\/experienciadevida.com.ar\/portalurbano\/wp-json\/wp\/v2\/media?parent=130473"}],"wp:term":[{"taxonomy":"category","embeddable":true,"href":"https:\/\/experienciadevida.com.ar\/portalurbano\/wp-json\/wp\/v2\/categories?post=130473"},{"taxonomy":"post_tag","embeddable":true,"href":"https:\/\/experienciadevida.com.ar\/portalurbano\/wp-json\/wp\/v2\/tags?post=130473"}],"curies":[{"name":"wp","href":"https:\/\/api.w.org\/{rel}","templated":true}]}}