{"id":130454,"date":"2020-12-21T14:28:35","date_gmt":"2020-12-21T17:28:35","guid":{"rendered":"https:\/\/experienciadevida.com.ar\/portalurbano\/?p=130454"},"modified":"2020-12-21T15:47:00","modified_gmt":"2020-12-21T18:47:00","slug":"debate-del-presupuesto-municipal-2021-en-una-nueva-sesion-del-hcd","status":"publish","type":"post","link":"https:\/\/experienciadevida.com.ar\/portalurbano\/debate-del-presupuesto-municipal-2021-en-una-nueva-sesion-del-hcd\/","title":{"rendered":"Debate del Presupuesto Municipal 2021 en una nueva sesi\u00f3n del HCD"},"content":{"rendered":"<p>En una nueva sesi\u00f3n del HCD se trataron varios temas entre ellos el Presupuesto Municipal. Primero se realiz\u00f3 la asamblea de mayores contribuyentes y se aprob\u00f3 lo pautado para ese debate, posteriormente comenz\u00f3 la sesi\u00f3n extraordinaria.<\/p>\n<p>Este lunes,\u00a0 se realiz\u00f3 una nueva sesi\u00f3n del HCD en el recinto de la Sociedad Espa\u00f1ola, donde su transmisi\u00f3n se puede ver a trav\u00e9s del <a href=\"https:\/\/www.youtube.com\/watch?v=ffXMyoLpDjA\">canal oficial del Consejo Deliberante,<\/a> donde el debate central fue el Presupuesto Municipal 2021. Es la \u00faltima sesi\u00f3n del a\u00f1o y el p\u00fablico &#8220;invadi\u00f3&#8221; la Sociedad Espa\u00f1ola.<\/p>\n<p>El presupuesto supera los 4 millones de pesos y fue presentado\u00a0 este lunes por el concejal de juntos por el cambio, Juan Mujica quien hizo un repaso del armado del mismo, los gastos y los recursos.<\/p>\n<p>Mujica mencion\u00f3<em> &#8220;el DEM remiti\u00f3 en tiempo y forma a este HCD el proyecto de ordenanza correspondiente al Presupuesto general de recursos y gastos del ejercicio 2021, que asciende a la suma de 4 mil 986 millones 130 mil pesos, este a\u00f1o result\u00f3 ser at\u00edpico atravesado desde el mes de marzo por una pandemia hist\u00f3rica\u00a0 y siendo a\u00fan indeterminado como se desarrollar\u00e1 la misma en el corto, mediano y largo plazo de nuestro pa\u00eds. Es un presupuesto prudente elaborado en un primer semestre en pandemia, con las limitaciones que ha implicado e implica en materia de actividades deportivas, culturales y la correspondiente inversi\u00f3n en el sistema de salud para dar respuesta a los Olavarrienses en medio del complejo contexto sanitario que nos toca atravesar&#8221;.<\/em><\/p>\n<p><a href=\"https:\/\/experienciadevida.com.ar\/portalurbano\/debate-del-presupuesto-municipal-2021-en-una-nueva-sesion-del-hcd\/mujica-5\/\" rel=\"attachment wp-att-130455\"><img decoding=\"async\" class=\"size-full wp-image-130455 aligncenter\" src=\"https:\/\/experienciadevida.com.ar\/portalurbano\/wp-content\/uploads\/2020\/12\/MUJICA.png\" alt=\"\" width=\"660\" height=\"450\" srcset=\"https:\/\/experienciadevida.com.ar\/portalurbano\/wp-content\/uploads\/2020\/12\/MUJICA.png 660w, https:\/\/experienciadevida.com.ar\/portalurbano\/wp-content\/uploads\/2020\/12\/MUJICA-300x205.png 300w\" sizes=\"(max-width: 660px) 100vw, 660px\" \/><\/a><\/p>\n<p><em>&#8220;El presupuesto fue\u00a0 elaborado en el mes de octubre que fue el peor mes que se encontraba la pandemia en la ciudad y a la fecha de hoy tampoco se encuentra en el pa\u00eds con una vacuna como para dar inicio al programa de vacunaci\u00f3n&#8221;.<\/em><\/p>\n<p>Por otro lado mencion\u00f3 <em>&#8220;para la elaboraci\u00f3n del presupuesto se siguieron los lineamientos del impuesto por la ley. Respecto de los gastos corrientes se indica que los mismos ser\u00e1n afrontados con recursos provenientes de tasas municipales, servicios, y fondos de coparticipaci\u00f3n de libre disponibilidad respecto del \u00edndice inflacionario se tom\u00f3 como par\u00e1metro una inflaci\u00f3n promedio del 29% anual conforme a lo estimado por el Gobierno Nacional la provincia de Buenos Aires para el pr\u00f3ximo a\u00f1o, en igual sentido se estimaron los ingresos por coparticipaci\u00f3n\u00a0 por un total de mil 704 millones 720 mil pesos, no cont\u00e1ndose a\u00fan con la confirmaci\u00f3n oficial respecto si habr\u00eda cambios finalmente en la determinaci\u00f3n del CUD&#8221;.<\/em><\/p>\n<p>Luego de un extenso discurso tom\u00f3 la palabra Ubaldo Garc\u00eda, quien expres\u00f3 &#8220;<em>el presupuesto es una expresi\u00f3n monetaria de la acci\u00f3n de gobierno que lleva adelante. Desde la oposici\u00f3n siempre vamos a disentir en un presupuesto porque somos un partido distinto&#8221;.<\/em><\/p>\n<p><em>&#8220;En el caso puntual de este presupuesto notamos problemas de t\u00e9cnica presupuestaria, problemas en la confecci\u00f3n del presupuesto, no utilizaron una t\u00e9cnica presupuestaria uniforme para todas las \u00e1reas, da la impresi\u00f3n de que han ido haciendo recortes seg\u00fan y en funci\u00f3n al n\u00famero final que les ten\u00eda que dar, eso es muy preocupante, se ve en muchas \u00e1reas. En los recursos se determinan los tributarios (coparticipaci\u00f3n) y los no tributarios (tasas que es lo que sale del bolsillo del vecino)&#8221;.<\/em><\/p>\n<p>Por otro lado dijo &#8220;<em>hoy el presupuesto para las localidades no llega ni el 10%, del impuesto a la piedra y es muy preocupante porque el &#8220;esp\u00edritu&#8221; del impuesto y el derecho de explotaci\u00f3n de cantera es mantener el nivel de actividad de una ciudad que tiene como principal recurso no renovable, Olavarr\u00eda tiene pero tenemos que utilizar este recurso para permitirle que la ciudad tenga un sustento econ\u00f3mico a futuro independiente de la explotaci\u00f3n de este recursos, para eso se necesitan inversiones sostenidas, en empleo, desarrollo econ\u00f3mico, actividades alternativas, infraestructura y no depender de un recurso que no es renovable&#8221;.<\/em><\/p>\n<p>&#8220;En cuanto a los gastos, lo m\u00e1s preocupante es la obra p\u00fablica, la inversi\u00f3n en obras p\u00fablicas que con recursos propios no llega al 2%. Se necesitan obras p\u00fablicas para mantener lo que hay en la ciudad&#8221;. Adem\u00e1s pidi\u00f3 reformularlo al 100%.<\/p>\n<p>Posteriormente habl\u00f3 Mart\u00edn Lastape quien dijo <em>&#8220;el presupuesto municipal es una herramienta que sirve para conocer el plan de gobierno para el pr\u00f3ximo a\u00f1o, como para la gesti\u00f3n de uso de recursos y control de los gastos que se realizan, pero como ocurre a\u00f1o tras a\u00f1o, las diferencias entre los presupuestos y las rendiciones de cuentas son notables. La subestimaci\u00f3n de valores claves como la inflaci\u00f3n, d\u00f3lar, \u00edndices de precio, se traduce en que la confianza hacia lo presupuestado muchas veces pierda sentido, la subestimaci\u00f3n de estas variables abre la puerta a que durante el a\u00f1o los ingresos exedentes a lo presupuestados sean asignados de una manera distinta a la presupuestada&#8221;.<\/em><\/p>\n<p>Celeste Arouxet dijo <em>&#8220;voy a rechazar el presupuesto, pero quiero aclarar esta ordenanza. Las localidades van a recibir muy poco del presupuesto, Colonia San Miguel, $25mil por mes, hinojo no llega a los 70mil pesos, lejos est\u00e1 de dar una soluci\u00f3n, esta ordenanza no contempla obras&#8221;.<\/em><\/p>\n<p>Santell\u00e1n mencion\u00f3 <em>&#8220;es un gobierno lineal con las ideas y las pol\u00edticas que llev\u00f3 adelante Macri durante los cuatro a\u00f1os de su gesti\u00f3n, llegamos a este presupuesto despu\u00e9s del ajuste de Macri, del d\u00e9ficit de 350 millones de la campa\u00f1a de Galli, el ajuste por pandemia y ahora ajuste postpandemia<strong>. Es un presupuesto que sigue haci\u00e9ndole pagar a los vecinos la ineficiencia, falta de gesti\u00f3n, d\u00e9ficit que ha generado el a\u00f1o pasado y la nula posibilidad de llevar adelante una gesti\u00f3n proactiva&#8221;.<\/strong><\/em><\/p>\n","protected":false},"excerpt":{"rendered":"<p>En una nueva sesi\u00f3n del HCD se trataron varios temas entre ellos el Presupuesto Municipal&#8230;.<\/p>\n","protected":false},"author":1,"featured_media":130465,"comment_status":"closed","ping_status":"closed","sticky":false,"template":"","format":"standard","meta":{"content-type":""},"categories":[27,51],"tags":[],"nelio_content":{"isAutoShareEnabled":false,"autoShareEndMode":"default","automationSources":{"useContentSentences":true,"useSocialTemplates":true,"useCustomSentences":false,"customSentences":[]},"followers":[1],"suggestedReferences":[],"includedReferences":["https:\/\/www.youtube.com\/watch?v=ffXMyoLpDjA"],"efiUrl":"","efiAlt":"","highlights":[]},"yoast_head":"<!-- This site is optimized with the Yoast SEO plugin v20.7 - https:\/\/yoast.com\/wordpress\/plugins\/seo\/ -->\n<title>Debate del Presupuesto Municipal 2021 en una nueva sesi\u00f3n del HCD -<\/title>\n<meta name=\"robots\" content=\"index, follow, max-snippet:-1, max-image-preview:large, max-video-preview:-1\" \/>\n<link rel=\"canonical\" href=\"https:\/\/experienciadevida.com.ar\/portalurbano\/debate-del-presupuesto-municipal-2021-en-una-nueva-sesion-del-hcd\/\" \/>\n<meta property=\"og:locale\" content=\"es_ES\" \/>\n<meta property=\"og:type\" content=\"article\" \/>\n<meta property=\"og:title\" content=\"Debate del Presupuesto Municipal 2021 en una nueva sesi\u00f3n del HCD -\" \/>\n<meta property=\"og:description\" content=\"En una nueva sesi\u00f3n del HCD se trataron varios temas entre ellos el Presupuesto Municipal....\" \/>\n<meta property=\"og:url\" content=\"https:\/\/experienciadevida.com.ar\/portalurbano\/debate-del-presupuesto-municipal-2021-en-una-nueva-sesion-del-hcd\/\" \/>\n<meta property=\"article:publisher\" content=\"https:\/\/www.facebook.com\/Portal-Urbano-171542830093757\/\" \/>\n<meta property=\"article:published_time\" content=\"2020-12-21T17:28:35+00:00\" \/>\n<meta property=\"article:modified_time\" content=\"2020-12-21T18:47:00+00:00\" \/>\n<meta property=\"og:image\" content=\"https:\/\/experienciadevida.com.ar\/portalurbano\/wp-content\/uploads\/2020\/12\/Presupuesto-municipal-1.jpg\" \/>\n\t<meta property=\"og:image:width\" content=\"1160\" \/>\n\t<meta property=\"og:image:height\" content=\"522\" \/>\n\t<meta property=\"og:image:type\" content=\"image\/jpeg\" \/>\n<meta name=\"author\" content=\"admpu17wp\" \/>\n<meta name=\"twitter:card\" content=\"summary_large_image\" \/>\n<meta name=\"twitter:creator\" content=\"@portalurbanook\" \/>\n<meta name=\"twitter:site\" content=\"@portalurbanook\" \/>\n<meta name=\"twitter:label1\" content=\"Escrito por\" \/>\n\t<meta name=\"twitter:data1\" content=\"admpu17wp\" \/>\n\t<meta name=\"twitter:label2\" content=\"Tiempo de lectura\" \/>\n\t<meta name=\"twitter:data2\" content=\"5 minutos\" \/>\n<script type=\"application\/ld+json\" class=\"yoast-schema-graph\">{\"@context\":\"https:\/\/schema.org\",\"@graph\":[{\"@type\":\"Article\",\"@id\":\"https:\/\/experienciadevida.com.ar\/portalurbano\/debate-del-presupuesto-municipal-2021-en-una-nueva-sesion-del-hcd\/#article\",\"isPartOf\":{\"@id\":\"https:\/\/experienciadevida.com.ar\/portalurbano\/debate-del-presupuesto-municipal-2021-en-una-nueva-sesion-del-hcd\/\"},\"author\":{\"name\":\"admpu17wp\",\"@id\":\"https:\/\/experienciadevida.com.ar\/portalurbano\/#\/schema\/person\/02dd326b1c4b056e9cc972486934a3a7\"},\"headline\":\"Debate del Presupuesto Municipal 2021 en una nueva sesi\u00f3n del HCD\",\"datePublished\":\"2020-12-21T17:28:35+00:00\",\"dateModified\":\"2020-12-21T18:47:00+00:00\",\"mainEntityOfPage\":{\"@id\":\"https:\/\/experienciadevida.com.ar\/portalurbano\/debate-del-presupuesto-municipal-2021-en-una-nueva-sesion-del-hcd\/\"},\"wordCount\":985,\"publisher\":{\"@id\":\"https:\/\/experienciadevida.com.ar\/portalurbano\/#organization\"},\"articleSection\":[\"Ciudad\",\"Destacadas\"],\"inLanguage\":\"es\"},{\"@type\":\"WebPage\",\"@id\":\"https:\/\/experienciadevida.com.ar\/portalurbano\/debate-del-presupuesto-municipal-2021-en-una-nueva-sesion-del-hcd\/\",\"url\":\"https:\/\/experienciadevida.com.ar\/portalurbano\/debate-del-presupuesto-municipal-2021-en-una-nueva-sesion-del-hcd\/\",\"name\":\"Debate del Presupuesto Municipal 2021 en una nueva sesi\u00f3n del HCD -\",\"isPartOf\":{\"@id\":\"https:\/\/experienciadevida.com.ar\/portalurbano\/#website\"},\"datePublished\":\"2020-12-21T17:28:35+00:00\",\"dateModified\":\"2020-12-21T18:47:00+00:00\",\"breadcrumb\":{\"@id\":\"https:\/\/experienciadevida.com.ar\/portalurbano\/debate-del-presupuesto-municipal-2021-en-una-nueva-sesion-del-hcd\/#breadcrumb\"},\"inLanguage\":\"es\",\"potentialAction\":[{\"@type\":\"ReadAction\",\"target\":[\"https:\/\/experienciadevida.com.ar\/portalurbano\/debate-del-presupuesto-municipal-2021-en-una-nueva-sesion-del-hcd\/\"]}]},{\"@type\":\"BreadcrumbList\",\"@id\":\"https:\/\/experienciadevida.com.ar\/portalurbano\/debate-del-presupuesto-municipal-2021-en-una-nueva-sesion-del-hcd\/#breadcrumb\",\"itemListElement\":[{\"@type\":\"ListItem\",\"position\":1,\"name\":\"Portada\",\"item\":\"https:\/\/experienciadevida.com.ar\/portalurbano\/\"},{\"@type\":\"ListItem\",\"position\":2,\"name\":\"Debate del Presupuesto Municipal 2021 en una nueva sesi\u00f3n del HCD\"}]},{\"@type\":\"WebSite\",\"@id\":\"https:\/\/experienciadevida.com.ar\/portalurbano\/#website\",\"url\":\"https:\/\/experienciadevida.com.ar\/portalurbano\/\",\"name\":\"\",\"description\":\"\",\"publisher\":{\"@id\":\"https:\/\/experienciadevida.com.ar\/portalurbano\/#organization\"},\"potentialAction\":[{\"@type\":\"SearchAction\",\"target\":{\"@type\":\"EntryPoint\",\"urlTemplate\":\"https:\/\/experienciadevida.com.ar\/portalurbano\/?s={search_term_string}\"},\"query-input\":\"required name=search_term_string\"}],\"inLanguage\":\"es\"},{\"@type\":\"Organization\",\"@id\":\"https:\/\/experienciadevida.com.ar\/portalurbano\/#organization\",\"name\":\"Portal Urbano\",\"url\":\"https:\/\/experienciadevida.com.ar\/portalurbano\/\",\"logo\":{\"@type\":\"ImageObject\",\"inLanguage\":\"es\",\"@id\":\"https:\/\/experienciadevida.com.ar\/portalurbano\/#\/schema\/logo\/image\/\",\"url\":\"https:\/\/experienciadevida.com.ar\/portalurbano\/wp-content\/uploads\/2019\/09\/Logo-Original.png\",\"contentUrl\":\"https:\/\/experienciadevida.com.ar\/portalurbano\/wp-content\/uploads\/2019\/09\/Logo-Original.png\",\"width\":2236,\"height\":1216,\"caption\":\"Portal Urbano\"},\"image\":{\"@id\":\"https:\/\/experienciadevida.com.ar\/portalurbano\/#\/schema\/logo\/image\/\"},\"sameAs\":[\"https:\/\/www.facebook.com\/Portal-Urbano-171542830093757\/\",\"https:\/\/twitter.com\/portalurbanook\",\"https:\/\/www.instagram.com\/_portalurbano\/\",\"https:\/\/www.youtube.com\/channel\/UCXhagIfszH8KxFiOok79zbA?view_as=subscriber\"]},{\"@type\":\"Person\",\"@id\":\"https:\/\/experienciadevida.com.ar\/portalurbano\/#\/schema\/person\/02dd326b1c4b056e9cc972486934a3a7\",\"name\":\"admpu17wp\",\"image\":{\"@type\":\"ImageObject\",\"inLanguage\":\"es\",\"@id\":\"https:\/\/experienciadevida.com.ar\/portalurbano\/#\/schema\/person\/image\/\",\"url\":\"https:\/\/secure.gravatar.com\/avatar\/830d4c57adaae6630765e449a6908047?s=96&d=mm&r=g\",\"contentUrl\":\"https:\/\/secure.gravatar.com\/avatar\/830d4c57adaae6630765e449a6908047?s=96&d=mm&r=g\",\"caption\":\"admpu17wp\"}}]}<\/script>\n<!-- \/ Yoast SEO plugin. -->","yoast_head_json":{"title":"Debate del Presupuesto Municipal 2021 en una nueva sesi\u00f3n del HCD -","robots":{"index":"index","follow":"follow","max-snippet":"max-snippet:-1","max-image-preview":"max-image-preview:large","max-video-preview":"max-video-preview:-1"},"canonical":"https:\/\/experienciadevida.com.ar\/portalurbano\/debate-del-presupuesto-municipal-2021-en-una-nueva-sesion-del-hcd\/","og_locale":"es_ES","og_type":"article","og_title":"Debate del Presupuesto Municipal 2021 en una nueva sesi\u00f3n del HCD -","og_description":"En una nueva sesi\u00f3n del HCD se trataron varios temas entre ellos el Presupuesto Municipal....","og_url":"https:\/\/experienciadevida.com.ar\/portalurbano\/debate-del-presupuesto-municipal-2021-en-una-nueva-sesion-del-hcd\/","article_publisher":"https:\/\/www.facebook.com\/Portal-Urbano-171542830093757\/","article_published_time":"2020-12-21T17:28:35+00:00","article_modified_time":"2020-12-21T18:47:00+00:00","og_image":[{"width":1160,"height":522,"url":"https:\/\/experienciadevida.com.ar\/portalurbano\/wp-content\/uploads\/2020\/12\/Presupuesto-municipal-1.jpg","type":"image\/jpeg"}],"author":"admpu17wp","twitter_card":"summary_large_image","twitter_creator":"@portalurbanook","twitter_site":"@portalurbanook","twitter_misc":{"Escrito por":"admpu17wp","Tiempo de lectura":"5 minutos"},"schema":{"@context":"https:\/\/schema.org","@graph":[{"@type":"Article","@id":"https:\/\/experienciadevida.com.ar\/portalurbano\/debate-del-presupuesto-municipal-2021-en-una-nueva-sesion-del-hcd\/#article","isPartOf":{"@id":"https:\/\/experienciadevida.com.ar\/portalurbano\/debate-del-presupuesto-municipal-2021-en-una-nueva-sesion-del-hcd\/"},"author":{"name":"admpu17wp","@id":"https:\/\/experienciadevida.com.ar\/portalurbano\/#\/schema\/person\/02dd326b1c4b056e9cc972486934a3a7"},"headline":"Debate del Presupuesto Municipal 2021 en una nueva sesi\u00f3n del HCD","datePublished":"2020-12-21T17:28:35+00:00","dateModified":"2020-12-21T18:47:00+00:00","mainEntityOfPage":{"@id":"https:\/\/experienciadevida.com.ar\/portalurbano\/debate-del-presupuesto-municipal-2021-en-una-nueva-sesion-del-hcd\/"},"wordCount":985,"publisher":{"@id":"https:\/\/experienciadevida.com.ar\/portalurbano\/#organization"},"articleSection":["Ciudad","Destacadas"],"inLanguage":"es"},{"@type":"WebPage","@id":"https:\/\/experienciadevida.com.ar\/portalurbano\/debate-del-presupuesto-municipal-2021-en-una-nueva-sesion-del-hcd\/","url":"https:\/\/experienciadevida.com.ar\/portalurbano\/debate-del-presupuesto-municipal-2021-en-una-nueva-sesion-del-hcd\/","name":"Debate del Presupuesto Municipal 2021 en una nueva sesi\u00f3n del HCD -","isPartOf":{"@id":"https:\/\/experienciadevida.com.ar\/portalurbano\/#website"},"datePublished":"2020-12-21T17:28:35+00:00","dateModified":"2020-12-21T18:47:00+00:00","breadcrumb":{"@id":"https:\/\/experienciadevida.com.ar\/portalurbano\/debate-del-presupuesto-municipal-2021-en-una-nueva-sesion-del-hcd\/#breadcrumb"},"inLanguage":"es","potentialAction":[{"@type":"ReadAction","target":["https:\/\/experienciadevida.com.ar\/portalurbano\/debate-del-presupuesto-municipal-2021-en-una-nueva-sesion-del-hcd\/"]}]},{"@type":"BreadcrumbList","@id":"https:\/\/experienciadevida.com.ar\/portalurbano\/debate-del-presupuesto-municipal-2021-en-una-nueva-sesion-del-hcd\/#breadcrumb","itemListElement":[{"@type":"ListItem","position":1,"name":"Portada","item":"https:\/\/experienciadevida.com.ar\/portalurbano\/"},{"@type":"ListItem","position":2,"name":"Debate del Presupuesto Municipal 2021 en una nueva sesi\u00f3n del HCD"}]},{"@type":"WebSite","@id":"https:\/\/experienciadevida.com.ar\/portalurbano\/#website","url":"https:\/\/experienciadevida.com.ar\/portalurbano\/","name":"","description":"","publisher":{"@id":"https:\/\/experienciadevida.com.ar\/portalurbano\/#organization"},"potentialAction":[{"@type":"SearchAction","target":{"@type":"EntryPoint","urlTemplate":"https:\/\/experienciadevida.com.ar\/portalurbano\/?s={search_term_string}"},"query-input":"required name=search_term_string"}],"inLanguage":"es"},{"@type":"Organization","@id":"https:\/\/experienciadevida.com.ar\/portalurbano\/#organization","name":"Portal Urbano","url":"https:\/\/experienciadevida.com.ar\/portalurbano\/","logo":{"@type":"ImageObject","inLanguage":"es","@id":"https:\/\/experienciadevida.com.ar\/portalurbano\/#\/schema\/logo\/image\/","url":"https:\/\/experienciadevida.com.ar\/portalurbano\/wp-content\/uploads\/2019\/09\/Logo-Original.png","contentUrl":"https:\/\/experienciadevida.com.ar\/portalurbano\/wp-content\/uploads\/2019\/09\/Logo-Original.png","width":2236,"height":1216,"caption":"Portal Urbano"},"image":{"@id":"https:\/\/experienciadevida.com.ar\/portalurbano\/#\/schema\/logo\/image\/"},"sameAs":["https:\/\/www.facebook.com\/Portal-Urbano-171542830093757\/","https:\/\/twitter.com\/portalurbanook","https:\/\/www.instagram.com\/_portalurbano\/","https:\/\/www.youtube.com\/channel\/UCXhagIfszH8KxFiOok79zbA?view_as=subscriber"]},{"@type":"Person","@id":"https:\/\/experienciadevida.com.ar\/portalurbano\/#\/schema\/person\/02dd326b1c4b056e9cc972486934a3a7","name":"admpu17wp","image":{"@type":"ImageObject","inLanguage":"es","@id":"https:\/\/experienciadevida.com.ar\/portalurbano\/#\/schema\/person\/image\/","url":"https:\/\/secure.gravatar.com\/avatar\/830d4c57adaae6630765e449a6908047?s=96&d=mm&r=g","contentUrl":"https:\/\/secure.gravatar.com\/avatar\/830d4c57adaae6630765e449a6908047?s=96&d=mm&r=g","caption":"admpu17wp"}}]}},"featured_image_urls":{"full":["https:\/\/experienciadevida.com.ar\/portalurbano\/wp-content\/uploads\/2020\/12\/Presupuesto-municipal-1.jpg",1160,522,false],"thumbnail":["https:\/\/experienciadevida.com.ar\/portalurbano\/wp-content\/uploads\/2020\/12\/Presupuesto-municipal-1-150x150.jpg",150,150,true],"medium":["https:\/\/experienciadevida.com.ar\/portalurbano\/wp-content\/uploads\/2020\/12\/Presupuesto-municipal-1-300x135.jpg",300,135,true],"medium_large":["https:\/\/experienciadevida.com.ar\/portalurbano\/wp-content\/uploads\/2020\/12\/Presupuesto-municipal-1-768x346.jpg",640,288,true],"large":["https:\/\/experienciadevida.com.ar\/portalurbano\/wp-content\/uploads\/2020\/12\/Presupuesto-municipal-1-1024x461.jpg",640,288,true],"ug_big":["https:\/\/experienciadevida.com.ar\/portalurbano\/wp-content\/uploads\/2020\/12\/Presupuesto-municipal-1-768x346.jpg",768,346,true],"1536x1536":["https:\/\/experienciadevida.com.ar\/portalurbano\/wp-content\/uploads\/2020\/12\/Presupuesto-municipal-1.jpg",1160,522,false],"2048x2048":["https:\/\/experienciadevida.com.ar\/portalurbano\/wp-content\/uploads\/2020\/12\/Presupuesto-municipal-1.jpg",1160,522,false],"newsever-slider-full":["https:\/\/experienciadevida.com.ar\/portalurbano\/wp-content\/uploads\/2020\/12\/Presupuesto-municipal-1.jpg",1160,522,false],"newsever-featured":["https:\/\/experienciadevida.com.ar\/portalurbano\/wp-content\/uploads\/2020\/12\/Presupuesto-municipal-1.jpg",1024,461,false],"newsever-medium":["https:\/\/experienciadevida.com.ar\/portalurbano\/wp-content\/uploads\/2020\/12\/Presupuesto-municipal-1.jpg",720,324,false],"web-stories-poster-portrait":["https:\/\/experienciadevida.com.ar\/portalurbano\/wp-content\/uploads\/2020\/12\/Presupuesto-municipal-1.jpg",640,288,false],"web-stories-publisher-logo":["https:\/\/experienciadevida.com.ar\/portalurbano\/wp-content\/uploads\/2020\/12\/Presupuesto-municipal-1.jpg",96,43,false],"web-stories-thumbnail":["https:\/\/experienciadevida.com.ar\/portalurbano\/wp-content\/uploads\/2020\/12\/Presupuesto-municipal-1.jpg",150,68,false]},"author_info":{"display_name":"admpu17wp","author_link":"https:\/\/experienciadevida.com.ar\/portalurbano\/author\/admpu17wp\/"},"category_info":"<a href=\"https:\/\/experienciadevida.com.ar\/portalurbano\/category\/ciudad\/\" rel=\"category tag\">Ciudad<\/a> <a href=\"https:\/\/experienciadevida.com.ar\/portalurbano\/category\/destacadas\/\" rel=\"category tag\">Destacadas<\/a>","tag_info":"Destacadas","comment_count":"0","amp_enabled":true,"_links":{"self":[{"href":"https:\/\/experienciadevida.com.ar\/portalurbano\/wp-json\/wp\/v2\/posts\/130454"}],"collection":[{"href":"https:\/\/experienciadevida.com.ar\/portalurbano\/wp-json\/wp\/v2\/posts"}],"about":[{"href":"https:\/\/experienciadevida.com.ar\/portalurbano\/wp-json\/wp\/v2\/types\/post"}],"author":[{"embeddable":true,"href":"https:\/\/experienciadevida.com.ar\/portalurbano\/wp-json\/wp\/v2\/users\/1"}],"replies":[{"embeddable":true,"href":"https:\/\/experienciadevida.com.ar\/portalurbano\/wp-json\/wp\/v2\/comments?post=130454"}],"version-history":[{"count":7,"href":"https:\/\/experienciadevida.com.ar\/portalurbano\/wp-json\/wp\/v2\/posts\/130454\/revisions"}],"predecessor-version":[{"id":130481,"href":"https:\/\/experienciadevida.com.ar\/portalurbano\/wp-json\/wp\/v2\/posts\/130454\/revisions\/130481"}],"wp:featuredmedia":[{"embeddable":true,"href":"https:\/\/experienciadevida.com.ar\/portalurbano\/wp-json\/wp\/v2\/media\/130465"}],"wp:attachment":[{"href":"https:\/\/experienciadevida.com.ar\/portalurbano\/wp-json\/wp\/v2\/media?parent=130454"}],"wp:term":[{"taxonomy":"category","embeddable":true,"href":"https:\/\/experienciadevida.com.ar\/portalurbano\/wp-json\/wp\/v2\/categories?post=130454"},{"taxonomy":"post_tag","embeddable":true,"href":"https:\/\/experienciadevida.com.ar\/portalurbano\/wp-json\/wp\/v2\/tags?post=130454"}],"curies":[{"name":"wp","href":"https:\/\/api.w.org\/{rel}","templated":true}]}}