{"id":130399,"date":"2020-12-20T10:14:01","date_gmt":"2020-12-20T13:14:01","guid":{"rendered":"https:\/\/experienciadevida.com.ar\/portalurbano\/?p=130399"},"modified":"2020-12-20T10:14:02","modified_gmt":"2020-12-20T13:14:02","slug":"procrear-97-familias-de-nuestra-ciudad-accedieron-a-la-linea-lote-con-servicio","status":"publish","type":"post","link":"https:\/\/experienciadevida.com.ar\/portalurbano\/procrear-97-familias-de-nuestra-ciudad-accedieron-a-la-linea-lote-con-servicio\/","title":{"rendered":"Procrear: 97 familias de nuestra ciudad accedieron a la l\u00ednea lote con servicio"},"content":{"rendered":"<p>La noticia fue comunicada por el sub secretario de miner\u00eda Federico Aguilera en su cuenta de twiter.<\/p>\n<p><em><span class=\"css-901oao css-16my406 r-1qd0xha r-ad9z0x r-bcqeeo r-qvutc0\">&#8220;Felicitaciones a los 97 olavarrienses ganadores del sorteo <\/span><span class=\"r-18u37iz\"><a class=\"css-4rbku5 css-18t94o4 css-901oao css-16my406 r-1n1174f r-1loqt21 r-1qd0xha r-ad9z0x r-bcqeeo r-qvutc0\" dir=\"ltr\" role=\"link\" href=\"https:\/\/twitter.com\/hashtag\/ProCreAr?src=hashtag_click\" data-focusable=\"true\">#ProCreAr<\/a><\/span><span class=\"css-901oao css-16my406 r-1qd0xha r-ad9z0x r-bcqeeo r-qvutc0\"> que accedieron a la l\u00ednea Lote con Servicio para la construcci\u00f3n de viviendas. M\u00e1s de $350 millones se volcar\u00e1n a la econom\u00eda local, generando trabajo y cumpliendo el sue\u00f1o de la casa propia.&#8221;<\/span><\/em><\/p>\n<p>El Ministerio de Desarrollo Territorial y H\u00e1bitat sorte\u00f3 este viernes cerca de 5 mil lotes con servicios para la construcci\u00f3n de viviendas en distintos puntos del pa\u00eds mediante cr\u00e9ditos hipotecarios de Procrear, con una inversi\u00f3n de m\u00e1s de 20 mil millones de pesos por parte del Estado nacional.<\/p>\n<p>El sorteo de este viernes se realiz\u00f3 entre 38 mil inscriptos a esta l\u00ednea y lleg\u00f3 a 4.602 beneficiarios con un monto de 4,5 millones de pesos, que incluye la compra del lote y la construcci\u00f3n de una vivienda de 60 metros cuadrados.<\/p>\n<p>Los cr\u00e9ditos se ajustan con la f\u00f3rmula Hogar, a tasa fija con capital ajustable en relaci\u00f3n con la evoluci\u00f3n de los salarios, seg\u00fan el Coeficiente de Variaci\u00f3n Salarial publicado por Indec.<\/p>\n<p>La particularidad de esta l\u00ednea es que genera suelo urbano de calidad a precios por debajo del mercado, y a trav\u00e9s del cr\u00e9dito para la construcci\u00f3n fomenta la producci\u00f3n y el empleo.<\/p>\n<div class=\"css-1dbjc4n r-xoduu5 r-1mlwlqe r-1d2f490 r-1udh08x r-u8s1d r-h9hxbl r-417010\" title=\"Ladrillos\" aria-label=\"Ladrillos\"><a href=\"https:\/\/experienciadevida.com.ar\/portalurbano\/procrear-97-familias-de-nuestra-ciudad-accedieron-a-la-linea-lote-con-servicio\/epoxxnoxmaaxjuc\/\" rel=\"attachment wp-att-130400\"><img decoding=\"async\" class=\"alignnone size-full wp-image-130400\" src=\"https:\/\/experienciadevida.com.ar\/portalurbano\/wp-content\/uploads\/2020\/12\/EpoXXNoXMAAxjuC-e1608469786652.jpg\" alt=\"\" width=\"750\" height=\"750\" \/><\/a><\/div>\n","protected":false},"excerpt":{"rendered":"<p>La noticia fue comunicada por el sub secretario de miner\u00eda Federico Aguilera en su cuenta&#8230;<\/p>\n","protected":false},"author":1,"featured_media":-130399,"comment_status":"closed","ping_status":"closed","sticky":false,"template":"","format":"standard","meta":{"content-type":""},"categories":[27,64],"tags":[],"nelio_content":{"isAutoShareEnabled":false,"autoShareEndMode":"default","automationSources":{"useContentSentences":true,"useSocialTemplates":true,"useCustomSentences":false,"customSentences":[]},"followers":[1],"suggestedReferences":[],"includedReferences":[],"efiUrl":"","efiAlt":"","highlights":[]},"yoast_head":"<!-- This site is optimized with the Yoast SEO plugin v20.7 - https:\/\/yoast.com\/wordpress\/plugins\/seo\/ -->\n<title>Procrear: 97 familias de nuestra ciudad accedieron a la l\u00ednea lote con servicio -<\/title>\n<meta name=\"robots\" content=\"index, follow, max-snippet:-1, max-image-preview:large, max-video-preview:-1\" \/>\n<link rel=\"canonical\" href=\"https:\/\/experienciadevida.com.ar\/portalurbano\/procrear-97-familias-de-nuestra-ciudad-accedieron-a-la-linea-lote-con-servicio\/\" \/>\n<meta property=\"og:locale\" content=\"es_ES\" \/>\n<meta property=\"og:type\" content=\"article\" \/>\n<meta property=\"og:title\" content=\"Procrear: 97 familias de nuestra ciudad accedieron a la l\u00ednea lote con servicio -\" \/>\n<meta property=\"og:description\" content=\"La noticia fue comunicada por el sub secretario de miner\u00eda Federico Aguilera en su cuenta...\" \/>\n<meta property=\"og:url\" content=\"https:\/\/experienciadevida.com.ar\/portalurbano\/procrear-97-familias-de-nuestra-ciudad-accedieron-a-la-linea-lote-con-servicio\/\" \/>\n<meta property=\"article:publisher\" content=\"https:\/\/www.facebook.com\/Portal-Urbano-171542830093757\/\" \/>\n<meta property=\"article:published_time\" content=\"2020-12-20T13:14:01+00:00\" \/>\n<meta property=\"article:modified_time\" content=\"2020-12-20T13:14:02+00:00\" \/>\n<meta property=\"og:image\" content=\"https:\/\/experienciadevida.com.ar\/portalurbano\/wp-content\/uploads\/2019\/05\/procrear-e1558479957664.jpg\" \/>\n\t<meta property=\"og:image:width\" content=\"750\" \/>\n\t<meta property=\"og:image:height\" content=\"498\" \/>\n\t<meta property=\"og:image:type\" content=\"image\/jpeg\" \/>\n<meta name=\"author\" content=\"admpu17wp\" \/>\n<meta name=\"twitter:card\" content=\"summary_large_image\" \/>\n<meta name=\"twitter:creator\" content=\"@portalurbanook\" \/>\n<meta name=\"twitter:site\" content=\"@portalurbanook\" \/>\n<meta name=\"twitter:label1\" content=\"Escrito por\" \/>\n\t<meta name=\"twitter:data1\" content=\"admpu17wp\" \/>\n\t<meta name=\"twitter:label2\" content=\"Tiempo de lectura\" \/>\n\t<meta name=\"twitter:data2\" content=\"1 minuto\" \/>\n<script type=\"application\/ld+json\" class=\"yoast-schema-graph\">{\"@context\":\"https:\/\/schema.org\",\"@graph\":[{\"@type\":\"Article\",\"@id\":\"https:\/\/experienciadevida.com.ar\/portalurbano\/procrear-97-familias-de-nuestra-ciudad-accedieron-a-la-linea-lote-con-servicio\/#article\",\"isPartOf\":{\"@id\":\"https:\/\/experienciadevida.com.ar\/portalurbano\/procrear-97-familias-de-nuestra-ciudad-accedieron-a-la-linea-lote-con-servicio\/\"},\"author\":{\"name\":\"admpu17wp\",\"@id\":\"https:\/\/experienciadevida.com.ar\/portalurbano\/#\/schema\/person\/02dd326b1c4b056e9cc972486934a3a7\"},\"headline\":\"Procrear: 97 familias de nuestra ciudad accedieron a la l\u00ednea lote con servicio\",\"datePublished\":\"2020-12-20T13:14:01+00:00\",\"dateModified\":\"2020-12-20T13:14:02+00:00\",\"mainEntityOfPage\":{\"@id\":\"https:\/\/experienciadevida.com.ar\/portalurbano\/procrear-97-familias-de-nuestra-ciudad-accedieron-a-la-linea-lote-con-servicio\/\"},\"wordCount\":244,\"publisher\":{\"@id\":\"https:\/\/experienciadevida.com.ar\/portalurbano\/#organization\"},\"articleSection\":[\"Ciudad\",\"Destacadas 2\"],\"inLanguage\":\"es\"},{\"@type\":\"WebPage\",\"@id\":\"https:\/\/experienciadevida.com.ar\/portalurbano\/procrear-97-familias-de-nuestra-ciudad-accedieron-a-la-linea-lote-con-servicio\/\",\"url\":\"https:\/\/experienciadevida.com.ar\/portalurbano\/procrear-97-familias-de-nuestra-ciudad-accedieron-a-la-linea-lote-con-servicio\/\",\"name\":\"Procrear: 97 familias de nuestra ciudad accedieron a la l\u00ednea lote con servicio -\",\"isPartOf\":{\"@id\":\"https:\/\/experienciadevida.com.ar\/portalurbano\/#website\"},\"datePublished\":\"2020-12-20T13:14:01+00:00\",\"dateModified\":\"2020-12-20T13:14:02+00:00\",\"breadcrumb\":{\"@id\":\"https:\/\/experienciadevida.com.ar\/portalurbano\/procrear-97-familias-de-nuestra-ciudad-accedieron-a-la-linea-lote-con-servicio\/#breadcrumb\"},\"inLanguage\":\"es\",\"potentialAction\":[{\"@type\":\"ReadAction\",\"target\":[\"https:\/\/experienciadevida.com.ar\/portalurbano\/procrear-97-familias-de-nuestra-ciudad-accedieron-a-la-linea-lote-con-servicio\/\"]}]},{\"@type\":\"BreadcrumbList\",\"@id\":\"https:\/\/experienciadevida.com.ar\/portalurbano\/procrear-97-familias-de-nuestra-ciudad-accedieron-a-la-linea-lote-con-servicio\/#breadcrumb\",\"itemListElement\":[{\"@type\":\"ListItem\",\"position\":1,\"name\":\"Portada\",\"item\":\"https:\/\/experienciadevida.com.ar\/portalurbano\/\"},{\"@type\":\"ListItem\",\"position\":2,\"name\":\"Procrear: 97 familias de nuestra ciudad accedieron a la l\u00ednea lote con servicio\"}]},{\"@type\":\"WebSite\",\"@id\":\"https:\/\/experienciadevida.com.ar\/portalurbano\/#website\",\"url\":\"https:\/\/experienciadevida.com.ar\/portalurbano\/\",\"name\":\"\",\"description\":\"\",\"publisher\":{\"@id\":\"https:\/\/experienciadevida.com.ar\/portalurbano\/#organization\"},\"potentialAction\":[{\"@type\":\"SearchAction\",\"target\":{\"@type\":\"EntryPoint\",\"urlTemplate\":\"https:\/\/experienciadevida.com.ar\/portalurbano\/?s={search_term_string}\"},\"query-input\":\"required name=search_term_string\"}],\"inLanguage\":\"es\"},{\"@type\":\"Organization\",\"@id\":\"https:\/\/experienciadevida.com.ar\/portalurbano\/#organization\",\"name\":\"Portal Urbano\",\"url\":\"https:\/\/experienciadevida.com.ar\/portalurbano\/\",\"logo\":{\"@type\":\"ImageObject\",\"inLanguage\":\"es\",\"@id\":\"https:\/\/experienciadevida.com.ar\/portalurbano\/#\/schema\/logo\/image\/\",\"url\":\"https:\/\/experienciadevida.com.ar\/portalurbano\/wp-content\/uploads\/2019\/09\/Logo-Original.png\",\"contentUrl\":\"https:\/\/experienciadevida.com.ar\/portalurbano\/wp-content\/uploads\/2019\/09\/Logo-Original.png\",\"width\":2236,\"height\":1216,\"caption\":\"Portal Urbano\"},\"image\":{\"@id\":\"https:\/\/experienciadevida.com.ar\/portalurbano\/#\/schema\/logo\/image\/\"},\"sameAs\":[\"https:\/\/www.facebook.com\/Portal-Urbano-171542830093757\/\",\"https:\/\/twitter.com\/portalurbanook\",\"https:\/\/www.instagram.com\/_portalurbano\/\",\"https:\/\/www.youtube.com\/channel\/UCXhagIfszH8KxFiOok79zbA?view_as=subscriber\"]},{\"@type\":\"Person\",\"@id\":\"https:\/\/experienciadevida.com.ar\/portalurbano\/#\/schema\/person\/02dd326b1c4b056e9cc972486934a3a7\",\"name\":\"admpu17wp\",\"image\":{\"@type\":\"ImageObject\",\"inLanguage\":\"es\",\"@id\":\"https:\/\/experienciadevida.com.ar\/portalurbano\/#\/schema\/person\/image\/\",\"url\":\"https:\/\/secure.gravatar.com\/avatar\/830d4c57adaae6630765e449a6908047?s=96&d=mm&r=g\",\"contentUrl\":\"https:\/\/secure.gravatar.com\/avatar\/830d4c57adaae6630765e449a6908047?s=96&d=mm&r=g\",\"caption\":\"admpu17wp\"}}]}<\/script>\n<!-- \/ Yoast SEO plugin. -->","yoast_head_json":{"title":"Procrear: 97 familias de nuestra ciudad accedieron a la l\u00ednea lote con servicio -","robots":{"index":"index","follow":"follow","max-snippet":"max-snippet:-1","max-image-preview":"max-image-preview:large","max-video-preview":"max-video-preview:-1"},"canonical":"https:\/\/experienciadevida.com.ar\/portalurbano\/procrear-97-familias-de-nuestra-ciudad-accedieron-a-la-linea-lote-con-servicio\/","og_locale":"es_ES","og_type":"article","og_title":"Procrear: 97 familias de nuestra ciudad accedieron a la l\u00ednea lote con servicio -","og_description":"La noticia fue comunicada por el sub secretario de miner\u00eda Federico Aguilera en su cuenta...","og_url":"https:\/\/experienciadevida.com.ar\/portalurbano\/procrear-97-familias-de-nuestra-ciudad-accedieron-a-la-linea-lote-con-servicio\/","article_publisher":"https:\/\/www.facebook.com\/Portal-Urbano-171542830093757\/","article_published_time":"2020-12-20T13:14:01+00:00","article_modified_time":"2020-12-20T13:14:02+00:00","og_image":[{"width":750,"height":498,"url":"https:\/\/experienciadevida.com.ar\/portalurbano\/wp-content\/uploads\/2019\/05\/procrear-e1558479957664.jpg","type":"image\/jpeg"}],"author":"admpu17wp","twitter_card":"summary_large_image","twitter_creator":"@portalurbanook","twitter_site":"@portalurbanook","twitter_misc":{"Escrito por":"admpu17wp","Tiempo de lectura":"1 minuto"},"schema":{"@context":"https:\/\/schema.org","@graph":[{"@type":"Article","@id":"https:\/\/experienciadevida.com.ar\/portalurbano\/procrear-97-familias-de-nuestra-ciudad-accedieron-a-la-linea-lote-con-servicio\/#article","isPartOf":{"@id":"https:\/\/experienciadevida.com.ar\/portalurbano\/procrear-97-familias-de-nuestra-ciudad-accedieron-a-la-linea-lote-con-servicio\/"},"author":{"name":"admpu17wp","@id":"https:\/\/experienciadevida.com.ar\/portalurbano\/#\/schema\/person\/02dd326b1c4b056e9cc972486934a3a7"},"headline":"Procrear: 97 familias de nuestra ciudad accedieron a la l\u00ednea lote con servicio","datePublished":"2020-12-20T13:14:01+00:00","dateModified":"2020-12-20T13:14:02+00:00","mainEntityOfPage":{"@id":"https:\/\/experienciadevida.com.ar\/portalurbano\/procrear-97-familias-de-nuestra-ciudad-accedieron-a-la-linea-lote-con-servicio\/"},"wordCount":244,"publisher":{"@id":"https:\/\/experienciadevida.com.ar\/portalurbano\/#organization"},"articleSection":["Ciudad","Destacadas 2"],"inLanguage":"es"},{"@type":"WebPage","@id":"https:\/\/experienciadevida.com.ar\/portalurbano\/procrear-97-familias-de-nuestra-ciudad-accedieron-a-la-linea-lote-con-servicio\/","url":"https:\/\/experienciadevida.com.ar\/portalurbano\/procrear-97-familias-de-nuestra-ciudad-accedieron-a-la-linea-lote-con-servicio\/","name":"Procrear: 97 familias de nuestra ciudad accedieron a la l\u00ednea lote con servicio -","isPartOf":{"@id":"https:\/\/experienciadevida.com.ar\/portalurbano\/#website"},"datePublished":"2020-12-20T13:14:01+00:00","dateModified":"2020-12-20T13:14:02+00:00","breadcrumb":{"@id":"https:\/\/experienciadevida.com.ar\/portalurbano\/procrear-97-familias-de-nuestra-ciudad-accedieron-a-la-linea-lote-con-servicio\/#breadcrumb"},"inLanguage":"es","potentialAction":[{"@type":"ReadAction","target":["https:\/\/experienciadevida.com.ar\/portalurbano\/procrear-97-familias-de-nuestra-ciudad-accedieron-a-la-linea-lote-con-servicio\/"]}]},{"@type":"BreadcrumbList","@id":"https:\/\/experienciadevida.com.ar\/portalurbano\/procrear-97-familias-de-nuestra-ciudad-accedieron-a-la-linea-lote-con-servicio\/#breadcrumb","itemListElement":[{"@type":"ListItem","position":1,"name":"Portada","item":"https:\/\/experienciadevida.com.ar\/portalurbano\/"},{"@type":"ListItem","position":2,"name":"Procrear: 97 familias de nuestra ciudad accedieron a la l\u00ednea lote con servicio"}]},{"@type":"WebSite","@id":"https:\/\/experienciadevida.com.ar\/portalurbano\/#website","url":"https:\/\/experienciadevida.com.ar\/portalurbano\/","name":"","description":"","publisher":{"@id":"https:\/\/experienciadevida.com.ar\/portalurbano\/#organization"},"potentialAction":[{"@type":"SearchAction","target":{"@type":"EntryPoint","urlTemplate":"https:\/\/experienciadevida.com.ar\/portalurbano\/?s={search_term_string}"},"query-input":"required name=search_term_string"}],"inLanguage":"es"},{"@type":"Organization","@id":"https:\/\/experienciadevida.com.ar\/portalurbano\/#organization","name":"Portal Urbano","url":"https:\/\/experienciadevida.com.ar\/portalurbano\/","logo":{"@type":"ImageObject","inLanguage":"es","@id":"https:\/\/experienciadevida.com.ar\/portalurbano\/#\/schema\/logo\/image\/","url":"https:\/\/experienciadevida.com.ar\/portalurbano\/wp-content\/uploads\/2019\/09\/Logo-Original.png","contentUrl":"https:\/\/experienciadevida.com.ar\/portalurbano\/wp-content\/uploads\/2019\/09\/Logo-Original.png","width":2236,"height":1216,"caption":"Portal Urbano"},"image":{"@id":"https:\/\/experienciadevida.com.ar\/portalurbano\/#\/schema\/logo\/image\/"},"sameAs":["https:\/\/www.facebook.com\/Portal-Urbano-171542830093757\/","https:\/\/twitter.com\/portalurbanook","https:\/\/www.instagram.com\/_portalurbano\/","https:\/\/www.youtube.com\/channel\/UCXhagIfszH8KxFiOok79zbA?view_as=subscriber"]},{"@type":"Person","@id":"https:\/\/experienciadevida.com.ar\/portalurbano\/#\/schema\/person\/02dd326b1c4b056e9cc972486934a3a7","name":"admpu17wp","image":{"@type":"ImageObject","inLanguage":"es","@id":"https:\/\/experienciadevida.com.ar\/portalurbano\/#\/schema\/person\/image\/","url":"https:\/\/secure.gravatar.com\/avatar\/830d4c57adaae6630765e449a6908047?s=96&d=mm&r=g","contentUrl":"https:\/\/secure.gravatar.com\/avatar\/830d4c57adaae6630765e449a6908047?s=96&d=mm&r=g","caption":"admpu17wp"}}]}},"featured_image_urls":{"full":["https:\/\/experienciadevida.com.ar\/portalurbano\/wp-content\/uploads\/2020\/12\/EpoXXNoXMAAxjuC-e1608469786652.jpg",1920,1080,false],"thumbnail":["https:\/\/experienciadevida.com.ar\/portalurbano\/wp-content\/uploads\/2020\/12\/EpoXXNoXMAAxjuC-e1608469786652.jpg",150,150,true],"medium":["https:\/\/experienciadevida.com.ar\/portalurbano\/wp-content\/uploads\/2020\/12\/EpoXXNoXMAAxjuC-e1608469786652.jpg",300,169,true],"medium_large":["https:\/\/experienciadevida.com.ar\/portalurbano\/wp-content\/uploads\/2020\/12\/EpoXXNoXMAAxjuC-e1608469786652.jpg",640,360,true],"large":["https:\/\/experienciadevida.com.ar\/portalurbano\/wp-content\/uploads\/2020\/12\/EpoXXNoXMAAxjuC-e1608469786652.jpg",640,360,true],"ug_big":["https:\/\/experienciadevida.com.ar\/portalurbano\/wp-content\/uploads\/2020\/12\/EpoXXNoXMAAxjuC-e1608469786652.jpg",768,432,true],"1536x1536":["https:\/\/experienciadevida.com.ar\/portalurbano\/wp-content\/uploads\/2020\/12\/EpoXXNoXMAAxjuC-e1608469786652.jpg",1536,864,true],"2048x2048":["https:\/\/experienciadevida.com.ar\/portalurbano\/wp-content\/uploads\/2020\/12\/EpoXXNoXMAAxjuC-e1608469786652.jpg",1920,1080,false],"newsever-slider-full":["https:\/\/experienciadevida.com.ar\/portalurbano\/wp-content\/uploads\/2020\/12\/EpoXXNoXMAAxjuC-e1608469786652.jpg",1280,845,true],"newsever-featured":["https:\/\/experienciadevida.com.ar\/portalurbano\/wp-content\/uploads\/2020\/12\/EpoXXNoXMAAxjuC-e1608469786652.jpg",1024,576,true],"newsever-medium":["https:\/\/experienciadevida.com.ar\/portalurbano\/wp-content\/uploads\/2020\/12\/EpoXXNoXMAAxjuC-e1608469786652.jpg",720,475,true],"web-stories-poster-portrait":["https:\/\/experienciadevida.com.ar\/portalurbano\/wp-content\/uploads\/2020\/12\/EpoXXNoXMAAxjuC-e1608469786652.jpg",640,853,true],"web-stories-publisher-logo":["https:\/\/experienciadevida.com.ar\/portalurbano\/wp-content\/uploads\/2020\/12\/EpoXXNoXMAAxjuC-e1608469786652.jpg",96,96,true],"web-stories-thumbnail":["https:\/\/experienciadevida.com.ar\/portalurbano\/wp-content\/uploads\/2020\/12\/EpoXXNoXMAAxjuC-e1608469786652.jpg",150,84,true]},"author_info":{"display_name":"admpu17wp","author_link":"https:\/\/experienciadevida.com.ar\/portalurbano\/author\/admpu17wp\/"},"category_info":"<a href=\"https:\/\/experienciadevida.com.ar\/portalurbano\/category\/ciudad\/\" rel=\"category tag\">Ciudad<\/a> <a href=\"https:\/\/experienciadevida.com.ar\/portalurbano\/category\/destacadas-2\/\" rel=\"category tag\">Destacadas 2<\/a>","tag_info":"Destacadas 2","comment_count":"0","amp_enabled":true,"_links":{"self":[{"href":"https:\/\/experienciadevida.com.ar\/portalurbano\/wp-json\/wp\/v2\/posts\/130399"}],"collection":[{"href":"https:\/\/experienciadevida.com.ar\/portalurbano\/wp-json\/wp\/v2\/posts"}],"about":[{"href":"https:\/\/experienciadevida.com.ar\/portalurbano\/wp-json\/wp\/v2\/types\/post"}],"author":[{"embeddable":true,"href":"https:\/\/experienciadevida.com.ar\/portalurbano\/wp-json\/wp\/v2\/users\/1"}],"replies":[{"embeddable":true,"href":"https:\/\/experienciadevida.com.ar\/portalurbano\/wp-json\/wp\/v2\/comments?post=130399"}],"version-history":[{"count":2,"href":"https:\/\/experienciadevida.com.ar\/portalurbano\/wp-json\/wp\/v2\/posts\/130399\/revisions"}],"predecessor-version":[{"id":130402,"href":"https:\/\/experienciadevida.com.ar\/portalurbano\/wp-json\/wp\/v2\/posts\/130399\/revisions\/130402"}],"wp:featuredmedia":[{"embeddable":true,"href":"https:\/\/experienciadevida.com.ar\/portalurbano\/wp-json\/"}],"wp:attachment":[{"href":"https:\/\/experienciadevida.com.ar\/portalurbano\/wp-json\/wp\/v2\/media?parent=130399"}],"wp:term":[{"taxonomy":"category","embeddable":true,"href":"https:\/\/experienciadevida.com.ar\/portalurbano\/wp-json\/wp\/v2\/categories?post=130399"},{"taxonomy":"post_tag","embeddable":true,"href":"https:\/\/experienciadevida.com.ar\/portalurbano\/wp-json\/wp\/v2\/tags?post=130399"}],"curies":[{"name":"wp","href":"https:\/\/api.w.org\/{rel}","templated":true}]}}