{"id":130380,"date":"2020-12-19T21:01:44","date_gmt":"2020-12-20T00:01:44","guid":{"rendered":"https:\/\/experienciadevida.com.ar\/portalurbano\/?p=130380"},"modified":"2020-12-19T21:16:37","modified_gmt":"2020-12-20T00:16:37","slug":"raul-ferreira-tuvimos-una-jornada-agitada-y-40-auxilios-en-viviendas","status":"publish","type":"post","link":"https:\/\/experienciadevida.com.ar\/portalurbano\/raul-ferreira-tuvimos-una-jornada-agitada-y-40-auxilios-en-viviendas\/","title":{"rendered":"Ra\u00fal Ferreira: &#8220;Tuvimos una jornada agitada y 40 auxilios en viviendas&#8221;"},"content":{"rendered":"<p>En la jornada de este s\u00e1bado el Intendente Municipal junto al comit\u00e9 operativo de emergencia brindaron una conferencia de prensa en el cuartel de Bomberos, por el temporal que vivi\u00f3 Olavarr\u00eda.<\/p>\n<p>El Intendente Municipal agradeci\u00f3 a los medios y comenz\u00f3 la conferencia diciendo &#8220;hoy los bomberos demostraron nuevamente estar a la altura de las circunstancias.Ven\u00edamos ya previendo durante los \u00faltimos d\u00edas de la semana, una tormenta con fuertes vientos donde nos ha puesto a trabajar mucho a todos coordinadamente&#8221;.<\/p>\n<p>Luego tom\u00f3 la palabra Ra\u00fal Ferreira Jefe de bomberos quien mencion\u00f3 &#8220;tuvimos una jornada agitada donde nuestro personal tuvo que actuar en las peores condiciones, d\u00f3nde las r\u00e1fagas oscilaban entre los 60,70 y 80km\/h, donde de alguna manera corr\u00edamos riesgos en la integridad f\u00edsica del personal, pero armamos todas las dotaciones y nos juntamos en el cuartel central, nos dividimos todas las tareas y comenzamos a acudir a toda la gente. En nuestra ciudad, hemos recibido 165 llamadas, por distintos tipos de servicios, tanto en la planta urbana de Olavarr\u00eda como en Loma Negra, Sierras Bayas, Hinojo&#8221;.<\/p>\n<p>&#8220;En total se han atendido 70 servicios, priorizando las voladuras de los techos de las viviendas, y se contabiliz\u00f3 el total de 40 auxilios en viviendas. Tambi\u00e9n hubo que atender alrededor de ca\u00eddas de 30 plantas,\u00a0 donde estaban cortando las calles y otras donde estaban apoyadas sobre coches o viviendas, que obstaculizaban de alguna manera el ingreso a las mismas, estas situaciones se fueron liberando gracias al uso de herramientas&#8221;.<\/p>\n<p>Tambi\u00e9n dijo &#8220;para todo el operativo se utilizaron 11 unidades, 7 del cuartel central,\u00a0 1 de Loma Negra, 2 de Sierras Bayas, 1 de hinojo. En este operativo hemos afectado la totalidad de 65 integrantes del cuerpo activo, y quiero agradecerles&#8221;, remarc\u00f3.<\/p>\n<p>Luego habl\u00f3 el Director de Defensa Civil, Adri\u00e1n Guevara quien coment\u00f3 &#8220;desde la direcci\u00f3n de defensa civil el trabajo que hemos venido realizando no solamente fue en el d\u00eda de hoy en cuanto a la parte operativa y control, sino que d\u00edas anteriores a trav\u00e9s del sistema de comunicaci\u00f3n de alertas tempranas empezamos a visualizar que en el d\u00eda de hoy ibamos a tener consecuencias sobre los fen\u00f3menos de viento, lluvia y tormentas. Entre las 15 y 16hs hubo r\u00e1fagas de viento de hasta 92 km\/h. Ma\u00f1ana tambi\u00e9n vamos a tener una situaci\u00f3n con vientos fuertes&#8221;.<\/p>\n<p>Por otro lado Galli expres\u00f3 &#8220;trabajamos con el comit\u00e9 de emergencia que estuvo integrado por bomberos voluntarios, defensa civil, coopelectric, polic\u00eda bonaerense, seguridad municipal, regimiento local, desarrollo social y obras p\u00fablicas. Se pusieron a trabajar m\u00e1s de 200 personas en la calle, empleados municipales que armaron cuadrillas para empezar a dar soluciones\u00a0 a lo que le dimos prioridad. Hubo 165 llamadas&#8221;.<\/p>\n<p>A su vez mencion\u00f3 &#8220;vamos a tener entre hoy y ma\u00f1ana baja presi\u00f3n de agua en la ciudad a ra\u00edz de los cortes de energ\u00eda. Llegamos a estar con un 80% del servicio el\u00e9ctrico ca\u00eddo en la ciudad, y la cooperativa con sus cuadrillas se puso a trabajar para tener energ\u00eda nuevamente. En las localidades tambi\u00e9n est\u00e1n trabajando&#8221;.<\/p>\n<p>&#8220;Desarrollo social recibi\u00f3 m\u00e1s de 30 llamados, se recorri\u00f3 cada una de las familias y se va a tener que asistir en total a 12 familias, que ya se han comunicado desde el gobierno provincial para ofrecer materiales y tratar de cubrir las urgencias.\u00a0 La respuesta de la gente hizo que no haya heridos, no tuvimos que evacuar a ning\u00fan vecino&#8221;.<\/p>\n<p>&#8220;Monitoreo recibi\u00f3 en total 8 llamados por hora, y se est\u00e1 reforzando\u00a0 \u00a0la subsecretar\u00eda de seguridad con la polic\u00eda bonaerense el patrullaje porque va a ver zonas de la ciudad que van a estar sin iluminaci\u00f3n. En el 101 hubo 70 llamadas por da\u00f1os materiales o por falta de energ\u00eda&#8221;.<\/p>\n<p>&#8220;Esperemos que el d\u00eda de ma\u00f1ana transite mucho m\u00e1s tranquilo y pedirles que no salgan, que se queden adentro porque el alerta contin\u00faa, seguramente menores pero no ha pasado todav\u00eda&#8221;.<\/p>\n<p><strong><\/p>\n<div class=\"penci-pullqoute align-none\">\n<blockquote><p>Los n\u00fameros para llamar durante las 24hs son los siguientes: bomberos (100), 422222, monitoreo 419016 o defensa civil 103 y el 101 la polic\u00eda.<\/p><\/blockquote>\n<\/div>\n<p><\/strong><\/p>\n<p>Posteriormente Galli remarc\u00f3\u00a0 &#8220;Quiero pedir a la gente que ma\u00f1ana no salgan a caminar a los parques porque muchos gajos pueden haber quedado flojos a punto de caerse y los vientos que se pronostican para ma\u00f1ana pueden terminar de hacerlos caer&#8221;, finaliz\u00f3.<\/p>\n","protected":false},"excerpt":{"rendered":"<p>En la jornada de este s\u00e1bado el Intendente Municipal junto al comit\u00e9 operativo de emergencia&#8230;<\/p>\n","protected":false},"author":1,"featured_media":130381,"comment_status":"closed","ping_status":"closed","sticky":false,"template":"","format":"standard","meta":{"content-type":""},"categories":[27,51],"tags":[],"nelio_content":{"isAutoShareEnabled":false,"autoShareEndMode":"default","automationSources":{"useContentSentences":true,"useSocialTemplates":true,"useCustomSentences":false,"customSentences":[]},"followers":[1],"suggestedReferences":[],"includedReferences":[],"efiUrl":"","efiAlt":"","highlights":[]},"yoast_head":"<!-- This site is optimized with the Yoast SEO plugin v20.7 - https:\/\/yoast.com\/wordpress\/plugins\/seo\/ -->\n<title>Ra\u00fal Ferreira: &quot;Tuvimos una jornada agitada y 40 auxilios en viviendas&quot; -<\/title>\n<meta name=\"robots\" content=\"index, follow, max-snippet:-1, max-image-preview:large, max-video-preview:-1\" \/>\n<link rel=\"canonical\" href=\"https:\/\/experienciadevida.com.ar\/portalurbano\/raul-ferreira-tuvimos-una-jornada-agitada-y-40-auxilios-en-viviendas\/\" \/>\n<meta property=\"og:locale\" content=\"es_ES\" \/>\n<meta property=\"og:type\" content=\"article\" \/>\n<meta property=\"og:title\" content=\"Ra\u00fal Ferreira: &quot;Tuvimos una jornada agitada y 40 auxilios en viviendas&quot; -\" \/>\n<meta property=\"og:description\" content=\"En la jornada de este s\u00e1bado el Intendente Municipal junto al comit\u00e9 operativo de emergencia...\" \/>\n<meta property=\"og:url\" content=\"https:\/\/experienciadevida.com.ar\/portalurbano\/raul-ferreira-tuvimos-una-jornada-agitada-y-40-auxilios-en-viviendas\/\" \/>\n<meta property=\"article:publisher\" content=\"https:\/\/www.facebook.com\/Portal-Urbano-171542830093757\/\" \/>\n<meta property=\"article:published_time\" content=\"2020-12-20T00:01:44+00:00\" \/>\n<meta property=\"article:modified_time\" content=\"2020-12-20T00:16:37+00:00\" \/>\n<meta property=\"og:image\" content=\"https:\/\/experienciadevida.com.ar\/portalurbano\/wp-content\/uploads\/2020\/12\/Conferencia-Galli.png\" \/>\n\t<meta property=\"og:image:width\" content=\"740\" \/>\n\t<meta property=\"og:image:height\" content=\"460\" \/>\n\t<meta property=\"og:image:type\" content=\"image\/png\" \/>\n<meta name=\"author\" content=\"admpu17wp\" \/>\n<meta name=\"twitter:card\" content=\"summary_large_image\" \/>\n<meta name=\"twitter:creator\" content=\"@portalurbanook\" \/>\n<meta name=\"twitter:site\" content=\"@portalurbanook\" \/>\n<meta name=\"twitter:label1\" content=\"Escrito por\" \/>\n\t<meta name=\"twitter:data1\" content=\"admpu17wp\" \/>\n\t<meta name=\"twitter:label2\" content=\"Tiempo de lectura\" \/>\n\t<meta name=\"twitter:data2\" content=\"4 minutos\" \/>\n<script type=\"application\/ld+json\" class=\"yoast-schema-graph\">{\"@context\":\"https:\/\/schema.org\",\"@graph\":[{\"@type\":\"Article\",\"@id\":\"https:\/\/experienciadevida.com.ar\/portalurbano\/raul-ferreira-tuvimos-una-jornada-agitada-y-40-auxilios-en-viviendas\/#article\",\"isPartOf\":{\"@id\":\"https:\/\/experienciadevida.com.ar\/portalurbano\/raul-ferreira-tuvimos-una-jornada-agitada-y-40-auxilios-en-viviendas\/\"},\"author\":{\"name\":\"admpu17wp\",\"@id\":\"https:\/\/experienciadevida.com.ar\/portalurbano\/#\/schema\/person\/02dd326b1c4b056e9cc972486934a3a7\"},\"headline\":\"Ra\u00fal Ferreira: &#8220;Tuvimos una jornada agitada y 40 auxilios en viviendas&#8221;\",\"datePublished\":\"2020-12-20T00:01:44+00:00\",\"dateModified\":\"2020-12-20T00:16:37+00:00\",\"mainEntityOfPage\":{\"@id\":\"https:\/\/experienciadevida.com.ar\/portalurbano\/raul-ferreira-tuvimos-una-jornada-agitada-y-40-auxilios-en-viviendas\/\"},\"wordCount\":754,\"publisher\":{\"@id\":\"https:\/\/experienciadevida.com.ar\/portalurbano\/#organization\"},\"articleSection\":[\"Ciudad\",\"Destacadas\"],\"inLanguage\":\"es\"},{\"@type\":\"WebPage\",\"@id\":\"https:\/\/experienciadevida.com.ar\/portalurbano\/raul-ferreira-tuvimos-una-jornada-agitada-y-40-auxilios-en-viviendas\/\",\"url\":\"https:\/\/experienciadevida.com.ar\/portalurbano\/raul-ferreira-tuvimos-una-jornada-agitada-y-40-auxilios-en-viviendas\/\",\"name\":\"Ra\u00fal Ferreira: \\\"Tuvimos una jornada agitada y 40 auxilios en viviendas\\\" -\",\"isPartOf\":{\"@id\":\"https:\/\/experienciadevida.com.ar\/portalurbano\/#website\"},\"datePublished\":\"2020-12-20T00:01:44+00:00\",\"dateModified\":\"2020-12-20T00:16:37+00:00\",\"breadcrumb\":{\"@id\":\"https:\/\/experienciadevida.com.ar\/portalurbano\/raul-ferreira-tuvimos-una-jornada-agitada-y-40-auxilios-en-viviendas\/#breadcrumb\"},\"inLanguage\":\"es\",\"potentialAction\":[{\"@type\":\"ReadAction\",\"target\":[\"https:\/\/experienciadevida.com.ar\/portalurbano\/raul-ferreira-tuvimos-una-jornada-agitada-y-40-auxilios-en-viviendas\/\"]}]},{\"@type\":\"BreadcrumbList\",\"@id\":\"https:\/\/experienciadevida.com.ar\/portalurbano\/raul-ferreira-tuvimos-una-jornada-agitada-y-40-auxilios-en-viviendas\/#breadcrumb\",\"itemListElement\":[{\"@type\":\"ListItem\",\"position\":1,\"name\":\"Portada\",\"item\":\"https:\/\/experienciadevida.com.ar\/portalurbano\/\"},{\"@type\":\"ListItem\",\"position\":2,\"name\":\"Ra\u00fal Ferreira: \u00abTuvimos una jornada agitada y 40 auxilios en viviendas\u00bb\"}]},{\"@type\":\"WebSite\",\"@id\":\"https:\/\/experienciadevida.com.ar\/portalurbano\/#website\",\"url\":\"https:\/\/experienciadevida.com.ar\/portalurbano\/\",\"name\":\"\",\"description\":\"\",\"publisher\":{\"@id\":\"https:\/\/experienciadevida.com.ar\/portalurbano\/#organization\"},\"potentialAction\":[{\"@type\":\"SearchAction\",\"target\":{\"@type\":\"EntryPoint\",\"urlTemplate\":\"https:\/\/experienciadevida.com.ar\/portalurbano\/?s={search_term_string}\"},\"query-input\":\"required name=search_term_string\"}],\"inLanguage\":\"es\"},{\"@type\":\"Organization\",\"@id\":\"https:\/\/experienciadevida.com.ar\/portalurbano\/#organization\",\"name\":\"Portal Urbano\",\"url\":\"https:\/\/experienciadevida.com.ar\/portalurbano\/\",\"logo\":{\"@type\":\"ImageObject\",\"inLanguage\":\"es\",\"@id\":\"https:\/\/experienciadevida.com.ar\/portalurbano\/#\/schema\/logo\/image\/\",\"url\":\"https:\/\/experienciadevida.com.ar\/portalurbano\/wp-content\/uploads\/2019\/09\/Logo-Original.png\",\"contentUrl\":\"https:\/\/experienciadevida.com.ar\/portalurbano\/wp-content\/uploads\/2019\/09\/Logo-Original.png\",\"width\":2236,\"height\":1216,\"caption\":\"Portal Urbano\"},\"image\":{\"@id\":\"https:\/\/experienciadevida.com.ar\/portalurbano\/#\/schema\/logo\/image\/\"},\"sameAs\":[\"https:\/\/www.facebook.com\/Portal-Urbano-171542830093757\/\",\"https:\/\/twitter.com\/portalurbanook\",\"https:\/\/www.instagram.com\/_portalurbano\/\",\"https:\/\/www.youtube.com\/channel\/UCXhagIfszH8KxFiOok79zbA?view_as=subscriber\"]},{\"@type\":\"Person\",\"@id\":\"https:\/\/experienciadevida.com.ar\/portalurbano\/#\/schema\/person\/02dd326b1c4b056e9cc972486934a3a7\",\"name\":\"admpu17wp\",\"image\":{\"@type\":\"ImageObject\",\"inLanguage\":\"es\",\"@id\":\"https:\/\/experienciadevida.com.ar\/portalurbano\/#\/schema\/person\/image\/\",\"url\":\"https:\/\/secure.gravatar.com\/avatar\/830d4c57adaae6630765e449a6908047?s=96&d=mm&r=g\",\"contentUrl\":\"https:\/\/secure.gravatar.com\/avatar\/830d4c57adaae6630765e449a6908047?s=96&d=mm&r=g\",\"caption\":\"admpu17wp\"}}]}<\/script>\n<!-- \/ Yoast SEO plugin. -->","yoast_head_json":{"title":"Ra\u00fal Ferreira: \"Tuvimos una jornada agitada y 40 auxilios en viviendas\" -","robots":{"index":"index","follow":"follow","max-snippet":"max-snippet:-1","max-image-preview":"max-image-preview:large","max-video-preview":"max-video-preview:-1"},"canonical":"https:\/\/experienciadevida.com.ar\/portalurbano\/raul-ferreira-tuvimos-una-jornada-agitada-y-40-auxilios-en-viviendas\/","og_locale":"es_ES","og_type":"article","og_title":"Ra\u00fal Ferreira: \"Tuvimos una jornada agitada y 40 auxilios en viviendas\" -","og_description":"En la jornada de este s\u00e1bado el Intendente Municipal junto al comit\u00e9 operativo de emergencia...","og_url":"https:\/\/experienciadevida.com.ar\/portalurbano\/raul-ferreira-tuvimos-una-jornada-agitada-y-40-auxilios-en-viviendas\/","article_publisher":"https:\/\/www.facebook.com\/Portal-Urbano-171542830093757\/","article_published_time":"2020-12-20T00:01:44+00:00","article_modified_time":"2020-12-20T00:16:37+00:00","og_image":[{"width":740,"height":460,"url":"https:\/\/experienciadevida.com.ar\/portalurbano\/wp-content\/uploads\/2020\/12\/Conferencia-Galli.png","type":"image\/png"}],"author":"admpu17wp","twitter_card":"summary_large_image","twitter_creator":"@portalurbanook","twitter_site":"@portalurbanook","twitter_misc":{"Escrito por":"admpu17wp","Tiempo de lectura":"4 minutos"},"schema":{"@context":"https:\/\/schema.org","@graph":[{"@type":"Article","@id":"https:\/\/experienciadevida.com.ar\/portalurbano\/raul-ferreira-tuvimos-una-jornada-agitada-y-40-auxilios-en-viviendas\/#article","isPartOf":{"@id":"https:\/\/experienciadevida.com.ar\/portalurbano\/raul-ferreira-tuvimos-una-jornada-agitada-y-40-auxilios-en-viviendas\/"},"author":{"name":"admpu17wp","@id":"https:\/\/experienciadevida.com.ar\/portalurbano\/#\/schema\/person\/02dd326b1c4b056e9cc972486934a3a7"},"headline":"Ra\u00fal Ferreira: &#8220;Tuvimos una jornada agitada y 40 auxilios en viviendas&#8221;","datePublished":"2020-12-20T00:01:44+00:00","dateModified":"2020-12-20T00:16:37+00:00","mainEntityOfPage":{"@id":"https:\/\/experienciadevida.com.ar\/portalurbano\/raul-ferreira-tuvimos-una-jornada-agitada-y-40-auxilios-en-viviendas\/"},"wordCount":754,"publisher":{"@id":"https:\/\/experienciadevida.com.ar\/portalurbano\/#organization"},"articleSection":["Ciudad","Destacadas"],"inLanguage":"es"},{"@type":"WebPage","@id":"https:\/\/experienciadevida.com.ar\/portalurbano\/raul-ferreira-tuvimos-una-jornada-agitada-y-40-auxilios-en-viviendas\/","url":"https:\/\/experienciadevida.com.ar\/portalurbano\/raul-ferreira-tuvimos-una-jornada-agitada-y-40-auxilios-en-viviendas\/","name":"Ra\u00fal Ferreira: \"Tuvimos una jornada agitada y 40 auxilios en viviendas\" -","isPartOf":{"@id":"https:\/\/experienciadevida.com.ar\/portalurbano\/#website"},"datePublished":"2020-12-20T00:01:44+00:00","dateModified":"2020-12-20T00:16:37+00:00","breadcrumb":{"@id":"https:\/\/experienciadevida.com.ar\/portalurbano\/raul-ferreira-tuvimos-una-jornada-agitada-y-40-auxilios-en-viviendas\/#breadcrumb"},"inLanguage":"es","potentialAction":[{"@type":"ReadAction","target":["https:\/\/experienciadevida.com.ar\/portalurbano\/raul-ferreira-tuvimos-una-jornada-agitada-y-40-auxilios-en-viviendas\/"]}]},{"@type":"BreadcrumbList","@id":"https:\/\/experienciadevida.com.ar\/portalurbano\/raul-ferreira-tuvimos-una-jornada-agitada-y-40-auxilios-en-viviendas\/#breadcrumb","itemListElement":[{"@type":"ListItem","position":1,"name":"Portada","item":"https:\/\/experienciadevida.com.ar\/portalurbano\/"},{"@type":"ListItem","position":2,"name":"Ra\u00fal Ferreira: \u00abTuvimos una jornada agitada y 40 auxilios en viviendas\u00bb"}]},{"@type":"WebSite","@id":"https:\/\/experienciadevida.com.ar\/portalurbano\/#website","url":"https:\/\/experienciadevida.com.ar\/portalurbano\/","name":"","description":"","publisher":{"@id":"https:\/\/experienciadevida.com.ar\/portalurbano\/#organization"},"potentialAction":[{"@type":"SearchAction","target":{"@type":"EntryPoint","urlTemplate":"https:\/\/experienciadevida.com.ar\/portalurbano\/?s={search_term_string}"},"query-input":"required name=search_term_string"}],"inLanguage":"es"},{"@type":"Organization","@id":"https:\/\/experienciadevida.com.ar\/portalurbano\/#organization","name":"Portal Urbano","url":"https:\/\/experienciadevida.com.ar\/portalurbano\/","logo":{"@type":"ImageObject","inLanguage":"es","@id":"https:\/\/experienciadevida.com.ar\/portalurbano\/#\/schema\/logo\/image\/","url":"https:\/\/experienciadevida.com.ar\/portalurbano\/wp-content\/uploads\/2019\/09\/Logo-Original.png","contentUrl":"https:\/\/experienciadevida.com.ar\/portalurbano\/wp-content\/uploads\/2019\/09\/Logo-Original.png","width":2236,"height":1216,"caption":"Portal Urbano"},"image":{"@id":"https:\/\/experienciadevida.com.ar\/portalurbano\/#\/schema\/logo\/image\/"},"sameAs":["https:\/\/www.facebook.com\/Portal-Urbano-171542830093757\/","https:\/\/twitter.com\/portalurbanook","https:\/\/www.instagram.com\/_portalurbano\/","https:\/\/www.youtube.com\/channel\/UCXhagIfszH8KxFiOok79zbA?view_as=subscriber"]},{"@type":"Person","@id":"https:\/\/experienciadevida.com.ar\/portalurbano\/#\/schema\/person\/02dd326b1c4b056e9cc972486934a3a7","name":"admpu17wp","image":{"@type":"ImageObject","inLanguage":"es","@id":"https:\/\/experienciadevida.com.ar\/portalurbano\/#\/schema\/person\/image\/","url":"https:\/\/secure.gravatar.com\/avatar\/830d4c57adaae6630765e449a6908047?s=96&d=mm&r=g","contentUrl":"https:\/\/secure.gravatar.com\/avatar\/830d4c57adaae6630765e449a6908047?s=96&d=mm&r=g","caption":"admpu17wp"}}]}},"featured_image_urls":{"full":["https:\/\/experienciadevida.com.ar\/portalurbano\/wp-content\/uploads\/2020\/12\/Conferencia-Galli.png",740,460,false],"thumbnail":["https:\/\/experienciadevida.com.ar\/portalurbano\/wp-content\/uploads\/2020\/12\/Conferencia-Galli-150x150.png",150,150,true],"medium":["https:\/\/experienciadevida.com.ar\/portalurbano\/wp-content\/uploads\/2020\/12\/Conferencia-Galli-300x186.png",300,186,true],"medium_large":["https:\/\/experienciadevida.com.ar\/portalurbano\/wp-content\/uploads\/2020\/12\/Conferencia-Galli.png",640,398,false],"large":["https:\/\/experienciadevida.com.ar\/portalurbano\/wp-content\/uploads\/2020\/12\/Conferencia-Galli.png",640,398,false],"ug_big":["https:\/\/experienciadevida.com.ar\/portalurbano\/wp-content\/uploads\/2020\/12\/Conferencia-Galli.png",740,460,false],"1536x1536":["https:\/\/experienciadevida.com.ar\/portalurbano\/wp-content\/uploads\/2020\/12\/Conferencia-Galli.png",740,460,false],"2048x2048":["https:\/\/experienciadevida.com.ar\/portalurbano\/wp-content\/uploads\/2020\/12\/Conferencia-Galli.png",740,460,false],"newsever-slider-full":["https:\/\/experienciadevida.com.ar\/portalurbano\/wp-content\/uploads\/2020\/12\/Conferencia-Galli.png",740,460,false],"newsever-featured":["https:\/\/experienciadevida.com.ar\/portalurbano\/wp-content\/uploads\/2020\/12\/Conferencia-Galli.png",740,460,false],"newsever-medium":["https:\/\/experienciadevida.com.ar\/portalurbano\/wp-content\/uploads\/2020\/12\/Conferencia-Galli.png",720,448,false],"web-stories-poster-portrait":["https:\/\/experienciadevida.com.ar\/portalurbano\/wp-content\/uploads\/2020\/12\/Conferencia-Galli.png",640,398,false],"web-stories-publisher-logo":["https:\/\/experienciadevida.com.ar\/portalurbano\/wp-content\/uploads\/2020\/12\/Conferencia-Galli.png",96,60,false],"web-stories-thumbnail":["https:\/\/experienciadevida.com.ar\/portalurbano\/wp-content\/uploads\/2020\/12\/Conferencia-Galli.png",150,93,false]},"author_info":{"display_name":"admpu17wp","author_link":"https:\/\/experienciadevida.com.ar\/portalurbano\/author\/admpu17wp\/"},"category_info":"<a href=\"https:\/\/experienciadevida.com.ar\/portalurbano\/category\/ciudad\/\" rel=\"category tag\">Ciudad<\/a> <a href=\"https:\/\/experienciadevida.com.ar\/portalurbano\/category\/destacadas\/\" rel=\"category tag\">Destacadas<\/a>","tag_info":"Destacadas","comment_count":"0","amp_enabled":true,"_links":{"self":[{"href":"https:\/\/experienciadevida.com.ar\/portalurbano\/wp-json\/wp\/v2\/posts\/130380"}],"collection":[{"href":"https:\/\/experienciadevida.com.ar\/portalurbano\/wp-json\/wp\/v2\/posts"}],"about":[{"href":"https:\/\/experienciadevida.com.ar\/portalurbano\/wp-json\/wp\/v2\/types\/post"}],"author":[{"embeddable":true,"href":"https:\/\/experienciadevida.com.ar\/portalurbano\/wp-json\/wp\/v2\/users\/1"}],"replies":[{"embeddable":true,"href":"https:\/\/experienciadevida.com.ar\/portalurbano\/wp-json\/wp\/v2\/comments?post=130380"}],"version-history":[{"count":5,"href":"https:\/\/experienciadevida.com.ar\/portalurbano\/wp-json\/wp\/v2\/posts\/130380\/revisions"}],"predecessor-version":[{"id":130388,"href":"https:\/\/experienciadevida.com.ar\/portalurbano\/wp-json\/wp\/v2\/posts\/130380\/revisions\/130388"}],"wp:featuredmedia":[{"embeddable":true,"href":"https:\/\/experienciadevida.com.ar\/portalurbano\/wp-json\/wp\/v2\/media\/130381"}],"wp:attachment":[{"href":"https:\/\/experienciadevida.com.ar\/portalurbano\/wp-json\/wp\/v2\/media?parent=130380"}],"wp:term":[{"taxonomy":"category","embeddable":true,"href":"https:\/\/experienciadevida.com.ar\/portalurbano\/wp-json\/wp\/v2\/categories?post=130380"},{"taxonomy":"post_tag","embeddable":true,"href":"https:\/\/experienciadevida.com.ar\/portalurbano\/wp-json\/wp\/v2\/tags?post=130380"}],"curies":[{"name":"wp","href":"https:\/\/api.w.org\/{rel}","templated":true}]}}