{"id":130272,"date":"2020-12-18T18:36:51","date_gmt":"2020-12-18T21:36:51","guid":{"rendered":"https:\/\/experienciadevida.com.ar\/portalurbano\/?p=130272"},"modified":"2020-12-18T18:38:56","modified_gmt":"2020-12-18T21:38:56","slug":"presupuesto-municipal-el-superavit-no-es-para-festejarlo","status":"publish","type":"post","link":"https:\/\/experienciadevida.com.ar\/portalurbano\/presupuesto-municipal-el-superavit-no-es-para-festejarlo\/","title":{"rendered":"Presupuesto Municipal: &#8220;El super\u00e1vit no es para festejarlo&#8221;"},"content":{"rendered":"<p>Lo expres\u00f3 el Concejal Ubaldo Garc\u00eda, del Frente de Todos, al referirse a las expresiones que tuvo el intendente Galli en una entrevista por LU 32, en la que dijo que inici\u00f3 con d\u00e9ficit y termina el a\u00f1o con presupuesto.<\/p>\n<p>El Contador Garc\u00eda se\u00f1al\u00f3 que el super\u00e1vit viene por una subejecuci\u00f3n en todas las \u00e1reas municipales.Si se sigue en esa tendencia, se va a un deterioro de los bienes municipales.<\/p>\n<p>&#8220;Los n\u00fameros de Municipales lo venimos mirando, venimos permanentemente monitoreando la situaci\u00f3n econ\u00f3mico- financiera del Municipio no es como para festejar y para hablar de un buen resultado administrativo para el Intendente Municipal, porque realmente proviene exclusivamente de una subejecuci\u00f3n en todas las \u00e1reas Municipales&#8221;.<\/p>\n<p>&#8220;El presupuesto 2020 preve\u00eda 4mil 70 millones de gastos y se llevan ejecutados hasta el momento 3.500 millones con un recaudado de 3 mil 760 y es de ah\u00ed donde el Intendente habla de un super\u00e1vit, pero cuando vos desagregas de d\u00f3nde proviene esa subejecuci\u00f3n la m\u00e1s grande es de mantenimiento y obras p\u00fablicas, tiene m\u00e1s de 350 millones de subejecuci\u00f3n por lo tanto cuando habl\u00e1bamos del d\u00e9ficit de 350 millones en enero y febrero dec\u00edamos que ese deficit lo iba a terminar pagando el vecino&#8221;.<\/p>\n<p>Por otro lado dijo &#8220;termin\u00f3 pagando el vecino con los aumentos que ha tenido y con la falta de obras que tiene Olavarr\u00eda, 352 millones es lo que falta en mantenimiento. Eso es lo que se refleja en los reclamos permanentes, ni siquiera hay contratados cortes de pasto, ni hablar de inversiones que no se ha hecho nada&#8221;, remarc\u00f3 Garc\u00eda.<\/p>\n<p>&#8220;Es como cualquier mantenimiento de una casa, si un a\u00f1o no la arreglas no pasa nada pero si segu\u00eds en esa tendencia empezas a ver un deterioro a la estructura de bienes municipales y de uso p\u00fablico que va a ser preocupante y muy grave. El ajuste se ve en toda la ciudad, muchas veces los barrios m\u00e1s c\u00e9ntricos las necesidades que tienen son mucho menores pero otros barrios y las localidades hay mucha necesidad de inversi\u00f3n y mantenimiento&#8221;.<\/p>\n<p>Al finalizar dijo &#8220;la pol\u00edtica es la forma de transformar la realidad que tienen los vecinos de la ciudad&#8221;.<\/p>\n<p>Fuente: Radio Olavarr\u00eda<\/p>\n","protected":false},"excerpt":{"rendered":"<p>Lo expres\u00f3 el Concejal Ubaldo Garc\u00eda, del Frente de Todos, al referirse a las expresiones&#8230;<\/p>\n","protected":false},"author":1,"featured_media":119444,"comment_status":"closed","ping_status":"closed","sticky":false,"template":"","format":"standard","meta":{"content-type":""},"categories":[27,64],"tags":[],"nelio_content":{"isAutoShareEnabled":false,"autoShareEndMode":"default","automationSources":{"useContentSentences":true,"useSocialTemplates":true,"useCustomSentences":false,"customSentences":[]},"followers":[1],"suggestedReferences":[],"includedReferences":[],"efiUrl":"","efiAlt":"","highlights":[]},"yoast_head":"<!-- This site is optimized with the Yoast SEO plugin v20.7 - https:\/\/yoast.com\/wordpress\/plugins\/seo\/ -->\n<title>Presupuesto Municipal: &quot;El super\u00e1vit no es para festejarlo&quot; -<\/title>\n<meta name=\"robots\" content=\"index, follow, max-snippet:-1, max-image-preview:large, max-video-preview:-1\" \/>\n<link rel=\"canonical\" href=\"https:\/\/experienciadevida.com.ar\/portalurbano\/presupuesto-municipal-el-superavit-no-es-para-festejarlo\/\" \/>\n<meta property=\"og:locale\" content=\"es_ES\" \/>\n<meta property=\"og:type\" content=\"article\" \/>\n<meta property=\"og:title\" content=\"Presupuesto Municipal: &quot;El super\u00e1vit no es para festejarlo&quot; -\" \/>\n<meta property=\"og:description\" content=\"Lo expres\u00f3 el Concejal Ubaldo Garc\u00eda, del Frente de Todos, al referirse a las expresiones...\" \/>\n<meta property=\"og:url\" content=\"https:\/\/experienciadevida.com.ar\/portalurbano\/presupuesto-municipal-el-superavit-no-es-para-festejarlo\/\" \/>\n<meta property=\"article:publisher\" content=\"https:\/\/www.facebook.com\/Portal-Urbano-171542830093757\/\" \/>\n<meta property=\"article:published_time\" content=\"2020-12-18T21:36:51+00:00\" \/>\n<meta property=\"article:modified_time\" content=\"2020-12-18T21:38:56+00:00\" \/>\n<meta property=\"og:image\" content=\"https:\/\/experienciadevida.com.ar\/portalurbano\/wp-content\/uploads\/2020\/08\/UBALDOGARCIA.jpeg\" \/>\n\t<meta property=\"og:image:width\" content=\"765\" \/>\n\t<meta property=\"og:image:height\" content=\"536\" \/>\n\t<meta property=\"og:image:type\" content=\"image\/jpeg\" \/>\n<meta name=\"author\" content=\"admpu17wp\" \/>\n<meta name=\"twitter:card\" content=\"summary_large_image\" \/>\n<meta name=\"twitter:creator\" content=\"@portalurbanook\" \/>\n<meta name=\"twitter:site\" content=\"@portalurbanook\" \/>\n<meta name=\"twitter:label1\" content=\"Escrito por\" \/>\n\t<meta name=\"twitter:data1\" content=\"admpu17wp\" \/>\n\t<meta name=\"twitter:label2\" content=\"Tiempo de lectura\" \/>\n\t<meta name=\"twitter:data2\" content=\"2 minutos\" \/>\n<script type=\"application\/ld+json\" class=\"yoast-schema-graph\">{\"@context\":\"https:\/\/schema.org\",\"@graph\":[{\"@type\":\"Article\",\"@id\":\"https:\/\/experienciadevida.com.ar\/portalurbano\/presupuesto-municipal-el-superavit-no-es-para-festejarlo\/#article\",\"isPartOf\":{\"@id\":\"https:\/\/experienciadevida.com.ar\/portalurbano\/presupuesto-municipal-el-superavit-no-es-para-festejarlo\/\"},\"author\":{\"name\":\"admpu17wp\",\"@id\":\"https:\/\/experienciadevida.com.ar\/portalurbano\/#\/schema\/person\/02dd326b1c4b056e9cc972486934a3a7\"},\"headline\":\"Presupuesto Municipal: &#8220;El super\u00e1vit no es para festejarlo&#8221;\",\"datePublished\":\"2020-12-18T21:36:51+00:00\",\"dateModified\":\"2020-12-18T21:38:56+00:00\",\"mainEntityOfPage\":{\"@id\":\"https:\/\/experienciadevida.com.ar\/portalurbano\/presupuesto-municipal-el-superavit-no-es-para-festejarlo\/\"},\"wordCount\":395,\"publisher\":{\"@id\":\"https:\/\/experienciadevida.com.ar\/portalurbano\/#organization\"},\"articleSection\":[\"Ciudad\",\"Destacadas 2\"],\"inLanguage\":\"es\"},{\"@type\":\"WebPage\",\"@id\":\"https:\/\/experienciadevida.com.ar\/portalurbano\/presupuesto-municipal-el-superavit-no-es-para-festejarlo\/\",\"url\":\"https:\/\/experienciadevida.com.ar\/portalurbano\/presupuesto-municipal-el-superavit-no-es-para-festejarlo\/\",\"name\":\"Presupuesto Municipal: \\\"El super\u00e1vit no es para festejarlo\\\" -\",\"isPartOf\":{\"@id\":\"https:\/\/experienciadevida.com.ar\/portalurbano\/#website\"},\"datePublished\":\"2020-12-18T21:36:51+00:00\",\"dateModified\":\"2020-12-18T21:38:56+00:00\",\"breadcrumb\":{\"@id\":\"https:\/\/experienciadevida.com.ar\/portalurbano\/presupuesto-municipal-el-superavit-no-es-para-festejarlo\/#breadcrumb\"},\"inLanguage\":\"es\",\"potentialAction\":[{\"@type\":\"ReadAction\",\"target\":[\"https:\/\/experienciadevida.com.ar\/portalurbano\/presupuesto-municipal-el-superavit-no-es-para-festejarlo\/\"]}]},{\"@type\":\"BreadcrumbList\",\"@id\":\"https:\/\/experienciadevida.com.ar\/portalurbano\/presupuesto-municipal-el-superavit-no-es-para-festejarlo\/#breadcrumb\",\"itemListElement\":[{\"@type\":\"ListItem\",\"position\":1,\"name\":\"Portada\",\"item\":\"https:\/\/experienciadevida.com.ar\/portalurbano\/\"},{\"@type\":\"ListItem\",\"position\":2,\"name\":\"Presupuesto Municipal: \u00abEl super\u00e1vit no es para festejarlo\u00bb\"}]},{\"@type\":\"WebSite\",\"@id\":\"https:\/\/experienciadevida.com.ar\/portalurbano\/#website\",\"url\":\"https:\/\/experienciadevida.com.ar\/portalurbano\/\",\"name\":\"\",\"description\":\"\",\"publisher\":{\"@id\":\"https:\/\/experienciadevida.com.ar\/portalurbano\/#organization\"},\"potentialAction\":[{\"@type\":\"SearchAction\",\"target\":{\"@type\":\"EntryPoint\",\"urlTemplate\":\"https:\/\/experienciadevida.com.ar\/portalurbano\/?s={search_term_string}\"},\"query-input\":\"required name=search_term_string\"}],\"inLanguage\":\"es\"},{\"@type\":\"Organization\",\"@id\":\"https:\/\/experienciadevida.com.ar\/portalurbano\/#organization\",\"name\":\"Portal Urbano\",\"url\":\"https:\/\/experienciadevida.com.ar\/portalurbano\/\",\"logo\":{\"@type\":\"ImageObject\",\"inLanguage\":\"es\",\"@id\":\"https:\/\/experienciadevida.com.ar\/portalurbano\/#\/schema\/logo\/image\/\",\"url\":\"https:\/\/experienciadevida.com.ar\/portalurbano\/wp-content\/uploads\/2019\/09\/Logo-Original.png\",\"contentUrl\":\"https:\/\/experienciadevida.com.ar\/portalurbano\/wp-content\/uploads\/2019\/09\/Logo-Original.png\",\"width\":2236,\"height\":1216,\"caption\":\"Portal Urbano\"},\"image\":{\"@id\":\"https:\/\/experienciadevida.com.ar\/portalurbano\/#\/schema\/logo\/image\/\"},\"sameAs\":[\"https:\/\/www.facebook.com\/Portal-Urbano-171542830093757\/\",\"https:\/\/twitter.com\/portalurbanook\",\"https:\/\/www.instagram.com\/_portalurbano\/\",\"https:\/\/www.youtube.com\/channel\/UCXhagIfszH8KxFiOok79zbA?view_as=subscriber\"]},{\"@type\":\"Person\",\"@id\":\"https:\/\/experienciadevida.com.ar\/portalurbano\/#\/schema\/person\/02dd326b1c4b056e9cc972486934a3a7\",\"name\":\"admpu17wp\",\"image\":{\"@type\":\"ImageObject\",\"inLanguage\":\"es\",\"@id\":\"https:\/\/experienciadevida.com.ar\/portalurbano\/#\/schema\/person\/image\/\",\"url\":\"https:\/\/secure.gravatar.com\/avatar\/830d4c57adaae6630765e449a6908047?s=96&d=mm&r=g\",\"contentUrl\":\"https:\/\/secure.gravatar.com\/avatar\/830d4c57adaae6630765e449a6908047?s=96&d=mm&r=g\",\"caption\":\"admpu17wp\"}}]}<\/script>\n<!-- \/ Yoast SEO plugin. -->","yoast_head_json":{"title":"Presupuesto Municipal: \"El super\u00e1vit no es para festejarlo\" -","robots":{"index":"index","follow":"follow","max-snippet":"max-snippet:-1","max-image-preview":"max-image-preview:large","max-video-preview":"max-video-preview:-1"},"canonical":"https:\/\/experienciadevida.com.ar\/portalurbano\/presupuesto-municipal-el-superavit-no-es-para-festejarlo\/","og_locale":"es_ES","og_type":"article","og_title":"Presupuesto Municipal: \"El super\u00e1vit no es para festejarlo\" -","og_description":"Lo expres\u00f3 el Concejal Ubaldo Garc\u00eda, del Frente de Todos, al referirse a las expresiones...","og_url":"https:\/\/experienciadevida.com.ar\/portalurbano\/presupuesto-municipal-el-superavit-no-es-para-festejarlo\/","article_publisher":"https:\/\/www.facebook.com\/Portal-Urbano-171542830093757\/","article_published_time":"2020-12-18T21:36:51+00:00","article_modified_time":"2020-12-18T21:38:56+00:00","og_image":[{"width":765,"height":536,"url":"https:\/\/experienciadevida.com.ar\/portalurbano\/wp-content\/uploads\/2020\/08\/UBALDOGARCIA.jpeg","type":"image\/jpeg"}],"author":"admpu17wp","twitter_card":"summary_large_image","twitter_creator":"@portalurbanook","twitter_site":"@portalurbanook","twitter_misc":{"Escrito por":"admpu17wp","Tiempo de lectura":"2 minutos"},"schema":{"@context":"https:\/\/schema.org","@graph":[{"@type":"Article","@id":"https:\/\/experienciadevida.com.ar\/portalurbano\/presupuesto-municipal-el-superavit-no-es-para-festejarlo\/#article","isPartOf":{"@id":"https:\/\/experienciadevida.com.ar\/portalurbano\/presupuesto-municipal-el-superavit-no-es-para-festejarlo\/"},"author":{"name":"admpu17wp","@id":"https:\/\/experienciadevida.com.ar\/portalurbano\/#\/schema\/person\/02dd326b1c4b056e9cc972486934a3a7"},"headline":"Presupuesto Municipal: &#8220;El super\u00e1vit no es para festejarlo&#8221;","datePublished":"2020-12-18T21:36:51+00:00","dateModified":"2020-12-18T21:38:56+00:00","mainEntityOfPage":{"@id":"https:\/\/experienciadevida.com.ar\/portalurbano\/presupuesto-municipal-el-superavit-no-es-para-festejarlo\/"},"wordCount":395,"publisher":{"@id":"https:\/\/experienciadevida.com.ar\/portalurbano\/#organization"},"articleSection":["Ciudad","Destacadas 2"],"inLanguage":"es"},{"@type":"WebPage","@id":"https:\/\/experienciadevida.com.ar\/portalurbano\/presupuesto-municipal-el-superavit-no-es-para-festejarlo\/","url":"https:\/\/experienciadevida.com.ar\/portalurbano\/presupuesto-municipal-el-superavit-no-es-para-festejarlo\/","name":"Presupuesto Municipal: \"El super\u00e1vit no es para festejarlo\" -","isPartOf":{"@id":"https:\/\/experienciadevida.com.ar\/portalurbano\/#website"},"datePublished":"2020-12-18T21:36:51+00:00","dateModified":"2020-12-18T21:38:56+00:00","breadcrumb":{"@id":"https:\/\/experienciadevida.com.ar\/portalurbano\/presupuesto-municipal-el-superavit-no-es-para-festejarlo\/#breadcrumb"},"inLanguage":"es","potentialAction":[{"@type":"ReadAction","target":["https:\/\/experienciadevida.com.ar\/portalurbano\/presupuesto-municipal-el-superavit-no-es-para-festejarlo\/"]}]},{"@type":"BreadcrumbList","@id":"https:\/\/experienciadevida.com.ar\/portalurbano\/presupuesto-municipal-el-superavit-no-es-para-festejarlo\/#breadcrumb","itemListElement":[{"@type":"ListItem","position":1,"name":"Portada","item":"https:\/\/experienciadevida.com.ar\/portalurbano\/"},{"@type":"ListItem","position":2,"name":"Presupuesto Municipal: \u00abEl super\u00e1vit no es para festejarlo\u00bb"}]},{"@type":"WebSite","@id":"https:\/\/experienciadevida.com.ar\/portalurbano\/#website","url":"https:\/\/experienciadevida.com.ar\/portalurbano\/","name":"","description":"","publisher":{"@id":"https:\/\/experienciadevida.com.ar\/portalurbano\/#organization"},"potentialAction":[{"@type":"SearchAction","target":{"@type":"EntryPoint","urlTemplate":"https:\/\/experienciadevida.com.ar\/portalurbano\/?s={search_term_string}"},"query-input":"required name=search_term_string"}],"inLanguage":"es"},{"@type":"Organization","@id":"https:\/\/experienciadevida.com.ar\/portalurbano\/#organization","name":"Portal Urbano","url":"https:\/\/experienciadevida.com.ar\/portalurbano\/","logo":{"@type":"ImageObject","inLanguage":"es","@id":"https:\/\/experienciadevida.com.ar\/portalurbano\/#\/schema\/logo\/image\/","url":"https:\/\/experienciadevida.com.ar\/portalurbano\/wp-content\/uploads\/2019\/09\/Logo-Original.png","contentUrl":"https:\/\/experienciadevida.com.ar\/portalurbano\/wp-content\/uploads\/2019\/09\/Logo-Original.png","width":2236,"height":1216,"caption":"Portal Urbano"},"image":{"@id":"https:\/\/experienciadevida.com.ar\/portalurbano\/#\/schema\/logo\/image\/"},"sameAs":["https:\/\/www.facebook.com\/Portal-Urbano-171542830093757\/","https:\/\/twitter.com\/portalurbanook","https:\/\/www.instagram.com\/_portalurbano\/","https:\/\/www.youtube.com\/channel\/UCXhagIfszH8KxFiOok79zbA?view_as=subscriber"]},{"@type":"Person","@id":"https:\/\/experienciadevida.com.ar\/portalurbano\/#\/schema\/person\/02dd326b1c4b056e9cc972486934a3a7","name":"admpu17wp","image":{"@type":"ImageObject","inLanguage":"es","@id":"https:\/\/experienciadevida.com.ar\/portalurbano\/#\/schema\/person\/image\/","url":"https:\/\/secure.gravatar.com\/avatar\/830d4c57adaae6630765e449a6908047?s=96&d=mm&r=g","contentUrl":"https:\/\/secure.gravatar.com\/avatar\/830d4c57adaae6630765e449a6908047?s=96&d=mm&r=g","caption":"admpu17wp"}}]}},"featured_image_urls":{"full":["https:\/\/experienciadevida.com.ar\/portalurbano\/wp-content\/uploads\/2020\/08\/UBALDOGARCIA.jpeg",765,536,false],"thumbnail":["https:\/\/experienciadevida.com.ar\/portalurbano\/wp-content\/uploads\/2020\/08\/UBALDOGARCIA-150x150.jpeg",150,150,true],"medium":["https:\/\/experienciadevida.com.ar\/portalurbano\/wp-content\/uploads\/2020\/08\/UBALDOGARCIA-300x210.jpeg",300,210,true],"medium_large":["https:\/\/experienciadevida.com.ar\/portalurbano\/wp-content\/uploads\/2020\/08\/UBALDOGARCIA.jpeg",640,448,false],"large":["https:\/\/experienciadevida.com.ar\/portalurbano\/wp-content\/uploads\/2020\/08\/UBALDOGARCIA.jpeg",640,448,false],"ug_big":["https:\/\/experienciadevida.com.ar\/portalurbano\/wp-content\/uploads\/2020\/08\/UBALDOGARCIA.jpeg",765,536,false],"1536x1536":["https:\/\/experienciadevida.com.ar\/portalurbano\/wp-content\/uploads\/2020\/08\/UBALDOGARCIA.jpeg",765,536,false],"2048x2048":["https:\/\/experienciadevida.com.ar\/portalurbano\/wp-content\/uploads\/2020\/08\/UBALDOGARCIA.jpeg",765,536,false],"newsever-slider-full":["https:\/\/experienciadevida.com.ar\/portalurbano\/wp-content\/uploads\/2020\/08\/UBALDOGARCIA.jpeg",765,536,false],"newsever-featured":["https:\/\/experienciadevida.com.ar\/portalurbano\/wp-content\/uploads\/2020\/08\/UBALDOGARCIA.jpeg",765,536,false],"newsever-medium":["https:\/\/experienciadevida.com.ar\/portalurbano\/wp-content\/uploads\/2020\/08\/UBALDOGARCIA.jpeg",678,475,false],"web-stories-poster-portrait":["https:\/\/experienciadevida.com.ar\/portalurbano\/wp-content\/uploads\/2020\/08\/UBALDOGARCIA.jpeg",640,448,false],"web-stories-publisher-logo":["https:\/\/experienciadevida.com.ar\/portalurbano\/wp-content\/uploads\/2020\/08\/UBALDOGARCIA.jpeg",96,67,false],"web-stories-thumbnail":["https:\/\/experienciadevida.com.ar\/portalurbano\/wp-content\/uploads\/2020\/08\/UBALDOGARCIA.jpeg",150,105,false]},"author_info":{"display_name":"admpu17wp","author_link":"https:\/\/experienciadevida.com.ar\/portalurbano\/author\/admpu17wp\/"},"category_info":"<a href=\"https:\/\/experienciadevida.com.ar\/portalurbano\/category\/ciudad\/\" rel=\"category tag\">Ciudad<\/a> <a href=\"https:\/\/experienciadevida.com.ar\/portalurbano\/category\/destacadas-2\/\" rel=\"category tag\">Destacadas 2<\/a>","tag_info":"Destacadas 2","comment_count":"0","amp_enabled":true,"_links":{"self":[{"href":"https:\/\/experienciadevida.com.ar\/portalurbano\/wp-json\/wp\/v2\/posts\/130272"}],"collection":[{"href":"https:\/\/experienciadevida.com.ar\/portalurbano\/wp-json\/wp\/v2\/posts"}],"about":[{"href":"https:\/\/experienciadevida.com.ar\/portalurbano\/wp-json\/wp\/v2\/types\/post"}],"author":[{"embeddable":true,"href":"https:\/\/experienciadevida.com.ar\/portalurbano\/wp-json\/wp\/v2\/users\/1"}],"replies":[{"embeddable":true,"href":"https:\/\/experienciadevida.com.ar\/portalurbano\/wp-json\/wp\/v2\/comments?post=130272"}],"version-history":[{"count":3,"href":"https:\/\/experienciadevida.com.ar\/portalurbano\/wp-json\/wp\/v2\/posts\/130272\/revisions"}],"predecessor-version":[{"id":130283,"href":"https:\/\/experienciadevida.com.ar\/portalurbano\/wp-json\/wp\/v2\/posts\/130272\/revisions\/130283"}],"wp:featuredmedia":[{"embeddable":true,"href":"https:\/\/experienciadevida.com.ar\/portalurbano\/wp-json\/wp\/v2\/media\/119444"}],"wp:attachment":[{"href":"https:\/\/experienciadevida.com.ar\/portalurbano\/wp-json\/wp\/v2\/media?parent=130272"}],"wp:term":[{"taxonomy":"category","embeddable":true,"href":"https:\/\/experienciadevida.com.ar\/portalurbano\/wp-json\/wp\/v2\/categories?post=130272"},{"taxonomy":"post_tag","embeddable":true,"href":"https:\/\/experienciadevida.com.ar\/portalurbano\/wp-json\/wp\/v2\/tags?post=130272"}],"curies":[{"name":"wp","href":"https:\/\/api.w.org\/{rel}","templated":true}]}}