{"id":130236,"date":"2020-12-18T10:41:05","date_gmt":"2020-12-18T13:41:05","guid":{"rendered":"https:\/\/experienciadevida.com.ar\/portalurbano\/?p=130236"},"modified":"2020-12-18T10:41:34","modified_gmt":"2020-12-18T13:41:34","slug":"eventos-lo-que-permitio-el-intendente-nos-dio-un-respiro","status":"publish","type":"post","link":"https:\/\/experienciadevida.com.ar\/portalurbano\/eventos-lo-que-permitio-el-intendente-nos-dio-un-respiro\/","title":{"rendered":"Eventos: &#8220;Lo que permiti\u00f3 el Intendente nos di\u00f3 un respiro&#8221;"},"content":{"rendered":"<p>M\u00f3nica Hernando, organizadora de eventos, habl\u00f3 con radio Olavarr\u00eda y reconoci\u00f3 que la habilitaci\u00f3n les dio un respiro, hay pocos salones de eventos habilitados al aire libre. &#8220;Aqu\u00ed el aire libre es un poco traicionero. &#8220;Pedimos hacer en lugares cerrados&#8221;.<\/p>\n<p>La provincia no respondi\u00f3 nada. En algunas ciudades lo resolvieron los propios intendentes, como Azul, Tandil y Laprida.<\/p>\n<p>Habl\u00f3 tambi\u00e9n de los dificultades para organizar eventos en esta situaci\u00f3n de pandemia, y se refiri\u00f3 tambi\u00e9n a c\u00f3mo ha golpeado la situaci\u00f3n en el sector, incluyendo los peloteros que no han vuelto a funcionar<\/p>\n<p>&#8220;Seguimos igual estamos cumpliendo 9 meses sin poder trabajar, es un sector que est\u00e1 muy complicado. Lo que nos permiti\u00f3 el Intendente son los eventos al aire libre, nos di\u00f3 un poquito de respiro, el problema es que en Olavarr\u00eda hay muy pocos salones de eventos con espacio al aire libre habilitados, porque el decreto dice que tienen que estar habilitados por la Municipalidad para hacer eventos&#8221;.<\/p>\n<p>A su vez dijo &#8220;en Olavarr\u00eda hay muy pocos salones para hacer eventos al aire libre adem\u00e1s es una ciudad que el aire libre es un poco traicionero, tenes d\u00edas re lindos y a la noche hace fr\u00edo con lo cual no podes contar mucho con el aire libre. Nosotros en la reuni\u00f3n que tuvimos con el Intendente lo que le pedimos es que nos permitiera en lugares cerrados, con una capacidad del 40% y estamos esperando la respuesta&#8221;.<\/p>\n<p>&#8220;Provincia no respondi\u00f3 nada, no somos la \u00fanica ciudad que lo estamos pidiendo, est\u00e1n casi todas las ciudades de la provincia de Buenos Aires lo est\u00e1n pidiendo salvo aquellas que los Intendentes se animaron a tomar la determinaci\u00f3n de autorizar eventos en espacios cerrados m\u00e1s all\u00e1 de lo que diga la provincia, como Azul, Tandil, Laprida, s\u00ed se pueden hacer eventos en espacios cerrados pero por una decisi\u00f3n de la Intendencia. Ezequiel nos dijo que el depend\u00eda de provincia&#8221;.<\/p>\n<p>Por otro lado mencion\u00f3 &#8220;no es tan f\u00e1cil, no es que cualquiera puede hacer un evento, ten\u00e9s que seguir teniendo la distancia de dos metros, desinfecci\u00f3n de todas las cosas que se utilizan, en el caso de un acto hab\u00eda tres micr\u00f3fonos y cada vez que alguien lo usaba hab\u00eda que desinfectarlo, las pistas, puede estar nada m\u00e1s que el grupo familiar no puede estar toda la gente junta, hay un mont\u00f3n de cosas que la gente que trabajamos en eventos ya hace bastante tiempo que las venimos estudiando y las sabemos. Por eso es importante que los eventos sean al aire libre pero en lugares habilitados, porque se supone que si est\u00e1n habilitados sabe de cumplir los protocolos&#8221;.<\/p>\n<p>&#8220;Lo m\u00e1s dif\u00edcil de todo son las personas, estamos en un momento en que todos nos relajamos demasiado y no utilizamos el barbijo, nos olvidamos de que no nos podemos abrazar, besar, y dentro de los eventos lo que m\u00e1s cuesta y nos va a costar que no podemos hacer las fiestas que hac\u00edamos antes como bailes. Hay que hacer burbujas&#8221;.<\/p>\n<p>Al finalizar expres\u00f3 &#8220;uno de los sectores tambi\u00e9n perjudicados fueron los peloteros cerraron m\u00e1s del 80% en Olavarr\u00eda, y afines que trabajaban en los eventos. Hay muchos salones cerrados&#8221;.<\/p>\n<p>Fuente: Radio Olavarr\u00eda<\/p>\n","protected":false},"excerpt":{"rendered":"<p>M\u00f3nica Hernando, organizadora de eventos, habl\u00f3 con radio Olavarr\u00eda y reconoci\u00f3 que la habilitaci\u00f3n les&#8230;<\/p>\n","protected":false},"author":1,"featured_media":123839,"comment_status":"closed","ping_status":"closed","sticky":false,"template":"","format":"standard","meta":{"content-type":""},"categories":[27,51],"tags":[],"nelio_content":{"isAutoShareEnabled":false,"autoShareEndMode":"default","automationSources":{"useContentSentences":true,"useSocialTemplates":true,"useCustomSentences":false,"customSentences":[]},"followers":[1],"suggestedReferences":[],"includedReferences":[],"efiUrl":"","efiAlt":"","highlights":[]},"yoast_head":"<!-- This site is optimized with the Yoast SEO plugin v20.7 - https:\/\/yoast.com\/wordpress\/plugins\/seo\/ -->\n<title>Eventos: &quot;Lo que permiti\u00f3 el Intendente nos di\u00f3 un respiro&quot; -<\/title>\n<meta name=\"robots\" content=\"index, follow, max-snippet:-1, max-image-preview:large, max-video-preview:-1\" \/>\n<link rel=\"canonical\" href=\"https:\/\/experienciadevida.com.ar\/portalurbano\/eventos-lo-que-permitio-el-intendente-nos-dio-un-respiro\/\" \/>\n<meta property=\"og:locale\" content=\"es_ES\" \/>\n<meta property=\"og:type\" content=\"article\" \/>\n<meta property=\"og:title\" content=\"Eventos: &quot;Lo que permiti\u00f3 el Intendente nos di\u00f3 un respiro&quot; -\" \/>\n<meta property=\"og:description\" content=\"M\u00f3nica Hernando, organizadora de eventos, habl\u00f3 con radio Olavarr\u00eda y reconoci\u00f3 que la habilitaci\u00f3n les...\" \/>\n<meta property=\"og:url\" content=\"https:\/\/experienciadevida.com.ar\/portalurbano\/eventos-lo-que-permitio-el-intendente-nos-dio-un-respiro\/\" \/>\n<meta property=\"article:publisher\" content=\"https:\/\/www.facebook.com\/Portal-Urbano-171542830093757\/\" \/>\n<meta property=\"article:published_time\" content=\"2020-12-18T13:41:05+00:00\" \/>\n<meta property=\"article:modified_time\" content=\"2020-12-18T13:41:34+00:00\" \/>\n<meta property=\"og:image\" content=\"https:\/\/experienciadevida.com.ar\/portalurbano\/wp-content\/uploads\/2020\/10\/Apseo.jpg\" \/>\n\t<meta property=\"og:image:width\" content=\"1000\" \/>\n\t<meta property=\"og:image:height\" content=\"600\" \/>\n\t<meta property=\"og:image:type\" content=\"image\/jpeg\" \/>\n<meta name=\"author\" content=\"admpu17wp\" \/>\n<meta name=\"twitter:card\" content=\"summary_large_image\" \/>\n<meta name=\"twitter:creator\" content=\"@portalurbanook\" \/>\n<meta name=\"twitter:site\" content=\"@portalurbanook\" \/>\n<meta name=\"twitter:label1\" content=\"Escrito por\" \/>\n\t<meta name=\"twitter:data1\" content=\"admpu17wp\" \/>\n\t<meta name=\"twitter:label2\" content=\"Tiempo de lectura\" \/>\n\t<meta name=\"twitter:data2\" content=\"3 minutos\" \/>\n<script type=\"application\/ld+json\" class=\"yoast-schema-graph\">{\"@context\":\"https:\/\/schema.org\",\"@graph\":[{\"@type\":\"Article\",\"@id\":\"https:\/\/experienciadevida.com.ar\/portalurbano\/eventos-lo-que-permitio-el-intendente-nos-dio-un-respiro\/#article\",\"isPartOf\":{\"@id\":\"https:\/\/experienciadevida.com.ar\/portalurbano\/eventos-lo-que-permitio-el-intendente-nos-dio-un-respiro\/\"},\"author\":{\"name\":\"admpu17wp\",\"@id\":\"https:\/\/experienciadevida.com.ar\/portalurbano\/#\/schema\/person\/02dd326b1c4b056e9cc972486934a3a7\"},\"headline\":\"Eventos: &#8220;Lo que permiti\u00f3 el Intendente nos di\u00f3 un respiro&#8221;\",\"datePublished\":\"2020-12-18T13:41:05+00:00\",\"dateModified\":\"2020-12-18T13:41:34+00:00\",\"mainEntityOfPage\":{\"@id\":\"https:\/\/experienciadevida.com.ar\/portalurbano\/eventos-lo-que-permitio-el-intendente-nos-dio-un-respiro\/\"},\"wordCount\":574,\"publisher\":{\"@id\":\"https:\/\/experienciadevida.com.ar\/portalurbano\/#organization\"},\"articleSection\":[\"Ciudad\",\"Destacadas\"],\"inLanguage\":\"es\"},{\"@type\":\"WebPage\",\"@id\":\"https:\/\/experienciadevida.com.ar\/portalurbano\/eventos-lo-que-permitio-el-intendente-nos-dio-un-respiro\/\",\"url\":\"https:\/\/experienciadevida.com.ar\/portalurbano\/eventos-lo-que-permitio-el-intendente-nos-dio-un-respiro\/\",\"name\":\"Eventos: \\\"Lo que permiti\u00f3 el Intendente nos di\u00f3 un respiro\\\" -\",\"isPartOf\":{\"@id\":\"https:\/\/experienciadevida.com.ar\/portalurbano\/#website\"},\"datePublished\":\"2020-12-18T13:41:05+00:00\",\"dateModified\":\"2020-12-18T13:41:34+00:00\",\"breadcrumb\":{\"@id\":\"https:\/\/experienciadevida.com.ar\/portalurbano\/eventos-lo-que-permitio-el-intendente-nos-dio-un-respiro\/#breadcrumb\"},\"inLanguage\":\"es\",\"potentialAction\":[{\"@type\":\"ReadAction\",\"target\":[\"https:\/\/experienciadevida.com.ar\/portalurbano\/eventos-lo-que-permitio-el-intendente-nos-dio-un-respiro\/\"]}]},{\"@type\":\"BreadcrumbList\",\"@id\":\"https:\/\/experienciadevida.com.ar\/portalurbano\/eventos-lo-que-permitio-el-intendente-nos-dio-un-respiro\/#breadcrumb\",\"itemListElement\":[{\"@type\":\"ListItem\",\"position\":1,\"name\":\"Portada\",\"item\":\"https:\/\/experienciadevida.com.ar\/portalurbano\/\"},{\"@type\":\"ListItem\",\"position\":2,\"name\":\"Eventos: \u00abLo que permiti\u00f3 el Intendente nos di\u00f3 un respiro\u00bb\"}]},{\"@type\":\"WebSite\",\"@id\":\"https:\/\/experienciadevida.com.ar\/portalurbano\/#website\",\"url\":\"https:\/\/experienciadevida.com.ar\/portalurbano\/\",\"name\":\"\",\"description\":\"\",\"publisher\":{\"@id\":\"https:\/\/experienciadevida.com.ar\/portalurbano\/#organization\"},\"potentialAction\":[{\"@type\":\"SearchAction\",\"target\":{\"@type\":\"EntryPoint\",\"urlTemplate\":\"https:\/\/experienciadevida.com.ar\/portalurbano\/?s={search_term_string}\"},\"query-input\":\"required name=search_term_string\"}],\"inLanguage\":\"es\"},{\"@type\":\"Organization\",\"@id\":\"https:\/\/experienciadevida.com.ar\/portalurbano\/#organization\",\"name\":\"Portal Urbano\",\"url\":\"https:\/\/experienciadevida.com.ar\/portalurbano\/\",\"logo\":{\"@type\":\"ImageObject\",\"inLanguage\":\"es\",\"@id\":\"https:\/\/experienciadevida.com.ar\/portalurbano\/#\/schema\/logo\/image\/\",\"url\":\"https:\/\/experienciadevida.com.ar\/portalurbano\/wp-content\/uploads\/2019\/09\/Logo-Original.png\",\"contentUrl\":\"https:\/\/experienciadevida.com.ar\/portalurbano\/wp-content\/uploads\/2019\/09\/Logo-Original.png\",\"width\":2236,\"height\":1216,\"caption\":\"Portal Urbano\"},\"image\":{\"@id\":\"https:\/\/experienciadevida.com.ar\/portalurbano\/#\/schema\/logo\/image\/\"},\"sameAs\":[\"https:\/\/www.facebook.com\/Portal-Urbano-171542830093757\/\",\"https:\/\/twitter.com\/portalurbanook\",\"https:\/\/www.instagram.com\/_portalurbano\/\",\"https:\/\/www.youtube.com\/channel\/UCXhagIfszH8KxFiOok79zbA?view_as=subscriber\"]},{\"@type\":\"Person\",\"@id\":\"https:\/\/experienciadevida.com.ar\/portalurbano\/#\/schema\/person\/02dd326b1c4b056e9cc972486934a3a7\",\"name\":\"admpu17wp\",\"image\":{\"@type\":\"ImageObject\",\"inLanguage\":\"es\",\"@id\":\"https:\/\/experienciadevida.com.ar\/portalurbano\/#\/schema\/person\/image\/\",\"url\":\"https:\/\/secure.gravatar.com\/avatar\/830d4c57adaae6630765e449a6908047?s=96&d=mm&r=g\",\"contentUrl\":\"https:\/\/secure.gravatar.com\/avatar\/830d4c57adaae6630765e449a6908047?s=96&d=mm&r=g\",\"caption\":\"admpu17wp\"}}]}<\/script>\n<!-- \/ Yoast SEO plugin. -->","yoast_head_json":{"title":"Eventos: \"Lo que permiti\u00f3 el Intendente nos di\u00f3 un respiro\" -","robots":{"index":"index","follow":"follow","max-snippet":"max-snippet:-1","max-image-preview":"max-image-preview:large","max-video-preview":"max-video-preview:-1"},"canonical":"https:\/\/experienciadevida.com.ar\/portalurbano\/eventos-lo-que-permitio-el-intendente-nos-dio-un-respiro\/","og_locale":"es_ES","og_type":"article","og_title":"Eventos: \"Lo que permiti\u00f3 el Intendente nos di\u00f3 un respiro\" -","og_description":"M\u00f3nica Hernando, organizadora de eventos, habl\u00f3 con radio Olavarr\u00eda y reconoci\u00f3 que la habilitaci\u00f3n les...","og_url":"https:\/\/experienciadevida.com.ar\/portalurbano\/eventos-lo-que-permitio-el-intendente-nos-dio-un-respiro\/","article_publisher":"https:\/\/www.facebook.com\/Portal-Urbano-171542830093757\/","article_published_time":"2020-12-18T13:41:05+00:00","article_modified_time":"2020-12-18T13:41:34+00:00","og_image":[{"width":1000,"height":600,"url":"https:\/\/experienciadevida.com.ar\/portalurbano\/wp-content\/uploads\/2020\/10\/Apseo.jpg","type":"image\/jpeg"}],"author":"admpu17wp","twitter_card":"summary_large_image","twitter_creator":"@portalurbanook","twitter_site":"@portalurbanook","twitter_misc":{"Escrito por":"admpu17wp","Tiempo de lectura":"3 minutos"},"schema":{"@context":"https:\/\/schema.org","@graph":[{"@type":"Article","@id":"https:\/\/experienciadevida.com.ar\/portalurbano\/eventos-lo-que-permitio-el-intendente-nos-dio-un-respiro\/#article","isPartOf":{"@id":"https:\/\/experienciadevida.com.ar\/portalurbano\/eventos-lo-que-permitio-el-intendente-nos-dio-un-respiro\/"},"author":{"name":"admpu17wp","@id":"https:\/\/experienciadevida.com.ar\/portalurbano\/#\/schema\/person\/02dd326b1c4b056e9cc972486934a3a7"},"headline":"Eventos: &#8220;Lo que permiti\u00f3 el Intendente nos di\u00f3 un respiro&#8221;","datePublished":"2020-12-18T13:41:05+00:00","dateModified":"2020-12-18T13:41:34+00:00","mainEntityOfPage":{"@id":"https:\/\/experienciadevida.com.ar\/portalurbano\/eventos-lo-que-permitio-el-intendente-nos-dio-un-respiro\/"},"wordCount":574,"publisher":{"@id":"https:\/\/experienciadevida.com.ar\/portalurbano\/#organization"},"articleSection":["Ciudad","Destacadas"],"inLanguage":"es"},{"@type":"WebPage","@id":"https:\/\/experienciadevida.com.ar\/portalurbano\/eventos-lo-que-permitio-el-intendente-nos-dio-un-respiro\/","url":"https:\/\/experienciadevida.com.ar\/portalurbano\/eventos-lo-que-permitio-el-intendente-nos-dio-un-respiro\/","name":"Eventos: \"Lo que permiti\u00f3 el Intendente nos di\u00f3 un respiro\" -","isPartOf":{"@id":"https:\/\/experienciadevida.com.ar\/portalurbano\/#website"},"datePublished":"2020-12-18T13:41:05+00:00","dateModified":"2020-12-18T13:41:34+00:00","breadcrumb":{"@id":"https:\/\/experienciadevida.com.ar\/portalurbano\/eventos-lo-que-permitio-el-intendente-nos-dio-un-respiro\/#breadcrumb"},"inLanguage":"es","potentialAction":[{"@type":"ReadAction","target":["https:\/\/experienciadevida.com.ar\/portalurbano\/eventos-lo-que-permitio-el-intendente-nos-dio-un-respiro\/"]}]},{"@type":"BreadcrumbList","@id":"https:\/\/experienciadevida.com.ar\/portalurbano\/eventos-lo-que-permitio-el-intendente-nos-dio-un-respiro\/#breadcrumb","itemListElement":[{"@type":"ListItem","position":1,"name":"Portada","item":"https:\/\/experienciadevida.com.ar\/portalurbano\/"},{"@type":"ListItem","position":2,"name":"Eventos: \u00abLo que permiti\u00f3 el Intendente nos di\u00f3 un respiro\u00bb"}]},{"@type":"WebSite","@id":"https:\/\/experienciadevida.com.ar\/portalurbano\/#website","url":"https:\/\/experienciadevida.com.ar\/portalurbano\/","name":"","description":"","publisher":{"@id":"https:\/\/experienciadevida.com.ar\/portalurbano\/#organization"},"potentialAction":[{"@type":"SearchAction","target":{"@type":"EntryPoint","urlTemplate":"https:\/\/experienciadevida.com.ar\/portalurbano\/?s={search_term_string}"},"query-input":"required name=search_term_string"}],"inLanguage":"es"},{"@type":"Organization","@id":"https:\/\/experienciadevida.com.ar\/portalurbano\/#organization","name":"Portal Urbano","url":"https:\/\/experienciadevida.com.ar\/portalurbano\/","logo":{"@type":"ImageObject","inLanguage":"es","@id":"https:\/\/experienciadevida.com.ar\/portalurbano\/#\/schema\/logo\/image\/","url":"https:\/\/experienciadevida.com.ar\/portalurbano\/wp-content\/uploads\/2019\/09\/Logo-Original.png","contentUrl":"https:\/\/experienciadevida.com.ar\/portalurbano\/wp-content\/uploads\/2019\/09\/Logo-Original.png","width":2236,"height":1216,"caption":"Portal Urbano"},"image":{"@id":"https:\/\/experienciadevida.com.ar\/portalurbano\/#\/schema\/logo\/image\/"},"sameAs":["https:\/\/www.facebook.com\/Portal-Urbano-171542830093757\/","https:\/\/twitter.com\/portalurbanook","https:\/\/www.instagram.com\/_portalurbano\/","https:\/\/www.youtube.com\/channel\/UCXhagIfszH8KxFiOok79zbA?view_as=subscriber"]},{"@type":"Person","@id":"https:\/\/experienciadevida.com.ar\/portalurbano\/#\/schema\/person\/02dd326b1c4b056e9cc972486934a3a7","name":"admpu17wp","image":{"@type":"ImageObject","inLanguage":"es","@id":"https:\/\/experienciadevida.com.ar\/portalurbano\/#\/schema\/person\/image\/","url":"https:\/\/secure.gravatar.com\/avatar\/830d4c57adaae6630765e449a6908047?s=96&d=mm&r=g","contentUrl":"https:\/\/secure.gravatar.com\/avatar\/830d4c57adaae6630765e449a6908047?s=96&d=mm&r=g","caption":"admpu17wp"}}]}},"featured_image_urls":{"full":["https:\/\/experienciadevida.com.ar\/portalurbano\/wp-content\/uploads\/2020\/10\/Apseo.jpg",1000,600,false],"thumbnail":["https:\/\/experienciadevida.com.ar\/portalurbano\/wp-content\/uploads\/2020\/10\/Apseo-150x150.jpg",150,150,true],"medium":["https:\/\/experienciadevida.com.ar\/portalurbano\/wp-content\/uploads\/2020\/10\/Apseo-300x180.jpg",300,180,true],"medium_large":["https:\/\/experienciadevida.com.ar\/portalurbano\/wp-content\/uploads\/2020\/10\/Apseo-768x461.jpg",640,384,true],"large":["https:\/\/experienciadevida.com.ar\/portalurbano\/wp-content\/uploads\/2020\/10\/Apseo.jpg",640,384,false],"ug_big":["https:\/\/experienciadevida.com.ar\/portalurbano\/wp-content\/uploads\/2020\/10\/Apseo-768x461.jpg",768,461,true],"1536x1536":["https:\/\/experienciadevida.com.ar\/portalurbano\/wp-content\/uploads\/2020\/10\/Apseo.jpg",1000,600,false],"2048x2048":["https:\/\/experienciadevida.com.ar\/portalurbano\/wp-content\/uploads\/2020\/10\/Apseo.jpg",1000,600,false],"newsever-slider-full":["https:\/\/experienciadevida.com.ar\/portalurbano\/wp-content\/uploads\/2020\/10\/Apseo.jpg",1000,600,false],"newsever-featured":["https:\/\/experienciadevida.com.ar\/portalurbano\/wp-content\/uploads\/2020\/10\/Apseo.jpg",1000,600,false],"newsever-medium":["https:\/\/experienciadevida.com.ar\/portalurbano\/wp-content\/uploads\/2020\/10\/Apseo.jpg",720,432,false],"web-stories-poster-portrait":["https:\/\/experienciadevida.com.ar\/portalurbano\/wp-content\/uploads\/2020\/10\/Apseo.jpg",640,384,false],"web-stories-publisher-logo":["https:\/\/experienciadevida.com.ar\/portalurbano\/wp-content\/uploads\/2020\/10\/Apseo.jpg",96,58,false],"web-stories-thumbnail":["https:\/\/experienciadevida.com.ar\/portalurbano\/wp-content\/uploads\/2020\/10\/Apseo.jpg",150,90,false]},"author_info":{"display_name":"admpu17wp","author_link":"https:\/\/experienciadevida.com.ar\/portalurbano\/author\/admpu17wp\/"},"category_info":"<a href=\"https:\/\/experienciadevida.com.ar\/portalurbano\/category\/ciudad\/\" rel=\"category tag\">Ciudad<\/a> <a href=\"https:\/\/experienciadevida.com.ar\/portalurbano\/category\/destacadas\/\" rel=\"category tag\">Destacadas<\/a>","tag_info":"Destacadas","comment_count":"0","amp_enabled":true,"_links":{"self":[{"href":"https:\/\/experienciadevida.com.ar\/portalurbano\/wp-json\/wp\/v2\/posts\/130236"}],"collection":[{"href":"https:\/\/experienciadevida.com.ar\/portalurbano\/wp-json\/wp\/v2\/posts"}],"about":[{"href":"https:\/\/experienciadevida.com.ar\/portalurbano\/wp-json\/wp\/v2\/types\/post"}],"author":[{"embeddable":true,"href":"https:\/\/experienciadevida.com.ar\/portalurbano\/wp-json\/wp\/v2\/users\/1"}],"replies":[{"embeddable":true,"href":"https:\/\/experienciadevida.com.ar\/portalurbano\/wp-json\/wp\/v2\/comments?post=130236"}],"version-history":[{"count":1,"href":"https:\/\/experienciadevida.com.ar\/portalurbano\/wp-json\/wp\/v2\/posts\/130236\/revisions"}],"predecessor-version":[{"id":130237,"href":"https:\/\/experienciadevida.com.ar\/portalurbano\/wp-json\/wp\/v2\/posts\/130236\/revisions\/130237"}],"wp:featuredmedia":[{"embeddable":true,"href":"https:\/\/experienciadevida.com.ar\/portalurbano\/wp-json\/wp\/v2\/media\/123839"}],"wp:attachment":[{"href":"https:\/\/experienciadevida.com.ar\/portalurbano\/wp-json\/wp\/v2\/media?parent=130236"}],"wp:term":[{"taxonomy":"category","embeddable":true,"href":"https:\/\/experienciadevida.com.ar\/portalurbano\/wp-json\/wp\/v2\/categories?post=130236"},{"taxonomy":"post_tag","embeddable":true,"href":"https:\/\/experienciadevida.com.ar\/portalurbano\/wp-json\/wp\/v2\/tags?post=130236"}],"curies":[{"name":"wp","href":"https:\/\/api.w.org\/{rel}","templated":true}]}}