{"id":130181,"date":"2020-12-17T16:22:48","date_gmt":"2020-12-17T19:22:48","guid":{"rendered":"https:\/\/experienciadevida.com.ar\/portalurbano\/?p=130181"},"modified":"2020-12-17T16:25:39","modified_gmt":"2020-12-17T19:25:39","slug":"realizaron-cinco-allanamientos-por-causas-que-involucran-a-la-banda-de-los-encapuchados","status":"publish","type":"post","link":"https:\/\/experienciadevida.com.ar\/portalurbano\/realizaron-cinco-allanamientos-por-causas-que-involucran-a-la-banda-de-los-encapuchados\/","title":{"rendered":"Realizaron cinco allanamientos por causas que involucran a la &#8220;banda de los encapuchados&#8221;"},"content":{"rendered":"<p>En la jornada\u00a0 de este jueves, el personal de la DDI local realiz\u00f3 allanamientos, requisa y secuestro en cinco domicilios de la planta urbana de Olavarr\u00eda, en el marco de varias causas.<\/p>\n<p>Las mismas se enmarcan en &#8220;robo agravado y privaci\u00f3n ileg\u00edtima de la libertad&#8221; que tiene como autores a la denominada &#8220;banda de los encapuchados&#8221; y cuyo esclarecimiento tuvo a ra\u00edz de distintas tareas de investigaci\u00f3n realizadas por la dependencia local mencionada.<\/p>\n<p>Dicha demanda judicial fue otorgada por el Sr. Jueza de Garant\u00edas N\u00b0 01 Dra. Fabiana San Rom\u00e1n y bajo la \u00f3rbita investigativa de la Dra. Paula Serrano Titular de la UFI N\u00b0 04 del Dpto. Jud. Azul sede Olavarr\u00eda.<\/p>\n<p>Sobre los allanamientos realizados, los mismos resultan de una larga tarea investigativa llevada a cabo por la SUB DDI Olavarr\u00eda, bajo estrictas directivas por parte de la Agente Fiscal a cargo de las causas, Dra. Mar\u00eda Paula Serrano &#8211; la cual se hallaba investigando a la denominada \u201cBanda de las encapuchados\u201d- que permiti\u00f3 el otorgamiento de dichas diligencias judiciales arrojando como resultado el secuestro de Ocho (08) armas de fuego de distinto calibre y m\u00e1s de noventa (90) municiones de distinto calibre.<\/p>\n<p>En los cinco domicilios allanados se incautaron numerosas plantas de marihuana inici\u00e1ndose en consecuencia actuaciones por\u00a0 &#8220;tenencia simple de estupefacientes&#8221; con intervenci\u00f3n del Dr. Lucas Moyano a cargo de la UFI 19 de Olavarr\u00eda.<\/p>\n<p>Sobre la &#8220;banda de los encapuchados&#8221; cabe recordar que la misma operaba en zonas de quintas, o en las afueras de localidades del partido de Olavarr\u00eda, utilizando en su beneficio el amparo de la oscuridad, y el conocimiento de las zonas semi-rurales existentes para huir\u00a0 en autom\u00f3viles, motos, bicicletas, a pie y hasta en caballos. Ingresaban a las viviendas por la fuerza o aprovechando una oportunidad cuando sal\u00eda alg\u00fan morador, los reduc\u00edan a punta de arma, los ataban y les tapaban la cabeza con mantas y les desprove\u00edan de sus tel\u00e9fonos celulares, y dinero en efectivo, en ocasiones sol\u00edan consumir bebida y alimento de la viviendas perpetradas.<\/p>\n<p>Sobre la modalidad delictual tiene como punto de partida el d\u00eda 23 de Diciembre del 2019 extendi\u00e9ndose hasta mediados de 2020, d\u00e1ndose fin a los mismos a partir de los sucesivos allanamientos realizados en este a\u00f1o donde se secuestraron tel\u00e9fonos, prendas de vestir y numerosas armas de fuego utilizadas para cometer los mismos.<\/p>\n<p>Los integrantes de esta banda se hallan investigados en m\u00e1s de 10 causas bajo la misma modalidad.<\/p>\n<p><a href=\"https:\/\/experienciadevida.com.ar\/portalurbano\/realizaron-cinco-allanamientos-por-causas-que-involucran-a-la-banda-de-los-encapuchados\/allanamiento1-37\/\" rel=\"attachment wp-att-130184\"><img decoding=\"async\" class=\"alignnone size-full wp-image-130184\" src=\"https:\/\/experienciadevida.com.ar\/portalurbano\/wp-content\/uploads\/2020\/12\/Allanamiento1.jpg\" alt=\"\" width=\"720\" height=\"957\" srcset=\"https:\/\/experienciadevida.com.ar\/portalurbano\/wp-content\/uploads\/2020\/12\/Allanamiento1.jpg 720w, https:\/\/experienciadevida.com.ar\/portalurbano\/wp-content\/uploads\/2020\/12\/Allanamiento1-226x300.jpg 226w, https:\/\/experienciadevida.com.ar\/portalurbano\/wp-content\/uploads\/2020\/12\/Allanamiento1-578x768.jpg 578w\" sizes=\"(max-width: 720px) 100vw, 720px\" \/><\/a><\/p>\n","protected":false},"excerpt":{"rendered":"<p>En la jornada\u00a0 de este jueves, el personal de la DDI local realiz\u00f3 allanamientos, requisa&#8230;<\/p>\n","protected":false},"author":1,"featured_media":130183,"comment_status":"closed","ping_status":"closed","sticky":false,"template":"","format":"standard","meta":{"content-type":""},"categories":[51,40],"tags":[],"nelio_content":{"isAutoShareEnabled":false,"autoShareEndMode":"default","automationSources":{"useContentSentences":true,"useSocialTemplates":true,"useCustomSentences":false,"customSentences":[]},"followers":[1],"suggestedReferences":[],"includedReferences":[],"efiUrl":"","efiAlt":"","highlights":[]},"yoast_head":"<!-- This site is optimized with the Yoast SEO plugin v20.7 - https:\/\/yoast.com\/wordpress\/plugins\/seo\/ -->\n<title>Realizaron cinco allanamientos por causas que involucran a la &quot;banda de los encapuchados&quot; -<\/title>\n<meta name=\"robots\" content=\"index, follow, max-snippet:-1, max-image-preview:large, max-video-preview:-1\" \/>\n<link rel=\"canonical\" href=\"https:\/\/experienciadevida.com.ar\/portalurbano\/realizaron-cinco-allanamientos-por-causas-que-involucran-a-la-banda-de-los-encapuchados\/\" \/>\n<meta property=\"og:locale\" content=\"es_ES\" \/>\n<meta property=\"og:type\" content=\"article\" \/>\n<meta property=\"og:title\" content=\"Realizaron cinco allanamientos por causas que involucran a la &quot;banda de los encapuchados&quot; -\" \/>\n<meta property=\"og:description\" content=\"En la jornada\u00a0 de este jueves, el personal de la DDI local realiz\u00f3 allanamientos, requisa...\" \/>\n<meta property=\"og:url\" content=\"https:\/\/experienciadevida.com.ar\/portalurbano\/realizaron-cinco-allanamientos-por-causas-que-involucran-a-la-banda-de-los-encapuchados\/\" \/>\n<meta property=\"article:publisher\" content=\"https:\/\/www.facebook.com\/Portal-Urbano-171542830093757\/\" \/>\n<meta property=\"article:published_time\" content=\"2020-12-17T19:22:48+00:00\" \/>\n<meta property=\"article:modified_time\" content=\"2020-12-17T19:25:39+00:00\" \/>\n<meta property=\"og:image\" content=\"https:\/\/experienciadevida.com.ar\/portalurbano\/wp-content\/uploads\/2020\/12\/Allanamiento-1.jpg\" \/>\n\t<meta property=\"og:image:width\" content=\"720\" \/>\n\t<meta property=\"og:image:height\" content=\"480\" \/>\n\t<meta property=\"og:image:type\" content=\"image\/jpeg\" \/>\n<meta name=\"author\" content=\"admpu17wp\" \/>\n<meta name=\"twitter:card\" content=\"summary_large_image\" \/>\n<meta name=\"twitter:creator\" content=\"@portalurbanook\" \/>\n<meta name=\"twitter:site\" content=\"@portalurbanook\" \/>\n<meta name=\"twitter:label1\" content=\"Escrito por\" \/>\n\t<meta name=\"twitter:data1\" content=\"admpu17wp\" \/>\n\t<meta name=\"twitter:label2\" content=\"Tiempo de lectura\" \/>\n\t<meta name=\"twitter:data2\" content=\"2 minutos\" \/>\n<script type=\"application\/ld+json\" class=\"yoast-schema-graph\">{\"@context\":\"https:\/\/schema.org\",\"@graph\":[{\"@type\":\"Article\",\"@id\":\"https:\/\/experienciadevida.com.ar\/portalurbano\/realizaron-cinco-allanamientos-por-causas-que-involucran-a-la-banda-de-los-encapuchados\/#article\",\"isPartOf\":{\"@id\":\"https:\/\/experienciadevida.com.ar\/portalurbano\/realizaron-cinco-allanamientos-por-causas-que-involucran-a-la-banda-de-los-encapuchados\/\"},\"author\":{\"name\":\"admpu17wp\",\"@id\":\"https:\/\/experienciadevida.com.ar\/portalurbano\/#\/schema\/person\/02dd326b1c4b056e9cc972486934a3a7\"},\"headline\":\"Realizaron cinco allanamientos por causas que involucran a la &#8220;banda de los encapuchados&#8221;\",\"datePublished\":\"2020-12-17T19:22:48+00:00\",\"dateModified\":\"2020-12-17T19:25:39+00:00\",\"mainEntityOfPage\":{\"@id\":\"https:\/\/experienciadevida.com.ar\/portalurbano\/realizaron-cinco-allanamientos-por-causas-que-involucran-a-la-banda-de-los-encapuchados\/\"},\"wordCount\":438,\"publisher\":{\"@id\":\"https:\/\/experienciadevida.com.ar\/portalurbano\/#organization\"},\"articleSection\":[\"Destacadas\",\"Policiales\"],\"inLanguage\":\"es\"},{\"@type\":\"WebPage\",\"@id\":\"https:\/\/experienciadevida.com.ar\/portalurbano\/realizaron-cinco-allanamientos-por-causas-que-involucran-a-la-banda-de-los-encapuchados\/\",\"url\":\"https:\/\/experienciadevida.com.ar\/portalurbano\/realizaron-cinco-allanamientos-por-causas-que-involucran-a-la-banda-de-los-encapuchados\/\",\"name\":\"Realizaron cinco allanamientos por causas que involucran a la \\\"banda de los encapuchados\\\" -\",\"isPartOf\":{\"@id\":\"https:\/\/experienciadevida.com.ar\/portalurbano\/#website\"},\"datePublished\":\"2020-12-17T19:22:48+00:00\",\"dateModified\":\"2020-12-17T19:25:39+00:00\",\"breadcrumb\":{\"@id\":\"https:\/\/experienciadevida.com.ar\/portalurbano\/realizaron-cinco-allanamientos-por-causas-que-involucran-a-la-banda-de-los-encapuchados\/#breadcrumb\"},\"inLanguage\":\"es\",\"potentialAction\":[{\"@type\":\"ReadAction\",\"target\":[\"https:\/\/experienciadevida.com.ar\/portalurbano\/realizaron-cinco-allanamientos-por-causas-que-involucran-a-la-banda-de-los-encapuchados\/\"]}]},{\"@type\":\"BreadcrumbList\",\"@id\":\"https:\/\/experienciadevida.com.ar\/portalurbano\/realizaron-cinco-allanamientos-por-causas-que-involucran-a-la-banda-de-los-encapuchados\/#breadcrumb\",\"itemListElement\":[{\"@type\":\"ListItem\",\"position\":1,\"name\":\"Portada\",\"item\":\"https:\/\/experienciadevida.com.ar\/portalurbano\/\"},{\"@type\":\"ListItem\",\"position\":2,\"name\":\"Realizaron cinco allanamientos por causas que involucran a la \u00abbanda de los encapuchados\u00bb\"}]},{\"@type\":\"WebSite\",\"@id\":\"https:\/\/experienciadevida.com.ar\/portalurbano\/#website\",\"url\":\"https:\/\/experienciadevida.com.ar\/portalurbano\/\",\"name\":\"\",\"description\":\"\",\"publisher\":{\"@id\":\"https:\/\/experienciadevida.com.ar\/portalurbano\/#organization\"},\"potentialAction\":[{\"@type\":\"SearchAction\",\"target\":{\"@type\":\"EntryPoint\",\"urlTemplate\":\"https:\/\/experienciadevida.com.ar\/portalurbano\/?s={search_term_string}\"},\"query-input\":\"required name=search_term_string\"}],\"inLanguage\":\"es\"},{\"@type\":\"Organization\",\"@id\":\"https:\/\/experienciadevida.com.ar\/portalurbano\/#organization\",\"name\":\"Portal Urbano\",\"url\":\"https:\/\/experienciadevida.com.ar\/portalurbano\/\",\"logo\":{\"@type\":\"ImageObject\",\"inLanguage\":\"es\",\"@id\":\"https:\/\/experienciadevida.com.ar\/portalurbano\/#\/schema\/logo\/image\/\",\"url\":\"https:\/\/experienciadevida.com.ar\/portalurbano\/wp-content\/uploads\/2019\/09\/Logo-Original.png\",\"contentUrl\":\"https:\/\/experienciadevida.com.ar\/portalurbano\/wp-content\/uploads\/2019\/09\/Logo-Original.png\",\"width\":2236,\"height\":1216,\"caption\":\"Portal Urbano\"},\"image\":{\"@id\":\"https:\/\/experienciadevida.com.ar\/portalurbano\/#\/schema\/logo\/image\/\"},\"sameAs\":[\"https:\/\/www.facebook.com\/Portal-Urbano-171542830093757\/\",\"https:\/\/twitter.com\/portalurbanook\",\"https:\/\/www.instagram.com\/_portalurbano\/\",\"https:\/\/www.youtube.com\/channel\/UCXhagIfszH8KxFiOok79zbA?view_as=subscriber\"]},{\"@type\":\"Person\",\"@id\":\"https:\/\/experienciadevida.com.ar\/portalurbano\/#\/schema\/person\/02dd326b1c4b056e9cc972486934a3a7\",\"name\":\"admpu17wp\",\"image\":{\"@type\":\"ImageObject\",\"inLanguage\":\"es\",\"@id\":\"https:\/\/experienciadevida.com.ar\/portalurbano\/#\/schema\/person\/image\/\",\"url\":\"https:\/\/secure.gravatar.com\/avatar\/830d4c57adaae6630765e449a6908047?s=96&d=mm&r=g\",\"contentUrl\":\"https:\/\/secure.gravatar.com\/avatar\/830d4c57adaae6630765e449a6908047?s=96&d=mm&r=g\",\"caption\":\"admpu17wp\"}}]}<\/script>\n<!-- \/ Yoast SEO plugin. -->","yoast_head_json":{"title":"Realizaron cinco allanamientos por causas que involucran a la \"banda de los encapuchados\" -","robots":{"index":"index","follow":"follow","max-snippet":"max-snippet:-1","max-image-preview":"max-image-preview:large","max-video-preview":"max-video-preview:-1"},"canonical":"https:\/\/experienciadevida.com.ar\/portalurbano\/realizaron-cinco-allanamientos-por-causas-que-involucran-a-la-banda-de-los-encapuchados\/","og_locale":"es_ES","og_type":"article","og_title":"Realizaron cinco allanamientos por causas que involucran a la \"banda de los encapuchados\" -","og_description":"En la jornada\u00a0 de este jueves, el personal de la DDI local realiz\u00f3 allanamientos, requisa...","og_url":"https:\/\/experienciadevida.com.ar\/portalurbano\/realizaron-cinco-allanamientos-por-causas-que-involucran-a-la-banda-de-los-encapuchados\/","article_publisher":"https:\/\/www.facebook.com\/Portal-Urbano-171542830093757\/","article_published_time":"2020-12-17T19:22:48+00:00","article_modified_time":"2020-12-17T19:25:39+00:00","og_image":[{"width":720,"height":480,"url":"https:\/\/experienciadevida.com.ar\/portalurbano\/wp-content\/uploads\/2020\/12\/Allanamiento-1.jpg","type":"image\/jpeg"}],"author":"admpu17wp","twitter_card":"summary_large_image","twitter_creator":"@portalurbanook","twitter_site":"@portalurbanook","twitter_misc":{"Escrito por":"admpu17wp","Tiempo de lectura":"2 minutos"},"schema":{"@context":"https:\/\/schema.org","@graph":[{"@type":"Article","@id":"https:\/\/experienciadevida.com.ar\/portalurbano\/realizaron-cinco-allanamientos-por-causas-que-involucran-a-la-banda-de-los-encapuchados\/#article","isPartOf":{"@id":"https:\/\/experienciadevida.com.ar\/portalurbano\/realizaron-cinco-allanamientos-por-causas-que-involucran-a-la-banda-de-los-encapuchados\/"},"author":{"name":"admpu17wp","@id":"https:\/\/experienciadevida.com.ar\/portalurbano\/#\/schema\/person\/02dd326b1c4b056e9cc972486934a3a7"},"headline":"Realizaron cinco allanamientos por causas que involucran a la &#8220;banda de los encapuchados&#8221;","datePublished":"2020-12-17T19:22:48+00:00","dateModified":"2020-12-17T19:25:39+00:00","mainEntityOfPage":{"@id":"https:\/\/experienciadevida.com.ar\/portalurbano\/realizaron-cinco-allanamientos-por-causas-que-involucran-a-la-banda-de-los-encapuchados\/"},"wordCount":438,"publisher":{"@id":"https:\/\/experienciadevida.com.ar\/portalurbano\/#organization"},"articleSection":["Destacadas","Policiales"],"inLanguage":"es"},{"@type":"WebPage","@id":"https:\/\/experienciadevida.com.ar\/portalurbano\/realizaron-cinco-allanamientos-por-causas-que-involucran-a-la-banda-de-los-encapuchados\/","url":"https:\/\/experienciadevida.com.ar\/portalurbano\/realizaron-cinco-allanamientos-por-causas-que-involucran-a-la-banda-de-los-encapuchados\/","name":"Realizaron cinco allanamientos por causas que involucran a la \"banda de los encapuchados\" -","isPartOf":{"@id":"https:\/\/experienciadevida.com.ar\/portalurbano\/#website"},"datePublished":"2020-12-17T19:22:48+00:00","dateModified":"2020-12-17T19:25:39+00:00","breadcrumb":{"@id":"https:\/\/experienciadevida.com.ar\/portalurbano\/realizaron-cinco-allanamientos-por-causas-que-involucran-a-la-banda-de-los-encapuchados\/#breadcrumb"},"inLanguage":"es","potentialAction":[{"@type":"ReadAction","target":["https:\/\/experienciadevida.com.ar\/portalurbano\/realizaron-cinco-allanamientos-por-causas-que-involucran-a-la-banda-de-los-encapuchados\/"]}]},{"@type":"BreadcrumbList","@id":"https:\/\/experienciadevida.com.ar\/portalurbano\/realizaron-cinco-allanamientos-por-causas-que-involucran-a-la-banda-de-los-encapuchados\/#breadcrumb","itemListElement":[{"@type":"ListItem","position":1,"name":"Portada","item":"https:\/\/experienciadevida.com.ar\/portalurbano\/"},{"@type":"ListItem","position":2,"name":"Realizaron cinco allanamientos por causas que involucran a la \u00abbanda de los encapuchados\u00bb"}]},{"@type":"WebSite","@id":"https:\/\/experienciadevida.com.ar\/portalurbano\/#website","url":"https:\/\/experienciadevida.com.ar\/portalurbano\/","name":"","description":"","publisher":{"@id":"https:\/\/experienciadevida.com.ar\/portalurbano\/#organization"},"potentialAction":[{"@type":"SearchAction","target":{"@type":"EntryPoint","urlTemplate":"https:\/\/experienciadevida.com.ar\/portalurbano\/?s={search_term_string}"},"query-input":"required name=search_term_string"}],"inLanguage":"es"},{"@type":"Organization","@id":"https:\/\/experienciadevida.com.ar\/portalurbano\/#organization","name":"Portal Urbano","url":"https:\/\/experienciadevida.com.ar\/portalurbano\/","logo":{"@type":"ImageObject","inLanguage":"es","@id":"https:\/\/experienciadevida.com.ar\/portalurbano\/#\/schema\/logo\/image\/","url":"https:\/\/experienciadevida.com.ar\/portalurbano\/wp-content\/uploads\/2019\/09\/Logo-Original.png","contentUrl":"https:\/\/experienciadevida.com.ar\/portalurbano\/wp-content\/uploads\/2019\/09\/Logo-Original.png","width":2236,"height":1216,"caption":"Portal Urbano"},"image":{"@id":"https:\/\/experienciadevida.com.ar\/portalurbano\/#\/schema\/logo\/image\/"},"sameAs":["https:\/\/www.facebook.com\/Portal-Urbano-171542830093757\/","https:\/\/twitter.com\/portalurbanook","https:\/\/www.instagram.com\/_portalurbano\/","https:\/\/www.youtube.com\/channel\/UCXhagIfszH8KxFiOok79zbA?view_as=subscriber"]},{"@type":"Person","@id":"https:\/\/experienciadevida.com.ar\/portalurbano\/#\/schema\/person\/02dd326b1c4b056e9cc972486934a3a7","name":"admpu17wp","image":{"@type":"ImageObject","inLanguage":"es","@id":"https:\/\/experienciadevida.com.ar\/portalurbano\/#\/schema\/person\/image\/","url":"https:\/\/secure.gravatar.com\/avatar\/830d4c57adaae6630765e449a6908047?s=96&d=mm&r=g","contentUrl":"https:\/\/secure.gravatar.com\/avatar\/830d4c57adaae6630765e449a6908047?s=96&d=mm&r=g","caption":"admpu17wp"}}]}},"featured_image_urls":{"full":["https:\/\/experienciadevida.com.ar\/portalurbano\/wp-content\/uploads\/2020\/12\/Allanamiento-1.jpg",720,480,false],"thumbnail":["https:\/\/experienciadevida.com.ar\/portalurbano\/wp-content\/uploads\/2020\/12\/Allanamiento-1-150x150.jpg",150,150,true],"medium":["https:\/\/experienciadevida.com.ar\/portalurbano\/wp-content\/uploads\/2020\/12\/Allanamiento-1-300x200.jpg",300,200,true],"medium_large":["https:\/\/experienciadevida.com.ar\/portalurbano\/wp-content\/uploads\/2020\/12\/Allanamiento-1.jpg",640,427,false],"large":["https:\/\/experienciadevida.com.ar\/portalurbano\/wp-content\/uploads\/2020\/12\/Allanamiento-1.jpg",640,427,false],"ug_big":["https:\/\/experienciadevida.com.ar\/portalurbano\/wp-content\/uploads\/2020\/12\/Allanamiento-1.jpg",720,480,false],"1536x1536":["https:\/\/experienciadevida.com.ar\/portalurbano\/wp-content\/uploads\/2020\/12\/Allanamiento-1.jpg",720,480,false],"2048x2048":["https:\/\/experienciadevida.com.ar\/portalurbano\/wp-content\/uploads\/2020\/12\/Allanamiento-1.jpg",720,480,false],"newsever-slider-full":["https:\/\/experienciadevida.com.ar\/portalurbano\/wp-content\/uploads\/2020\/12\/Allanamiento-1.jpg",720,480,false],"newsever-featured":["https:\/\/experienciadevida.com.ar\/portalurbano\/wp-content\/uploads\/2020\/12\/Allanamiento-1.jpg",720,480,false],"newsever-medium":["https:\/\/experienciadevida.com.ar\/portalurbano\/wp-content\/uploads\/2020\/12\/Allanamiento-1.jpg",713,475,false],"web-stories-poster-portrait":["https:\/\/experienciadevida.com.ar\/portalurbano\/wp-content\/uploads\/2020\/12\/Allanamiento-1.jpg",640,427,false],"web-stories-publisher-logo":["https:\/\/experienciadevida.com.ar\/portalurbano\/wp-content\/uploads\/2020\/12\/Allanamiento-1.jpg",96,64,false],"web-stories-thumbnail":["https:\/\/experienciadevida.com.ar\/portalurbano\/wp-content\/uploads\/2020\/12\/Allanamiento-1.jpg",150,100,false]},"author_info":{"display_name":"admpu17wp","author_link":"https:\/\/experienciadevida.com.ar\/portalurbano\/author\/admpu17wp\/"},"category_info":"<a href=\"https:\/\/experienciadevida.com.ar\/portalurbano\/category\/destacadas\/\" rel=\"category tag\">Destacadas<\/a> <a href=\"https:\/\/experienciadevida.com.ar\/portalurbano\/category\/policiales\/\" rel=\"category tag\">Policiales<\/a>","tag_info":"Policiales","comment_count":"0","amp_enabled":true,"_links":{"self":[{"href":"https:\/\/experienciadevida.com.ar\/portalurbano\/wp-json\/wp\/v2\/posts\/130181"}],"collection":[{"href":"https:\/\/experienciadevida.com.ar\/portalurbano\/wp-json\/wp\/v2\/posts"}],"about":[{"href":"https:\/\/experienciadevida.com.ar\/portalurbano\/wp-json\/wp\/v2\/types\/post"}],"author":[{"embeddable":true,"href":"https:\/\/experienciadevida.com.ar\/portalurbano\/wp-json\/wp\/v2\/users\/1"}],"replies":[{"embeddable":true,"href":"https:\/\/experienciadevida.com.ar\/portalurbano\/wp-json\/wp\/v2\/comments?post=130181"}],"version-history":[{"count":5,"href":"https:\/\/experienciadevida.com.ar\/portalurbano\/wp-json\/wp\/v2\/posts\/130181\/revisions"}],"predecessor-version":[{"id":130188,"href":"https:\/\/experienciadevida.com.ar\/portalurbano\/wp-json\/wp\/v2\/posts\/130181\/revisions\/130188"}],"wp:featuredmedia":[{"embeddable":true,"href":"https:\/\/experienciadevida.com.ar\/portalurbano\/wp-json\/wp\/v2\/media\/130183"}],"wp:attachment":[{"href":"https:\/\/experienciadevida.com.ar\/portalurbano\/wp-json\/wp\/v2\/media?parent=130181"}],"wp:term":[{"taxonomy":"category","embeddable":true,"href":"https:\/\/experienciadevida.com.ar\/portalurbano\/wp-json\/wp\/v2\/categories?post=130181"},{"taxonomy":"post_tag","embeddable":true,"href":"https:\/\/experienciadevida.com.ar\/portalurbano\/wp-json\/wp\/v2\/tags?post=130181"}],"curies":[{"name":"wp","href":"https:\/\/api.w.org\/{rel}","templated":true}]}}