{"id":130053,"date":"2020-12-16T17:06:08","date_gmt":"2020-12-16T20:06:08","guid":{"rendered":"https:\/\/experienciadevida.com.ar\/portalurbano\/?p=130053"},"modified":"2020-12-16T17:13:08","modified_gmt":"2020-12-16T20:13:08","slug":"barrio-uocra-10-familias-cumplieron-el-sueno-de-la-casa-propia","status":"publish","type":"post","link":"https:\/\/experienciadevida.com.ar\/portalurbano\/barrio-uocra-10-familias-cumplieron-el-sueno-de-la-casa-propia\/","title":{"rendered":"Barrio UOCRA: 10 familias cumplieron el sue\u00f1o de la casa propia"},"content":{"rendered":"<p>En el marco de un clima cargado de emociones, en la tarde de este mi\u00e9rcoles se llev\u00f3 a cabo el acto de entrega definitiva de 10 viviendas del barrio UOCRA, en el marco de gestiones conjuntas entre Municipio y Provincia.<\/p>\n<p><a href=\"https:\/\/experienciadevida.com.ar\/portalurbano\/barrio-uocra-10-familias-cumplieron-el-sueno-de-la-casa-propia\/barrio-4\/\" rel=\"attachment wp-att-130057\"><img decoding=\"async\" class=\"alignnone size-full wp-image-130057\" src=\"https:\/\/experienciadevida.com.ar\/portalurbano\/wp-content\/uploads\/2020\/12\/Barrio.jpg\" alt=\"Barrio \" width=\"765\" height=\"511\" srcset=\"https:\/\/experienciadevida.com.ar\/portalurbano\/wp-content\/uploads\/2020\/12\/Barrio.jpg 765w, https:\/\/experienciadevida.com.ar\/portalurbano\/wp-content\/uploads\/2020\/12\/Barrio-300x200.jpg 300w\" sizes=\"(max-width: 765px) 100vw, 765px\" \/><\/a><\/p>\n<p>Formaron parte del mismo el intendente Ezequiel Galli, el director general de Inmobiliaria y Social del Instituto de la Vivienda Alberto Mercer y la directora del Instituto de Vivienda de UOCRA Cristina Nieto, junto a representantes de la empresa constructora, personal t\u00e9cnico del organismo provincial, funcionarios municipales y las familias adjudicatarias.<\/p>\n<p>En primer lugar, Mercer indic\u00f3: \u201cestamos terminando un a\u00f1o muy complicado pero para ustedes afortunadamente termina de la mejor manera. Que disfruten y muchas gracias\u201d.<\/p>\n<p><a href=\"https:\/\/experienciadevida.com.ar\/portalurbano\/barrio-uocra-10-familias-cumplieron-el-sueno-de-la-casa-propia\/uocra-4\/\" rel=\"attachment wp-att-130059\"><img decoding=\"async\" class=\"alignnone size-full wp-image-130059\" src=\"https:\/\/experienciadevida.com.ar\/portalurbano\/wp-content\/uploads\/2020\/12\/UOCRA.jpg\" alt=\"UOCRA\" width=\"765\" height=\"511\" srcset=\"https:\/\/experienciadevida.com.ar\/portalurbano\/wp-content\/uploads\/2020\/12\/UOCRA.jpg 765w, https:\/\/experienciadevida.com.ar\/portalurbano\/wp-content\/uploads\/2020\/12\/UOCRA-300x200.jpg 300w\" sizes=\"(max-width: 765px) 100vw, 765px\" \/><\/a><\/p>\n<p>Seguidamente, Cristina Nieto hizo un repaso de la obra de construcci\u00f3n de las viviendas les dese\u00f3 felices fiestas a las familias beneficiadas.<\/p>\n<p>Por su parte, Ezequiel Galli asegur\u00f3: \u201ces un d\u00eda de mucha felicidad para nosotros. Agradezco la paciencia de los adjudicatarios. Desde el Gobierno Municipal siempre hemos trabajado y mucho para entregar las viviendas. Primero con Bruno Cenizo a la cabeza, luego con Mart\u00edn Endere y ahora con Carolina Espinosa\u201d.<\/p>\n<p>\u201cY como he dicho en reiteradas oportunidades, a partir de hoy estas casas se transforman en hogares. Entregar las llaves de una casa es lo m\u00e1s lindo de la pol\u00edtica\u201d, agreg\u00f3 el jefe comunal.<\/p>\n<p>Asimismo, el Intendente explic\u00f3 que \u201cdurante nuestra gesti\u00f3n tuvimos la posibilidad de terminar barrios que hab\u00edan sido postergados por otras gestiones y esperamos que Provincia y Naci\u00f3n trabajen de la misma manera\u201d.<\/p>\n<p>Tras las palabras de las autoridades, lleg\u00f3 el momento m\u00e1s esperado, la entrega de llaves y actas de adjudicaci\u00f3n de cada vivienda, donde cada familia comienza a vivir una nueva etapa en ese hogar que fue el motor de sus sue\u00f1os durante a\u00f1os y que hoy se convierte en una realidad concreta.<\/p>\n<p>Finalmente, los funcionarios realizaron una recorrida por el barrio, para dar por concluido el acto.<\/p>\n<p>Cabe destacar que el intendente Ezequiel Galli, desde que asumi\u00f3, llev\u00f3 adelante diferentes gestiones para poner en marcha obras de construcci\u00f3n de viviendas, que se encontraban paralizadas desde hace a\u00f1os, como el caso del barrio UOCRA.<\/p>\n<p>Entre los hechos m\u00e1s significativos, se logr\u00f3 concretar la entrega de viviendas en los barrios Educadores, Bancario III, Pickelado y Qu\u00edmico (Sierras Bayas).<\/p>\n","protected":false},"excerpt":{"rendered":"<p>En el marco de un clima cargado de emociones, en la tarde de este mi\u00e9rcoles&#8230;<\/p>\n","protected":false},"author":1,"featured_media":130054,"comment_status":"closed","ping_status":"closed","sticky":false,"template":"","format":"standard","meta":{"content-type":""},"categories":[27,51],"tags":[],"nelio_content":{"isAutoShareEnabled":false,"autoShareEndMode":"default","automationSources":{"useContentSentences":true,"useSocialTemplates":true,"useCustomSentences":false,"customSentences":[]},"followers":[1],"suggestedReferences":[],"includedReferences":[],"efiUrl":"","efiAlt":"","highlights":[]},"yoast_head":"<!-- This site is optimized with the Yoast SEO plugin v20.7 - https:\/\/yoast.com\/wordpress\/plugins\/seo\/ -->\n<title>Barrio UOCRA: 10 familias cumplieron el sue\u00f1o de la casa propia<\/title>\n<meta name=\"description\" content=\"10 familias del barrio UOCRA cumplieron el sue\u00f1o de la casa propia, este mi\u00e9rcoles en un acto encabezado por el Intendente Muncipal.\" \/>\n<meta name=\"robots\" content=\"index, follow, max-snippet:-1, max-image-preview:large, max-video-preview:-1\" \/>\n<link rel=\"canonical\" href=\"https:\/\/experienciadevida.com.ar\/portalurbano\/barrio-uocra-10-familias-cumplieron-el-sueno-de-la-casa-propia\/\" \/>\n<meta property=\"og:locale\" content=\"es_ES\" \/>\n<meta property=\"og:type\" content=\"article\" \/>\n<meta property=\"og:title\" content=\"Barrio UOCRA: 10 familias cumplieron el sue\u00f1o de la casa propia\" \/>\n<meta property=\"og:description\" content=\"10 familias del barrio UOCRA cumplieron el sue\u00f1o de la casa propia, este mi\u00e9rcoles en un acto encabezado por el Intendente Muncipal.\" \/>\n<meta property=\"og:url\" content=\"https:\/\/experienciadevida.com.ar\/portalurbano\/barrio-uocra-10-familias-cumplieron-el-sueno-de-la-casa-propia\/\" \/>\n<meta property=\"article:publisher\" content=\"https:\/\/www.facebook.com\/Portal-Urbano-171542830093757\/\" \/>\n<meta property=\"article:published_time\" content=\"2020-12-16T20:06:08+00:00\" \/>\n<meta property=\"article:modified_time\" content=\"2020-12-16T20:13:08+00:00\" \/>\n<meta property=\"og:image\" content=\"https:\/\/experienciadevida.com.ar\/portalurbano\/wp-content\/uploads\/2020\/12\/Barrio-UOCRA-e1608149324967.jpg\" \/>\n\t<meta property=\"og:image:width\" content=\"765\" \/>\n\t<meta property=\"og:image:height\" content=\"511\" \/>\n\t<meta property=\"og:image:type\" content=\"image\/jpeg\" \/>\n<meta name=\"author\" content=\"admpu17wp\" \/>\n<meta name=\"twitter:card\" content=\"summary_large_image\" \/>\n<meta name=\"twitter:creator\" content=\"@portalurbanook\" \/>\n<meta name=\"twitter:site\" content=\"@portalurbanook\" \/>\n<meta name=\"twitter:label1\" content=\"Escrito por\" \/>\n\t<meta name=\"twitter:data1\" content=\"admpu17wp\" \/>\n\t<meta name=\"twitter:label2\" content=\"Tiempo de lectura\" \/>\n\t<meta name=\"twitter:data2\" content=\"2 minutos\" \/>\n<script type=\"application\/ld+json\" class=\"yoast-schema-graph\">{\"@context\":\"https:\/\/schema.org\",\"@graph\":[{\"@type\":\"Article\",\"@id\":\"https:\/\/experienciadevida.com.ar\/portalurbano\/barrio-uocra-10-familias-cumplieron-el-sueno-de-la-casa-propia\/#article\",\"isPartOf\":{\"@id\":\"https:\/\/experienciadevida.com.ar\/portalurbano\/barrio-uocra-10-familias-cumplieron-el-sueno-de-la-casa-propia\/\"},\"author\":{\"name\":\"admpu17wp\",\"@id\":\"https:\/\/experienciadevida.com.ar\/portalurbano\/#\/schema\/person\/02dd326b1c4b056e9cc972486934a3a7\"},\"headline\":\"Barrio UOCRA: 10 familias cumplieron el sue\u00f1o de la casa propia\",\"datePublished\":\"2020-12-16T20:06:08+00:00\",\"dateModified\":\"2020-12-16T20:13:08+00:00\",\"mainEntityOfPage\":{\"@id\":\"https:\/\/experienciadevida.com.ar\/portalurbano\/barrio-uocra-10-familias-cumplieron-el-sueno-de-la-casa-propia\/\"},\"wordCount\":408,\"publisher\":{\"@id\":\"https:\/\/experienciadevida.com.ar\/portalurbano\/#organization\"},\"articleSection\":[\"Ciudad\",\"Destacadas\"],\"inLanguage\":\"es\"},{\"@type\":\"WebPage\",\"@id\":\"https:\/\/experienciadevida.com.ar\/portalurbano\/barrio-uocra-10-familias-cumplieron-el-sueno-de-la-casa-propia\/\",\"url\":\"https:\/\/experienciadevida.com.ar\/portalurbano\/barrio-uocra-10-familias-cumplieron-el-sueno-de-la-casa-propia\/\",\"name\":\"Barrio UOCRA: 10 familias cumplieron el sue\u00f1o de la casa propia\",\"isPartOf\":{\"@id\":\"https:\/\/experienciadevida.com.ar\/portalurbano\/#website\"},\"datePublished\":\"2020-12-16T20:06:08+00:00\",\"dateModified\":\"2020-12-16T20:13:08+00:00\",\"description\":\"10 familias del barrio UOCRA cumplieron el sue\u00f1o de la casa propia, este mi\u00e9rcoles en un acto encabezado por el Intendente Muncipal.\",\"breadcrumb\":{\"@id\":\"https:\/\/experienciadevida.com.ar\/portalurbano\/barrio-uocra-10-familias-cumplieron-el-sueno-de-la-casa-propia\/#breadcrumb\"},\"inLanguage\":\"es\",\"potentialAction\":[{\"@type\":\"ReadAction\",\"target\":[\"https:\/\/experienciadevida.com.ar\/portalurbano\/barrio-uocra-10-familias-cumplieron-el-sueno-de-la-casa-propia\/\"]}]},{\"@type\":\"BreadcrumbList\",\"@id\":\"https:\/\/experienciadevida.com.ar\/portalurbano\/barrio-uocra-10-familias-cumplieron-el-sueno-de-la-casa-propia\/#breadcrumb\",\"itemListElement\":[{\"@type\":\"ListItem\",\"position\":1,\"name\":\"Portada\",\"item\":\"https:\/\/experienciadevida.com.ar\/portalurbano\/\"},{\"@type\":\"ListItem\",\"position\":2,\"name\":\"Barrio UOCRA: 10 familias cumplieron el sue\u00f1o de la casa propia\"}]},{\"@type\":\"WebSite\",\"@id\":\"https:\/\/experienciadevida.com.ar\/portalurbano\/#website\",\"url\":\"https:\/\/experienciadevida.com.ar\/portalurbano\/\",\"name\":\"\",\"description\":\"\",\"publisher\":{\"@id\":\"https:\/\/experienciadevida.com.ar\/portalurbano\/#organization\"},\"potentialAction\":[{\"@type\":\"SearchAction\",\"target\":{\"@type\":\"EntryPoint\",\"urlTemplate\":\"https:\/\/experienciadevida.com.ar\/portalurbano\/?s={search_term_string}\"},\"query-input\":\"required name=search_term_string\"}],\"inLanguage\":\"es\"},{\"@type\":\"Organization\",\"@id\":\"https:\/\/experienciadevida.com.ar\/portalurbano\/#organization\",\"name\":\"Portal Urbano\",\"url\":\"https:\/\/experienciadevida.com.ar\/portalurbano\/\",\"logo\":{\"@type\":\"ImageObject\",\"inLanguage\":\"es\",\"@id\":\"https:\/\/experienciadevida.com.ar\/portalurbano\/#\/schema\/logo\/image\/\",\"url\":\"https:\/\/experienciadevida.com.ar\/portalurbano\/wp-content\/uploads\/2019\/09\/Logo-Original.png\",\"contentUrl\":\"https:\/\/experienciadevida.com.ar\/portalurbano\/wp-content\/uploads\/2019\/09\/Logo-Original.png\",\"width\":2236,\"height\":1216,\"caption\":\"Portal Urbano\"},\"image\":{\"@id\":\"https:\/\/experienciadevida.com.ar\/portalurbano\/#\/schema\/logo\/image\/\"},\"sameAs\":[\"https:\/\/www.facebook.com\/Portal-Urbano-171542830093757\/\",\"https:\/\/twitter.com\/portalurbanook\",\"https:\/\/www.instagram.com\/_portalurbano\/\",\"https:\/\/www.youtube.com\/channel\/UCXhagIfszH8KxFiOok79zbA?view_as=subscriber\"]},{\"@type\":\"Person\",\"@id\":\"https:\/\/experienciadevida.com.ar\/portalurbano\/#\/schema\/person\/02dd326b1c4b056e9cc972486934a3a7\",\"name\":\"admpu17wp\",\"image\":{\"@type\":\"ImageObject\",\"inLanguage\":\"es\",\"@id\":\"https:\/\/experienciadevida.com.ar\/portalurbano\/#\/schema\/person\/image\/\",\"url\":\"https:\/\/secure.gravatar.com\/avatar\/830d4c57adaae6630765e449a6908047?s=96&d=mm&r=g\",\"contentUrl\":\"https:\/\/secure.gravatar.com\/avatar\/830d4c57adaae6630765e449a6908047?s=96&d=mm&r=g\",\"caption\":\"admpu17wp\"}}]}<\/script>\n<!-- \/ Yoast SEO plugin. -->","yoast_head_json":{"title":"Barrio UOCRA: 10 familias cumplieron el sue\u00f1o de la casa propia","description":"10 familias del barrio UOCRA cumplieron el sue\u00f1o de la casa propia, este mi\u00e9rcoles en un acto encabezado por el Intendente Muncipal.","robots":{"index":"index","follow":"follow","max-snippet":"max-snippet:-1","max-image-preview":"max-image-preview:large","max-video-preview":"max-video-preview:-1"},"canonical":"https:\/\/experienciadevida.com.ar\/portalurbano\/barrio-uocra-10-familias-cumplieron-el-sueno-de-la-casa-propia\/","og_locale":"es_ES","og_type":"article","og_title":"Barrio UOCRA: 10 familias cumplieron el sue\u00f1o de la casa propia","og_description":"10 familias del barrio UOCRA cumplieron el sue\u00f1o de la casa propia, este mi\u00e9rcoles en un acto encabezado por el Intendente Muncipal.","og_url":"https:\/\/experienciadevida.com.ar\/portalurbano\/barrio-uocra-10-familias-cumplieron-el-sueno-de-la-casa-propia\/","article_publisher":"https:\/\/www.facebook.com\/Portal-Urbano-171542830093757\/","article_published_time":"2020-12-16T20:06:08+00:00","article_modified_time":"2020-12-16T20:13:08+00:00","og_image":[{"width":765,"height":511,"url":"https:\/\/experienciadevida.com.ar\/portalurbano\/wp-content\/uploads\/2020\/12\/Barrio-UOCRA-e1608149324967.jpg","type":"image\/jpeg"}],"author":"admpu17wp","twitter_card":"summary_large_image","twitter_creator":"@portalurbanook","twitter_site":"@portalurbanook","twitter_misc":{"Escrito por":"admpu17wp","Tiempo de lectura":"2 minutos"},"schema":{"@context":"https:\/\/schema.org","@graph":[{"@type":"Article","@id":"https:\/\/experienciadevida.com.ar\/portalurbano\/barrio-uocra-10-familias-cumplieron-el-sueno-de-la-casa-propia\/#article","isPartOf":{"@id":"https:\/\/experienciadevida.com.ar\/portalurbano\/barrio-uocra-10-familias-cumplieron-el-sueno-de-la-casa-propia\/"},"author":{"name":"admpu17wp","@id":"https:\/\/experienciadevida.com.ar\/portalurbano\/#\/schema\/person\/02dd326b1c4b056e9cc972486934a3a7"},"headline":"Barrio UOCRA: 10 familias cumplieron el sue\u00f1o de la casa propia","datePublished":"2020-12-16T20:06:08+00:00","dateModified":"2020-12-16T20:13:08+00:00","mainEntityOfPage":{"@id":"https:\/\/experienciadevida.com.ar\/portalurbano\/barrio-uocra-10-familias-cumplieron-el-sueno-de-la-casa-propia\/"},"wordCount":408,"publisher":{"@id":"https:\/\/experienciadevida.com.ar\/portalurbano\/#organization"},"articleSection":["Ciudad","Destacadas"],"inLanguage":"es"},{"@type":"WebPage","@id":"https:\/\/experienciadevida.com.ar\/portalurbano\/barrio-uocra-10-familias-cumplieron-el-sueno-de-la-casa-propia\/","url":"https:\/\/experienciadevida.com.ar\/portalurbano\/barrio-uocra-10-familias-cumplieron-el-sueno-de-la-casa-propia\/","name":"Barrio UOCRA: 10 familias cumplieron el sue\u00f1o de la casa propia","isPartOf":{"@id":"https:\/\/experienciadevida.com.ar\/portalurbano\/#website"},"datePublished":"2020-12-16T20:06:08+00:00","dateModified":"2020-12-16T20:13:08+00:00","description":"10 familias del barrio UOCRA cumplieron el sue\u00f1o de la casa propia, este mi\u00e9rcoles en un acto encabezado por el Intendente Muncipal.","breadcrumb":{"@id":"https:\/\/experienciadevida.com.ar\/portalurbano\/barrio-uocra-10-familias-cumplieron-el-sueno-de-la-casa-propia\/#breadcrumb"},"inLanguage":"es","potentialAction":[{"@type":"ReadAction","target":["https:\/\/experienciadevida.com.ar\/portalurbano\/barrio-uocra-10-familias-cumplieron-el-sueno-de-la-casa-propia\/"]}]},{"@type":"BreadcrumbList","@id":"https:\/\/experienciadevida.com.ar\/portalurbano\/barrio-uocra-10-familias-cumplieron-el-sueno-de-la-casa-propia\/#breadcrumb","itemListElement":[{"@type":"ListItem","position":1,"name":"Portada","item":"https:\/\/experienciadevida.com.ar\/portalurbano\/"},{"@type":"ListItem","position":2,"name":"Barrio UOCRA: 10 familias cumplieron el sue\u00f1o de la casa propia"}]},{"@type":"WebSite","@id":"https:\/\/experienciadevida.com.ar\/portalurbano\/#website","url":"https:\/\/experienciadevida.com.ar\/portalurbano\/","name":"","description":"","publisher":{"@id":"https:\/\/experienciadevida.com.ar\/portalurbano\/#organization"},"potentialAction":[{"@type":"SearchAction","target":{"@type":"EntryPoint","urlTemplate":"https:\/\/experienciadevida.com.ar\/portalurbano\/?s={search_term_string}"},"query-input":"required name=search_term_string"}],"inLanguage":"es"},{"@type":"Organization","@id":"https:\/\/experienciadevida.com.ar\/portalurbano\/#organization","name":"Portal Urbano","url":"https:\/\/experienciadevida.com.ar\/portalurbano\/","logo":{"@type":"ImageObject","inLanguage":"es","@id":"https:\/\/experienciadevida.com.ar\/portalurbano\/#\/schema\/logo\/image\/","url":"https:\/\/experienciadevida.com.ar\/portalurbano\/wp-content\/uploads\/2019\/09\/Logo-Original.png","contentUrl":"https:\/\/experienciadevida.com.ar\/portalurbano\/wp-content\/uploads\/2019\/09\/Logo-Original.png","width":2236,"height":1216,"caption":"Portal Urbano"},"image":{"@id":"https:\/\/experienciadevida.com.ar\/portalurbano\/#\/schema\/logo\/image\/"},"sameAs":["https:\/\/www.facebook.com\/Portal-Urbano-171542830093757\/","https:\/\/twitter.com\/portalurbanook","https:\/\/www.instagram.com\/_portalurbano\/","https:\/\/www.youtube.com\/channel\/UCXhagIfszH8KxFiOok79zbA?view_as=subscriber"]},{"@type":"Person","@id":"https:\/\/experienciadevida.com.ar\/portalurbano\/#\/schema\/person\/02dd326b1c4b056e9cc972486934a3a7","name":"admpu17wp","image":{"@type":"ImageObject","inLanguage":"es","@id":"https:\/\/experienciadevida.com.ar\/portalurbano\/#\/schema\/person\/image\/","url":"https:\/\/secure.gravatar.com\/avatar\/830d4c57adaae6630765e449a6908047?s=96&d=mm&r=g","contentUrl":"https:\/\/secure.gravatar.com\/avatar\/830d4c57adaae6630765e449a6908047?s=96&d=mm&r=g","caption":"admpu17wp"}}]}},"featured_image_urls":{"full":["https:\/\/experienciadevida.com.ar\/portalurbano\/wp-content\/uploads\/2020\/12\/Barrio-UOCRA-e1608149324967.jpg",765,511,false],"thumbnail":["https:\/\/experienciadevida.com.ar\/portalurbano\/wp-content\/uploads\/2020\/12\/Barrio-UOCRA-150x150.jpg",150,150,true],"medium":["https:\/\/experienciadevida.com.ar\/portalurbano\/wp-content\/uploads\/2020\/12\/Barrio-UOCRA-300x201.jpg",300,201,true],"medium_large":["https:\/\/experienciadevida.com.ar\/portalurbano\/wp-content\/uploads\/2020\/12\/Barrio-UOCRA-768x513.jpg",640,428,true],"large":["https:\/\/experienciadevida.com.ar\/portalurbano\/wp-content\/uploads\/2020\/12\/Barrio-UOCRA-1024x684.jpg",640,428,true],"ug_big":["https:\/\/experienciadevida.com.ar\/portalurbano\/wp-content\/uploads\/2020\/12\/Barrio-UOCRA-768x513.jpg",768,513,true],"1536x1536":["https:\/\/experienciadevida.com.ar\/portalurbano\/wp-content\/uploads\/2020\/12\/Barrio-UOCRA-1536x1027.jpg",1536,1027,true],"2048x2048":["https:\/\/experienciadevida.com.ar\/portalurbano\/wp-content\/uploads\/2020\/12\/Barrio-UOCRA-2048x1369.jpg",2048,1369,true],"newsever-slider-full":["https:\/\/experienciadevida.com.ar\/portalurbano\/wp-content\/uploads\/2020\/12\/Barrio-UOCRA-e1608149324967.jpg",765,511,false],"newsever-featured":["https:\/\/experienciadevida.com.ar\/portalurbano\/wp-content\/uploads\/2020\/12\/Barrio-UOCRA-e1608149324967.jpg",765,511,false],"newsever-medium":["https:\/\/experienciadevida.com.ar\/portalurbano\/wp-content\/uploads\/2020\/12\/Barrio-UOCRA-e1608149324967.jpg",711,475,false],"web-stories-poster-portrait":["https:\/\/experienciadevida.com.ar\/portalurbano\/wp-content\/uploads\/2020\/12\/Barrio-UOCRA-e1608149324967.jpg",640,428,false],"web-stories-publisher-logo":["https:\/\/experienciadevida.com.ar\/portalurbano\/wp-content\/uploads\/2020\/12\/Barrio-UOCRA-e1608149324967.jpg",96,64,false],"web-stories-thumbnail":["https:\/\/experienciadevida.com.ar\/portalurbano\/wp-content\/uploads\/2020\/12\/Barrio-UOCRA-e1608149324967.jpg",150,100,false]},"author_info":{"display_name":"admpu17wp","author_link":"https:\/\/experienciadevida.com.ar\/portalurbano\/author\/admpu17wp\/"},"category_info":"<a href=\"https:\/\/experienciadevida.com.ar\/portalurbano\/category\/ciudad\/\" rel=\"category tag\">Ciudad<\/a> <a href=\"https:\/\/experienciadevida.com.ar\/portalurbano\/category\/destacadas\/\" rel=\"category tag\">Destacadas<\/a>","tag_info":"Destacadas","comment_count":"0","amp_enabled":true,"_links":{"self":[{"href":"https:\/\/experienciadevida.com.ar\/portalurbano\/wp-json\/wp\/v2\/posts\/130053"}],"collection":[{"href":"https:\/\/experienciadevida.com.ar\/portalurbano\/wp-json\/wp\/v2\/posts"}],"about":[{"href":"https:\/\/experienciadevida.com.ar\/portalurbano\/wp-json\/wp\/v2\/types\/post"}],"author":[{"embeddable":true,"href":"https:\/\/experienciadevida.com.ar\/portalurbano\/wp-json\/wp\/v2\/users\/1"}],"replies":[{"embeddable":true,"href":"https:\/\/experienciadevida.com.ar\/portalurbano\/wp-json\/wp\/v2\/comments?post=130053"}],"version-history":[{"count":3,"href":"https:\/\/experienciadevida.com.ar\/portalurbano\/wp-json\/wp\/v2\/posts\/130053\/revisions"}],"predecessor-version":[{"id":130058,"href":"https:\/\/experienciadevida.com.ar\/portalurbano\/wp-json\/wp\/v2\/posts\/130053\/revisions\/130058"}],"wp:featuredmedia":[{"embeddable":true,"href":"https:\/\/experienciadevida.com.ar\/portalurbano\/wp-json\/wp\/v2\/media\/130054"}],"wp:attachment":[{"href":"https:\/\/experienciadevida.com.ar\/portalurbano\/wp-json\/wp\/v2\/media?parent=130053"}],"wp:term":[{"taxonomy":"category","embeddable":true,"href":"https:\/\/experienciadevida.com.ar\/portalurbano\/wp-json\/wp\/v2\/categories?post=130053"},{"taxonomy":"post_tag","embeddable":true,"href":"https:\/\/experienciadevida.com.ar\/portalurbano\/wp-json\/wp\/v2\/tags?post=130053"}],"curies":[{"name":"wp","href":"https:\/\/api.w.org\/{rel}","templated":true}]}}