{"id":130038,"date":"2020-12-16T13:53:42","date_gmt":"2020-12-16T16:53:42","guid":{"rendered":"https:\/\/experienciadevida.com.ar\/portalurbano\/?p=130038"},"modified":"2020-12-16T14:01:12","modified_gmt":"2020-12-16T17:01:12","slug":"fin-al-conflicto-de-aoma-con-minerar-loma-negra-se-logro-la-aplicacion-del-convenio-de-cemento","status":"publish","type":"post","link":"https:\/\/experienciadevida.com.ar\/portalurbano\/fin-al-conflicto-de-aoma-con-minerar-loma-negra-se-logro-la-aplicacion-del-convenio-de-cemento\/","title":{"rendered":"Fin al conflicto de AOMA con Minerar- Loma Negra: Se logr\u00f3 la aplicaci\u00f3n del convenio de cemento"},"content":{"rendered":"<p>Despu\u00e9s de una reuni\u00f3n en el Ministerio de Trabajo de la Naci\u00f3n caratulada como \u201cmarat\u00f3nica\u201d la misma arroj\u00f3 el fin al conflicto entre AOMA y las empresas Loma Negra y Minerar desatado en Olavarr\u00eda a fines del mes de octubre.<\/p>\n<p>El martes pasado las partes iniciaron una nueva ronda de negociaciones poco despu\u00e9s de las 13 horas y se extendi\u00f3 hasta las 23, luego de la misma, rubricaron un punto final a m\u00e1s de cincuenta d\u00edas de conflictividad activa.<\/p>\n<p>Al referirse directamente al resultado de las deliberaciones ante las autoridades nacionales, H\u00e9ctor Laplace sentenci\u00f3 a la prensa que \u201cen gran medida ya est\u00e1 resuelto el conflicto, si bien quedaron temas pendientes para resolver se normaliz\u00f3 la situaci\u00f3n en las plantas de la L\u00b4Amali y Loma Negra en Olavarr\u00eda\u201d asegurando que desde este mi\u00e9rcoles \u201cla cantera est\u00e1 funcionando normalmente\u201d y comenz\u00f3 a partir de las 6 de la ma\u00f1ana las tareas de extracci\u00f3n y distribuci\u00f3n de la materia prima.<\/p>\n<p>El secretario general de la Asociaci\u00f3n Obrera Minera Argentina asegur\u00f3 que \u201cuno de los temas m\u00e1s picantes que ten\u00edamos era la correcta aplicaci\u00f3n de la Convenci\u00f3n Colectiva de Trabajo\u201d, explicando seguidamente que \u201ca la gente se le estaba abonando y estaba comprendida en el Convenio de Cal y Piedra y, para nuestro criterio, corresponde que sea del Cemento, dado que la f\u00e1brica es exclusivamente de cemento y la cantera para esa f\u00e1brica es exclusivamente de cemento\u201d, situaci\u00f3n que se revirti\u00f3 a partir de la reuni\u00f3n con los funcionarios.<\/p>\n<p>\u201cSe firm\u00f3 un acuerdo estableciendo que a partir del primero de febrero de 2021 la gente va a estar comprendida dentro del Convenio de Cemento\u201d inform\u00f3 el dirigente. Situaci\u00f3n fundamentada en que las partes \u201ca partir del 1 de febrero se empieza a discutir la paritaria de Cemento, ya que la del 2020 tiene un vencimiento el 31 de enero del 2021 y vamos a estar discutiendo en febrero las paritarias del 2021. Esa es la raz\u00f3n\u201d explic\u00f3 el representante sindical.<\/p>\n<p>Adem\u00e1s se especific\u00f3 que el tr\u00e1mite de cambio de convenio para los trabajadores de Minerar, a los efectos de pasar de un convenio a otro, significa tener que conformar los b\u00e1sicos y los adicionales, tarea que demandar\u00e1 un tiempo prudencial.<\/p>\n<p>No obstante, dijo que \u201chemos establecido una equiparaci\u00f3n para que los trabajadores no pierdan dinero en el pase de un convenio a otro. Consiste en una suma remunerativa de $8.000 por noviembre, $8.000 por diciembre y $8.000 en enero\u201d. Esto va a quedar como base de c\u00e1lculo con el objetivo de que \u201cno se nos genere p\u00e9rdida de salario para los propios compa\u00f1eros trabajadores de Minerar\u201d.<\/p>\n<p>Tambi\u00e9n, en el seno de la paritaria de la Rama Cemento, Laplace inform\u00f3 que \u201chab\u00edamos arreglado un bono anual de una suma fija remunerativa de $27.000 para todos los trabajadores de Cemento y tambi\u00e9n van a ser acreedores los compa\u00f1eros de Minerar\u201d.<\/p>\n<p>En otro orden, AOMA reclam\u00f3 por incorporaciones que est\u00e1n faltando \u201cy se obtuvo la incorporaci\u00f3n de operadores en el taller mec\u00e1nico que era el lado m\u00e1s d\u00e9bil de la operaci\u00f3n\u201d en el yacimiento.<\/p>\n<p>Por lo explicado desde el gremio de los trabajadores mineros, a partir de hoy a las 6 de la ma\u00f1ana se est\u00e1 trabajando normalmente en la cantera de la f\u00e1brica de Loma Negra en Olavarr\u00eda.<\/p>\n<p>Tras anunciar esta soluci\u00f3n en el conflicto, Laplace agradeci\u00f3 a los integrantes de la comisi\u00f3n directiva y delegados de Minerar, dado que \u201cjunto a Alejandro Santill\u00e1n, &#8211; secretario general de la seccional Olavarr\u00eda &#8211; estuvieron permanentemente trabajando y apoyando las negociaciones\u201d.<\/p>\n<p>Por \u00faltimo, coment\u00f3 que en relaci\u00f3n a los trabajadores de Cal y Piedra, dado que \u201cestamos trabajando en la negociaci\u00f3n paritaria, nos faltan cerrar 3 meses (enero, febrero y marzo) para ya cerrar el a\u00f1o 2020\u201d, afirmando que \u201cestamos tratando de cerrar un bono de fin de a\u00f1o por la colaboraci\u00f3n que han realizado a las pymes mineras\u201d de la zona y el pa\u00eds.<\/p>\n","protected":false},"excerpt":{"rendered":"<p>Despu\u00e9s de una reuni\u00f3n en el Ministerio de Trabajo de la Naci\u00f3n caratulada como \u201cmarat\u00f3nica\u201d&#8230;<\/p>\n","protected":false},"author":1,"featured_media":130039,"comment_status":"closed","ping_status":"closed","sticky":false,"template":"","format":"standard","meta":{"content-type":""},"categories":[27,64],"tags":[],"nelio_content":{"isAutoShareEnabled":false,"autoShareEndMode":"default","automationSources":{"useContentSentences":true,"useSocialTemplates":true,"useCustomSentences":false,"customSentences":[]},"followers":[1],"suggestedReferences":[],"includedReferences":[],"efiUrl":"","efiAlt":"","highlights":[]},"yoast_head":"<!-- This site is optimized with the Yoast SEO plugin v20.7 - https:\/\/yoast.com\/wordpress\/plugins\/seo\/ -->\n<title>Fin al conflicto de AOMA con minerar: Se logr\u00f3 un acuerdo<\/title>\n<meta name=\"description\" content=\"Despu\u00e9s de una reuni\u00f3n en el Ministerio de Trabajo arroj\u00f3 el fin al conflicto entre AOMA y las empresas Loma Negra y Minerar.\" \/>\n<meta name=\"robots\" content=\"index, follow, max-snippet:-1, max-image-preview:large, max-video-preview:-1\" \/>\n<link rel=\"canonical\" href=\"https:\/\/experienciadevida.com.ar\/portalurbano\/fin-al-conflicto-de-aoma-con-minerar-loma-negra-se-logro-la-aplicacion-del-convenio-de-cemento\/\" \/>\n<meta property=\"og:locale\" content=\"es_ES\" \/>\n<meta property=\"og:type\" content=\"article\" \/>\n<meta property=\"og:title\" content=\"Fin al conflicto de AOMA con minerar: Se logr\u00f3 un acuerdo\" \/>\n<meta property=\"og:description\" content=\"Despu\u00e9s de una reuni\u00f3n en el Ministerio de Trabajo arroj\u00f3 el fin al conflicto entre AOMA y las empresas Loma Negra y Minerar.\" \/>\n<meta property=\"og:url\" content=\"https:\/\/experienciadevida.com.ar\/portalurbano\/fin-al-conflicto-de-aoma-con-minerar-loma-negra-se-logro-la-aplicacion-del-convenio-de-cemento\/\" \/>\n<meta property=\"article:publisher\" content=\"https:\/\/www.facebook.com\/Portal-Urbano-171542830093757\/\" \/>\n<meta property=\"article:published_time\" content=\"2020-12-16T16:53:42+00:00\" \/>\n<meta property=\"article:modified_time\" content=\"2020-12-16T17:01:12+00:00\" \/>\n<meta property=\"og:image\" content=\"https:\/\/experienciadevida.com.ar\/portalurbano\/wp-content\/uploads\/2020\/12\/Laplace-1.jpg\" \/>\n\t<meta property=\"og:image:width\" content=\"886\" \/>\n\t<meta property=\"og:image:height\" content=\"600\" \/>\n\t<meta property=\"og:image:type\" content=\"image\/jpeg\" \/>\n<meta name=\"author\" content=\"admpu17wp\" \/>\n<meta name=\"twitter:card\" content=\"summary_large_image\" \/>\n<meta name=\"twitter:creator\" content=\"@portalurbanook\" \/>\n<meta name=\"twitter:site\" content=\"@portalurbanook\" \/>\n<meta name=\"twitter:label1\" content=\"Escrito por\" \/>\n\t<meta name=\"twitter:data1\" content=\"admpu17wp\" \/>\n\t<meta name=\"twitter:label2\" content=\"Tiempo de lectura\" \/>\n\t<meta name=\"twitter:data2\" content=\"3 minutos\" \/>\n<script type=\"application\/ld+json\" class=\"yoast-schema-graph\">{\"@context\":\"https:\/\/schema.org\",\"@graph\":[{\"@type\":\"Article\",\"@id\":\"https:\/\/experienciadevida.com.ar\/portalurbano\/fin-al-conflicto-de-aoma-con-minerar-loma-negra-se-logro-la-aplicacion-del-convenio-de-cemento\/#article\",\"isPartOf\":{\"@id\":\"https:\/\/experienciadevida.com.ar\/portalurbano\/fin-al-conflicto-de-aoma-con-minerar-loma-negra-se-logro-la-aplicacion-del-convenio-de-cemento\/\"},\"author\":{\"name\":\"admpu17wp\",\"@id\":\"https:\/\/experienciadevida.com.ar\/portalurbano\/#\/schema\/person\/02dd326b1c4b056e9cc972486934a3a7\"},\"headline\":\"Fin al conflicto de AOMA con Minerar- Loma Negra: Se logr\u00f3 la aplicaci\u00f3n del convenio de cemento\",\"datePublished\":\"2020-12-16T16:53:42+00:00\",\"dateModified\":\"2020-12-16T17:01:12+00:00\",\"mainEntityOfPage\":{\"@id\":\"https:\/\/experienciadevida.com.ar\/portalurbano\/fin-al-conflicto-de-aoma-con-minerar-loma-negra-se-logro-la-aplicacion-del-convenio-de-cemento\/\"},\"wordCount\":707,\"publisher\":{\"@id\":\"https:\/\/experienciadevida.com.ar\/portalurbano\/#organization\"},\"articleSection\":[\"Ciudad\",\"Destacadas 2\"],\"inLanguage\":\"es\"},{\"@type\":\"WebPage\",\"@id\":\"https:\/\/experienciadevida.com.ar\/portalurbano\/fin-al-conflicto-de-aoma-con-minerar-loma-negra-se-logro-la-aplicacion-del-convenio-de-cemento\/\",\"url\":\"https:\/\/experienciadevida.com.ar\/portalurbano\/fin-al-conflicto-de-aoma-con-minerar-loma-negra-se-logro-la-aplicacion-del-convenio-de-cemento\/\",\"name\":\"Fin al conflicto de AOMA con minerar: Se logr\u00f3 un acuerdo\",\"isPartOf\":{\"@id\":\"https:\/\/experienciadevida.com.ar\/portalurbano\/#website\"},\"datePublished\":\"2020-12-16T16:53:42+00:00\",\"dateModified\":\"2020-12-16T17:01:12+00:00\",\"description\":\"Despu\u00e9s de una reuni\u00f3n en el Ministerio de Trabajo arroj\u00f3 el fin al conflicto entre AOMA y las empresas Loma Negra y Minerar.\",\"breadcrumb\":{\"@id\":\"https:\/\/experienciadevida.com.ar\/portalurbano\/fin-al-conflicto-de-aoma-con-minerar-loma-negra-se-logro-la-aplicacion-del-convenio-de-cemento\/#breadcrumb\"},\"inLanguage\":\"es\",\"potentialAction\":[{\"@type\":\"ReadAction\",\"target\":[\"https:\/\/experienciadevida.com.ar\/portalurbano\/fin-al-conflicto-de-aoma-con-minerar-loma-negra-se-logro-la-aplicacion-del-convenio-de-cemento\/\"]}]},{\"@type\":\"BreadcrumbList\",\"@id\":\"https:\/\/experienciadevida.com.ar\/portalurbano\/fin-al-conflicto-de-aoma-con-minerar-loma-negra-se-logro-la-aplicacion-del-convenio-de-cemento\/#breadcrumb\",\"itemListElement\":[{\"@type\":\"ListItem\",\"position\":1,\"name\":\"Portada\",\"item\":\"https:\/\/experienciadevida.com.ar\/portalurbano\/\"},{\"@type\":\"ListItem\",\"position\":2,\"name\":\"Fin al conflicto de AOMA con Minerar- Loma Negra: Se logr\u00f3 la aplicaci\u00f3n del convenio de cemento\"}]},{\"@type\":\"WebSite\",\"@id\":\"https:\/\/experienciadevida.com.ar\/portalurbano\/#website\",\"url\":\"https:\/\/experienciadevida.com.ar\/portalurbano\/\",\"name\":\"\",\"description\":\"\",\"publisher\":{\"@id\":\"https:\/\/experienciadevida.com.ar\/portalurbano\/#organization\"},\"potentialAction\":[{\"@type\":\"SearchAction\",\"target\":{\"@type\":\"EntryPoint\",\"urlTemplate\":\"https:\/\/experienciadevida.com.ar\/portalurbano\/?s={search_term_string}\"},\"query-input\":\"required name=search_term_string\"}],\"inLanguage\":\"es\"},{\"@type\":\"Organization\",\"@id\":\"https:\/\/experienciadevida.com.ar\/portalurbano\/#organization\",\"name\":\"Portal Urbano\",\"url\":\"https:\/\/experienciadevida.com.ar\/portalurbano\/\",\"logo\":{\"@type\":\"ImageObject\",\"inLanguage\":\"es\",\"@id\":\"https:\/\/experienciadevida.com.ar\/portalurbano\/#\/schema\/logo\/image\/\",\"url\":\"https:\/\/experienciadevida.com.ar\/portalurbano\/wp-content\/uploads\/2019\/09\/Logo-Original.png\",\"contentUrl\":\"https:\/\/experienciadevida.com.ar\/portalurbano\/wp-content\/uploads\/2019\/09\/Logo-Original.png\",\"width\":2236,\"height\":1216,\"caption\":\"Portal Urbano\"},\"image\":{\"@id\":\"https:\/\/experienciadevida.com.ar\/portalurbano\/#\/schema\/logo\/image\/\"},\"sameAs\":[\"https:\/\/www.facebook.com\/Portal-Urbano-171542830093757\/\",\"https:\/\/twitter.com\/portalurbanook\",\"https:\/\/www.instagram.com\/_portalurbano\/\",\"https:\/\/www.youtube.com\/channel\/UCXhagIfszH8KxFiOok79zbA?view_as=subscriber\"]},{\"@type\":\"Person\",\"@id\":\"https:\/\/experienciadevida.com.ar\/portalurbano\/#\/schema\/person\/02dd326b1c4b056e9cc972486934a3a7\",\"name\":\"admpu17wp\",\"image\":{\"@type\":\"ImageObject\",\"inLanguage\":\"es\",\"@id\":\"https:\/\/experienciadevida.com.ar\/portalurbano\/#\/schema\/person\/image\/\",\"url\":\"https:\/\/secure.gravatar.com\/avatar\/830d4c57adaae6630765e449a6908047?s=96&d=mm&r=g\",\"contentUrl\":\"https:\/\/secure.gravatar.com\/avatar\/830d4c57adaae6630765e449a6908047?s=96&d=mm&r=g\",\"caption\":\"admpu17wp\"}}]}<\/script>\n<!-- \/ Yoast SEO plugin. -->","yoast_head_json":{"title":"Fin al conflicto de AOMA con minerar: Se logr\u00f3 un acuerdo","description":"Despu\u00e9s de una reuni\u00f3n en el Ministerio de Trabajo arroj\u00f3 el fin al conflicto entre AOMA y las empresas Loma Negra y Minerar.","robots":{"index":"index","follow":"follow","max-snippet":"max-snippet:-1","max-image-preview":"max-image-preview:large","max-video-preview":"max-video-preview:-1"},"canonical":"https:\/\/experienciadevida.com.ar\/portalurbano\/fin-al-conflicto-de-aoma-con-minerar-loma-negra-se-logro-la-aplicacion-del-convenio-de-cemento\/","og_locale":"es_ES","og_type":"article","og_title":"Fin al conflicto de AOMA con minerar: Se logr\u00f3 un acuerdo","og_description":"Despu\u00e9s de una reuni\u00f3n en el Ministerio de Trabajo arroj\u00f3 el fin al conflicto entre AOMA y las empresas Loma Negra y Minerar.","og_url":"https:\/\/experienciadevida.com.ar\/portalurbano\/fin-al-conflicto-de-aoma-con-minerar-loma-negra-se-logro-la-aplicacion-del-convenio-de-cemento\/","article_publisher":"https:\/\/www.facebook.com\/Portal-Urbano-171542830093757\/","article_published_time":"2020-12-16T16:53:42+00:00","article_modified_time":"2020-12-16T17:01:12+00:00","og_image":[{"width":886,"height":600,"url":"https:\/\/experienciadevida.com.ar\/portalurbano\/wp-content\/uploads\/2020\/12\/Laplace-1.jpg","type":"image\/jpeg"}],"author":"admpu17wp","twitter_card":"summary_large_image","twitter_creator":"@portalurbanook","twitter_site":"@portalurbanook","twitter_misc":{"Escrito por":"admpu17wp","Tiempo de lectura":"3 minutos"},"schema":{"@context":"https:\/\/schema.org","@graph":[{"@type":"Article","@id":"https:\/\/experienciadevida.com.ar\/portalurbano\/fin-al-conflicto-de-aoma-con-minerar-loma-negra-se-logro-la-aplicacion-del-convenio-de-cemento\/#article","isPartOf":{"@id":"https:\/\/experienciadevida.com.ar\/portalurbano\/fin-al-conflicto-de-aoma-con-minerar-loma-negra-se-logro-la-aplicacion-del-convenio-de-cemento\/"},"author":{"name":"admpu17wp","@id":"https:\/\/experienciadevida.com.ar\/portalurbano\/#\/schema\/person\/02dd326b1c4b056e9cc972486934a3a7"},"headline":"Fin al conflicto de AOMA con Minerar- Loma Negra: Se logr\u00f3 la aplicaci\u00f3n del convenio de cemento","datePublished":"2020-12-16T16:53:42+00:00","dateModified":"2020-12-16T17:01:12+00:00","mainEntityOfPage":{"@id":"https:\/\/experienciadevida.com.ar\/portalurbano\/fin-al-conflicto-de-aoma-con-minerar-loma-negra-se-logro-la-aplicacion-del-convenio-de-cemento\/"},"wordCount":707,"publisher":{"@id":"https:\/\/experienciadevida.com.ar\/portalurbano\/#organization"},"articleSection":["Ciudad","Destacadas 2"],"inLanguage":"es"},{"@type":"WebPage","@id":"https:\/\/experienciadevida.com.ar\/portalurbano\/fin-al-conflicto-de-aoma-con-minerar-loma-negra-se-logro-la-aplicacion-del-convenio-de-cemento\/","url":"https:\/\/experienciadevida.com.ar\/portalurbano\/fin-al-conflicto-de-aoma-con-minerar-loma-negra-se-logro-la-aplicacion-del-convenio-de-cemento\/","name":"Fin al conflicto de AOMA con minerar: Se logr\u00f3 un acuerdo","isPartOf":{"@id":"https:\/\/experienciadevida.com.ar\/portalurbano\/#website"},"datePublished":"2020-12-16T16:53:42+00:00","dateModified":"2020-12-16T17:01:12+00:00","description":"Despu\u00e9s de una reuni\u00f3n en el Ministerio de Trabajo arroj\u00f3 el fin al conflicto entre AOMA y las empresas Loma Negra y Minerar.","breadcrumb":{"@id":"https:\/\/experienciadevida.com.ar\/portalurbano\/fin-al-conflicto-de-aoma-con-minerar-loma-negra-se-logro-la-aplicacion-del-convenio-de-cemento\/#breadcrumb"},"inLanguage":"es","potentialAction":[{"@type":"ReadAction","target":["https:\/\/experienciadevida.com.ar\/portalurbano\/fin-al-conflicto-de-aoma-con-minerar-loma-negra-se-logro-la-aplicacion-del-convenio-de-cemento\/"]}]},{"@type":"BreadcrumbList","@id":"https:\/\/experienciadevida.com.ar\/portalurbano\/fin-al-conflicto-de-aoma-con-minerar-loma-negra-se-logro-la-aplicacion-del-convenio-de-cemento\/#breadcrumb","itemListElement":[{"@type":"ListItem","position":1,"name":"Portada","item":"https:\/\/experienciadevida.com.ar\/portalurbano\/"},{"@type":"ListItem","position":2,"name":"Fin al conflicto de AOMA con Minerar- Loma Negra: Se logr\u00f3 la aplicaci\u00f3n del convenio de cemento"}]},{"@type":"WebSite","@id":"https:\/\/experienciadevida.com.ar\/portalurbano\/#website","url":"https:\/\/experienciadevida.com.ar\/portalurbano\/","name":"","description":"","publisher":{"@id":"https:\/\/experienciadevida.com.ar\/portalurbano\/#organization"},"potentialAction":[{"@type":"SearchAction","target":{"@type":"EntryPoint","urlTemplate":"https:\/\/experienciadevida.com.ar\/portalurbano\/?s={search_term_string}"},"query-input":"required name=search_term_string"}],"inLanguage":"es"},{"@type":"Organization","@id":"https:\/\/experienciadevida.com.ar\/portalurbano\/#organization","name":"Portal Urbano","url":"https:\/\/experienciadevida.com.ar\/portalurbano\/","logo":{"@type":"ImageObject","inLanguage":"es","@id":"https:\/\/experienciadevida.com.ar\/portalurbano\/#\/schema\/logo\/image\/","url":"https:\/\/experienciadevida.com.ar\/portalurbano\/wp-content\/uploads\/2019\/09\/Logo-Original.png","contentUrl":"https:\/\/experienciadevida.com.ar\/portalurbano\/wp-content\/uploads\/2019\/09\/Logo-Original.png","width":2236,"height":1216,"caption":"Portal Urbano"},"image":{"@id":"https:\/\/experienciadevida.com.ar\/portalurbano\/#\/schema\/logo\/image\/"},"sameAs":["https:\/\/www.facebook.com\/Portal-Urbano-171542830093757\/","https:\/\/twitter.com\/portalurbanook","https:\/\/www.instagram.com\/_portalurbano\/","https:\/\/www.youtube.com\/channel\/UCXhagIfszH8KxFiOok79zbA?view_as=subscriber"]},{"@type":"Person","@id":"https:\/\/experienciadevida.com.ar\/portalurbano\/#\/schema\/person\/02dd326b1c4b056e9cc972486934a3a7","name":"admpu17wp","image":{"@type":"ImageObject","inLanguage":"es","@id":"https:\/\/experienciadevida.com.ar\/portalurbano\/#\/schema\/person\/image\/","url":"https:\/\/secure.gravatar.com\/avatar\/830d4c57adaae6630765e449a6908047?s=96&d=mm&r=g","contentUrl":"https:\/\/secure.gravatar.com\/avatar\/830d4c57adaae6630765e449a6908047?s=96&d=mm&r=g","caption":"admpu17wp"}}]}},"featured_image_urls":{"full":["https:\/\/experienciadevida.com.ar\/portalurbano\/wp-content\/uploads\/2020\/12\/Laplace-1.jpg",886,600,false],"thumbnail":["https:\/\/experienciadevida.com.ar\/portalurbano\/wp-content\/uploads\/2020\/12\/Laplace-1-150x150.jpg",150,150,true],"medium":["https:\/\/experienciadevida.com.ar\/portalurbano\/wp-content\/uploads\/2020\/12\/Laplace-1-300x203.jpg",300,203,true],"medium_large":["https:\/\/experienciadevida.com.ar\/portalurbano\/wp-content\/uploads\/2020\/12\/Laplace-1-768x520.jpg",640,433,true],"large":["https:\/\/experienciadevida.com.ar\/portalurbano\/wp-content\/uploads\/2020\/12\/Laplace-1.jpg",640,433,false],"ug_big":["https:\/\/experienciadevida.com.ar\/portalurbano\/wp-content\/uploads\/2020\/12\/Laplace-1-768x520.jpg",768,520,true],"1536x1536":["https:\/\/experienciadevida.com.ar\/portalurbano\/wp-content\/uploads\/2020\/12\/Laplace-1.jpg",886,600,false],"2048x2048":["https:\/\/experienciadevida.com.ar\/portalurbano\/wp-content\/uploads\/2020\/12\/Laplace-1.jpg",886,600,false],"newsever-slider-full":["https:\/\/experienciadevida.com.ar\/portalurbano\/wp-content\/uploads\/2020\/12\/Laplace-1.jpg",886,600,false],"newsever-featured":["https:\/\/experienciadevida.com.ar\/portalurbano\/wp-content\/uploads\/2020\/12\/Laplace-1.jpg",886,600,false],"newsever-medium":["https:\/\/experienciadevida.com.ar\/portalurbano\/wp-content\/uploads\/2020\/12\/Laplace-1.jpg",701,475,false],"web-stories-poster-portrait":["https:\/\/experienciadevida.com.ar\/portalurbano\/wp-content\/uploads\/2020\/12\/Laplace-1.jpg",640,433,false],"web-stories-publisher-logo":["https:\/\/experienciadevida.com.ar\/portalurbano\/wp-content\/uploads\/2020\/12\/Laplace-1.jpg",96,65,false],"web-stories-thumbnail":["https:\/\/experienciadevida.com.ar\/portalurbano\/wp-content\/uploads\/2020\/12\/Laplace-1.jpg",150,102,false]},"author_info":{"display_name":"admpu17wp","author_link":"https:\/\/experienciadevida.com.ar\/portalurbano\/author\/admpu17wp\/"},"category_info":"<a href=\"https:\/\/experienciadevida.com.ar\/portalurbano\/category\/ciudad\/\" rel=\"category tag\">Ciudad<\/a> <a href=\"https:\/\/experienciadevida.com.ar\/portalurbano\/category\/destacadas-2\/\" rel=\"category tag\">Destacadas 2<\/a>","tag_info":"Destacadas 2","comment_count":"0","amp_enabled":true,"_links":{"self":[{"href":"https:\/\/experienciadevida.com.ar\/portalurbano\/wp-json\/wp\/v2\/posts\/130038"}],"collection":[{"href":"https:\/\/experienciadevida.com.ar\/portalurbano\/wp-json\/wp\/v2\/posts"}],"about":[{"href":"https:\/\/experienciadevida.com.ar\/portalurbano\/wp-json\/wp\/v2\/types\/post"}],"author":[{"embeddable":true,"href":"https:\/\/experienciadevida.com.ar\/portalurbano\/wp-json\/wp\/v2\/users\/1"}],"replies":[{"embeddable":true,"href":"https:\/\/experienciadevida.com.ar\/portalurbano\/wp-json\/wp\/v2\/comments?post=130038"}],"version-history":[{"count":2,"href":"https:\/\/experienciadevida.com.ar\/portalurbano\/wp-json\/wp\/v2\/posts\/130038\/revisions"}],"predecessor-version":[{"id":130043,"href":"https:\/\/experienciadevida.com.ar\/portalurbano\/wp-json\/wp\/v2\/posts\/130038\/revisions\/130043"}],"wp:featuredmedia":[{"embeddable":true,"href":"https:\/\/experienciadevida.com.ar\/portalurbano\/wp-json\/wp\/v2\/media\/130039"}],"wp:attachment":[{"href":"https:\/\/experienciadevida.com.ar\/portalurbano\/wp-json\/wp\/v2\/media?parent=130038"}],"wp:term":[{"taxonomy":"category","embeddable":true,"href":"https:\/\/experienciadevida.com.ar\/portalurbano\/wp-json\/wp\/v2\/categories?post=130038"},{"taxonomy":"post_tag","embeddable":true,"href":"https:\/\/experienciadevida.com.ar\/portalurbano\/wp-json\/wp\/v2\/tags?post=130038"}],"curies":[{"name":"wp","href":"https:\/\/api.w.org\/{rel}","templated":true}]}}