{"id":129972,"date":"2020-12-15T21:20:15","date_gmt":"2020-12-16T00:20:15","guid":{"rendered":"https:\/\/experienciadevida.com.ar\/portalurbano\/?p=129972"},"modified":"2020-12-15T21:23:45","modified_gmt":"2020-12-16T00:23:45","slug":"illescasel-radicalismo-es-un-servicio-que-tiene-que-prestar-para-garantizar-la-mejor-gobernacion-a-la-sociedad","status":"publish","type":"post","link":"https:\/\/experienciadevida.com.ar\/portalurbano\/illescasel-radicalismo-es-un-servicio-que-tiene-que-prestar-para-garantizar-la-mejor-gobernacion-a-la-sociedad\/","title":{"rendered":"Illescas:&#8221;El radicalismo es un servicio que tiene que prestar para garantizar la mejor gobernaci\u00f3n a la sociedad&#8221;"},"content":{"rendered":"<p>Este martes, en el Club Mariano Moreno, se realiz\u00f3 una conferencia de prensa ante la llegada de referentes del radicalismo de cara a las internas del espacio a nivel local.<\/p>\n<p>En la misma, estuvieron presentes el Senador Provincial, Alejandro Celillo, la Diputada Provincial, Alejandra Lorden, el Intendente de Rojas, Claudio Rossi y la Diputada Provincial Melisa Grecco.<\/p>\n<p>A ra\u00edz de esta conferencia este medio dialog\u00f3 con el candidato a presidente del comit\u00e9 Radical Olavarr\u00eda Franco Illescas que con respecto a la reuni\u00f3n mencion\u00f3 &#8220;<em>hoy nos vinieron a dar un apoyo a nivel local para que la gente nos referencie con ellos&#8221;.<\/em><\/p>\n<p><strong>La interna del radicalismo local<\/strong>:<\/p>\n<p>En Olavarr\u00eda hay tres l\u00edneas internas del radicalismo. Una de ellas la 123 liderada por Illescas, otra lista encabezada por Gonzalo Dolagaray y una tercera lista que tiene a Lanceta como principal referente<\/p>\n<p>Illescas mencion\u00f3 que <em>&#8220;la actual conducci\u00f3n del comit\u00e9 est\u00e1 lejos de los afiliados. No tiene di\u00e1logo y no se est\u00e1n haciendo reuniones. Al afiliado radical se lo visita cada dos a\u00f1os cuando hay elecciones, siempre se les pide algo y no tiene que ser as\u00ed. El radicalismo nunca estuvo trabajando con los afiliados&#8221;.<\/em><\/p>\n<p><strong>La interna en el<\/strong> <strong>HCD<\/strong>:<\/p>\n<p>&#8220;Hay un problema que tiene siempre cualquier conducci\u00f3n del radicalismo, que se confunde la labor de los concejales con la del comit\u00e9, no es lo mismo. El concejal debe participar dentro del comit\u00e9, dando cuentas de todo lo que realiza en el HCD, pero lo que hace un concejal no es todo lo que hace una conducci\u00f3n al radicalismo. La conducci\u00f3n tiene que tener otras herramientas para poder brindar una mejor representaci\u00f3n al comit\u00e9 por alg\u00fan tema en particular, as\u00ed es muy dif\u00edcil que haya una conexi\u00f3n entre el comit\u00e9 radical y el afiliado&#8221;.<\/p>\n<p>Illescas ante la pregunta de la interna inclusive dentro del HCD dijo <em>&#8220;hay un concejal que est\u00e1 por la conducci\u00f3n actual del radicalismo, otra radical, Celeste Arouxet\u00a0 y juntos por el cambio. Esas divisiones hacen que tambi\u00e9n haya internas partidarias porque cada una de las l\u00edneas internas tiene representatividad dentro del Consejo Deliberante a trav\u00e9s de esos concejales&#8221;.<\/em><\/p>\n<p>Con respecto al trabajo en conjunto explic<em>\u00f3 &#8220;depende muchas veces de la actitud que tenga cada uno de los concejales y responsabilidad que tengan dentro del radicalismo, as\u00ed\u00a0es muy dif\u00edcil que se pueda dialogar. La uni\u00f3n del radicalismo se est\u00e1 esperando hace mucho tiempo&#8221;.<\/em><\/p>\n<p>&#8220;<em>En vez de tener tres bloques con representantes del radicalismo en cada uno, tuvi\u00e9semos un solo bloque de cinco concejales, podr\u00edamos proyectar mucho mejor para la ciudad que haci\u00e9ndolo de forma separada. El d\u00eda en que\u00a0 en el radicalismo se termine el ego\u00edsmo va\u00a0 a surgir como un partido aceptable para que la gente vuelva a confiar y que pueda liderar espacios&#8221;.<\/em><\/p>\n<p><em>&#8220;Hoy hay acompa\u00f1amiento de referentes provinciales, siempre que haya un candidato respetable van a dar el apoyo correspondiente. Es la primera vez que veo tanto apoyo para una elecci\u00f3n interna&#8221;.<\/em><\/p>\n<p><strong>Acciones locales:<\/strong><\/p>\n<p><em>&#8220;Quiero que el afiliado radical sepa que a trav\u00e9s de nosotros va\u00a0 a poder trabajar y expresarse as\u00ed como tambi\u00e9n con los Diputados y Senadores. Hay un compromiso muy fuerte para trabajar en la reconstrucci\u00f3n del comit\u00e9&#8221;.<\/em><\/p>\n<p><em>&#8220;Si nosotros tenemos acceso a ganar la interna radical, en el menor tiempo posible se va a tener una casa partidaria para que el afiliado radical pueda volver\u00a0 y sentirse parte. Conf\u00edo en que en el futuro haya un canal de di\u00e1logo, hay que dejar de lado los ego\u00edsmos, el radicalismo es un servicio que uno tiene que prestar para poder garantizar al pueblo radical la mejor gobernaci\u00f3n para la sociedad&#8221;.<\/em><\/p>\n<p>Al finalizar remarc\u00f3<em> &#8220;el d\u00eda en que el radicalismo se pueda sentar\u00a0 y trabajar juntos reci\u00e9n ah\u00ed se va a poder tener un canal de di\u00e1logo y llegar a diferentes tipos de consensos pero mientras sea un partido de un solo grupo de personas es muy dif\u00edcil&#8221;.<\/em><\/p>\n","protected":false},"excerpt":{"rendered":"<p>Este martes, en el Club Mariano Moreno, se realiz\u00f3 una conferencia de prensa ante la&#8230;<\/p>\n","protected":false},"author":1,"featured_media":129985,"comment_status":"closed","ping_status":"closed","sticky":false,"template":"","format":"standard","meta":{"content-type":""},"categories":[64,43],"tags":[],"nelio_content":{"isAutoShareEnabled":false,"autoShareEndMode":"default","automationSources":{"useContentSentences":true,"useSocialTemplates":true,"useCustomSentences":false,"customSentences":[]},"followers":[1],"suggestedReferences":[],"includedReferences":[],"efiUrl":"","efiAlt":"","highlights":[]},"yoast_head":"<!-- This site is optimized with the Yoast SEO plugin v20.7 - https:\/\/yoast.com\/wordpress\/plugins\/seo\/ -->\n<title>Illescas&quot; El radicalismo es un servicio para garantizar mejor gobernacion&quot;<\/title>\n<meta name=\"description\" content=\"Este martes se realiz\u00f3 una conferencia de prensa encabezada por Franco Illescas, candidato a presidente del comit\u00e9 radical.\" \/>\n<meta name=\"robots\" content=\"index, follow, max-snippet:-1, max-image-preview:large, max-video-preview:-1\" \/>\n<link rel=\"canonical\" href=\"https:\/\/experienciadevida.com.ar\/portalurbano\/illescasel-radicalismo-es-un-servicio-que-tiene-que-prestar-para-garantizar-la-mejor-gobernacion-a-la-sociedad\/\" \/>\n<meta property=\"og:locale\" content=\"es_ES\" \/>\n<meta property=\"og:type\" content=\"article\" \/>\n<meta property=\"og:title\" content=\"Illescas&quot; El radicalismo es un servicio para garantizar mejor gobernacion&quot;\" \/>\n<meta property=\"og:description\" content=\"Este martes se realiz\u00f3 una conferencia de prensa encabezada por Franco Illescas, candidato a presidente del comit\u00e9 radical.\" \/>\n<meta property=\"og:url\" content=\"https:\/\/experienciadevida.com.ar\/portalurbano\/illescasel-radicalismo-es-un-servicio-que-tiene-que-prestar-para-garantizar-la-mejor-gobernacion-a-la-sociedad\/\" \/>\n<meta property=\"article:publisher\" content=\"https:\/\/www.facebook.com\/Portal-Urbano-171542830093757\/\" \/>\n<meta property=\"article:published_time\" content=\"2020-12-16T00:20:15+00:00\" \/>\n<meta property=\"article:modified_time\" content=\"2020-12-16T00:23:45+00:00\" \/>\n<meta property=\"og:image\" content=\"https:\/\/experienciadevida.com.ar\/portalurbano\/wp-content\/uploads\/2020\/12\/Illescas.jpg\" \/>\n\t<meta property=\"og:image:width\" content=\"1280\" \/>\n\t<meta property=\"og:image:height\" content=\"843\" \/>\n\t<meta property=\"og:image:type\" content=\"image\/jpeg\" \/>\n<meta name=\"author\" content=\"admpu17wp\" \/>\n<meta name=\"twitter:card\" content=\"summary_large_image\" \/>\n<meta name=\"twitter:creator\" content=\"@portalurbanook\" \/>\n<meta name=\"twitter:site\" content=\"@portalurbanook\" \/>\n<meta name=\"twitter:label1\" content=\"Escrito por\" \/>\n\t<meta name=\"twitter:data1\" content=\"admpu17wp\" \/>\n\t<meta name=\"twitter:label2\" content=\"Tiempo de lectura\" \/>\n\t<meta name=\"twitter:data2\" content=\"3 minutos\" \/>\n<script type=\"application\/ld+json\" class=\"yoast-schema-graph\">{\"@context\":\"https:\/\/schema.org\",\"@graph\":[{\"@type\":\"Article\",\"@id\":\"https:\/\/experienciadevida.com.ar\/portalurbano\/illescasel-radicalismo-es-un-servicio-que-tiene-que-prestar-para-garantizar-la-mejor-gobernacion-a-la-sociedad\/#article\",\"isPartOf\":{\"@id\":\"https:\/\/experienciadevida.com.ar\/portalurbano\/illescasel-radicalismo-es-un-servicio-que-tiene-que-prestar-para-garantizar-la-mejor-gobernacion-a-la-sociedad\/\"},\"author\":{\"name\":\"admpu17wp\",\"@id\":\"https:\/\/experienciadevida.com.ar\/portalurbano\/#\/schema\/person\/02dd326b1c4b056e9cc972486934a3a7\"},\"headline\":\"Illescas:&#8221;El radicalismo es un servicio que tiene que prestar para garantizar la mejor gobernaci\u00f3n a la sociedad&#8221;\",\"datePublished\":\"2020-12-16T00:20:15+00:00\",\"dateModified\":\"2020-12-16T00:23:45+00:00\",\"mainEntityOfPage\":{\"@id\":\"https:\/\/experienciadevida.com.ar\/portalurbano\/illescasel-radicalismo-es-un-servicio-que-tiene-que-prestar-para-garantizar-la-mejor-gobernacion-a-la-sociedad\/\"},\"wordCount\":701,\"publisher\":{\"@id\":\"https:\/\/experienciadevida.com.ar\/portalurbano\/#organization\"},\"articleSection\":[\"Destacadas 2\",\"Pol\u00edtica\"],\"inLanguage\":\"es\"},{\"@type\":\"WebPage\",\"@id\":\"https:\/\/experienciadevida.com.ar\/portalurbano\/illescasel-radicalismo-es-un-servicio-que-tiene-que-prestar-para-garantizar-la-mejor-gobernacion-a-la-sociedad\/\",\"url\":\"https:\/\/experienciadevida.com.ar\/portalurbano\/illescasel-radicalismo-es-un-servicio-que-tiene-que-prestar-para-garantizar-la-mejor-gobernacion-a-la-sociedad\/\",\"name\":\"Illescas\\\" El radicalismo es un servicio para garantizar mejor gobernacion\\\"\",\"isPartOf\":{\"@id\":\"https:\/\/experienciadevida.com.ar\/portalurbano\/#website\"},\"datePublished\":\"2020-12-16T00:20:15+00:00\",\"dateModified\":\"2020-12-16T00:23:45+00:00\",\"description\":\"Este martes se realiz\u00f3 una conferencia de prensa encabezada por Franco Illescas, candidato a presidente del comit\u00e9 radical.\",\"breadcrumb\":{\"@id\":\"https:\/\/experienciadevida.com.ar\/portalurbano\/illescasel-radicalismo-es-un-servicio-que-tiene-que-prestar-para-garantizar-la-mejor-gobernacion-a-la-sociedad\/#breadcrumb\"},\"inLanguage\":\"es\",\"potentialAction\":[{\"@type\":\"ReadAction\",\"target\":[\"https:\/\/experienciadevida.com.ar\/portalurbano\/illescasel-radicalismo-es-un-servicio-que-tiene-que-prestar-para-garantizar-la-mejor-gobernacion-a-la-sociedad\/\"]}]},{\"@type\":\"BreadcrumbList\",\"@id\":\"https:\/\/experienciadevida.com.ar\/portalurbano\/illescasel-radicalismo-es-un-servicio-que-tiene-que-prestar-para-garantizar-la-mejor-gobernacion-a-la-sociedad\/#breadcrumb\",\"itemListElement\":[{\"@type\":\"ListItem\",\"position\":1,\"name\":\"Portada\",\"item\":\"https:\/\/experienciadevida.com.ar\/portalurbano\/\"},{\"@type\":\"ListItem\",\"position\":2,\"name\":\"Illescas:\u00bbEl radicalismo es un servicio que tiene que prestar para garantizar la mejor gobernaci\u00f3n a la sociedad\u00bb\"}]},{\"@type\":\"WebSite\",\"@id\":\"https:\/\/experienciadevida.com.ar\/portalurbano\/#website\",\"url\":\"https:\/\/experienciadevida.com.ar\/portalurbano\/\",\"name\":\"\",\"description\":\"\",\"publisher\":{\"@id\":\"https:\/\/experienciadevida.com.ar\/portalurbano\/#organization\"},\"potentialAction\":[{\"@type\":\"SearchAction\",\"target\":{\"@type\":\"EntryPoint\",\"urlTemplate\":\"https:\/\/experienciadevida.com.ar\/portalurbano\/?s={search_term_string}\"},\"query-input\":\"required name=search_term_string\"}],\"inLanguage\":\"es\"},{\"@type\":\"Organization\",\"@id\":\"https:\/\/experienciadevida.com.ar\/portalurbano\/#organization\",\"name\":\"Portal Urbano\",\"url\":\"https:\/\/experienciadevida.com.ar\/portalurbano\/\",\"logo\":{\"@type\":\"ImageObject\",\"inLanguage\":\"es\",\"@id\":\"https:\/\/experienciadevida.com.ar\/portalurbano\/#\/schema\/logo\/image\/\",\"url\":\"https:\/\/experienciadevida.com.ar\/portalurbano\/wp-content\/uploads\/2019\/09\/Logo-Original.png\",\"contentUrl\":\"https:\/\/experienciadevida.com.ar\/portalurbano\/wp-content\/uploads\/2019\/09\/Logo-Original.png\",\"width\":2236,\"height\":1216,\"caption\":\"Portal Urbano\"},\"image\":{\"@id\":\"https:\/\/experienciadevida.com.ar\/portalurbano\/#\/schema\/logo\/image\/\"},\"sameAs\":[\"https:\/\/www.facebook.com\/Portal-Urbano-171542830093757\/\",\"https:\/\/twitter.com\/portalurbanook\",\"https:\/\/www.instagram.com\/_portalurbano\/\",\"https:\/\/www.youtube.com\/channel\/UCXhagIfszH8KxFiOok79zbA?view_as=subscriber\"]},{\"@type\":\"Person\",\"@id\":\"https:\/\/experienciadevida.com.ar\/portalurbano\/#\/schema\/person\/02dd326b1c4b056e9cc972486934a3a7\",\"name\":\"admpu17wp\",\"image\":{\"@type\":\"ImageObject\",\"inLanguage\":\"es\",\"@id\":\"https:\/\/experienciadevida.com.ar\/portalurbano\/#\/schema\/person\/image\/\",\"url\":\"https:\/\/secure.gravatar.com\/avatar\/830d4c57adaae6630765e449a6908047?s=96&d=mm&r=g\",\"contentUrl\":\"https:\/\/secure.gravatar.com\/avatar\/830d4c57adaae6630765e449a6908047?s=96&d=mm&r=g\",\"caption\":\"admpu17wp\"}}]}<\/script>\n<!-- \/ Yoast SEO plugin. -->","yoast_head_json":{"title":"Illescas\" El radicalismo es un servicio para garantizar mejor gobernacion\"","description":"Este martes se realiz\u00f3 una conferencia de prensa encabezada por Franco Illescas, candidato a presidente del comit\u00e9 radical.","robots":{"index":"index","follow":"follow","max-snippet":"max-snippet:-1","max-image-preview":"max-image-preview:large","max-video-preview":"max-video-preview:-1"},"canonical":"https:\/\/experienciadevida.com.ar\/portalurbano\/illescasel-radicalismo-es-un-servicio-que-tiene-que-prestar-para-garantizar-la-mejor-gobernacion-a-la-sociedad\/","og_locale":"es_ES","og_type":"article","og_title":"Illescas\" El radicalismo es un servicio para garantizar mejor gobernacion\"","og_description":"Este martes se realiz\u00f3 una conferencia de prensa encabezada por Franco Illescas, candidato a presidente del comit\u00e9 radical.","og_url":"https:\/\/experienciadevida.com.ar\/portalurbano\/illescasel-radicalismo-es-un-servicio-que-tiene-que-prestar-para-garantizar-la-mejor-gobernacion-a-la-sociedad\/","article_publisher":"https:\/\/www.facebook.com\/Portal-Urbano-171542830093757\/","article_published_time":"2020-12-16T00:20:15+00:00","article_modified_time":"2020-12-16T00:23:45+00:00","og_image":[{"width":1280,"height":843,"url":"https:\/\/experienciadevida.com.ar\/portalurbano\/wp-content\/uploads\/2020\/12\/Illescas.jpg","type":"image\/jpeg"}],"author":"admpu17wp","twitter_card":"summary_large_image","twitter_creator":"@portalurbanook","twitter_site":"@portalurbanook","twitter_misc":{"Escrito por":"admpu17wp","Tiempo de lectura":"3 minutos"},"schema":{"@context":"https:\/\/schema.org","@graph":[{"@type":"Article","@id":"https:\/\/experienciadevida.com.ar\/portalurbano\/illescasel-radicalismo-es-un-servicio-que-tiene-que-prestar-para-garantizar-la-mejor-gobernacion-a-la-sociedad\/#article","isPartOf":{"@id":"https:\/\/experienciadevida.com.ar\/portalurbano\/illescasel-radicalismo-es-un-servicio-que-tiene-que-prestar-para-garantizar-la-mejor-gobernacion-a-la-sociedad\/"},"author":{"name":"admpu17wp","@id":"https:\/\/experienciadevida.com.ar\/portalurbano\/#\/schema\/person\/02dd326b1c4b056e9cc972486934a3a7"},"headline":"Illescas:&#8221;El radicalismo es un servicio que tiene que prestar para garantizar la mejor gobernaci\u00f3n a la sociedad&#8221;","datePublished":"2020-12-16T00:20:15+00:00","dateModified":"2020-12-16T00:23:45+00:00","mainEntityOfPage":{"@id":"https:\/\/experienciadevida.com.ar\/portalurbano\/illescasel-radicalismo-es-un-servicio-que-tiene-que-prestar-para-garantizar-la-mejor-gobernacion-a-la-sociedad\/"},"wordCount":701,"publisher":{"@id":"https:\/\/experienciadevida.com.ar\/portalurbano\/#organization"},"articleSection":["Destacadas 2","Pol\u00edtica"],"inLanguage":"es"},{"@type":"WebPage","@id":"https:\/\/experienciadevida.com.ar\/portalurbano\/illescasel-radicalismo-es-un-servicio-que-tiene-que-prestar-para-garantizar-la-mejor-gobernacion-a-la-sociedad\/","url":"https:\/\/experienciadevida.com.ar\/portalurbano\/illescasel-radicalismo-es-un-servicio-que-tiene-que-prestar-para-garantizar-la-mejor-gobernacion-a-la-sociedad\/","name":"Illescas\" El radicalismo es un servicio para garantizar mejor gobernacion\"","isPartOf":{"@id":"https:\/\/experienciadevida.com.ar\/portalurbano\/#website"},"datePublished":"2020-12-16T00:20:15+00:00","dateModified":"2020-12-16T00:23:45+00:00","description":"Este martes se realiz\u00f3 una conferencia de prensa encabezada por Franco Illescas, candidato a presidente del comit\u00e9 radical.","breadcrumb":{"@id":"https:\/\/experienciadevida.com.ar\/portalurbano\/illescasel-radicalismo-es-un-servicio-que-tiene-que-prestar-para-garantizar-la-mejor-gobernacion-a-la-sociedad\/#breadcrumb"},"inLanguage":"es","potentialAction":[{"@type":"ReadAction","target":["https:\/\/experienciadevida.com.ar\/portalurbano\/illescasel-radicalismo-es-un-servicio-que-tiene-que-prestar-para-garantizar-la-mejor-gobernacion-a-la-sociedad\/"]}]},{"@type":"BreadcrumbList","@id":"https:\/\/experienciadevida.com.ar\/portalurbano\/illescasel-radicalismo-es-un-servicio-que-tiene-que-prestar-para-garantizar-la-mejor-gobernacion-a-la-sociedad\/#breadcrumb","itemListElement":[{"@type":"ListItem","position":1,"name":"Portada","item":"https:\/\/experienciadevida.com.ar\/portalurbano\/"},{"@type":"ListItem","position":2,"name":"Illescas:\u00bbEl radicalismo es un servicio que tiene que prestar para garantizar la mejor gobernaci\u00f3n a la sociedad\u00bb"}]},{"@type":"WebSite","@id":"https:\/\/experienciadevida.com.ar\/portalurbano\/#website","url":"https:\/\/experienciadevida.com.ar\/portalurbano\/","name":"","description":"","publisher":{"@id":"https:\/\/experienciadevida.com.ar\/portalurbano\/#organization"},"potentialAction":[{"@type":"SearchAction","target":{"@type":"EntryPoint","urlTemplate":"https:\/\/experienciadevida.com.ar\/portalurbano\/?s={search_term_string}"},"query-input":"required name=search_term_string"}],"inLanguage":"es"},{"@type":"Organization","@id":"https:\/\/experienciadevida.com.ar\/portalurbano\/#organization","name":"Portal Urbano","url":"https:\/\/experienciadevida.com.ar\/portalurbano\/","logo":{"@type":"ImageObject","inLanguage":"es","@id":"https:\/\/experienciadevida.com.ar\/portalurbano\/#\/schema\/logo\/image\/","url":"https:\/\/experienciadevida.com.ar\/portalurbano\/wp-content\/uploads\/2019\/09\/Logo-Original.png","contentUrl":"https:\/\/experienciadevida.com.ar\/portalurbano\/wp-content\/uploads\/2019\/09\/Logo-Original.png","width":2236,"height":1216,"caption":"Portal Urbano"},"image":{"@id":"https:\/\/experienciadevida.com.ar\/portalurbano\/#\/schema\/logo\/image\/"},"sameAs":["https:\/\/www.facebook.com\/Portal-Urbano-171542830093757\/","https:\/\/twitter.com\/portalurbanook","https:\/\/www.instagram.com\/_portalurbano\/","https:\/\/www.youtube.com\/channel\/UCXhagIfszH8KxFiOok79zbA?view_as=subscriber"]},{"@type":"Person","@id":"https:\/\/experienciadevida.com.ar\/portalurbano\/#\/schema\/person\/02dd326b1c4b056e9cc972486934a3a7","name":"admpu17wp","image":{"@type":"ImageObject","inLanguage":"es","@id":"https:\/\/experienciadevida.com.ar\/portalurbano\/#\/schema\/person\/image\/","url":"https:\/\/secure.gravatar.com\/avatar\/830d4c57adaae6630765e449a6908047?s=96&d=mm&r=g","contentUrl":"https:\/\/secure.gravatar.com\/avatar\/830d4c57adaae6630765e449a6908047?s=96&d=mm&r=g","caption":"admpu17wp"}}]}},"featured_image_urls":{"full":["https:\/\/experienciadevida.com.ar\/portalurbano\/wp-content\/uploads\/2020\/12\/Illescas.jpg",1280,843,false],"thumbnail":["https:\/\/experienciadevida.com.ar\/portalurbano\/wp-content\/uploads\/2020\/12\/Illescas-150x150.jpg",150,150,true],"medium":["https:\/\/experienciadevida.com.ar\/portalurbano\/wp-content\/uploads\/2020\/12\/Illescas-300x198.jpg",300,198,true],"medium_large":["https:\/\/experienciadevida.com.ar\/portalurbano\/wp-content\/uploads\/2020\/12\/Illescas-768x506.jpg",640,422,true],"large":["https:\/\/experienciadevida.com.ar\/portalurbano\/wp-content\/uploads\/2020\/12\/Illescas-1024x674.jpg",640,421,true],"ug_big":["https:\/\/experienciadevida.com.ar\/portalurbano\/wp-content\/uploads\/2020\/12\/Illescas-768x506.jpg",768,506,true],"1536x1536":["https:\/\/experienciadevida.com.ar\/portalurbano\/wp-content\/uploads\/2020\/12\/Illescas.jpg",1280,843,false],"2048x2048":["https:\/\/experienciadevida.com.ar\/portalurbano\/wp-content\/uploads\/2020\/12\/Illescas.jpg",1280,843,false],"newsever-slider-full":["https:\/\/experienciadevida.com.ar\/portalurbano\/wp-content\/uploads\/2020\/12\/Illescas.jpg",1280,843,false],"newsever-featured":["https:\/\/experienciadevida.com.ar\/portalurbano\/wp-content\/uploads\/2020\/12\/Illescas.jpg",1024,674,false],"newsever-medium":["https:\/\/experienciadevida.com.ar\/portalurbano\/wp-content\/uploads\/2020\/12\/Illescas.jpg",720,475,false],"web-stories-poster-portrait":["https:\/\/experienciadevida.com.ar\/portalurbano\/wp-content\/uploads\/2020\/12\/Illescas.jpg",640,422,false],"web-stories-publisher-logo":["https:\/\/experienciadevida.com.ar\/portalurbano\/wp-content\/uploads\/2020\/12\/Illescas.jpg",96,63,false],"web-stories-thumbnail":["https:\/\/experienciadevida.com.ar\/portalurbano\/wp-content\/uploads\/2020\/12\/Illescas.jpg",150,99,false]},"author_info":{"display_name":"admpu17wp","author_link":"https:\/\/experienciadevida.com.ar\/portalurbano\/author\/admpu17wp\/"},"category_info":"<a href=\"https:\/\/experienciadevida.com.ar\/portalurbano\/category\/destacadas-2\/\" rel=\"category tag\">Destacadas 2<\/a> <a href=\"https:\/\/experienciadevida.com.ar\/portalurbano\/category\/politica\/\" rel=\"category tag\">Pol\u00edtica<\/a>","tag_info":"Pol\u00edtica","comment_count":"0","amp_enabled":true,"_links":{"self":[{"href":"https:\/\/experienciadevida.com.ar\/portalurbano\/wp-json\/wp\/v2\/posts\/129972"}],"collection":[{"href":"https:\/\/experienciadevida.com.ar\/portalurbano\/wp-json\/wp\/v2\/posts"}],"about":[{"href":"https:\/\/experienciadevida.com.ar\/portalurbano\/wp-json\/wp\/v2\/types\/post"}],"author":[{"embeddable":true,"href":"https:\/\/experienciadevida.com.ar\/portalurbano\/wp-json\/wp\/v2\/users\/1"}],"replies":[{"embeddable":true,"href":"https:\/\/experienciadevida.com.ar\/portalurbano\/wp-json\/wp\/v2\/comments?post=129972"}],"version-history":[{"count":6,"href":"https:\/\/experienciadevida.com.ar\/portalurbano\/wp-json\/wp\/v2\/posts\/129972\/revisions"}],"predecessor-version":[{"id":129988,"href":"https:\/\/experienciadevida.com.ar\/portalurbano\/wp-json\/wp\/v2\/posts\/129972\/revisions\/129988"}],"wp:featuredmedia":[{"embeddable":true,"href":"https:\/\/experienciadevida.com.ar\/portalurbano\/wp-json\/wp\/v2\/media\/129985"}],"wp:attachment":[{"href":"https:\/\/experienciadevida.com.ar\/portalurbano\/wp-json\/wp\/v2\/media?parent=129972"}],"wp:term":[{"taxonomy":"category","embeddable":true,"href":"https:\/\/experienciadevida.com.ar\/portalurbano\/wp-json\/wp\/v2\/categories?post=129972"},{"taxonomy":"post_tag","embeddable":true,"href":"https:\/\/experienciadevida.com.ar\/portalurbano\/wp-json\/wp\/v2\/tags?post=129972"}],"curies":[{"name":"wp","href":"https:\/\/api.w.org\/{rel}","templated":true}]}}