{"id":129818,"date":"2020-12-14T10:56:41","date_gmt":"2020-12-14T13:56:41","guid":{"rendered":"https:\/\/experienciadevida.com.ar\/portalurbano\/?p=129818"},"modified":"2020-12-14T11:00:46","modified_gmt":"2020-12-14T14:00:46","slug":"franco-cominotto-junto-a-martin-lousteau-en-el-plenario-de-evolucion-radical-en-la-tercera-seccion","status":"publish","type":"post","link":"https:\/\/experienciadevida.com.ar\/portalurbano\/franco-cominotto-junto-a-martin-lousteau-en-el-plenario-de-evolucion-radical-en-la-tercera-seccion\/","title":{"rendered":"Franco Cominotto junto a Mart\u00edn Lousteau en el Plenario de Evoluci\u00f3n Radical en la Tercera Secci\u00f3n"},"content":{"rendered":"<p>El candidato a Secretario General para el Comit\u00e9 Provincia y referente del radicalismo olavarriense <a href=\"https:\/\/www.facebook.com\/francobruno.cominotto\">Franco Cominotto<\/a> particip\u00f3 el s\u00e1bado pasado del acto que se llev\u00f3 a cabo en Esteban Echeverr\u00eda, encabezado por el Senador Nacional Mart\u00edn Lousteau y el Intendente de San Isidro Gustavo Posse, quien busca conducir el radicalismo bonaerense.<\/p>\n<p>En el encuentro, adem\u00e1s de dirigentes y candidatos de los 19 distritos que componen la tercera secci\u00f3n electoral de los diferentes sectores que componen la Lista 14 \u201cProtagonismo Radical\u201d, tambi\u00e9n estuvieron presentes Danya Tavella, Vicerrectora de la UNNOBA y candidata a Vicepresidente, Pablo Domenichini, Rector de la UNAB y candidato a Delegado al Comit\u00e9 Nacional, el Diputado Nacional Emiliano Yacobitti y el ex Ministro Federico Storani.<\/p>\n<p>Lousteau sostuvo que \u201c<em>quiere y cree\u201d<\/em> en este radicalismo para transformar la realidad, porque del otro lado est\u00e1 <em>\u201cel que prefiere tener la s\u00faper estructura en vez de ir a gestionar en los lugares complejos, que tambi\u00e9n prefiere tener un intendente en el conurbano y dejarle cinco al PRO, o preguntarle a otro partido qui\u00e9nes deben ser los candidatos\u201d.<\/em><\/p>\n<p>Esta actividad, junto a la realizada el s\u00e1bado 5 en La Plata, forma parte de la recorrida provincial que los candidatos de la Lista 14 est\u00e1n llevando a cabo de cara a las internas del radicalismo bonaerense estipuladas para el 21 de marzo pr\u00f3ximo; sumando cada d\u00eda m\u00e1s adhesiones que buscan un radicalismo protagonista, sin seguidismos y que sea el \u201ccoraz\u00f3n y la cabeza\u201d de Juntos por el Cambio.<\/p>\n<p>&nbsp;<\/p>\n","protected":false},"excerpt":{"rendered":"<p>El candidato a Secretario General para el Comit\u00e9 Provincia y referente del radicalismo olavarriense Franco&#8230;<\/p>\n","protected":false},"author":1,"featured_media":129820,"comment_status":"closed","ping_status":"closed","sticky":false,"template":"","format":"standard","meta":{"content-type":""},"categories":[64,43],"tags":[],"nelio_content":{"isAutoShareEnabled":false,"autoShareEndMode":"default","automationSources":{"useContentSentences":true,"useSocialTemplates":true,"useCustomSentences":false,"customSentences":[]},"followers":[1],"suggestedReferences":[],"includedReferences":[],"efiUrl":"","efiAlt":"","highlights":[]},"yoast_head":"<!-- This site is optimized with the Yoast SEO plugin v20.7 - https:\/\/yoast.com\/wordpress\/plugins\/seo\/ -->\n<title>Franco Cominotto junto a Mart\u00edn Lousteau en el plenario de la evoluci\u00f3n<\/title>\n<meta name=\"description\" content=\"Franco Cominotto particip\u00f3 del acto que se llev\u00f3 a cabo en Esteban Echeverr\u00eda, encabezado por el Senador Nacional Mart\u00edn Lousteau.\" \/>\n<meta name=\"robots\" content=\"index, follow, max-snippet:-1, max-image-preview:large, max-video-preview:-1\" \/>\n<link rel=\"canonical\" href=\"https:\/\/experienciadevida.com.ar\/portalurbano\/franco-cominotto-junto-a-martin-lousteau-en-el-plenario-de-evolucion-radical-en-la-tercera-seccion\/\" \/>\n<meta property=\"og:locale\" content=\"es_ES\" \/>\n<meta property=\"og:type\" content=\"article\" \/>\n<meta property=\"og:title\" content=\"Franco Cominotto junto a Mart\u00edn Lousteau en el plenario de la evoluci\u00f3n\" \/>\n<meta property=\"og:description\" content=\"Franco Cominotto particip\u00f3 del acto que se llev\u00f3 a cabo en Esteban Echeverr\u00eda, encabezado por el Senador Nacional Mart\u00edn Lousteau.\" \/>\n<meta property=\"og:url\" content=\"https:\/\/experienciadevida.com.ar\/portalurbano\/franco-cominotto-junto-a-martin-lousteau-en-el-plenario-de-evolucion-radical-en-la-tercera-seccion\/\" \/>\n<meta property=\"article:publisher\" content=\"https:\/\/www.facebook.com\/Portal-Urbano-171542830093757\/\" \/>\n<meta property=\"article:published_time\" content=\"2020-12-14T13:56:41+00:00\" \/>\n<meta property=\"article:modified_time\" content=\"2020-12-14T14:00:46+00:00\" \/>\n<meta property=\"og:image\" content=\"https:\/\/experienciadevida.com.ar\/portalurbano\/wp-content\/uploads\/2020\/12\/Franco-Cominotto.jpeg\" \/>\n\t<meta property=\"og:image:width\" content=\"765\" \/>\n\t<meta property=\"og:image:height\" content=\"510\" \/>\n\t<meta property=\"og:image:type\" content=\"image\/jpeg\" \/>\n<meta name=\"author\" content=\"admpu17wp\" \/>\n<meta name=\"twitter:card\" content=\"summary_large_image\" \/>\n<meta name=\"twitter:creator\" content=\"@portalurbanook\" \/>\n<meta name=\"twitter:site\" content=\"@portalurbanook\" \/>\n<meta name=\"twitter:label1\" content=\"Escrito por\" \/>\n\t<meta name=\"twitter:data1\" content=\"admpu17wp\" \/>\n\t<meta name=\"twitter:label2\" content=\"Tiempo de lectura\" \/>\n\t<meta name=\"twitter:data2\" content=\"1 minuto\" \/>\n<script type=\"application\/ld+json\" class=\"yoast-schema-graph\">{\"@context\":\"https:\/\/schema.org\",\"@graph\":[{\"@type\":\"Article\",\"@id\":\"https:\/\/experienciadevida.com.ar\/portalurbano\/franco-cominotto-junto-a-martin-lousteau-en-el-plenario-de-evolucion-radical-en-la-tercera-seccion\/#article\",\"isPartOf\":{\"@id\":\"https:\/\/experienciadevida.com.ar\/portalurbano\/franco-cominotto-junto-a-martin-lousteau-en-el-plenario-de-evolucion-radical-en-la-tercera-seccion\/\"},\"author\":{\"name\":\"admpu17wp\",\"@id\":\"https:\/\/experienciadevida.com.ar\/portalurbano\/#\/schema\/person\/02dd326b1c4b056e9cc972486934a3a7\"},\"headline\":\"Franco Cominotto junto a Mart\u00edn Lousteau en el Plenario de Evoluci\u00f3n Radical en la Tercera Secci\u00f3n\",\"datePublished\":\"2020-12-14T13:56:41+00:00\",\"dateModified\":\"2020-12-14T14:00:46+00:00\",\"mainEntityOfPage\":{\"@id\":\"https:\/\/experienciadevida.com.ar\/portalurbano\/franco-cominotto-junto-a-martin-lousteau-en-el-plenario-de-evolucion-radical-en-la-tercera-seccion\/\"},\"wordCount\":275,\"publisher\":{\"@id\":\"https:\/\/experienciadevida.com.ar\/portalurbano\/#organization\"},\"articleSection\":[\"Destacadas 2\",\"Pol\u00edtica\"],\"inLanguage\":\"es\"},{\"@type\":\"WebPage\",\"@id\":\"https:\/\/experienciadevida.com.ar\/portalurbano\/franco-cominotto-junto-a-martin-lousteau-en-el-plenario-de-evolucion-radical-en-la-tercera-seccion\/\",\"url\":\"https:\/\/experienciadevida.com.ar\/portalurbano\/franco-cominotto-junto-a-martin-lousteau-en-el-plenario-de-evolucion-radical-en-la-tercera-seccion\/\",\"name\":\"Franco Cominotto junto a Mart\u00edn Lousteau en el plenario de la evoluci\u00f3n\",\"isPartOf\":{\"@id\":\"https:\/\/experienciadevida.com.ar\/portalurbano\/#website\"},\"datePublished\":\"2020-12-14T13:56:41+00:00\",\"dateModified\":\"2020-12-14T14:00:46+00:00\",\"description\":\"Franco Cominotto particip\u00f3 del acto que se llev\u00f3 a cabo en Esteban Echeverr\u00eda, encabezado por el Senador Nacional Mart\u00edn Lousteau.\",\"breadcrumb\":{\"@id\":\"https:\/\/experienciadevida.com.ar\/portalurbano\/franco-cominotto-junto-a-martin-lousteau-en-el-plenario-de-evolucion-radical-en-la-tercera-seccion\/#breadcrumb\"},\"inLanguage\":\"es\",\"potentialAction\":[{\"@type\":\"ReadAction\",\"target\":[\"https:\/\/experienciadevida.com.ar\/portalurbano\/franco-cominotto-junto-a-martin-lousteau-en-el-plenario-de-evolucion-radical-en-la-tercera-seccion\/\"]}]},{\"@type\":\"BreadcrumbList\",\"@id\":\"https:\/\/experienciadevida.com.ar\/portalurbano\/franco-cominotto-junto-a-martin-lousteau-en-el-plenario-de-evolucion-radical-en-la-tercera-seccion\/#breadcrumb\",\"itemListElement\":[{\"@type\":\"ListItem\",\"position\":1,\"name\":\"Portada\",\"item\":\"https:\/\/experienciadevida.com.ar\/portalurbano\/\"},{\"@type\":\"ListItem\",\"position\":2,\"name\":\"Franco Cominotto junto a Mart\u00edn Lousteau en el Plenario de Evoluci\u00f3n Radical en la Tercera Secci\u00f3n\"}]},{\"@type\":\"WebSite\",\"@id\":\"https:\/\/experienciadevida.com.ar\/portalurbano\/#website\",\"url\":\"https:\/\/experienciadevida.com.ar\/portalurbano\/\",\"name\":\"\",\"description\":\"\",\"publisher\":{\"@id\":\"https:\/\/experienciadevida.com.ar\/portalurbano\/#organization\"},\"potentialAction\":[{\"@type\":\"SearchAction\",\"target\":{\"@type\":\"EntryPoint\",\"urlTemplate\":\"https:\/\/experienciadevida.com.ar\/portalurbano\/?s={search_term_string}\"},\"query-input\":\"required name=search_term_string\"}],\"inLanguage\":\"es\"},{\"@type\":\"Organization\",\"@id\":\"https:\/\/experienciadevida.com.ar\/portalurbano\/#organization\",\"name\":\"Portal Urbano\",\"url\":\"https:\/\/experienciadevida.com.ar\/portalurbano\/\",\"logo\":{\"@type\":\"ImageObject\",\"inLanguage\":\"es\",\"@id\":\"https:\/\/experienciadevida.com.ar\/portalurbano\/#\/schema\/logo\/image\/\",\"url\":\"https:\/\/experienciadevida.com.ar\/portalurbano\/wp-content\/uploads\/2019\/09\/Logo-Original.png\",\"contentUrl\":\"https:\/\/experienciadevida.com.ar\/portalurbano\/wp-content\/uploads\/2019\/09\/Logo-Original.png\",\"width\":2236,\"height\":1216,\"caption\":\"Portal Urbano\"},\"image\":{\"@id\":\"https:\/\/experienciadevida.com.ar\/portalurbano\/#\/schema\/logo\/image\/\"},\"sameAs\":[\"https:\/\/www.facebook.com\/Portal-Urbano-171542830093757\/\",\"https:\/\/twitter.com\/portalurbanook\",\"https:\/\/www.instagram.com\/_portalurbano\/\",\"https:\/\/www.youtube.com\/channel\/UCXhagIfszH8KxFiOok79zbA?view_as=subscriber\"]},{\"@type\":\"Person\",\"@id\":\"https:\/\/experienciadevida.com.ar\/portalurbano\/#\/schema\/person\/02dd326b1c4b056e9cc972486934a3a7\",\"name\":\"admpu17wp\",\"image\":{\"@type\":\"ImageObject\",\"inLanguage\":\"es\",\"@id\":\"https:\/\/experienciadevida.com.ar\/portalurbano\/#\/schema\/person\/image\/\",\"url\":\"https:\/\/secure.gravatar.com\/avatar\/830d4c57adaae6630765e449a6908047?s=96&d=mm&r=g\",\"contentUrl\":\"https:\/\/secure.gravatar.com\/avatar\/830d4c57adaae6630765e449a6908047?s=96&d=mm&r=g\",\"caption\":\"admpu17wp\"}}]}<\/script>\n<!-- \/ Yoast SEO plugin. -->","yoast_head_json":{"title":"Franco Cominotto junto a Mart\u00edn Lousteau en el plenario de la evoluci\u00f3n","description":"Franco Cominotto particip\u00f3 del acto que se llev\u00f3 a cabo en Esteban Echeverr\u00eda, encabezado por el Senador Nacional Mart\u00edn Lousteau.","robots":{"index":"index","follow":"follow","max-snippet":"max-snippet:-1","max-image-preview":"max-image-preview:large","max-video-preview":"max-video-preview:-1"},"canonical":"https:\/\/experienciadevida.com.ar\/portalurbano\/franco-cominotto-junto-a-martin-lousteau-en-el-plenario-de-evolucion-radical-en-la-tercera-seccion\/","og_locale":"es_ES","og_type":"article","og_title":"Franco Cominotto junto a Mart\u00edn Lousteau en el plenario de la evoluci\u00f3n","og_description":"Franco Cominotto particip\u00f3 del acto que se llev\u00f3 a cabo en Esteban Echeverr\u00eda, encabezado por el Senador Nacional Mart\u00edn Lousteau.","og_url":"https:\/\/experienciadevida.com.ar\/portalurbano\/franco-cominotto-junto-a-martin-lousteau-en-el-plenario-de-evolucion-radical-en-la-tercera-seccion\/","article_publisher":"https:\/\/www.facebook.com\/Portal-Urbano-171542830093757\/","article_published_time":"2020-12-14T13:56:41+00:00","article_modified_time":"2020-12-14T14:00:46+00:00","og_image":[{"width":765,"height":510,"url":"https:\/\/experienciadevida.com.ar\/portalurbano\/wp-content\/uploads\/2020\/12\/Franco-Cominotto.jpeg","type":"image\/jpeg"}],"author":"admpu17wp","twitter_card":"summary_large_image","twitter_creator":"@portalurbanook","twitter_site":"@portalurbanook","twitter_misc":{"Escrito por":"admpu17wp","Tiempo de lectura":"1 minuto"},"schema":{"@context":"https:\/\/schema.org","@graph":[{"@type":"Article","@id":"https:\/\/experienciadevida.com.ar\/portalurbano\/franco-cominotto-junto-a-martin-lousteau-en-el-plenario-de-evolucion-radical-en-la-tercera-seccion\/#article","isPartOf":{"@id":"https:\/\/experienciadevida.com.ar\/portalurbano\/franco-cominotto-junto-a-martin-lousteau-en-el-plenario-de-evolucion-radical-en-la-tercera-seccion\/"},"author":{"name":"admpu17wp","@id":"https:\/\/experienciadevida.com.ar\/portalurbano\/#\/schema\/person\/02dd326b1c4b056e9cc972486934a3a7"},"headline":"Franco Cominotto junto a Mart\u00edn Lousteau en el Plenario de Evoluci\u00f3n Radical en la Tercera Secci\u00f3n","datePublished":"2020-12-14T13:56:41+00:00","dateModified":"2020-12-14T14:00:46+00:00","mainEntityOfPage":{"@id":"https:\/\/experienciadevida.com.ar\/portalurbano\/franco-cominotto-junto-a-martin-lousteau-en-el-plenario-de-evolucion-radical-en-la-tercera-seccion\/"},"wordCount":275,"publisher":{"@id":"https:\/\/experienciadevida.com.ar\/portalurbano\/#organization"},"articleSection":["Destacadas 2","Pol\u00edtica"],"inLanguage":"es"},{"@type":"WebPage","@id":"https:\/\/experienciadevida.com.ar\/portalurbano\/franco-cominotto-junto-a-martin-lousteau-en-el-plenario-de-evolucion-radical-en-la-tercera-seccion\/","url":"https:\/\/experienciadevida.com.ar\/portalurbano\/franco-cominotto-junto-a-martin-lousteau-en-el-plenario-de-evolucion-radical-en-la-tercera-seccion\/","name":"Franco Cominotto junto a Mart\u00edn Lousteau en el plenario de la evoluci\u00f3n","isPartOf":{"@id":"https:\/\/experienciadevida.com.ar\/portalurbano\/#website"},"datePublished":"2020-12-14T13:56:41+00:00","dateModified":"2020-12-14T14:00:46+00:00","description":"Franco Cominotto particip\u00f3 del acto que se llev\u00f3 a cabo en Esteban Echeverr\u00eda, encabezado por el Senador Nacional Mart\u00edn Lousteau.","breadcrumb":{"@id":"https:\/\/experienciadevida.com.ar\/portalurbano\/franco-cominotto-junto-a-martin-lousteau-en-el-plenario-de-evolucion-radical-en-la-tercera-seccion\/#breadcrumb"},"inLanguage":"es","potentialAction":[{"@type":"ReadAction","target":["https:\/\/experienciadevida.com.ar\/portalurbano\/franco-cominotto-junto-a-martin-lousteau-en-el-plenario-de-evolucion-radical-en-la-tercera-seccion\/"]}]},{"@type":"BreadcrumbList","@id":"https:\/\/experienciadevida.com.ar\/portalurbano\/franco-cominotto-junto-a-martin-lousteau-en-el-plenario-de-evolucion-radical-en-la-tercera-seccion\/#breadcrumb","itemListElement":[{"@type":"ListItem","position":1,"name":"Portada","item":"https:\/\/experienciadevida.com.ar\/portalurbano\/"},{"@type":"ListItem","position":2,"name":"Franco Cominotto junto a Mart\u00edn Lousteau en el Plenario de Evoluci\u00f3n Radical en la Tercera Secci\u00f3n"}]},{"@type":"WebSite","@id":"https:\/\/experienciadevida.com.ar\/portalurbano\/#website","url":"https:\/\/experienciadevida.com.ar\/portalurbano\/","name":"","description":"","publisher":{"@id":"https:\/\/experienciadevida.com.ar\/portalurbano\/#organization"},"potentialAction":[{"@type":"SearchAction","target":{"@type":"EntryPoint","urlTemplate":"https:\/\/experienciadevida.com.ar\/portalurbano\/?s={search_term_string}"},"query-input":"required name=search_term_string"}],"inLanguage":"es"},{"@type":"Organization","@id":"https:\/\/experienciadevida.com.ar\/portalurbano\/#organization","name":"Portal Urbano","url":"https:\/\/experienciadevida.com.ar\/portalurbano\/","logo":{"@type":"ImageObject","inLanguage":"es","@id":"https:\/\/experienciadevida.com.ar\/portalurbano\/#\/schema\/logo\/image\/","url":"https:\/\/experienciadevida.com.ar\/portalurbano\/wp-content\/uploads\/2019\/09\/Logo-Original.png","contentUrl":"https:\/\/experienciadevida.com.ar\/portalurbano\/wp-content\/uploads\/2019\/09\/Logo-Original.png","width":2236,"height":1216,"caption":"Portal Urbano"},"image":{"@id":"https:\/\/experienciadevida.com.ar\/portalurbano\/#\/schema\/logo\/image\/"},"sameAs":["https:\/\/www.facebook.com\/Portal-Urbano-171542830093757\/","https:\/\/twitter.com\/portalurbanook","https:\/\/www.instagram.com\/_portalurbano\/","https:\/\/www.youtube.com\/channel\/UCXhagIfszH8KxFiOok79zbA?view_as=subscriber"]},{"@type":"Person","@id":"https:\/\/experienciadevida.com.ar\/portalurbano\/#\/schema\/person\/02dd326b1c4b056e9cc972486934a3a7","name":"admpu17wp","image":{"@type":"ImageObject","inLanguage":"es","@id":"https:\/\/experienciadevida.com.ar\/portalurbano\/#\/schema\/person\/image\/","url":"https:\/\/secure.gravatar.com\/avatar\/830d4c57adaae6630765e449a6908047?s=96&d=mm&r=g","contentUrl":"https:\/\/secure.gravatar.com\/avatar\/830d4c57adaae6630765e449a6908047?s=96&d=mm&r=g","caption":"admpu17wp"}}]}},"featured_image_urls":{"full":["https:\/\/experienciadevida.com.ar\/portalurbano\/wp-content\/uploads\/2020\/12\/Franco-Cominotto.jpeg",765,510,false],"thumbnail":["https:\/\/experienciadevida.com.ar\/portalurbano\/wp-content\/uploads\/2020\/12\/Franco-Cominotto-150x150.jpeg",150,150,true],"medium":["https:\/\/experienciadevida.com.ar\/portalurbano\/wp-content\/uploads\/2020\/12\/Franco-Cominotto-300x200.jpeg",300,200,true],"medium_large":["https:\/\/experienciadevida.com.ar\/portalurbano\/wp-content\/uploads\/2020\/12\/Franco-Cominotto.jpeg",640,427,false],"large":["https:\/\/experienciadevida.com.ar\/portalurbano\/wp-content\/uploads\/2020\/12\/Franco-Cominotto.jpeg",640,427,false],"ug_big":["https:\/\/experienciadevida.com.ar\/portalurbano\/wp-content\/uploads\/2020\/12\/Franco-Cominotto.jpeg",765,510,false],"1536x1536":["https:\/\/experienciadevida.com.ar\/portalurbano\/wp-content\/uploads\/2020\/12\/Franco-Cominotto.jpeg",765,510,false],"2048x2048":["https:\/\/experienciadevida.com.ar\/portalurbano\/wp-content\/uploads\/2020\/12\/Franco-Cominotto.jpeg",765,510,false],"newsever-slider-full":["https:\/\/experienciadevida.com.ar\/portalurbano\/wp-content\/uploads\/2020\/12\/Franco-Cominotto.jpeg",765,510,false],"newsever-featured":["https:\/\/experienciadevida.com.ar\/portalurbano\/wp-content\/uploads\/2020\/12\/Franco-Cominotto.jpeg",765,510,false],"newsever-medium":["https:\/\/experienciadevida.com.ar\/portalurbano\/wp-content\/uploads\/2020\/12\/Franco-Cominotto.jpeg",713,475,false],"web-stories-poster-portrait":["https:\/\/experienciadevida.com.ar\/portalurbano\/wp-content\/uploads\/2020\/12\/Franco-Cominotto.jpeg",640,427,false],"web-stories-publisher-logo":["https:\/\/experienciadevida.com.ar\/portalurbano\/wp-content\/uploads\/2020\/12\/Franco-Cominotto.jpeg",96,64,false],"web-stories-thumbnail":["https:\/\/experienciadevida.com.ar\/portalurbano\/wp-content\/uploads\/2020\/12\/Franco-Cominotto.jpeg",150,100,false]},"author_info":{"display_name":"admpu17wp","author_link":"https:\/\/experienciadevida.com.ar\/portalurbano\/author\/admpu17wp\/"},"category_info":"<a href=\"https:\/\/experienciadevida.com.ar\/portalurbano\/category\/destacadas-2\/\" rel=\"category tag\">Destacadas 2<\/a> <a href=\"https:\/\/experienciadevida.com.ar\/portalurbano\/category\/politica\/\" rel=\"category tag\">Pol\u00edtica<\/a>","tag_info":"Pol\u00edtica","comment_count":"0","amp_enabled":true,"_links":{"self":[{"href":"https:\/\/experienciadevida.com.ar\/portalurbano\/wp-json\/wp\/v2\/posts\/129818"}],"collection":[{"href":"https:\/\/experienciadevida.com.ar\/portalurbano\/wp-json\/wp\/v2\/posts"}],"about":[{"href":"https:\/\/experienciadevida.com.ar\/portalurbano\/wp-json\/wp\/v2\/types\/post"}],"author":[{"embeddable":true,"href":"https:\/\/experienciadevida.com.ar\/portalurbano\/wp-json\/wp\/v2\/users\/1"}],"replies":[{"embeddable":true,"href":"https:\/\/experienciadevida.com.ar\/portalurbano\/wp-json\/wp\/v2\/comments?post=129818"}],"version-history":[{"count":3,"href":"https:\/\/experienciadevida.com.ar\/portalurbano\/wp-json\/wp\/v2\/posts\/129818\/revisions"}],"predecessor-version":[{"id":129823,"href":"https:\/\/experienciadevida.com.ar\/portalurbano\/wp-json\/wp\/v2\/posts\/129818\/revisions\/129823"}],"wp:featuredmedia":[{"embeddable":true,"href":"https:\/\/experienciadevida.com.ar\/portalurbano\/wp-json\/wp\/v2\/media\/129820"}],"wp:attachment":[{"href":"https:\/\/experienciadevida.com.ar\/portalurbano\/wp-json\/wp\/v2\/media?parent=129818"}],"wp:term":[{"taxonomy":"category","embeddable":true,"href":"https:\/\/experienciadevida.com.ar\/portalurbano\/wp-json\/wp\/v2\/categories?post=129818"},{"taxonomy":"post_tag","embeddable":true,"href":"https:\/\/experienciadevida.com.ar\/portalurbano\/wp-json\/wp\/v2\/tags?post=129818"}],"curies":[{"name":"wp","href":"https:\/\/api.w.org\/{rel}","templated":true}]}}