{"id":129744,"date":"2020-12-12T14:55:20","date_gmt":"2020-12-12T17:55:20","guid":{"rendered":"https:\/\/experienciadevida.com.ar\/portalurbano\/?p=129744"},"modified":"2020-12-12T14:55:20","modified_gmt":"2020-12-12T17:55:20","slug":"bloque-ucr-el-aumento-del-agua-fuera-de-contexto","status":"publish","type":"post","link":"https:\/\/experienciadevida.com.ar\/portalurbano\/bloque-ucr-el-aumento-del-agua-fuera-de-contexto\/","title":{"rendered":"Bloque UCR: &#8220;El aumento del agua fuera de contexto&#8221;"},"content":{"rendered":"<p>Desde el Bloque UCR, emitieron un comunicado tras\u00a0 la aprobaci\u00f3n del aumento del agua, donde mencionan que &#8220;es fuera de contexto&#8221;.<\/p>\n<p>El comunicado menciona lo siguiente:<\/p>\n<p>&#8220;El \u00faltimo jueves se sentenci\u00f3 que a partir del 1 de enero de 2021 el consumo de agua de los vecinos de Olavarr\u00eda tendr\u00e1 un nuevo impacto en las econom\u00edas hogare\u00f1as ya de por s\u00ed muy golpeada en medio del contexto que nos toca atravesar. El pedido presentado por Coopelectric para el aumento del servicio de agua y cloacas fue aprobado en la sesi\u00f3n del HCD por 11 votos a 9, por lo cual tendremos un incremento del servicio del 97 %&#8221;.<\/p>\n<p>Por otro lado, &#8220;Como es de p\u00fablico conocimiento, y representando a la UCR local y los principios que representa, no acompa\u00f1\u00e9 el pedido de la Cooperativa entendiendo lo poco oportuno del aumento y la falta de entendimiento de la realidad que atraviesan miles de olavarrienses por estos d\u00edas. En la sesi\u00f3n solicitamos que el expediente vuelva a comisi\u00f3n para poder evaluar en profundidad la nueva propuesta, lo cual creo primordial para poder analizar la viabilidad de dicho aumento y el impacto directo que tendr\u00e1 en las empresas y PYMES locales, pero fundamentalmente en los ya golpeados bolsillos de los vecinos de Olavarr\u00eda. Estamos atravesando un contexto de extensi\u00f3n de pandemia y cuadro de emergencia econ\u00f3mica, que viene acompa\u00f1ado por falta de trabajo, aumentos de precios y una proyecci\u00f3n de la inflaci\u00f3n anual estimada por el gobierno nacional para 2021 superior al 40%&#8221;.<\/p>\n<p>&#8220;Pero no puedo detenerme \u00fanicamente en el aumento tarifario. Hoy estamos hablando de un servicio de agua potable que est\u00e1 demostrando graves falencias en su funcionamiento. Y es all\u00ed, donde debo insistir que Olavarr\u00eda debe tener un Organismo Municipal que controle los servicios concesionarios. Desde la UCR de Olavarr\u00eda trabajamos y presentamos en tres oportunidades un proyecto para crear dicho organismo (presentado por \u00faltima vez en el a\u00f1o 2019)&#8221;.<\/p>\n<p>Por otro lado &#8220;Con este organismo en funciones hoy podr\u00edamos controlar no solo las bases y procedimientos para el c\u00e1lculo de tarifas de los contratos que otorguen las concesiones (elaboraci\u00f3n de los cuadros tarifarios, modificaciones de precios, etc.), sino tambi\u00e9n cuidar el buen funcionamiento y mantenimiento de los servicios (aplicando las penalidades correspondientes en caso de incurrir en incumplimiento de sus obligaciones)&#8221;.<\/p>\n<p>&#8220;Hoy, por el contrario, nos encontramos con una prestadora de servicios que presiona a los diferentes estamentos gubernamentales (m\u00e1s all\u00e1 de que haya quienes se presten a ese juego), con el \u00fanico fin de seguir manej\u00e1ndose como una empresa privada, y no como una cooperativa que est\u00e1 inmersa en la comunidad que la sostiene, brindando servicios acordes y coherentes a lo que sus propios vecinos le demandan&#8221;, finaliz\u00f3.<\/p>\n","protected":false},"excerpt":{"rendered":"<p>Desde el Bloque UCR, emitieron un comunicado tras\u00a0 la aprobaci\u00f3n del aumento del agua, donde&#8230;<\/p>\n","protected":false},"author":1,"featured_media":117649,"comment_status":"closed","ping_status":"closed","sticky":false,"template":"","format":"standard","meta":{"content-type":""},"categories":[51,43],"tags":[],"nelio_content":{"isAutoShareEnabled":false,"autoShareEndMode":"default","automationSources":{"useContentSentences":true,"useSocialTemplates":true,"useCustomSentences":false,"customSentences":[]},"followers":[1],"suggestedReferences":[],"includedReferences":[],"efiUrl":"","efiAlt":"","highlights":[]},"yoast_head":"<!-- This site is optimized with the Yoast SEO plugin v20.7 - https:\/\/yoast.com\/wordpress\/plugins\/seo\/ -->\n<title>Bloque UCR: &quot;El aumento del agua fuera de contexto&quot; -<\/title>\n<meta name=\"robots\" content=\"index, follow, max-snippet:-1, max-image-preview:large, max-video-preview:-1\" \/>\n<link rel=\"canonical\" href=\"https:\/\/experienciadevida.com.ar\/portalurbano\/bloque-ucr-el-aumento-del-agua-fuera-de-contexto\/\" \/>\n<meta property=\"og:locale\" content=\"es_ES\" \/>\n<meta property=\"og:type\" content=\"article\" \/>\n<meta property=\"og:title\" content=\"Bloque UCR: &quot;El aumento del agua fuera de contexto&quot; -\" \/>\n<meta property=\"og:description\" content=\"Desde el Bloque UCR, emitieron un comunicado tras\u00a0 la aprobaci\u00f3n del aumento del agua, donde...\" \/>\n<meta property=\"og:url\" content=\"https:\/\/experienciadevida.com.ar\/portalurbano\/bloque-ucr-el-aumento-del-agua-fuera-de-contexto\/\" \/>\n<meta property=\"article:publisher\" content=\"https:\/\/www.facebook.com\/Portal-Urbano-171542830093757\/\" \/>\n<meta property=\"article:published_time\" content=\"2020-12-12T17:55:20+00:00\" \/>\n<meta property=\"og:image\" content=\"https:\/\/experienciadevida.com.ar\/portalurbano\/wp-content\/uploads\/2020\/08\/MARTINLASTAPE.png\" \/>\n\t<meta property=\"og:image:width\" content=\"790\" \/>\n\t<meta property=\"og:image:height\" content=\"391\" \/>\n\t<meta property=\"og:image:type\" content=\"image\/png\" \/>\n<meta name=\"author\" content=\"admpu17wp\" \/>\n<meta name=\"twitter:card\" content=\"summary_large_image\" \/>\n<meta name=\"twitter:creator\" content=\"@portalurbanook\" \/>\n<meta name=\"twitter:site\" content=\"@portalurbanook\" \/>\n<meta name=\"twitter:label1\" content=\"Escrito por\" \/>\n\t<meta name=\"twitter:data1\" content=\"admpu17wp\" \/>\n\t<meta name=\"twitter:label2\" content=\"Tiempo de lectura\" \/>\n\t<meta name=\"twitter:data2\" content=\"2 minutos\" \/>\n<script type=\"application\/ld+json\" class=\"yoast-schema-graph\">{\"@context\":\"https:\/\/schema.org\",\"@graph\":[{\"@type\":\"Article\",\"@id\":\"https:\/\/experienciadevida.com.ar\/portalurbano\/bloque-ucr-el-aumento-del-agua-fuera-de-contexto\/#article\",\"isPartOf\":{\"@id\":\"https:\/\/experienciadevida.com.ar\/portalurbano\/bloque-ucr-el-aumento-del-agua-fuera-de-contexto\/\"},\"author\":{\"name\":\"admpu17wp\",\"@id\":\"https:\/\/experienciadevida.com.ar\/portalurbano\/#\/schema\/person\/02dd326b1c4b056e9cc972486934a3a7\"},\"headline\":\"Bloque UCR: &#8220;El aumento del agua fuera de contexto&#8221;\",\"datePublished\":\"2020-12-12T17:55:20+00:00\",\"dateModified\":\"2020-12-12T17:55:20+00:00\",\"mainEntityOfPage\":{\"@id\":\"https:\/\/experienciadevida.com.ar\/portalurbano\/bloque-ucr-el-aumento-del-agua-fuera-de-contexto\/\"},\"wordCount\":473,\"publisher\":{\"@id\":\"https:\/\/experienciadevida.com.ar\/portalurbano\/#organization\"},\"articleSection\":[\"Destacadas\",\"Pol\u00edtica\"],\"inLanguage\":\"es\"},{\"@type\":\"WebPage\",\"@id\":\"https:\/\/experienciadevida.com.ar\/portalurbano\/bloque-ucr-el-aumento-del-agua-fuera-de-contexto\/\",\"url\":\"https:\/\/experienciadevida.com.ar\/portalurbano\/bloque-ucr-el-aumento-del-agua-fuera-de-contexto\/\",\"name\":\"Bloque UCR: \\\"El aumento del agua fuera de contexto\\\" -\",\"isPartOf\":{\"@id\":\"https:\/\/experienciadevida.com.ar\/portalurbano\/#website\"},\"datePublished\":\"2020-12-12T17:55:20+00:00\",\"dateModified\":\"2020-12-12T17:55:20+00:00\",\"breadcrumb\":{\"@id\":\"https:\/\/experienciadevida.com.ar\/portalurbano\/bloque-ucr-el-aumento-del-agua-fuera-de-contexto\/#breadcrumb\"},\"inLanguage\":\"es\",\"potentialAction\":[{\"@type\":\"ReadAction\",\"target\":[\"https:\/\/experienciadevida.com.ar\/portalurbano\/bloque-ucr-el-aumento-del-agua-fuera-de-contexto\/\"]}]},{\"@type\":\"BreadcrumbList\",\"@id\":\"https:\/\/experienciadevida.com.ar\/portalurbano\/bloque-ucr-el-aumento-del-agua-fuera-de-contexto\/#breadcrumb\",\"itemListElement\":[{\"@type\":\"ListItem\",\"position\":1,\"name\":\"Portada\",\"item\":\"https:\/\/experienciadevida.com.ar\/portalurbano\/\"},{\"@type\":\"ListItem\",\"position\":2,\"name\":\"Bloque UCR: \u00abEl aumento del agua fuera de contexto\u00bb\"}]},{\"@type\":\"WebSite\",\"@id\":\"https:\/\/experienciadevida.com.ar\/portalurbano\/#website\",\"url\":\"https:\/\/experienciadevida.com.ar\/portalurbano\/\",\"name\":\"\",\"description\":\"\",\"publisher\":{\"@id\":\"https:\/\/experienciadevida.com.ar\/portalurbano\/#organization\"},\"potentialAction\":[{\"@type\":\"SearchAction\",\"target\":{\"@type\":\"EntryPoint\",\"urlTemplate\":\"https:\/\/experienciadevida.com.ar\/portalurbano\/?s={search_term_string}\"},\"query-input\":\"required name=search_term_string\"}],\"inLanguage\":\"es\"},{\"@type\":\"Organization\",\"@id\":\"https:\/\/experienciadevida.com.ar\/portalurbano\/#organization\",\"name\":\"Portal Urbano\",\"url\":\"https:\/\/experienciadevida.com.ar\/portalurbano\/\",\"logo\":{\"@type\":\"ImageObject\",\"inLanguage\":\"es\",\"@id\":\"https:\/\/experienciadevida.com.ar\/portalurbano\/#\/schema\/logo\/image\/\",\"url\":\"https:\/\/experienciadevida.com.ar\/portalurbano\/wp-content\/uploads\/2019\/09\/Logo-Original.png\",\"contentUrl\":\"https:\/\/experienciadevida.com.ar\/portalurbano\/wp-content\/uploads\/2019\/09\/Logo-Original.png\",\"width\":2236,\"height\":1216,\"caption\":\"Portal Urbano\"},\"image\":{\"@id\":\"https:\/\/experienciadevida.com.ar\/portalurbano\/#\/schema\/logo\/image\/\"},\"sameAs\":[\"https:\/\/www.facebook.com\/Portal-Urbano-171542830093757\/\",\"https:\/\/twitter.com\/portalurbanook\",\"https:\/\/www.instagram.com\/_portalurbano\/\",\"https:\/\/www.youtube.com\/channel\/UCXhagIfszH8KxFiOok79zbA?view_as=subscriber\"]},{\"@type\":\"Person\",\"@id\":\"https:\/\/experienciadevida.com.ar\/portalurbano\/#\/schema\/person\/02dd326b1c4b056e9cc972486934a3a7\",\"name\":\"admpu17wp\",\"image\":{\"@type\":\"ImageObject\",\"inLanguage\":\"es\",\"@id\":\"https:\/\/experienciadevida.com.ar\/portalurbano\/#\/schema\/person\/image\/\",\"url\":\"https:\/\/secure.gravatar.com\/avatar\/830d4c57adaae6630765e449a6908047?s=96&d=mm&r=g\",\"contentUrl\":\"https:\/\/secure.gravatar.com\/avatar\/830d4c57adaae6630765e449a6908047?s=96&d=mm&r=g\",\"caption\":\"admpu17wp\"}}]}<\/script>\n<!-- \/ Yoast SEO plugin. -->","yoast_head_json":{"title":"Bloque UCR: \"El aumento del agua fuera de contexto\" -","robots":{"index":"index","follow":"follow","max-snippet":"max-snippet:-1","max-image-preview":"max-image-preview:large","max-video-preview":"max-video-preview:-1"},"canonical":"https:\/\/experienciadevida.com.ar\/portalurbano\/bloque-ucr-el-aumento-del-agua-fuera-de-contexto\/","og_locale":"es_ES","og_type":"article","og_title":"Bloque UCR: \"El aumento del agua fuera de contexto\" -","og_description":"Desde el Bloque UCR, emitieron un comunicado tras\u00a0 la aprobaci\u00f3n del aumento del agua, donde...","og_url":"https:\/\/experienciadevida.com.ar\/portalurbano\/bloque-ucr-el-aumento-del-agua-fuera-de-contexto\/","article_publisher":"https:\/\/www.facebook.com\/Portal-Urbano-171542830093757\/","article_published_time":"2020-12-12T17:55:20+00:00","og_image":[{"width":790,"height":391,"url":"https:\/\/experienciadevida.com.ar\/portalurbano\/wp-content\/uploads\/2020\/08\/MARTINLASTAPE.png","type":"image\/png"}],"author":"admpu17wp","twitter_card":"summary_large_image","twitter_creator":"@portalurbanook","twitter_site":"@portalurbanook","twitter_misc":{"Escrito por":"admpu17wp","Tiempo de lectura":"2 minutos"},"schema":{"@context":"https:\/\/schema.org","@graph":[{"@type":"Article","@id":"https:\/\/experienciadevida.com.ar\/portalurbano\/bloque-ucr-el-aumento-del-agua-fuera-de-contexto\/#article","isPartOf":{"@id":"https:\/\/experienciadevida.com.ar\/portalurbano\/bloque-ucr-el-aumento-del-agua-fuera-de-contexto\/"},"author":{"name":"admpu17wp","@id":"https:\/\/experienciadevida.com.ar\/portalurbano\/#\/schema\/person\/02dd326b1c4b056e9cc972486934a3a7"},"headline":"Bloque UCR: &#8220;El aumento del agua fuera de contexto&#8221;","datePublished":"2020-12-12T17:55:20+00:00","dateModified":"2020-12-12T17:55:20+00:00","mainEntityOfPage":{"@id":"https:\/\/experienciadevida.com.ar\/portalurbano\/bloque-ucr-el-aumento-del-agua-fuera-de-contexto\/"},"wordCount":473,"publisher":{"@id":"https:\/\/experienciadevida.com.ar\/portalurbano\/#organization"},"articleSection":["Destacadas","Pol\u00edtica"],"inLanguage":"es"},{"@type":"WebPage","@id":"https:\/\/experienciadevida.com.ar\/portalurbano\/bloque-ucr-el-aumento-del-agua-fuera-de-contexto\/","url":"https:\/\/experienciadevida.com.ar\/portalurbano\/bloque-ucr-el-aumento-del-agua-fuera-de-contexto\/","name":"Bloque UCR: \"El aumento del agua fuera de contexto\" -","isPartOf":{"@id":"https:\/\/experienciadevida.com.ar\/portalurbano\/#website"},"datePublished":"2020-12-12T17:55:20+00:00","dateModified":"2020-12-12T17:55:20+00:00","breadcrumb":{"@id":"https:\/\/experienciadevida.com.ar\/portalurbano\/bloque-ucr-el-aumento-del-agua-fuera-de-contexto\/#breadcrumb"},"inLanguage":"es","potentialAction":[{"@type":"ReadAction","target":["https:\/\/experienciadevida.com.ar\/portalurbano\/bloque-ucr-el-aumento-del-agua-fuera-de-contexto\/"]}]},{"@type":"BreadcrumbList","@id":"https:\/\/experienciadevida.com.ar\/portalurbano\/bloque-ucr-el-aumento-del-agua-fuera-de-contexto\/#breadcrumb","itemListElement":[{"@type":"ListItem","position":1,"name":"Portada","item":"https:\/\/experienciadevida.com.ar\/portalurbano\/"},{"@type":"ListItem","position":2,"name":"Bloque UCR: \u00abEl aumento del agua fuera de contexto\u00bb"}]},{"@type":"WebSite","@id":"https:\/\/experienciadevida.com.ar\/portalurbano\/#website","url":"https:\/\/experienciadevida.com.ar\/portalurbano\/","name":"","description":"","publisher":{"@id":"https:\/\/experienciadevida.com.ar\/portalurbano\/#organization"},"potentialAction":[{"@type":"SearchAction","target":{"@type":"EntryPoint","urlTemplate":"https:\/\/experienciadevida.com.ar\/portalurbano\/?s={search_term_string}"},"query-input":"required name=search_term_string"}],"inLanguage":"es"},{"@type":"Organization","@id":"https:\/\/experienciadevida.com.ar\/portalurbano\/#organization","name":"Portal Urbano","url":"https:\/\/experienciadevida.com.ar\/portalurbano\/","logo":{"@type":"ImageObject","inLanguage":"es","@id":"https:\/\/experienciadevida.com.ar\/portalurbano\/#\/schema\/logo\/image\/","url":"https:\/\/experienciadevida.com.ar\/portalurbano\/wp-content\/uploads\/2019\/09\/Logo-Original.png","contentUrl":"https:\/\/experienciadevida.com.ar\/portalurbano\/wp-content\/uploads\/2019\/09\/Logo-Original.png","width":2236,"height":1216,"caption":"Portal Urbano"},"image":{"@id":"https:\/\/experienciadevida.com.ar\/portalurbano\/#\/schema\/logo\/image\/"},"sameAs":["https:\/\/www.facebook.com\/Portal-Urbano-171542830093757\/","https:\/\/twitter.com\/portalurbanook","https:\/\/www.instagram.com\/_portalurbano\/","https:\/\/www.youtube.com\/channel\/UCXhagIfszH8KxFiOok79zbA?view_as=subscriber"]},{"@type":"Person","@id":"https:\/\/experienciadevida.com.ar\/portalurbano\/#\/schema\/person\/02dd326b1c4b056e9cc972486934a3a7","name":"admpu17wp","image":{"@type":"ImageObject","inLanguage":"es","@id":"https:\/\/experienciadevida.com.ar\/portalurbano\/#\/schema\/person\/image\/","url":"https:\/\/secure.gravatar.com\/avatar\/830d4c57adaae6630765e449a6908047?s=96&d=mm&r=g","contentUrl":"https:\/\/secure.gravatar.com\/avatar\/830d4c57adaae6630765e449a6908047?s=96&d=mm&r=g","caption":"admpu17wp"}}]}},"featured_image_urls":{"full":["https:\/\/experienciadevida.com.ar\/portalurbano\/wp-content\/uploads\/2020\/08\/MARTINLASTAPE.png",790,391,false],"thumbnail":["https:\/\/experienciadevida.com.ar\/portalurbano\/wp-content\/uploads\/2020\/08\/MARTINLASTAPE-150x150.png",150,150,true],"medium":["https:\/\/experienciadevida.com.ar\/portalurbano\/wp-content\/uploads\/2020\/08\/MARTINLASTAPE-300x148.png",300,148,true],"medium_large":["https:\/\/experienciadevida.com.ar\/portalurbano\/wp-content\/uploads\/2020\/08\/MARTINLASTAPE-768x380.png",640,317,true],"large":["https:\/\/experienciadevida.com.ar\/portalurbano\/wp-content\/uploads\/2020\/08\/MARTINLASTAPE.png",640,317,false],"ug_big":["https:\/\/experienciadevida.com.ar\/portalurbano\/wp-content\/uploads\/2020\/08\/MARTINLASTAPE-768x380.png",768,380,true],"1536x1536":["https:\/\/experienciadevida.com.ar\/portalurbano\/wp-content\/uploads\/2020\/08\/MARTINLASTAPE.png",790,391,false],"2048x2048":["https:\/\/experienciadevida.com.ar\/portalurbano\/wp-content\/uploads\/2020\/08\/MARTINLASTAPE.png",790,391,false],"newsever-slider-full":["https:\/\/experienciadevida.com.ar\/portalurbano\/wp-content\/uploads\/2020\/08\/MARTINLASTAPE.png",790,391,false],"newsever-featured":["https:\/\/experienciadevida.com.ar\/portalurbano\/wp-content\/uploads\/2020\/08\/MARTINLASTAPE.png",790,391,false],"newsever-medium":["https:\/\/experienciadevida.com.ar\/portalurbano\/wp-content\/uploads\/2020\/08\/MARTINLASTAPE.png",720,356,false],"web-stories-poster-portrait":["https:\/\/experienciadevida.com.ar\/portalurbano\/wp-content\/uploads\/2020\/08\/MARTINLASTAPE.png",640,317,false],"web-stories-publisher-logo":["https:\/\/experienciadevida.com.ar\/portalurbano\/wp-content\/uploads\/2020\/08\/MARTINLASTAPE.png",96,48,false],"web-stories-thumbnail":["https:\/\/experienciadevida.com.ar\/portalurbano\/wp-content\/uploads\/2020\/08\/MARTINLASTAPE.png",150,74,false]},"author_info":{"display_name":"admpu17wp","author_link":"https:\/\/experienciadevida.com.ar\/portalurbano\/author\/admpu17wp\/"},"category_info":"<a href=\"https:\/\/experienciadevida.com.ar\/portalurbano\/category\/destacadas\/\" rel=\"category tag\">Destacadas<\/a> <a href=\"https:\/\/experienciadevida.com.ar\/portalurbano\/category\/politica\/\" rel=\"category tag\">Pol\u00edtica<\/a>","tag_info":"Pol\u00edtica","comment_count":"0","amp_enabled":true,"_links":{"self":[{"href":"https:\/\/experienciadevida.com.ar\/portalurbano\/wp-json\/wp\/v2\/posts\/129744"}],"collection":[{"href":"https:\/\/experienciadevida.com.ar\/portalurbano\/wp-json\/wp\/v2\/posts"}],"about":[{"href":"https:\/\/experienciadevida.com.ar\/portalurbano\/wp-json\/wp\/v2\/types\/post"}],"author":[{"embeddable":true,"href":"https:\/\/experienciadevida.com.ar\/portalurbano\/wp-json\/wp\/v2\/users\/1"}],"replies":[{"embeddable":true,"href":"https:\/\/experienciadevida.com.ar\/portalurbano\/wp-json\/wp\/v2\/comments?post=129744"}],"version-history":[{"count":1,"href":"https:\/\/experienciadevida.com.ar\/portalurbano\/wp-json\/wp\/v2\/posts\/129744\/revisions"}],"predecessor-version":[{"id":129745,"href":"https:\/\/experienciadevida.com.ar\/portalurbano\/wp-json\/wp\/v2\/posts\/129744\/revisions\/129745"}],"wp:featuredmedia":[{"embeddable":true,"href":"https:\/\/experienciadevida.com.ar\/portalurbano\/wp-json\/wp\/v2\/media\/117649"}],"wp:attachment":[{"href":"https:\/\/experienciadevida.com.ar\/portalurbano\/wp-json\/wp\/v2\/media?parent=129744"}],"wp:term":[{"taxonomy":"category","embeddable":true,"href":"https:\/\/experienciadevida.com.ar\/portalurbano\/wp-json\/wp\/v2\/categories?post=129744"},{"taxonomy":"post_tag","embeddable":true,"href":"https:\/\/experienciadevida.com.ar\/portalurbano\/wp-json\/wp\/v2\/tags?post=129744"}],"curies":[{"name":"wp","href":"https:\/\/api.w.org\/{rel}","templated":true}]}}