{"id":129706,"date":"2020-12-12T10:20:25","date_gmt":"2020-12-12T13:20:25","guid":{"rendered":"https:\/\/experienciadevida.com.ar\/portalurbano\/?p=129706"},"modified":"2020-12-12T10:25:58","modified_gmt":"2020-12-12T13:25:58","slug":"opinion-nuestra-democracia-exige-coherencia-y-responsabilidad","status":"publish","type":"post","link":"https:\/\/experienciadevida.com.ar\/portalurbano\/opinion-nuestra-democracia-exige-coherencia-y-responsabilidad\/","title":{"rendered":"Opini\u00f3n: Nuestra democracia exige coherencia y responsabilidad"},"content":{"rendered":"<p><strong>Nuestra democracia exige coherencia y responsabilidad<\/strong><\/p>\n<p>Por estos d\u00edas el Gobierno Nacional, entre idas y venidas, puso en duda la realizaci\u00f3n de las Elecciones Primarias Abiertas Simult\u00e1neas y obligatorias del pr\u00f3ximo a\u00f1o. Si bien a\u00fan no oficializ\u00f3 ning\u00fan proyecto para avanzar en este sentido est\u00e1 claro que logr\u00f3 instalar la discusi\u00f3n. \u00bfQu\u00e9 papel juegan los gobernadores en este nuevo avance sobre las PASO? Por ahora son s\u00f3lo amagues.<\/p>\n<p>Y como era de esperar, esta posibilidad, este rumor, gener\u00f3 la l\u00f3gica reacci\u00f3n opositora. Es que al no haber certezas, no se termina de entender si el argumento para no realizarlas es econ\u00f3mico o sanitario. En cualquiera de los casos, el argumento puede ser r\u00e1pidamente refutado. En primer lugar, porque seg\u00fan lo informado por el propio Presidente en cuanto a la aplicaci\u00f3n de la vacuna contra el COVID-19, para agosto de 2021 la situaci\u00f3n deber\u00eda estar mucho m\u00e1s aliviada. Por otro lado, la realizaci\u00f3n de procesos eleccionarios exitosos en diversos pa\u00edses tambi\u00e9n descarta este argumento. Quiz\u00e1 el aspecto econ\u00f3mico pueda ser m\u00e1s entendible, pero tenemos muestras de sobras a lo largo de nuestra historia sobre lo que implica llevar adelante un proceso eleccionario sin consensos pol\u00edticos amplios como los que si posee el sistema actual.<\/p>\n<p>Nuestra democracia exige coherencia<\/p>\n<p>O al menos eso parece. Porque hace dos a\u00f1os atr\u00e1s muchos de los que hoy defienden a rajatabla la realizaci\u00f3n de las PASO, planteaban la imperiosa necesidad de suspenderlas. Era com\u00fan leer o escuchar que eran un \u201cgasto innecesario\u201d. Es para celebrar que quienes as\u00ed pensaban en el 2018 hayan podido rever sus posiciones y que hoy entiendan que <strong>\u201clos problemas de la democracia se resuelven con m\u00e1s democracia\u201d. <\/strong>Aunque a veces no est\u00e1 de m\u00e1s explicar los motivos de tomar un cambio de postura tan abrupto, para de esta forma impedir que alg\u00fan desprevenido suponga que s\u00f3lo lo motiva alguna mezquindad pol\u00edtica.<\/p>\n<p>Por el contrario, desde el rol que me toca cumplir, y atendiendo a los mandatos del partido que represento, defend\u00ed y defender\u00e9 el mismo pensamiento: siempre con m\u00e1s democracia. Y, por sobre todas las cosas, que las PASO sean utilizadas con el sentido que fueron pensadas, donde quienes votan puedan elegir a los representantes del espacio pol\u00edtico en el que decide participar mediante el voto, y no que se utilicen con listas \u00fanicas en cada espacio para tener un sondeo del posible resultado de las elecciones generales.<\/p>\n<p>Pero volviendo a hablar de coherencia en las posturas sin importar el tiempo y quien gobierne, es oportuno tambi\u00e9n mantener postura respecto a otro tema pol\u00edtico-eleccionario que ha circulado por estos d\u00edas como lo es la reelecci\u00f3n indefinida de los intendentes. La UCR acompa\u00f1\u00f3 la Ley aprobada en 2016, y eso no debe modificarse por conveniencias individuales. <strong>Ser\u00eda un retroceso grav\u00edsimo para nuestra democracia<\/strong>. Vecinos y vecinas esperan una discusi\u00f3n con mayor coherencia y responsabilidad por parte de sus dirigentes, que se les brinde confianza y certidumbre en las decisiones tomadas y expresiones vertidas. Ronda por estos tiempos un peligroso discurso anti-pol\u00edtica, y parece que diversos actores pretenden alimentarlo a\u00fan m\u00e1s.<\/p>\n<p>Por el contrario, debemos alentar la participaci\u00f3n mediante las instituciones democr\u00e1ticas, y esto suceder\u00e1 insistiendo en la alternancia de sus representantes y garantizando un acto eleccionario transparente y sin alteraciones de \u00faltimo momento. A 37 a\u00f1os del comienzo del per\u00edodo m\u00e1s largo de nuestra democracia, estamos obligados a trabajar en consecuencia.<\/p>\n<p>Francisco Gonz\u00e1lez<\/p>\n<p><strong>Presidente UCR Olavarr\u00eda<\/strong><\/p>\n<p><strong>Candidato a primer Convencional Provincial por Protagonismo Radical<\/strong><\/p>\n","protected":false},"excerpt":{"rendered":"<p>Nuestra democracia exige coherencia y responsabilidad Por estos d\u00edas el Gobierno Nacional, entre idas y&#8230;<\/p>\n","protected":false},"author":1,"featured_media":129708,"comment_status":"closed","ping_status":"closed","sticky":false,"template":"","format":"standard","meta":{"content-type":""},"categories":[51,43],"tags":[569],"nelio_content":{"isAutoShareEnabled":false,"autoShareEndMode":"default","automationSources":{"useContentSentences":true,"useSocialTemplates":true,"useCustomSentences":false,"customSentences":[]},"followers":[1],"suggestedReferences":[],"includedReferences":[],"efiUrl":"","efiAlt":"","highlights":[]},"yoast_head":"<!-- This site is optimized with the Yoast SEO plugin v20.7 - https:\/\/yoast.com\/wordpress\/plugins\/seo\/ -->\n<title>Opini\u00f3n: Nuestra democracia exige coherencia y responsabilidad<\/title>\n<meta name=\"description\" content=\"Nuestra democracia exige coherencia y responsabilidad. Por estos d\u00edas el Gobierno Nacional, entre idas y venidas, puso en duda las PASO\" \/>\n<meta name=\"robots\" content=\"index, follow, max-snippet:-1, max-image-preview:large, max-video-preview:-1\" \/>\n<link rel=\"canonical\" href=\"https:\/\/experienciadevida.com.ar\/portalurbano\/opinion-nuestra-democracia-exige-coherencia-y-responsabilidad\/\" \/>\n<meta property=\"og:locale\" content=\"es_ES\" \/>\n<meta property=\"og:type\" content=\"article\" \/>\n<meta property=\"og:title\" content=\"Opini\u00f3n: Nuestra democracia exige coherencia y responsabilidad\" \/>\n<meta property=\"og:description\" content=\"Nuestra democracia exige coherencia y responsabilidad. Por estos d\u00edas el Gobierno Nacional, entre idas y venidas, puso en duda las PASO\" \/>\n<meta property=\"og:url\" content=\"https:\/\/experienciadevida.com.ar\/portalurbano\/opinion-nuestra-democracia-exige-coherencia-y-responsabilidad\/\" \/>\n<meta property=\"article:publisher\" content=\"https:\/\/www.facebook.com\/Portal-Urbano-171542830093757\/\" \/>\n<meta property=\"article:published_time\" content=\"2020-12-12T13:20:25+00:00\" \/>\n<meta property=\"article:modified_time\" content=\"2020-12-12T13:25:58+00:00\" \/>\n<meta property=\"og:image\" content=\"https:\/\/experienciadevida.com.ar\/portalurbano\/wp-content\/uploads\/2020\/12\/xzxcsdbv-.jpg\" \/>\n\t<meta property=\"og:image:width\" content=\"505\" \/>\n\t<meta property=\"og:image:height\" content=\"343\" \/>\n\t<meta property=\"og:image:type\" content=\"image\/jpeg\" \/>\n<meta name=\"author\" content=\"admpu17wp\" \/>\n<meta name=\"twitter:card\" content=\"summary_large_image\" \/>\n<meta name=\"twitter:creator\" content=\"@portalurbanook\" \/>\n<meta name=\"twitter:site\" content=\"@portalurbanook\" \/>\n<meta name=\"twitter:label1\" content=\"Escrito por\" \/>\n\t<meta name=\"twitter:data1\" content=\"admpu17wp\" \/>\n\t<meta name=\"twitter:label2\" content=\"Tiempo de lectura\" \/>\n\t<meta name=\"twitter:data2\" content=\"3 minutos\" \/>\n<script type=\"application\/ld+json\" class=\"yoast-schema-graph\">{\"@context\":\"https:\/\/schema.org\",\"@graph\":[{\"@type\":\"Article\",\"@id\":\"https:\/\/experienciadevida.com.ar\/portalurbano\/opinion-nuestra-democracia-exige-coherencia-y-responsabilidad\/#article\",\"isPartOf\":{\"@id\":\"https:\/\/experienciadevida.com.ar\/portalurbano\/opinion-nuestra-democracia-exige-coherencia-y-responsabilidad\/\"},\"author\":{\"name\":\"admpu17wp\",\"@id\":\"https:\/\/experienciadevida.com.ar\/portalurbano\/#\/schema\/person\/02dd326b1c4b056e9cc972486934a3a7\"},\"headline\":\"Opini\u00f3n: Nuestra democracia exige coherencia y responsabilidad\",\"datePublished\":\"2020-12-12T13:20:25+00:00\",\"dateModified\":\"2020-12-12T13:25:58+00:00\",\"mainEntityOfPage\":{\"@id\":\"https:\/\/experienciadevida.com.ar\/portalurbano\/opinion-nuestra-democracia-exige-coherencia-y-responsabilidad\/\"},\"wordCount\":628,\"publisher\":{\"@id\":\"https:\/\/experienciadevida.com.ar\/portalurbano\/#organization\"},\"keywords\":[\"UCR\"],\"articleSection\":[\"Destacadas\",\"Pol\u00edtica\"],\"inLanguage\":\"es\"},{\"@type\":\"WebPage\",\"@id\":\"https:\/\/experienciadevida.com.ar\/portalurbano\/opinion-nuestra-democracia-exige-coherencia-y-responsabilidad\/\",\"url\":\"https:\/\/experienciadevida.com.ar\/portalurbano\/opinion-nuestra-democracia-exige-coherencia-y-responsabilidad\/\",\"name\":\"Opini\u00f3n: Nuestra democracia exige coherencia y responsabilidad\",\"isPartOf\":{\"@id\":\"https:\/\/experienciadevida.com.ar\/portalurbano\/#website\"},\"datePublished\":\"2020-12-12T13:20:25+00:00\",\"dateModified\":\"2020-12-12T13:25:58+00:00\",\"description\":\"Nuestra democracia exige coherencia y responsabilidad. Por estos d\u00edas el Gobierno Nacional, entre idas y venidas, puso en duda las PASO\",\"breadcrumb\":{\"@id\":\"https:\/\/experienciadevida.com.ar\/portalurbano\/opinion-nuestra-democracia-exige-coherencia-y-responsabilidad\/#breadcrumb\"},\"inLanguage\":\"es\",\"potentialAction\":[{\"@type\":\"ReadAction\",\"target\":[\"https:\/\/experienciadevida.com.ar\/portalurbano\/opinion-nuestra-democracia-exige-coherencia-y-responsabilidad\/\"]}]},{\"@type\":\"BreadcrumbList\",\"@id\":\"https:\/\/experienciadevida.com.ar\/portalurbano\/opinion-nuestra-democracia-exige-coherencia-y-responsabilidad\/#breadcrumb\",\"itemListElement\":[{\"@type\":\"ListItem\",\"position\":1,\"name\":\"Portada\",\"item\":\"https:\/\/experienciadevida.com.ar\/portalurbano\/\"},{\"@type\":\"ListItem\",\"position\":2,\"name\":\"Opini\u00f3n: Nuestra democracia exige coherencia y responsabilidad\"}]},{\"@type\":\"WebSite\",\"@id\":\"https:\/\/experienciadevida.com.ar\/portalurbano\/#website\",\"url\":\"https:\/\/experienciadevida.com.ar\/portalurbano\/\",\"name\":\"\",\"description\":\"\",\"publisher\":{\"@id\":\"https:\/\/experienciadevida.com.ar\/portalurbano\/#organization\"},\"potentialAction\":[{\"@type\":\"SearchAction\",\"target\":{\"@type\":\"EntryPoint\",\"urlTemplate\":\"https:\/\/experienciadevida.com.ar\/portalurbano\/?s={search_term_string}\"},\"query-input\":\"required name=search_term_string\"}],\"inLanguage\":\"es\"},{\"@type\":\"Organization\",\"@id\":\"https:\/\/experienciadevida.com.ar\/portalurbano\/#organization\",\"name\":\"Portal Urbano\",\"url\":\"https:\/\/experienciadevida.com.ar\/portalurbano\/\",\"logo\":{\"@type\":\"ImageObject\",\"inLanguage\":\"es\",\"@id\":\"https:\/\/experienciadevida.com.ar\/portalurbano\/#\/schema\/logo\/image\/\",\"url\":\"https:\/\/experienciadevida.com.ar\/portalurbano\/wp-content\/uploads\/2019\/09\/Logo-Original.png\",\"contentUrl\":\"https:\/\/experienciadevida.com.ar\/portalurbano\/wp-content\/uploads\/2019\/09\/Logo-Original.png\",\"width\":2236,\"height\":1216,\"caption\":\"Portal Urbano\"},\"image\":{\"@id\":\"https:\/\/experienciadevida.com.ar\/portalurbano\/#\/schema\/logo\/image\/\"},\"sameAs\":[\"https:\/\/www.facebook.com\/Portal-Urbano-171542830093757\/\",\"https:\/\/twitter.com\/portalurbanook\",\"https:\/\/www.instagram.com\/_portalurbano\/\",\"https:\/\/www.youtube.com\/channel\/UCXhagIfszH8KxFiOok79zbA?view_as=subscriber\"]},{\"@type\":\"Person\",\"@id\":\"https:\/\/experienciadevida.com.ar\/portalurbano\/#\/schema\/person\/02dd326b1c4b056e9cc972486934a3a7\",\"name\":\"admpu17wp\",\"image\":{\"@type\":\"ImageObject\",\"inLanguage\":\"es\",\"@id\":\"https:\/\/experienciadevida.com.ar\/portalurbano\/#\/schema\/person\/image\/\",\"url\":\"https:\/\/secure.gravatar.com\/avatar\/830d4c57adaae6630765e449a6908047?s=96&d=mm&r=g\",\"contentUrl\":\"https:\/\/secure.gravatar.com\/avatar\/830d4c57adaae6630765e449a6908047?s=96&d=mm&r=g\",\"caption\":\"admpu17wp\"}}]}<\/script>\n<!-- \/ Yoast SEO plugin. -->","yoast_head_json":{"title":"Opini\u00f3n: Nuestra democracia exige coherencia y responsabilidad","description":"Nuestra democracia exige coherencia y responsabilidad. Por estos d\u00edas el Gobierno Nacional, entre idas y venidas, puso en duda las PASO","robots":{"index":"index","follow":"follow","max-snippet":"max-snippet:-1","max-image-preview":"max-image-preview:large","max-video-preview":"max-video-preview:-1"},"canonical":"https:\/\/experienciadevida.com.ar\/portalurbano\/opinion-nuestra-democracia-exige-coherencia-y-responsabilidad\/","og_locale":"es_ES","og_type":"article","og_title":"Opini\u00f3n: Nuestra democracia exige coherencia y responsabilidad","og_description":"Nuestra democracia exige coherencia y responsabilidad. Por estos d\u00edas el Gobierno Nacional, entre idas y venidas, puso en duda las PASO","og_url":"https:\/\/experienciadevida.com.ar\/portalurbano\/opinion-nuestra-democracia-exige-coherencia-y-responsabilidad\/","article_publisher":"https:\/\/www.facebook.com\/Portal-Urbano-171542830093757\/","article_published_time":"2020-12-12T13:20:25+00:00","article_modified_time":"2020-12-12T13:25:58+00:00","og_image":[{"width":505,"height":343,"url":"https:\/\/experienciadevida.com.ar\/portalurbano\/wp-content\/uploads\/2020\/12\/xzxcsdbv-.jpg","type":"image\/jpeg"}],"author":"admpu17wp","twitter_card":"summary_large_image","twitter_creator":"@portalurbanook","twitter_site":"@portalurbanook","twitter_misc":{"Escrito por":"admpu17wp","Tiempo de lectura":"3 minutos"},"schema":{"@context":"https:\/\/schema.org","@graph":[{"@type":"Article","@id":"https:\/\/experienciadevida.com.ar\/portalurbano\/opinion-nuestra-democracia-exige-coherencia-y-responsabilidad\/#article","isPartOf":{"@id":"https:\/\/experienciadevida.com.ar\/portalurbano\/opinion-nuestra-democracia-exige-coherencia-y-responsabilidad\/"},"author":{"name":"admpu17wp","@id":"https:\/\/experienciadevida.com.ar\/portalurbano\/#\/schema\/person\/02dd326b1c4b056e9cc972486934a3a7"},"headline":"Opini\u00f3n: Nuestra democracia exige coherencia y responsabilidad","datePublished":"2020-12-12T13:20:25+00:00","dateModified":"2020-12-12T13:25:58+00:00","mainEntityOfPage":{"@id":"https:\/\/experienciadevida.com.ar\/portalurbano\/opinion-nuestra-democracia-exige-coherencia-y-responsabilidad\/"},"wordCount":628,"publisher":{"@id":"https:\/\/experienciadevida.com.ar\/portalurbano\/#organization"},"keywords":["UCR"],"articleSection":["Destacadas","Pol\u00edtica"],"inLanguage":"es"},{"@type":"WebPage","@id":"https:\/\/experienciadevida.com.ar\/portalurbano\/opinion-nuestra-democracia-exige-coherencia-y-responsabilidad\/","url":"https:\/\/experienciadevida.com.ar\/portalurbano\/opinion-nuestra-democracia-exige-coherencia-y-responsabilidad\/","name":"Opini\u00f3n: Nuestra democracia exige coherencia y responsabilidad","isPartOf":{"@id":"https:\/\/experienciadevida.com.ar\/portalurbano\/#website"},"datePublished":"2020-12-12T13:20:25+00:00","dateModified":"2020-12-12T13:25:58+00:00","description":"Nuestra democracia exige coherencia y responsabilidad. Por estos d\u00edas el Gobierno Nacional, entre idas y venidas, puso en duda las PASO","breadcrumb":{"@id":"https:\/\/experienciadevida.com.ar\/portalurbano\/opinion-nuestra-democracia-exige-coherencia-y-responsabilidad\/#breadcrumb"},"inLanguage":"es","potentialAction":[{"@type":"ReadAction","target":["https:\/\/experienciadevida.com.ar\/portalurbano\/opinion-nuestra-democracia-exige-coherencia-y-responsabilidad\/"]}]},{"@type":"BreadcrumbList","@id":"https:\/\/experienciadevida.com.ar\/portalurbano\/opinion-nuestra-democracia-exige-coherencia-y-responsabilidad\/#breadcrumb","itemListElement":[{"@type":"ListItem","position":1,"name":"Portada","item":"https:\/\/experienciadevida.com.ar\/portalurbano\/"},{"@type":"ListItem","position":2,"name":"Opini\u00f3n: Nuestra democracia exige coherencia y responsabilidad"}]},{"@type":"WebSite","@id":"https:\/\/experienciadevida.com.ar\/portalurbano\/#website","url":"https:\/\/experienciadevida.com.ar\/portalurbano\/","name":"","description":"","publisher":{"@id":"https:\/\/experienciadevida.com.ar\/portalurbano\/#organization"},"potentialAction":[{"@type":"SearchAction","target":{"@type":"EntryPoint","urlTemplate":"https:\/\/experienciadevida.com.ar\/portalurbano\/?s={search_term_string}"},"query-input":"required name=search_term_string"}],"inLanguage":"es"},{"@type":"Organization","@id":"https:\/\/experienciadevida.com.ar\/portalurbano\/#organization","name":"Portal Urbano","url":"https:\/\/experienciadevida.com.ar\/portalurbano\/","logo":{"@type":"ImageObject","inLanguage":"es","@id":"https:\/\/experienciadevida.com.ar\/portalurbano\/#\/schema\/logo\/image\/","url":"https:\/\/experienciadevida.com.ar\/portalurbano\/wp-content\/uploads\/2019\/09\/Logo-Original.png","contentUrl":"https:\/\/experienciadevida.com.ar\/portalurbano\/wp-content\/uploads\/2019\/09\/Logo-Original.png","width":2236,"height":1216,"caption":"Portal Urbano"},"image":{"@id":"https:\/\/experienciadevida.com.ar\/portalurbano\/#\/schema\/logo\/image\/"},"sameAs":["https:\/\/www.facebook.com\/Portal-Urbano-171542830093757\/","https:\/\/twitter.com\/portalurbanook","https:\/\/www.instagram.com\/_portalurbano\/","https:\/\/www.youtube.com\/channel\/UCXhagIfszH8KxFiOok79zbA?view_as=subscriber"]},{"@type":"Person","@id":"https:\/\/experienciadevida.com.ar\/portalurbano\/#\/schema\/person\/02dd326b1c4b056e9cc972486934a3a7","name":"admpu17wp","image":{"@type":"ImageObject","inLanguage":"es","@id":"https:\/\/experienciadevida.com.ar\/portalurbano\/#\/schema\/person\/image\/","url":"https:\/\/secure.gravatar.com\/avatar\/830d4c57adaae6630765e449a6908047?s=96&d=mm&r=g","contentUrl":"https:\/\/secure.gravatar.com\/avatar\/830d4c57adaae6630765e449a6908047?s=96&d=mm&r=g","caption":"admpu17wp"}}]}},"featured_image_urls":{"full":["https:\/\/experienciadevida.com.ar\/portalurbano\/wp-content\/uploads\/2020\/12\/xzxcsdbv-.jpg",505,343,false],"thumbnail":["https:\/\/experienciadevida.com.ar\/portalurbano\/wp-content\/uploads\/2020\/12\/xzxcsdbv--150x150.jpg",150,150,true],"medium":["https:\/\/experienciadevida.com.ar\/portalurbano\/wp-content\/uploads\/2020\/12\/xzxcsdbv--300x204.jpg",300,204,true],"medium_large":["https:\/\/experienciadevida.com.ar\/portalurbano\/wp-content\/uploads\/2020\/12\/xzxcsdbv-.jpg",505,343,false],"large":["https:\/\/experienciadevida.com.ar\/portalurbano\/wp-content\/uploads\/2020\/12\/xzxcsdbv-.jpg",505,343,false],"ug_big":["https:\/\/experienciadevida.com.ar\/portalurbano\/wp-content\/uploads\/2020\/12\/xzxcsdbv-.jpg",505,343,false],"1536x1536":["https:\/\/experienciadevida.com.ar\/portalurbano\/wp-content\/uploads\/2020\/12\/xzxcsdbv-.jpg",505,343,false],"2048x2048":["https:\/\/experienciadevida.com.ar\/portalurbano\/wp-content\/uploads\/2020\/12\/xzxcsdbv-.jpg",505,343,false],"newsever-slider-full":["https:\/\/experienciadevida.com.ar\/portalurbano\/wp-content\/uploads\/2020\/12\/xzxcsdbv-.jpg",505,343,false],"newsever-featured":["https:\/\/experienciadevida.com.ar\/portalurbano\/wp-content\/uploads\/2020\/12\/xzxcsdbv-.jpg",505,343,false],"newsever-medium":["https:\/\/experienciadevida.com.ar\/portalurbano\/wp-content\/uploads\/2020\/12\/xzxcsdbv-.jpg",505,343,false],"web-stories-poster-portrait":["https:\/\/experienciadevida.com.ar\/portalurbano\/wp-content\/uploads\/2020\/12\/xzxcsdbv-.jpg",505,343,false],"web-stories-publisher-logo":["https:\/\/experienciadevida.com.ar\/portalurbano\/wp-content\/uploads\/2020\/12\/xzxcsdbv-.jpg",96,65,false],"web-stories-thumbnail":["https:\/\/experienciadevida.com.ar\/portalurbano\/wp-content\/uploads\/2020\/12\/xzxcsdbv-.jpg",150,102,false]},"author_info":{"display_name":"admpu17wp","author_link":"https:\/\/experienciadevida.com.ar\/portalurbano\/author\/admpu17wp\/"},"category_info":"<a href=\"https:\/\/experienciadevida.com.ar\/portalurbano\/category\/destacadas\/\" rel=\"category tag\">Destacadas<\/a> <a href=\"https:\/\/experienciadevida.com.ar\/portalurbano\/category\/politica\/\" rel=\"category tag\">Pol\u00edtica<\/a>","tag_info":"Pol\u00edtica","comment_count":"0","amp_enabled":true,"_links":{"self":[{"href":"https:\/\/experienciadevida.com.ar\/portalurbano\/wp-json\/wp\/v2\/posts\/129706"}],"collection":[{"href":"https:\/\/experienciadevida.com.ar\/portalurbano\/wp-json\/wp\/v2\/posts"}],"about":[{"href":"https:\/\/experienciadevida.com.ar\/portalurbano\/wp-json\/wp\/v2\/types\/post"}],"author":[{"embeddable":true,"href":"https:\/\/experienciadevida.com.ar\/portalurbano\/wp-json\/wp\/v2\/users\/1"}],"replies":[{"embeddable":true,"href":"https:\/\/experienciadevida.com.ar\/portalurbano\/wp-json\/wp\/v2\/comments?post=129706"}],"version-history":[{"count":2,"href":"https:\/\/experienciadevida.com.ar\/portalurbano\/wp-json\/wp\/v2\/posts\/129706\/revisions"}],"predecessor-version":[{"id":129712,"href":"https:\/\/experienciadevida.com.ar\/portalurbano\/wp-json\/wp\/v2\/posts\/129706\/revisions\/129712"}],"wp:featuredmedia":[{"embeddable":true,"href":"https:\/\/experienciadevida.com.ar\/portalurbano\/wp-json\/wp\/v2\/media\/129708"}],"wp:attachment":[{"href":"https:\/\/experienciadevida.com.ar\/portalurbano\/wp-json\/wp\/v2\/media?parent=129706"}],"wp:term":[{"taxonomy":"category","embeddable":true,"href":"https:\/\/experienciadevida.com.ar\/portalurbano\/wp-json\/wp\/v2\/categories?post=129706"},{"taxonomy":"post_tag","embeddable":true,"href":"https:\/\/experienciadevida.com.ar\/portalurbano\/wp-json\/wp\/v2\/tags?post=129706"}],"curies":[{"name":"wp","href":"https:\/\/api.w.org\/{rel}","templated":true}]}}