{"id":129661,"date":"2020-12-11T13:44:51","date_gmt":"2020-12-11T16:44:51","guid":{"rendered":"https:\/\/experienciadevida.com.ar\/portalurbano\/?p=129661"},"modified":"2020-12-11T13:46:25","modified_gmt":"2020-12-11T16:46:25","slug":"tucura-se-definieron-las-areas-a-pulverizar","status":"publish","type":"post","link":"https:\/\/experienciadevida.com.ar\/portalurbano\/tucura-se-definieron-las-areas-a-pulverizar\/","title":{"rendered":"Tucura: se definieron las \u00e1reas a pulverizar"},"content":{"rendered":"<p>En el marco del Plan de acci\u00f3n contra la tucura en el partido de Olavarr\u00eda que lleva adelante la Comisi\u00f3n de Lucha contra las Plagas local, de la cual el Municipio es parte, se informa que se concret\u00f3 la segunda etapa de trabajo correspondiente al monitoreo de nacimientos y seguimiento de la evoluci\u00f3n de la plaga.<\/p>\n<p>Esta etapa de trabajo se logr\u00f3 concretar entre fines de octubre y principios de diciembre, observ\u00e1ndose un notable retraso en los nacimientos de la plaga debido a los eventos clim\u00e1ticos ocurridos, tanto por la abundancia de precipitaciones que se dieron durante el mes de octubre como por las bajas temperaturas que se vienen registrando para este momento del a\u00f1o, redundando en una abundante cobertura vegetal existente en amplias zonas del partido.<\/p>\n<p>Una vez realizado el primer monitoreo para constatar el nacimiento de la plaga se realiz\u00f3 un segundo monitoreo con red entomol\u00f3gica con la finalidad de determinar las \u00e1reas con mayor concentraci\u00f3n de tucuras, su estado de desarrollo y diversidad especifica.<\/p>\n<p>Los pol\u00edgonos a pulverizar en la presente campa\u00f1a se corresponden a seis zonas de tratamiento, que involucran cinco aeronaves de trabajo. Tales pol\u00edgonos incluyen las cuatro zonas m\u00e1s comprometidas del Partido.<\/p>\n<ul>\n<li>Zona Mapis hacia la zona de la ruta 60<\/li>\n<li>Zona Blanca Grande hacia el sudeste del partido<\/li>\n<li>Zona Estancia Santa Elena<\/li>\n<li>Zona Santa Luisa hacia Benito Ju\u00e1rez<\/li>\n<\/ul>\n<p>Los trabajos comenzar\u00e1n este s\u00e1bado 12 de diciembre, sujeto a las condiciones clim\u00e1ticas.<\/p>\n<div class=\"at-below-post addthis_tool\" data-url=\"https:\/\/www.olavarria.gov.ar\/tucura-se-definieron-las-areas-a-pulverizar\/\">\n<div id=\"atstbx\" class=\"at-share-tbx-element addthis-smartlayers addthis-animated at4-show\" role=\"region\" aria-labelledby=\"at-99fadf07-37bc-4aaa-873d-80c8290b8dc3\">\n<p>&nbsp;<\/p>\n<div class=\"at-share-btn-elements\"><\/div>\n<\/div>\n<\/div>\n","protected":false},"excerpt":{"rendered":"<p>En el marco del Plan de acci\u00f3n contra la tucura en el partido de Olavarr\u00eda&#8230;<\/p>\n","protected":false},"author":1,"featured_media":0,"comment_status":"closed","ping_status":"closed","sticky":false,"template":"","format":"standard","meta":{"content-type":""},"categories":[27,51],"tags":[],"nelio_content":{"isAutoShareEnabled":false,"autoShareEndMode":"default","automationSources":{"useContentSentences":true,"useSocialTemplates":true,"useCustomSentences":false,"customSentences":[]},"followers":[1],"suggestedReferences":[],"includedReferences":[],"efiUrl":"","efiAlt":"","highlights":[]},"yoast_head":"<!-- This site is optimized with the Yoast SEO plugin v20.7 - https:\/\/yoast.com\/wordpress\/plugins\/seo\/ -->\n<title>Tucura: Se definieron las \u00e1reas a pulverizar<\/title>\n<meta name=\"description\" content=\"En el marco del Plan de acci\u00f3n contra la tucura en el partido de Olavarr\u00eda se definieron las actividades a pulverizar en un sector.\" \/>\n<meta name=\"robots\" content=\"index, follow, max-snippet:-1, max-image-preview:large, max-video-preview:-1\" \/>\n<link rel=\"canonical\" href=\"https:\/\/experienciadevida.com.ar\/portalurbano\/tucura-se-definieron-las-areas-a-pulverizar\/\" \/>\n<meta property=\"og:locale\" content=\"es_ES\" \/>\n<meta property=\"og:type\" content=\"article\" \/>\n<meta property=\"og:title\" content=\"Tucura: Se definieron las \u00e1reas a pulverizar\" \/>\n<meta property=\"og:description\" content=\"En el marco del Plan de acci\u00f3n contra la tucura en el partido de Olavarr\u00eda se definieron las actividades a pulverizar en un sector.\" \/>\n<meta property=\"og:url\" content=\"https:\/\/experienciadevida.com.ar\/portalurbano\/tucura-se-definieron-las-areas-a-pulverizar\/\" \/>\n<meta property=\"article:publisher\" content=\"https:\/\/www.facebook.com\/Portal-Urbano-171542830093757\/\" \/>\n<meta property=\"article:published_time\" content=\"2020-12-11T16:44:51+00:00\" \/>\n<meta property=\"article:modified_time\" content=\"2020-12-11T16:46:25+00:00\" \/>\n<meta property=\"og:image\" content=\"https:\/\/experienciadevida.com.ar\/portalurbano\/wp-content\/uploads\/2019\/01\/TUCURA-e1548425736723.jpg\" \/>\n\t<meta property=\"og:image:width\" content=\"800\" \/>\n\t<meta property=\"og:image:height\" content=\"533\" \/>\n\t<meta property=\"og:image:type\" content=\"image\/jpeg\" \/>\n<meta name=\"author\" content=\"admpu17wp\" \/>\n<meta name=\"twitter:card\" content=\"summary_large_image\" \/>\n<meta name=\"twitter:creator\" content=\"@portalurbanook\" \/>\n<meta name=\"twitter:site\" content=\"@portalurbanook\" \/>\n<meta name=\"twitter:label1\" content=\"Escrito por\" \/>\n\t<meta name=\"twitter:data1\" content=\"admpu17wp\" \/>\n\t<meta name=\"twitter:label2\" content=\"Tiempo de lectura\" \/>\n\t<meta name=\"twitter:data2\" content=\"1 minuto\" \/>\n<script type=\"application\/ld+json\" class=\"yoast-schema-graph\">{\"@context\":\"https:\/\/schema.org\",\"@graph\":[{\"@type\":\"Article\",\"@id\":\"https:\/\/experienciadevida.com.ar\/portalurbano\/tucura-se-definieron-las-areas-a-pulverizar\/#article\",\"isPartOf\":{\"@id\":\"https:\/\/experienciadevida.com.ar\/portalurbano\/tucura-se-definieron-las-areas-a-pulverizar\/\"},\"author\":{\"name\":\"admpu17wp\",\"@id\":\"https:\/\/experienciadevida.com.ar\/portalurbano\/#\/schema\/person\/02dd326b1c4b056e9cc972486934a3a7\"},\"headline\":\"Tucura: se definieron las \u00e1reas a pulverizar\",\"datePublished\":\"2020-12-11T16:44:51+00:00\",\"dateModified\":\"2020-12-11T16:46:25+00:00\",\"mainEntityOfPage\":{\"@id\":\"https:\/\/experienciadevida.com.ar\/portalurbano\/tucura-se-definieron-las-areas-a-pulverizar\/\"},\"wordCount\":261,\"publisher\":{\"@id\":\"https:\/\/experienciadevida.com.ar\/portalurbano\/#organization\"},\"articleSection\":[\"Ciudad\",\"Destacadas\"],\"inLanguage\":\"es\"},{\"@type\":\"WebPage\",\"@id\":\"https:\/\/experienciadevida.com.ar\/portalurbano\/tucura-se-definieron-las-areas-a-pulverizar\/\",\"url\":\"https:\/\/experienciadevida.com.ar\/portalurbano\/tucura-se-definieron-las-areas-a-pulverizar\/\",\"name\":\"Tucura: Se definieron las \u00e1reas a pulverizar\",\"isPartOf\":{\"@id\":\"https:\/\/experienciadevida.com.ar\/portalurbano\/#website\"},\"datePublished\":\"2020-12-11T16:44:51+00:00\",\"dateModified\":\"2020-12-11T16:46:25+00:00\",\"description\":\"En el marco del Plan de acci\u00f3n contra la tucura en el partido de Olavarr\u00eda se definieron las actividades a pulverizar en un sector.\",\"breadcrumb\":{\"@id\":\"https:\/\/experienciadevida.com.ar\/portalurbano\/tucura-se-definieron-las-areas-a-pulverizar\/#breadcrumb\"},\"inLanguage\":\"es\",\"potentialAction\":[{\"@type\":\"ReadAction\",\"target\":[\"https:\/\/experienciadevida.com.ar\/portalurbano\/tucura-se-definieron-las-areas-a-pulverizar\/\"]}]},{\"@type\":\"BreadcrumbList\",\"@id\":\"https:\/\/experienciadevida.com.ar\/portalurbano\/tucura-se-definieron-las-areas-a-pulverizar\/#breadcrumb\",\"itemListElement\":[{\"@type\":\"ListItem\",\"position\":1,\"name\":\"Portada\",\"item\":\"https:\/\/experienciadevida.com.ar\/portalurbano\/\"},{\"@type\":\"ListItem\",\"position\":2,\"name\":\"Tucura: se definieron las \u00e1reas a pulverizar\"}]},{\"@type\":\"WebSite\",\"@id\":\"https:\/\/experienciadevida.com.ar\/portalurbano\/#website\",\"url\":\"https:\/\/experienciadevida.com.ar\/portalurbano\/\",\"name\":\"\",\"description\":\"\",\"publisher\":{\"@id\":\"https:\/\/experienciadevida.com.ar\/portalurbano\/#organization\"},\"potentialAction\":[{\"@type\":\"SearchAction\",\"target\":{\"@type\":\"EntryPoint\",\"urlTemplate\":\"https:\/\/experienciadevida.com.ar\/portalurbano\/?s={search_term_string}\"},\"query-input\":\"required name=search_term_string\"}],\"inLanguage\":\"es\"},{\"@type\":\"Organization\",\"@id\":\"https:\/\/experienciadevida.com.ar\/portalurbano\/#organization\",\"name\":\"Portal Urbano\",\"url\":\"https:\/\/experienciadevida.com.ar\/portalurbano\/\",\"logo\":{\"@type\":\"ImageObject\",\"inLanguage\":\"es\",\"@id\":\"https:\/\/experienciadevida.com.ar\/portalurbano\/#\/schema\/logo\/image\/\",\"url\":\"https:\/\/experienciadevida.com.ar\/portalurbano\/wp-content\/uploads\/2019\/09\/Logo-Original.png\",\"contentUrl\":\"https:\/\/experienciadevida.com.ar\/portalurbano\/wp-content\/uploads\/2019\/09\/Logo-Original.png\",\"width\":2236,\"height\":1216,\"caption\":\"Portal Urbano\"},\"image\":{\"@id\":\"https:\/\/experienciadevida.com.ar\/portalurbano\/#\/schema\/logo\/image\/\"},\"sameAs\":[\"https:\/\/www.facebook.com\/Portal-Urbano-171542830093757\/\",\"https:\/\/twitter.com\/portalurbanook\",\"https:\/\/www.instagram.com\/_portalurbano\/\",\"https:\/\/www.youtube.com\/channel\/UCXhagIfszH8KxFiOok79zbA?view_as=subscriber\"]},{\"@type\":\"Person\",\"@id\":\"https:\/\/experienciadevida.com.ar\/portalurbano\/#\/schema\/person\/02dd326b1c4b056e9cc972486934a3a7\",\"name\":\"admpu17wp\",\"image\":{\"@type\":\"ImageObject\",\"inLanguage\":\"es\",\"@id\":\"https:\/\/experienciadevida.com.ar\/portalurbano\/#\/schema\/person\/image\/\",\"url\":\"https:\/\/secure.gravatar.com\/avatar\/830d4c57adaae6630765e449a6908047?s=96&d=mm&r=g\",\"contentUrl\":\"https:\/\/secure.gravatar.com\/avatar\/830d4c57adaae6630765e449a6908047?s=96&d=mm&r=g\",\"caption\":\"admpu17wp\"}}]}<\/script>\n<!-- \/ Yoast SEO plugin. -->","yoast_head_json":{"title":"Tucura: Se definieron las \u00e1reas a pulverizar","description":"En el marco del Plan de acci\u00f3n contra la tucura en el partido de Olavarr\u00eda se definieron las actividades a pulverizar en un sector.","robots":{"index":"index","follow":"follow","max-snippet":"max-snippet:-1","max-image-preview":"max-image-preview:large","max-video-preview":"max-video-preview:-1"},"canonical":"https:\/\/experienciadevida.com.ar\/portalurbano\/tucura-se-definieron-las-areas-a-pulverizar\/","og_locale":"es_ES","og_type":"article","og_title":"Tucura: Se definieron las \u00e1reas a pulverizar","og_description":"En el marco del Plan de acci\u00f3n contra la tucura en el partido de Olavarr\u00eda se definieron las actividades a pulverizar en un sector.","og_url":"https:\/\/experienciadevida.com.ar\/portalurbano\/tucura-se-definieron-las-areas-a-pulverizar\/","article_publisher":"https:\/\/www.facebook.com\/Portal-Urbano-171542830093757\/","article_published_time":"2020-12-11T16:44:51+00:00","article_modified_time":"2020-12-11T16:46:25+00:00","og_image":[{"width":800,"height":533,"url":"https:\/\/experienciadevida.com.ar\/portalurbano\/wp-content\/uploads\/2019\/01\/TUCURA-e1548425736723.jpg","type":"image\/jpeg"}],"author":"admpu17wp","twitter_card":"summary_large_image","twitter_creator":"@portalurbanook","twitter_site":"@portalurbanook","twitter_misc":{"Escrito por":"admpu17wp","Tiempo de lectura":"1 minuto"},"schema":{"@context":"https:\/\/schema.org","@graph":[{"@type":"Article","@id":"https:\/\/experienciadevida.com.ar\/portalurbano\/tucura-se-definieron-las-areas-a-pulverizar\/#article","isPartOf":{"@id":"https:\/\/experienciadevida.com.ar\/portalurbano\/tucura-se-definieron-las-areas-a-pulverizar\/"},"author":{"name":"admpu17wp","@id":"https:\/\/experienciadevida.com.ar\/portalurbano\/#\/schema\/person\/02dd326b1c4b056e9cc972486934a3a7"},"headline":"Tucura: se definieron las \u00e1reas a pulverizar","datePublished":"2020-12-11T16:44:51+00:00","dateModified":"2020-12-11T16:46:25+00:00","mainEntityOfPage":{"@id":"https:\/\/experienciadevida.com.ar\/portalurbano\/tucura-se-definieron-las-areas-a-pulverizar\/"},"wordCount":261,"publisher":{"@id":"https:\/\/experienciadevida.com.ar\/portalurbano\/#organization"},"articleSection":["Ciudad","Destacadas"],"inLanguage":"es"},{"@type":"WebPage","@id":"https:\/\/experienciadevida.com.ar\/portalurbano\/tucura-se-definieron-las-areas-a-pulverizar\/","url":"https:\/\/experienciadevida.com.ar\/portalurbano\/tucura-se-definieron-las-areas-a-pulverizar\/","name":"Tucura: Se definieron las \u00e1reas a pulverizar","isPartOf":{"@id":"https:\/\/experienciadevida.com.ar\/portalurbano\/#website"},"datePublished":"2020-12-11T16:44:51+00:00","dateModified":"2020-12-11T16:46:25+00:00","description":"En el marco del Plan de acci\u00f3n contra la tucura en el partido de Olavarr\u00eda se definieron las actividades a pulverizar en un sector.","breadcrumb":{"@id":"https:\/\/experienciadevida.com.ar\/portalurbano\/tucura-se-definieron-las-areas-a-pulverizar\/#breadcrumb"},"inLanguage":"es","potentialAction":[{"@type":"ReadAction","target":["https:\/\/experienciadevida.com.ar\/portalurbano\/tucura-se-definieron-las-areas-a-pulverizar\/"]}]},{"@type":"BreadcrumbList","@id":"https:\/\/experienciadevida.com.ar\/portalurbano\/tucura-se-definieron-las-areas-a-pulverizar\/#breadcrumb","itemListElement":[{"@type":"ListItem","position":1,"name":"Portada","item":"https:\/\/experienciadevida.com.ar\/portalurbano\/"},{"@type":"ListItem","position":2,"name":"Tucura: se definieron las \u00e1reas a pulverizar"}]},{"@type":"WebSite","@id":"https:\/\/experienciadevida.com.ar\/portalurbano\/#website","url":"https:\/\/experienciadevida.com.ar\/portalurbano\/","name":"","description":"","publisher":{"@id":"https:\/\/experienciadevida.com.ar\/portalurbano\/#organization"},"potentialAction":[{"@type":"SearchAction","target":{"@type":"EntryPoint","urlTemplate":"https:\/\/experienciadevida.com.ar\/portalurbano\/?s={search_term_string}"},"query-input":"required name=search_term_string"}],"inLanguage":"es"},{"@type":"Organization","@id":"https:\/\/experienciadevida.com.ar\/portalurbano\/#organization","name":"Portal Urbano","url":"https:\/\/experienciadevida.com.ar\/portalurbano\/","logo":{"@type":"ImageObject","inLanguage":"es","@id":"https:\/\/experienciadevida.com.ar\/portalurbano\/#\/schema\/logo\/image\/","url":"https:\/\/experienciadevida.com.ar\/portalurbano\/wp-content\/uploads\/2019\/09\/Logo-Original.png","contentUrl":"https:\/\/experienciadevida.com.ar\/portalurbano\/wp-content\/uploads\/2019\/09\/Logo-Original.png","width":2236,"height":1216,"caption":"Portal Urbano"},"image":{"@id":"https:\/\/experienciadevida.com.ar\/portalurbano\/#\/schema\/logo\/image\/"},"sameAs":["https:\/\/www.facebook.com\/Portal-Urbano-171542830093757\/","https:\/\/twitter.com\/portalurbanook","https:\/\/www.instagram.com\/_portalurbano\/","https:\/\/www.youtube.com\/channel\/UCXhagIfszH8KxFiOok79zbA?view_as=subscriber"]},{"@type":"Person","@id":"https:\/\/experienciadevida.com.ar\/portalurbano\/#\/schema\/person\/02dd326b1c4b056e9cc972486934a3a7","name":"admpu17wp","image":{"@type":"ImageObject","inLanguage":"es","@id":"https:\/\/experienciadevida.com.ar\/portalurbano\/#\/schema\/person\/image\/","url":"https:\/\/secure.gravatar.com\/avatar\/830d4c57adaae6630765e449a6908047?s=96&d=mm&r=g","contentUrl":"https:\/\/secure.gravatar.com\/avatar\/830d4c57adaae6630765e449a6908047?s=96&d=mm&r=g","caption":"admpu17wp"}}]}},"featured_image_urls":{"full":"","thumbnail":"","medium":"","medium_large":"","large":"","ug_big":"","1536x1536":"","2048x2048":"","newsever-slider-full":"","newsever-featured":"","newsever-medium":"","web-stories-poster-portrait":"","web-stories-publisher-logo":"","web-stories-thumbnail":""},"author_info":{"display_name":"admpu17wp","author_link":"https:\/\/experienciadevida.com.ar\/portalurbano\/author\/admpu17wp\/"},"category_info":"<a href=\"https:\/\/experienciadevida.com.ar\/portalurbano\/category\/ciudad\/\" rel=\"category tag\">Ciudad<\/a> <a href=\"https:\/\/experienciadevida.com.ar\/portalurbano\/category\/destacadas\/\" rel=\"category tag\">Destacadas<\/a>","tag_info":"Destacadas","comment_count":"0","amp_enabled":true,"_links":{"self":[{"href":"https:\/\/experienciadevida.com.ar\/portalurbano\/wp-json\/wp\/v2\/posts\/129661"}],"collection":[{"href":"https:\/\/experienciadevida.com.ar\/portalurbano\/wp-json\/wp\/v2\/posts"}],"about":[{"href":"https:\/\/experienciadevida.com.ar\/portalurbano\/wp-json\/wp\/v2\/types\/post"}],"author":[{"embeddable":true,"href":"https:\/\/experienciadevida.com.ar\/portalurbano\/wp-json\/wp\/v2\/users\/1"}],"replies":[{"embeddable":true,"href":"https:\/\/experienciadevida.com.ar\/portalurbano\/wp-json\/wp\/v2\/comments?post=129661"}],"version-history":[{"count":3,"href":"https:\/\/experienciadevida.com.ar\/portalurbano\/wp-json\/wp\/v2\/posts\/129661\/revisions"}],"predecessor-version":[{"id":129663,"href":"https:\/\/experienciadevida.com.ar\/portalurbano\/wp-json\/wp\/v2\/posts\/129661\/revisions\/129663"}],"wp:attachment":[{"href":"https:\/\/experienciadevida.com.ar\/portalurbano\/wp-json\/wp\/v2\/media?parent=129661"}],"wp:term":[{"taxonomy":"category","embeddable":true,"href":"https:\/\/experienciadevida.com.ar\/portalurbano\/wp-json\/wp\/v2\/categories?post=129661"},{"taxonomy":"post_tag","embeddable":true,"href":"https:\/\/experienciadevida.com.ar\/portalurbano\/wp-json\/wp\/v2\/tags?post=129661"}],"curies":[{"name":"wp","href":"https:\/\/api.w.org\/{rel}","templated":true}]}}