{"id":129512,"date":"2020-12-10T14:01:53","date_gmt":"2020-12-10T17:01:53","guid":{"rendered":"https:\/\/experienciadevida.com.ar\/portalurbano\/?p=129512"},"modified":"2020-12-10T14:10:06","modified_gmt":"2020-12-10T17:10:06","slug":"en-una-nueva-sesion-se-aprobo-el-pedido-del-aumento-de-agua","status":"publish","type":"post","link":"https:\/\/experienciadevida.com.ar\/portalurbano\/en-una-nueva-sesion-se-aprobo-el-pedido-del-aumento-de-agua\/","title":{"rendered":"En una nueva sesi\u00f3n se aprob\u00f3 el pedido del aumento de agua"},"content":{"rendered":"<p>Este jueves se realiz\u00f3 una <a href=\"https:\/\/www.youtube.com\/watch?v=vreSNlJCiBA\">nueva sesi\u00f3n extraordinaria del HCD<\/a> en el recinto de la Sociedad Espa\u00f1ola. All\u00ed se aprobaron varios proyectos, inclusive el pedido del aumento del agua.<\/p>\n<p><a href=\"https:\/\/experienciadevida.com.ar\/portalurbano\/vecinos-de-s-bayas-presentes-en-la-sesion-del-hcd-para-decirle-no-al-aumento-del-agua\/\">En el recinto se encontraban presentes varios vecinos de las localidades que hace d\u00edas vienen luchando para tener el servicio b\u00e1sico y ped\u00edan que el mismo no se apruebe.<\/a><\/p>\n<p>El primero en tomar la palabra fue <a href=\"https:\/\/www.facebook.com\/nicolas.marinangeli.73\">Nicol\u00e1s Marinangeli<\/a> &#8220;<em>se considera una actualizaci\u00f3n de la tarifa del servicio p\u00fablico de agua corriente y desag\u00fces cloacalaes del Partido de Olavarr\u00eda, haciendo la \u00faltima haber sido aprobada por este consejo deliberante en el a\u00f1o 2016 y el contexto inflacionario atravesado por nuestro pa\u00eds en los \u00faltimos a\u00f1os superior al 150% acumulado, ha tenido su incidencia\u00a0 directa en los conceptos que componen la estructura de costos aplicables a la prestaci\u00f3n del servicio de obras sanitarias. El tiempo transcurrido y ante la imposibilidad de actualizar la referida tarifa,\u00a0 fue impuesta a los usuarios del servicio una contribuci\u00f3n accionaria transitoria\u00a0 que hoy alcanza el 160% la cual sumada a la contribuci\u00f3n accionaria preexistente desde el a\u00f1o 2014 alcanzan conjuntamente los 140% sobre la tarifa vigente&#8221;.<\/em><\/p>\n<p><em>&#8220;Asimismo este a\u00f1o fue implementado una nueva contribuci\u00f3n por renovaci\u00f3n de medidor, la cual se incrementa de un 17% de lo facturado\u00a0 a los usuarios del servicio. En dicho contexto fueron convocadas las autoridades de la entidad, para exponer los fundamentos de la actualizaci\u00f3n propuesta\u00a0 y atender nuevas consultas de los distintos bloques\u00a0 pol\u00edticos&#8221;.<\/em><\/p>\n<p>Luego de un extenso discurso del edil, tom\u00f3 la palabra la edil <a href=\"https:\/\/www.facebook.com\/celeste.arouxet\">Celeste Arouxet<\/a> quien mencion\u00f3 <em>&#8220;Marinangeli usa una banca para defender a\u00a0 Coopelectric. Este expediente ingresa a fines de 2019 donde coopelectric solicitaba\u00a0 un aumento importante del agua, comenzamos a analizar los costos, en ese momento la cooperativa nos dijo que estaba a disposici\u00f3n ante cualquier duda&#8221;.<\/em><\/p>\n<p><em>&#8220;Salgamos a defender a la gente, al que nos paga los sueldos, porque parece que lo ajeno parece mezclarse con lo propio. No quiero que haya negociados pol\u00edticos con el bolsillo de la gente. Rechazo totalmente el aumento al agua, solicito adem\u00e1s\u00a0 auditorias a coopelectric\u00a0 y que sean serias&#8221;.<\/em><\/p>\n<p>En el tratamiento del proyecto, desde los bloques \u201cFrente de Todos\u201d, \u201cForo Olavarr\u00eda\u201d \u201cRadicales en Juntos por el Cambio\u201d, \u201cUCR\u201d y \u201cCuidamos Olavarr\u00eda\u201d solicitaron el pase a comisi\u00f3n del expediente presentado por Coopelectric para la evaluaci\u00f3n de una tarifa justa y razonable ante las inconsistencias del an\u00e1lisis presentado por el Municipio que justific\u00f3 el 97% de aumento. Este pedido fue rechazado por los concejales de \u201cJuntos por el Cambio\u201d y los concejales Germ\u00e1n Aramburu y <a href=\"https:\/\/www.facebook.com\/alicia.almada.581\">Alicia Almada<\/a> de \u201cRenovaci\u00f3n Peronista\u201d para avanzar en la votaci\u00f3n que defini\u00f3 el aumento tarifario del servicio de agua.<\/p>\n<p>Durante el tratamiento del expediente, el concejal del \u201cFrente de Todos\u201d Ubaldo Garc\u00eda sostuvo que: \u201cno es el momento ni el contexto adecuado para exigirle a los bolsillos de los olavarrienses\u201d. Al mismo tiempo consider\u00f3: \u201ceste tratamiento es poco serio, el an\u00e1lisis que hace la Municipalidad tiene errores groseros que quiere justificar un aumento disparatado planteado por Cooopelectric\u201d.<\/p>\n<p>Por su parte, el concejal Juan S\u00e1nchez consider\u00f3 que: \u201cla \u00fanica realidad es lo que pagan los vecinos y claramente en los \u00faltimos a\u00f1os hubo aumentos en la factura que pagan los usuarios a trav\u00e9s de mecanismo no convalidados como la contribuci\u00f3n por medidor\u201d.<\/p>\n<p>\u201cEl Frente de Todos no apoya el aumento del agua y menos a escondidas como lo hacen algunos concejales que ni siquiera leyeron el expediente. Los concejales que fuimos elegidos por el Frente de Todos vamos a votar a favor de los vecinos, nunca nos van a encontrar del lado de los poderosos que piden aumentos injustificados y a escondidas en contra de todos los usuarios\u201d declar\u00f3 el concejal.<\/p>\n<p>Al mismo tiempo, Juan S\u00e1nchez solicit\u00f3 la nulidad del voto del concejal de \u201cJuntos por el Cambio\u201d Mart\u00edn Marinangelli por incompatibilidad. \u201cMarinangelli es el \u201cEmpleado del Mes\u201d de Coopelectric porque fue protesorero de la cooperativa y su voto debe ser inv\u00e1lido por incompatibilidad moral y econ\u00f3mica porque cobraba un sueldo por parte de Coopelectric en el momento de asumir su banca, tendr\u00eda que haber solicitado licencia y abstenerse de tratar este expediente\u201d.<\/p>\n<p>Por \u00faltimo el presidente del Bloque del Frente de Todos, Guillermo Santell\u00e1n declar\u00f3: \u201cEste es un acuerdo que va en contra de los vecinos, un acuerdo entre Galli, el Macrismo y la Cooperativa que ya jugaron juntos en<br \/>\nla \u00faltima elecci\u00f3n y hoy lo vienen a reafirmar\u201d.<\/p>\n<p>Luego de un extenso debate, por parte de los ediles y del repudio de la concejal\u00a0 Alicia Almada tras las amenazas que sufri\u00f3, el proyecto fue aprobado por mayor\u00eda, con once votos positivos y 9 negativos tanto en t\u00e9rminos generales como particulares.<\/p>\n","protected":false},"excerpt":{"rendered":"<p>Este jueves se realiz\u00f3 una nueva sesi\u00f3n extraordinaria del HCD en el recinto de la&#8230;<\/p>\n","protected":false},"author":1,"featured_media":129543,"comment_status":"closed","ping_status":"closed","sticky":false,"template":"","format":"standard","meta":{"content-type":""},"categories":[27,51],"tags":[],"nelio_content":{"isAutoShareEnabled":false,"autoShareEndMode":"default","automationSources":{"useContentSentences":true,"useSocialTemplates":true,"useCustomSentences":false,"customSentences":[]},"followers":[1],"suggestedReferences":[],"includedReferences":["https:\/\/www.youtube.com\/watch?v=vreSNlJCiBA"],"efiUrl":"","efiAlt":"","highlights":[]},"yoast_head":"<!-- This site is optimized with the Yoast SEO plugin v20.7 - https:\/\/yoast.com\/wordpress\/plugins\/seo\/ -->\n<title>En una nuva sesi\u00f3n se aprob\u00f3 el pedido del aumento del agua<\/title>\n<meta name=\"description\" content=\"Se aprob\u00f3 el pedido del aumento del agua, en una nueva sesi\u00f3n del Consejo Deliberante con el discurso de todos los ediles.\" \/>\n<meta name=\"robots\" content=\"index, follow, max-snippet:-1, max-image-preview:large, max-video-preview:-1\" \/>\n<link rel=\"canonical\" href=\"https:\/\/experienciadevida.com.ar\/portalurbano\/en-una-nueva-sesion-se-aprobo-el-pedido-del-aumento-de-agua\/\" \/>\n<meta property=\"og:locale\" content=\"es_ES\" \/>\n<meta property=\"og:type\" content=\"article\" \/>\n<meta property=\"og:title\" content=\"En una nuva sesi\u00f3n se aprob\u00f3 el pedido del aumento del agua\" \/>\n<meta property=\"og:description\" content=\"Se aprob\u00f3 el pedido del aumento del agua, en una nueva sesi\u00f3n del Consejo Deliberante con el discurso de todos los ediles.\" \/>\n<meta property=\"og:url\" content=\"https:\/\/experienciadevida.com.ar\/portalurbano\/en-una-nueva-sesion-se-aprobo-el-pedido-del-aumento-de-agua\/\" \/>\n<meta property=\"article:publisher\" content=\"https:\/\/www.facebook.com\/Portal-Urbano-171542830093757\/\" \/>\n<meta property=\"article:published_time\" content=\"2020-12-10T17:01:53+00:00\" \/>\n<meta property=\"article:modified_time\" content=\"2020-12-10T17:10:06+00:00\" \/>\n<meta property=\"og:image\" content=\"https:\/\/experienciadevida.com.ar\/portalurbano\/wp-content\/uploads\/2020\/12\/Aumento-del-agua.jpg\" \/>\n\t<meta property=\"og:image:width\" content=\"765\" \/>\n\t<meta property=\"og:image:height\" content=\"511\" \/>\n\t<meta property=\"og:image:type\" content=\"image\/jpeg\" \/>\n<meta name=\"author\" content=\"admpu17wp\" \/>\n<meta name=\"twitter:card\" content=\"summary_large_image\" \/>\n<meta name=\"twitter:creator\" content=\"@portalurbanook\" \/>\n<meta name=\"twitter:site\" content=\"@portalurbanook\" \/>\n<meta name=\"twitter:label1\" content=\"Escrito por\" \/>\n\t<meta name=\"twitter:data1\" content=\"admpu17wp\" \/>\n\t<meta name=\"twitter:label2\" content=\"Tiempo de lectura\" \/>\n\t<meta name=\"twitter:data2\" content=\"4 minutos\" \/>\n<script type=\"application\/ld+json\" class=\"yoast-schema-graph\">{\"@context\":\"https:\/\/schema.org\",\"@graph\":[{\"@type\":\"Article\",\"@id\":\"https:\/\/experienciadevida.com.ar\/portalurbano\/en-una-nueva-sesion-se-aprobo-el-pedido-del-aumento-de-agua\/#article\",\"isPartOf\":{\"@id\":\"https:\/\/experienciadevida.com.ar\/portalurbano\/en-una-nueva-sesion-se-aprobo-el-pedido-del-aumento-de-agua\/\"},\"author\":{\"name\":\"admpu17wp\",\"@id\":\"https:\/\/experienciadevida.com.ar\/portalurbano\/#\/schema\/person\/02dd326b1c4b056e9cc972486934a3a7\"},\"headline\":\"En una nueva sesi\u00f3n se aprob\u00f3 el pedido del aumento de agua\",\"datePublished\":\"2020-12-10T17:01:53+00:00\",\"dateModified\":\"2020-12-10T17:10:06+00:00\",\"mainEntityOfPage\":{\"@id\":\"https:\/\/experienciadevida.com.ar\/portalurbano\/en-una-nueva-sesion-se-aprobo-el-pedido-del-aumento-de-agua\/\"},\"wordCount\":827,\"publisher\":{\"@id\":\"https:\/\/experienciadevida.com.ar\/portalurbano\/#organization\"},\"articleSection\":[\"Ciudad\",\"Destacadas\"],\"inLanguage\":\"es\"},{\"@type\":\"WebPage\",\"@id\":\"https:\/\/experienciadevida.com.ar\/portalurbano\/en-una-nueva-sesion-se-aprobo-el-pedido-del-aumento-de-agua\/\",\"url\":\"https:\/\/experienciadevida.com.ar\/portalurbano\/en-una-nueva-sesion-se-aprobo-el-pedido-del-aumento-de-agua\/\",\"name\":\"En una nuva sesi\u00f3n se aprob\u00f3 el pedido del aumento del agua\",\"isPartOf\":{\"@id\":\"https:\/\/experienciadevida.com.ar\/portalurbano\/#website\"},\"datePublished\":\"2020-12-10T17:01:53+00:00\",\"dateModified\":\"2020-12-10T17:10:06+00:00\",\"description\":\"Se aprob\u00f3 el pedido del aumento del agua, en una nueva sesi\u00f3n del Consejo Deliberante con el discurso de todos los ediles.\",\"breadcrumb\":{\"@id\":\"https:\/\/experienciadevida.com.ar\/portalurbano\/en-una-nueva-sesion-se-aprobo-el-pedido-del-aumento-de-agua\/#breadcrumb\"},\"inLanguage\":\"es\",\"potentialAction\":[{\"@type\":\"ReadAction\",\"target\":[\"https:\/\/experienciadevida.com.ar\/portalurbano\/en-una-nueva-sesion-se-aprobo-el-pedido-del-aumento-de-agua\/\"]}]},{\"@type\":\"BreadcrumbList\",\"@id\":\"https:\/\/experienciadevida.com.ar\/portalurbano\/en-una-nueva-sesion-se-aprobo-el-pedido-del-aumento-de-agua\/#breadcrumb\",\"itemListElement\":[{\"@type\":\"ListItem\",\"position\":1,\"name\":\"Portada\",\"item\":\"https:\/\/experienciadevida.com.ar\/portalurbano\/\"},{\"@type\":\"ListItem\",\"position\":2,\"name\":\"En una nueva sesi\u00f3n se aprob\u00f3 el pedido del aumento de agua\"}]},{\"@type\":\"WebSite\",\"@id\":\"https:\/\/experienciadevida.com.ar\/portalurbano\/#website\",\"url\":\"https:\/\/experienciadevida.com.ar\/portalurbano\/\",\"name\":\"\",\"description\":\"\",\"publisher\":{\"@id\":\"https:\/\/experienciadevida.com.ar\/portalurbano\/#organization\"},\"potentialAction\":[{\"@type\":\"SearchAction\",\"target\":{\"@type\":\"EntryPoint\",\"urlTemplate\":\"https:\/\/experienciadevida.com.ar\/portalurbano\/?s={search_term_string}\"},\"query-input\":\"required name=search_term_string\"}],\"inLanguage\":\"es\"},{\"@type\":\"Organization\",\"@id\":\"https:\/\/experienciadevida.com.ar\/portalurbano\/#organization\",\"name\":\"Portal Urbano\",\"url\":\"https:\/\/experienciadevida.com.ar\/portalurbano\/\",\"logo\":{\"@type\":\"ImageObject\",\"inLanguage\":\"es\",\"@id\":\"https:\/\/experienciadevida.com.ar\/portalurbano\/#\/schema\/logo\/image\/\",\"url\":\"https:\/\/experienciadevida.com.ar\/portalurbano\/wp-content\/uploads\/2019\/09\/Logo-Original.png\",\"contentUrl\":\"https:\/\/experienciadevida.com.ar\/portalurbano\/wp-content\/uploads\/2019\/09\/Logo-Original.png\",\"width\":2236,\"height\":1216,\"caption\":\"Portal Urbano\"},\"image\":{\"@id\":\"https:\/\/experienciadevida.com.ar\/portalurbano\/#\/schema\/logo\/image\/\"},\"sameAs\":[\"https:\/\/www.facebook.com\/Portal-Urbano-171542830093757\/\",\"https:\/\/twitter.com\/portalurbanook\",\"https:\/\/www.instagram.com\/_portalurbano\/\",\"https:\/\/www.youtube.com\/channel\/UCXhagIfszH8KxFiOok79zbA?view_as=subscriber\"]},{\"@type\":\"Person\",\"@id\":\"https:\/\/experienciadevida.com.ar\/portalurbano\/#\/schema\/person\/02dd326b1c4b056e9cc972486934a3a7\",\"name\":\"admpu17wp\",\"image\":{\"@type\":\"ImageObject\",\"inLanguage\":\"es\",\"@id\":\"https:\/\/experienciadevida.com.ar\/portalurbano\/#\/schema\/person\/image\/\",\"url\":\"https:\/\/secure.gravatar.com\/avatar\/830d4c57adaae6630765e449a6908047?s=96&d=mm&r=g\",\"contentUrl\":\"https:\/\/secure.gravatar.com\/avatar\/830d4c57adaae6630765e449a6908047?s=96&d=mm&r=g\",\"caption\":\"admpu17wp\"}}]}<\/script>\n<!-- \/ Yoast SEO plugin. -->","yoast_head_json":{"title":"En una nuva sesi\u00f3n se aprob\u00f3 el pedido del aumento del agua","description":"Se aprob\u00f3 el pedido del aumento del agua, en una nueva sesi\u00f3n del Consejo Deliberante con el discurso de todos los ediles.","robots":{"index":"index","follow":"follow","max-snippet":"max-snippet:-1","max-image-preview":"max-image-preview:large","max-video-preview":"max-video-preview:-1"},"canonical":"https:\/\/experienciadevida.com.ar\/portalurbano\/en-una-nueva-sesion-se-aprobo-el-pedido-del-aumento-de-agua\/","og_locale":"es_ES","og_type":"article","og_title":"En una nuva sesi\u00f3n se aprob\u00f3 el pedido del aumento del agua","og_description":"Se aprob\u00f3 el pedido del aumento del agua, en una nueva sesi\u00f3n del Consejo Deliberante con el discurso de todos los ediles.","og_url":"https:\/\/experienciadevida.com.ar\/portalurbano\/en-una-nueva-sesion-se-aprobo-el-pedido-del-aumento-de-agua\/","article_publisher":"https:\/\/www.facebook.com\/Portal-Urbano-171542830093757\/","article_published_time":"2020-12-10T17:01:53+00:00","article_modified_time":"2020-12-10T17:10:06+00:00","og_image":[{"width":765,"height":511,"url":"https:\/\/experienciadevida.com.ar\/portalurbano\/wp-content\/uploads\/2020\/12\/Aumento-del-agua.jpg","type":"image\/jpeg"}],"author":"admpu17wp","twitter_card":"summary_large_image","twitter_creator":"@portalurbanook","twitter_site":"@portalurbanook","twitter_misc":{"Escrito por":"admpu17wp","Tiempo de lectura":"4 minutos"},"schema":{"@context":"https:\/\/schema.org","@graph":[{"@type":"Article","@id":"https:\/\/experienciadevida.com.ar\/portalurbano\/en-una-nueva-sesion-se-aprobo-el-pedido-del-aumento-de-agua\/#article","isPartOf":{"@id":"https:\/\/experienciadevida.com.ar\/portalurbano\/en-una-nueva-sesion-se-aprobo-el-pedido-del-aumento-de-agua\/"},"author":{"name":"admpu17wp","@id":"https:\/\/experienciadevida.com.ar\/portalurbano\/#\/schema\/person\/02dd326b1c4b056e9cc972486934a3a7"},"headline":"En una nueva sesi\u00f3n se aprob\u00f3 el pedido del aumento de agua","datePublished":"2020-12-10T17:01:53+00:00","dateModified":"2020-12-10T17:10:06+00:00","mainEntityOfPage":{"@id":"https:\/\/experienciadevida.com.ar\/portalurbano\/en-una-nueva-sesion-se-aprobo-el-pedido-del-aumento-de-agua\/"},"wordCount":827,"publisher":{"@id":"https:\/\/experienciadevida.com.ar\/portalurbano\/#organization"},"articleSection":["Ciudad","Destacadas"],"inLanguage":"es"},{"@type":"WebPage","@id":"https:\/\/experienciadevida.com.ar\/portalurbano\/en-una-nueva-sesion-se-aprobo-el-pedido-del-aumento-de-agua\/","url":"https:\/\/experienciadevida.com.ar\/portalurbano\/en-una-nueva-sesion-se-aprobo-el-pedido-del-aumento-de-agua\/","name":"En una nuva sesi\u00f3n se aprob\u00f3 el pedido del aumento del agua","isPartOf":{"@id":"https:\/\/experienciadevida.com.ar\/portalurbano\/#website"},"datePublished":"2020-12-10T17:01:53+00:00","dateModified":"2020-12-10T17:10:06+00:00","description":"Se aprob\u00f3 el pedido del aumento del agua, en una nueva sesi\u00f3n del Consejo Deliberante con el discurso de todos los ediles.","breadcrumb":{"@id":"https:\/\/experienciadevida.com.ar\/portalurbano\/en-una-nueva-sesion-se-aprobo-el-pedido-del-aumento-de-agua\/#breadcrumb"},"inLanguage":"es","potentialAction":[{"@type":"ReadAction","target":["https:\/\/experienciadevida.com.ar\/portalurbano\/en-una-nueva-sesion-se-aprobo-el-pedido-del-aumento-de-agua\/"]}]},{"@type":"BreadcrumbList","@id":"https:\/\/experienciadevida.com.ar\/portalurbano\/en-una-nueva-sesion-se-aprobo-el-pedido-del-aumento-de-agua\/#breadcrumb","itemListElement":[{"@type":"ListItem","position":1,"name":"Portada","item":"https:\/\/experienciadevida.com.ar\/portalurbano\/"},{"@type":"ListItem","position":2,"name":"En una nueva sesi\u00f3n se aprob\u00f3 el pedido del aumento de agua"}]},{"@type":"WebSite","@id":"https:\/\/experienciadevida.com.ar\/portalurbano\/#website","url":"https:\/\/experienciadevida.com.ar\/portalurbano\/","name":"","description":"","publisher":{"@id":"https:\/\/experienciadevida.com.ar\/portalurbano\/#organization"},"potentialAction":[{"@type":"SearchAction","target":{"@type":"EntryPoint","urlTemplate":"https:\/\/experienciadevida.com.ar\/portalurbano\/?s={search_term_string}"},"query-input":"required name=search_term_string"}],"inLanguage":"es"},{"@type":"Organization","@id":"https:\/\/experienciadevida.com.ar\/portalurbano\/#organization","name":"Portal Urbano","url":"https:\/\/experienciadevida.com.ar\/portalurbano\/","logo":{"@type":"ImageObject","inLanguage":"es","@id":"https:\/\/experienciadevida.com.ar\/portalurbano\/#\/schema\/logo\/image\/","url":"https:\/\/experienciadevida.com.ar\/portalurbano\/wp-content\/uploads\/2019\/09\/Logo-Original.png","contentUrl":"https:\/\/experienciadevida.com.ar\/portalurbano\/wp-content\/uploads\/2019\/09\/Logo-Original.png","width":2236,"height":1216,"caption":"Portal Urbano"},"image":{"@id":"https:\/\/experienciadevida.com.ar\/portalurbano\/#\/schema\/logo\/image\/"},"sameAs":["https:\/\/www.facebook.com\/Portal-Urbano-171542830093757\/","https:\/\/twitter.com\/portalurbanook","https:\/\/www.instagram.com\/_portalurbano\/","https:\/\/www.youtube.com\/channel\/UCXhagIfszH8KxFiOok79zbA?view_as=subscriber"]},{"@type":"Person","@id":"https:\/\/experienciadevida.com.ar\/portalurbano\/#\/schema\/person\/02dd326b1c4b056e9cc972486934a3a7","name":"admpu17wp","image":{"@type":"ImageObject","inLanguage":"es","@id":"https:\/\/experienciadevida.com.ar\/portalurbano\/#\/schema\/person\/image\/","url":"https:\/\/secure.gravatar.com\/avatar\/830d4c57adaae6630765e449a6908047?s=96&d=mm&r=g","contentUrl":"https:\/\/secure.gravatar.com\/avatar\/830d4c57adaae6630765e449a6908047?s=96&d=mm&r=g","caption":"admpu17wp"}}]}},"featured_image_urls":{"full":["https:\/\/experienciadevida.com.ar\/portalurbano\/wp-content\/uploads\/2020\/12\/Aumento-del-agua.jpg",765,511,false],"thumbnail":["https:\/\/experienciadevida.com.ar\/portalurbano\/wp-content\/uploads\/2020\/12\/Aumento-del-agua-150x150.jpg",150,150,true],"medium":["https:\/\/experienciadevida.com.ar\/portalurbano\/wp-content\/uploads\/2020\/12\/Aumento-del-agua-300x200.jpg",300,200,true],"medium_large":["https:\/\/experienciadevida.com.ar\/portalurbano\/wp-content\/uploads\/2020\/12\/Aumento-del-agua.jpg",640,428,false],"large":["https:\/\/experienciadevida.com.ar\/portalurbano\/wp-content\/uploads\/2020\/12\/Aumento-del-agua.jpg",640,428,false],"ug_big":["https:\/\/experienciadevida.com.ar\/portalurbano\/wp-content\/uploads\/2020\/12\/Aumento-del-agua.jpg",765,511,false],"1536x1536":["https:\/\/experienciadevida.com.ar\/portalurbano\/wp-content\/uploads\/2020\/12\/Aumento-del-agua.jpg",765,511,false],"2048x2048":["https:\/\/experienciadevida.com.ar\/portalurbano\/wp-content\/uploads\/2020\/12\/Aumento-del-agua.jpg",765,511,false],"newsever-slider-full":["https:\/\/experienciadevida.com.ar\/portalurbano\/wp-content\/uploads\/2020\/12\/Aumento-del-agua.jpg",765,511,false],"newsever-featured":["https:\/\/experienciadevida.com.ar\/portalurbano\/wp-content\/uploads\/2020\/12\/Aumento-del-agua.jpg",765,511,false],"newsever-medium":["https:\/\/experienciadevida.com.ar\/portalurbano\/wp-content\/uploads\/2020\/12\/Aumento-del-agua.jpg",711,475,false],"web-stories-poster-portrait":["https:\/\/experienciadevida.com.ar\/portalurbano\/wp-content\/uploads\/2020\/12\/Aumento-del-agua.jpg",640,428,false],"web-stories-publisher-logo":["https:\/\/experienciadevida.com.ar\/portalurbano\/wp-content\/uploads\/2020\/12\/Aumento-del-agua.jpg",96,64,false],"web-stories-thumbnail":["https:\/\/experienciadevida.com.ar\/portalurbano\/wp-content\/uploads\/2020\/12\/Aumento-del-agua.jpg",150,100,false]},"author_info":{"display_name":"admpu17wp","author_link":"https:\/\/experienciadevida.com.ar\/portalurbano\/author\/admpu17wp\/"},"category_info":"<a href=\"https:\/\/experienciadevida.com.ar\/portalurbano\/category\/ciudad\/\" rel=\"category tag\">Ciudad<\/a> <a href=\"https:\/\/experienciadevida.com.ar\/portalurbano\/category\/destacadas\/\" rel=\"category tag\">Destacadas<\/a>","tag_info":"Destacadas","comment_count":"0","amp_enabled":true,"_links":{"self":[{"href":"https:\/\/experienciadevida.com.ar\/portalurbano\/wp-json\/wp\/v2\/posts\/129512"}],"collection":[{"href":"https:\/\/experienciadevida.com.ar\/portalurbano\/wp-json\/wp\/v2\/posts"}],"about":[{"href":"https:\/\/experienciadevida.com.ar\/portalurbano\/wp-json\/wp\/v2\/types\/post"}],"author":[{"embeddable":true,"href":"https:\/\/experienciadevida.com.ar\/portalurbano\/wp-json\/wp\/v2\/users\/1"}],"replies":[{"embeddable":true,"href":"https:\/\/experienciadevida.com.ar\/portalurbano\/wp-json\/wp\/v2\/comments?post=129512"}],"version-history":[{"count":5,"href":"https:\/\/experienciadevida.com.ar\/portalurbano\/wp-json\/wp\/v2\/posts\/129512\/revisions"}],"predecessor-version":[{"id":129548,"href":"https:\/\/experienciadevida.com.ar\/portalurbano\/wp-json\/wp\/v2\/posts\/129512\/revisions\/129548"}],"wp:featuredmedia":[{"embeddable":true,"href":"https:\/\/experienciadevida.com.ar\/portalurbano\/wp-json\/wp\/v2\/media\/129543"}],"wp:attachment":[{"href":"https:\/\/experienciadevida.com.ar\/portalurbano\/wp-json\/wp\/v2\/media?parent=129512"}],"wp:term":[{"taxonomy":"category","embeddable":true,"href":"https:\/\/experienciadevida.com.ar\/portalurbano\/wp-json\/wp\/v2\/categories?post=129512"},{"taxonomy":"post_tag","embeddable":true,"href":"https:\/\/experienciadevida.com.ar\/portalurbano\/wp-json\/wp\/v2\/tags?post=129512"}],"curies":[{"name":"wp","href":"https:\/\/api.w.org\/{rel}","templated":true}]}}