{"id":129421,"date":"2020-12-09T12:23:38","date_gmt":"2020-12-09T15:23:38","guid":{"rendered":"https:\/\/experienciadevida.com.ar\/portalurbano\/?p=129421"},"modified":"2020-12-09T12:24:10","modified_gmt":"2020-12-09T15:24:10","slug":"el-sector-v-del-parque-industrial-podra-contar-con-el-servicio-de-internet","status":"publish","type":"post","link":"https:\/\/experienciadevida.com.ar\/portalurbano\/el-sector-v-del-parque-industrial-podra-contar-con-el-servicio-de-internet\/","title":{"rendered":"El Sector V del Parque Industrial, podra\u0301 contar con el servicio de Internet"},"content":{"rendered":"<p>El <a href=\"https:\/\/www.facebook.com\/unionindustrialolavarria\">sector V del Parque Industrial<\/a>, podr\u00e1 contar con el servicio de internet. La gesti\u00f3n de dicha iniciativa estuvo a cargo de entidades intermedias, de la Municipalidad de Olavarri\u0301a, y de Telefo\u0301nica, empresa que desarrolla la obra y prestara\u0301 el servicio.<\/p>\n<p>Representantes del Departamento de Parques Industriales de la Unio\u0301n Industrial de Olavarri\u0301a, aseguraron que \u201cla faltante de conectividad en el Sector V no es algo de ahora, sino algo de hace muchos an\u0303os, finalmente se logro\u0301 acordar el comienzo de las obras\u201d por otro lado afirmaron que \u201choy por hoy todo el mundo necesita conectividad por eso es tan importante que se haya avanzado y podido comenzar con este proceso\u201d gracias a las partes intervinientes y a un contrato con un miembro de nuestra entidad como Socio Estrate\u0301gico de la Empresa Telefo\u0301nica termino acelerando el proceso y comenzaron las Obras.-<\/p>\n<p>Por su parte, Julio Valetutto, Secretario de Desarrollo Econo\u0301mico, declaro\u0301, \u201cestamos muy felices de estar en la Unio\u0301n Industrial de Olavarri\u0301a, con la empresa Telefo\u0301nica, porque arranco\u0301 la tan anhelada obra de fibra O\u0301ptica en el PIO V. Es un esfuerzo y un trabajo en conjunto, del Municipio, la empresa, el Dpto de Parques Industriales de la UIOL que han hecho girar la rueda y muchos empresarios Industriales que necesitan el servicio de conectividad, que han hecho gestiones para que el proyecto avance\u201d. Adema\u0301s agrego\u0301 que \u201cla conectividad genera competitividad y en estos tiempos, con pandemia o sin pandemia, es una necesidad ba\u0301sica y la buena noticia es que Telefo\u0301nica comenzo\u0301 con el tendido de red en el Parque Industrial Sector V que era el que faltaba\u201d<\/p>\n<p>Por u\u0301ltimo Pablo Vizcai\u0301no, representante de Telefo\u0301nica, declaro\u0301 que \u201cel plazo de obra es un proceso que no va a demorar mucho tiempo, hay un compromiso de que no lleve ma\u0301s de 40 di\u0301as. Una vez que este\u0301 el final de obra ya podemos empezar a instalar los servicios. Los socios, los empresarios, habi\u0301an expresado la necesidad de tener conectividad, performance y seguridad, y aca\u0301 se pone en juego un papel protagonista del lado de Telefo\u0301nica siendo un socio estrate\u0301gico\u201d<\/p>\n","protected":false},"excerpt":{"rendered":"<p>El sector V del Parque Industrial, podr\u00e1 contar con el servicio de internet. La gesti\u00f3n&#8230;<\/p>\n","protected":false},"author":1,"featured_media":129422,"comment_status":"closed","ping_status":"closed","sticky":false,"template":"","format":"standard","meta":{"content-type":""},"categories":[27,51],"tags":[],"nelio_content":{"isAutoShareEnabled":false,"autoShareEndMode":"default","automationSources":{"useContentSentences":true,"useSocialTemplates":true,"useCustomSentences":false,"customSentences":[]},"followers":[1],"suggestedReferences":[],"includedReferences":[],"efiUrl":"","efiAlt":"","highlights":[]},"yoast_head":"<!-- This site is optimized with the Yoast SEO plugin v20.7 - https:\/\/yoast.com\/wordpress\/plugins\/seo\/ -->\n<title>El sector V del Parque industrial podr\u00e1 contar con el servicio de internet<\/title>\n<meta name=\"description\" content=\"El sector V del Parque Industrial, podr\u00e1 contar con el servicio de internet. La gesti\u00f3n de estuvo a cargo dela Municipalidad y Telefo\u0301nica\" \/>\n<meta name=\"robots\" content=\"index, follow, max-snippet:-1, max-image-preview:large, max-video-preview:-1\" \/>\n<link rel=\"canonical\" href=\"https:\/\/experienciadevida.com.ar\/portalurbano\/el-sector-v-del-parque-industrial-podra-contar-con-el-servicio-de-internet\/\" \/>\n<meta property=\"og:locale\" content=\"es_ES\" \/>\n<meta property=\"og:type\" content=\"article\" \/>\n<meta property=\"og:title\" content=\"El sector V del Parque industrial podr\u00e1 contar con el servicio de internet\" \/>\n<meta property=\"og:description\" content=\"El sector V del Parque Industrial, podr\u00e1 contar con el servicio de internet. La gesti\u00f3n de estuvo a cargo dela Municipalidad y Telefo\u0301nica\" \/>\n<meta property=\"og:url\" content=\"https:\/\/experienciadevida.com.ar\/portalurbano\/el-sector-v-del-parque-industrial-podra-contar-con-el-servicio-de-internet\/\" \/>\n<meta property=\"article:publisher\" content=\"https:\/\/www.facebook.com\/Portal-Urbano-171542830093757\/\" \/>\n<meta property=\"article:published_time\" content=\"2020-12-09T15:23:38+00:00\" \/>\n<meta property=\"article:modified_time\" content=\"2020-12-09T15:24:10+00:00\" \/>\n<meta property=\"og:image\" content=\"https:\/\/experienciadevida.com.ar\/portalurbano\/wp-content\/uploads\/2020\/12\/Sector-V-del-parque-industrial.jpg\" \/>\n\t<meta property=\"og:image:width\" content=\"765\" \/>\n\t<meta property=\"og:image:height\" content=\"432\" \/>\n\t<meta property=\"og:image:type\" content=\"image\/jpeg\" \/>\n<meta name=\"author\" content=\"admpu17wp\" \/>\n<meta name=\"twitter:card\" content=\"summary_large_image\" \/>\n<meta name=\"twitter:creator\" content=\"@portalurbanook\" \/>\n<meta name=\"twitter:site\" content=\"@portalurbanook\" \/>\n<meta name=\"twitter:label1\" content=\"Escrito por\" \/>\n\t<meta name=\"twitter:data1\" content=\"admpu17wp\" \/>\n\t<meta name=\"twitter:label2\" content=\"Tiempo de lectura\" \/>\n\t<meta name=\"twitter:data2\" content=\"2 minutos\" \/>\n<script type=\"application\/ld+json\" class=\"yoast-schema-graph\">{\"@context\":\"https:\/\/schema.org\",\"@graph\":[{\"@type\":\"Article\",\"@id\":\"https:\/\/experienciadevida.com.ar\/portalurbano\/el-sector-v-del-parque-industrial-podra-contar-con-el-servicio-de-internet\/#article\",\"isPartOf\":{\"@id\":\"https:\/\/experienciadevida.com.ar\/portalurbano\/el-sector-v-del-parque-industrial-podra-contar-con-el-servicio-de-internet\/\"},\"author\":{\"name\":\"admpu17wp\",\"@id\":\"https:\/\/experienciadevida.com.ar\/portalurbano\/#\/schema\/person\/02dd326b1c4b056e9cc972486934a3a7\"},\"headline\":\"El Sector V del Parque Industrial, podra\u0301 contar con el servicio de Internet\",\"datePublished\":\"2020-12-09T15:23:38+00:00\",\"dateModified\":\"2020-12-09T15:24:10+00:00\",\"mainEntityOfPage\":{\"@id\":\"https:\/\/experienciadevida.com.ar\/portalurbano\/el-sector-v-del-parque-industrial-podra-contar-con-el-servicio-de-internet\/\"},\"wordCount\":385,\"publisher\":{\"@id\":\"https:\/\/experienciadevida.com.ar\/portalurbano\/#organization\"},\"articleSection\":[\"Ciudad\",\"Destacadas\"],\"inLanguage\":\"es\"},{\"@type\":\"WebPage\",\"@id\":\"https:\/\/experienciadevida.com.ar\/portalurbano\/el-sector-v-del-parque-industrial-podra-contar-con-el-servicio-de-internet\/\",\"url\":\"https:\/\/experienciadevida.com.ar\/portalurbano\/el-sector-v-del-parque-industrial-podra-contar-con-el-servicio-de-internet\/\",\"name\":\"El sector V del Parque industrial podr\u00e1 contar con el servicio de internet\",\"isPartOf\":{\"@id\":\"https:\/\/experienciadevida.com.ar\/portalurbano\/#website\"},\"datePublished\":\"2020-12-09T15:23:38+00:00\",\"dateModified\":\"2020-12-09T15:24:10+00:00\",\"description\":\"El sector V del Parque Industrial, podr\u00e1 contar con el servicio de internet. La gesti\u00f3n de estuvo a cargo dela Municipalidad y Telefo\u0301nica\",\"breadcrumb\":{\"@id\":\"https:\/\/experienciadevida.com.ar\/portalurbano\/el-sector-v-del-parque-industrial-podra-contar-con-el-servicio-de-internet\/#breadcrumb\"},\"inLanguage\":\"es\",\"potentialAction\":[{\"@type\":\"ReadAction\",\"target\":[\"https:\/\/experienciadevida.com.ar\/portalurbano\/el-sector-v-del-parque-industrial-podra-contar-con-el-servicio-de-internet\/\"]}]},{\"@type\":\"BreadcrumbList\",\"@id\":\"https:\/\/experienciadevida.com.ar\/portalurbano\/el-sector-v-del-parque-industrial-podra-contar-con-el-servicio-de-internet\/#breadcrumb\",\"itemListElement\":[{\"@type\":\"ListItem\",\"position\":1,\"name\":\"Portada\",\"item\":\"https:\/\/experienciadevida.com.ar\/portalurbano\/\"},{\"@type\":\"ListItem\",\"position\":2,\"name\":\"El Sector V del Parque Industrial, podra\u0301 contar con el servicio de Internet\"}]},{\"@type\":\"WebSite\",\"@id\":\"https:\/\/experienciadevida.com.ar\/portalurbano\/#website\",\"url\":\"https:\/\/experienciadevida.com.ar\/portalurbano\/\",\"name\":\"\",\"description\":\"\",\"publisher\":{\"@id\":\"https:\/\/experienciadevida.com.ar\/portalurbano\/#organization\"},\"potentialAction\":[{\"@type\":\"SearchAction\",\"target\":{\"@type\":\"EntryPoint\",\"urlTemplate\":\"https:\/\/experienciadevida.com.ar\/portalurbano\/?s={search_term_string}\"},\"query-input\":\"required name=search_term_string\"}],\"inLanguage\":\"es\"},{\"@type\":\"Organization\",\"@id\":\"https:\/\/experienciadevida.com.ar\/portalurbano\/#organization\",\"name\":\"Portal Urbano\",\"url\":\"https:\/\/experienciadevida.com.ar\/portalurbano\/\",\"logo\":{\"@type\":\"ImageObject\",\"inLanguage\":\"es\",\"@id\":\"https:\/\/experienciadevida.com.ar\/portalurbano\/#\/schema\/logo\/image\/\",\"url\":\"https:\/\/experienciadevida.com.ar\/portalurbano\/wp-content\/uploads\/2019\/09\/Logo-Original.png\",\"contentUrl\":\"https:\/\/experienciadevida.com.ar\/portalurbano\/wp-content\/uploads\/2019\/09\/Logo-Original.png\",\"width\":2236,\"height\":1216,\"caption\":\"Portal Urbano\"},\"image\":{\"@id\":\"https:\/\/experienciadevida.com.ar\/portalurbano\/#\/schema\/logo\/image\/\"},\"sameAs\":[\"https:\/\/www.facebook.com\/Portal-Urbano-171542830093757\/\",\"https:\/\/twitter.com\/portalurbanook\",\"https:\/\/www.instagram.com\/_portalurbano\/\",\"https:\/\/www.youtube.com\/channel\/UCXhagIfszH8KxFiOok79zbA?view_as=subscriber\"]},{\"@type\":\"Person\",\"@id\":\"https:\/\/experienciadevida.com.ar\/portalurbano\/#\/schema\/person\/02dd326b1c4b056e9cc972486934a3a7\",\"name\":\"admpu17wp\",\"image\":{\"@type\":\"ImageObject\",\"inLanguage\":\"es\",\"@id\":\"https:\/\/experienciadevida.com.ar\/portalurbano\/#\/schema\/person\/image\/\",\"url\":\"https:\/\/secure.gravatar.com\/avatar\/830d4c57adaae6630765e449a6908047?s=96&d=mm&r=g\",\"contentUrl\":\"https:\/\/secure.gravatar.com\/avatar\/830d4c57adaae6630765e449a6908047?s=96&d=mm&r=g\",\"caption\":\"admpu17wp\"}}]}<\/script>\n<!-- \/ Yoast SEO plugin. -->","yoast_head_json":{"title":"El sector V del Parque industrial podr\u00e1 contar con el servicio de internet","description":"El sector V del Parque Industrial, podr\u00e1 contar con el servicio de internet. La gesti\u00f3n de estuvo a cargo dela Municipalidad y Telefo\u0301nica","robots":{"index":"index","follow":"follow","max-snippet":"max-snippet:-1","max-image-preview":"max-image-preview:large","max-video-preview":"max-video-preview:-1"},"canonical":"https:\/\/experienciadevida.com.ar\/portalurbano\/el-sector-v-del-parque-industrial-podra-contar-con-el-servicio-de-internet\/","og_locale":"es_ES","og_type":"article","og_title":"El sector V del Parque industrial podr\u00e1 contar con el servicio de internet","og_description":"El sector V del Parque Industrial, podr\u00e1 contar con el servicio de internet. La gesti\u00f3n de estuvo a cargo dela Municipalidad y Telefo\u0301nica","og_url":"https:\/\/experienciadevida.com.ar\/portalurbano\/el-sector-v-del-parque-industrial-podra-contar-con-el-servicio-de-internet\/","article_publisher":"https:\/\/www.facebook.com\/Portal-Urbano-171542830093757\/","article_published_time":"2020-12-09T15:23:38+00:00","article_modified_time":"2020-12-09T15:24:10+00:00","og_image":[{"width":765,"height":432,"url":"https:\/\/experienciadevida.com.ar\/portalurbano\/wp-content\/uploads\/2020\/12\/Sector-V-del-parque-industrial.jpg","type":"image\/jpeg"}],"author":"admpu17wp","twitter_card":"summary_large_image","twitter_creator":"@portalurbanook","twitter_site":"@portalurbanook","twitter_misc":{"Escrito por":"admpu17wp","Tiempo de lectura":"2 minutos"},"schema":{"@context":"https:\/\/schema.org","@graph":[{"@type":"Article","@id":"https:\/\/experienciadevida.com.ar\/portalurbano\/el-sector-v-del-parque-industrial-podra-contar-con-el-servicio-de-internet\/#article","isPartOf":{"@id":"https:\/\/experienciadevida.com.ar\/portalurbano\/el-sector-v-del-parque-industrial-podra-contar-con-el-servicio-de-internet\/"},"author":{"name":"admpu17wp","@id":"https:\/\/experienciadevida.com.ar\/portalurbano\/#\/schema\/person\/02dd326b1c4b056e9cc972486934a3a7"},"headline":"El Sector V del Parque Industrial, podra\u0301 contar con el servicio de Internet","datePublished":"2020-12-09T15:23:38+00:00","dateModified":"2020-12-09T15:24:10+00:00","mainEntityOfPage":{"@id":"https:\/\/experienciadevida.com.ar\/portalurbano\/el-sector-v-del-parque-industrial-podra-contar-con-el-servicio-de-internet\/"},"wordCount":385,"publisher":{"@id":"https:\/\/experienciadevida.com.ar\/portalurbano\/#organization"},"articleSection":["Ciudad","Destacadas"],"inLanguage":"es"},{"@type":"WebPage","@id":"https:\/\/experienciadevida.com.ar\/portalurbano\/el-sector-v-del-parque-industrial-podra-contar-con-el-servicio-de-internet\/","url":"https:\/\/experienciadevida.com.ar\/portalurbano\/el-sector-v-del-parque-industrial-podra-contar-con-el-servicio-de-internet\/","name":"El sector V del Parque industrial podr\u00e1 contar con el servicio de internet","isPartOf":{"@id":"https:\/\/experienciadevida.com.ar\/portalurbano\/#website"},"datePublished":"2020-12-09T15:23:38+00:00","dateModified":"2020-12-09T15:24:10+00:00","description":"El sector V del Parque Industrial, podr\u00e1 contar con el servicio de internet. La gesti\u00f3n de estuvo a cargo dela Municipalidad y Telefo\u0301nica","breadcrumb":{"@id":"https:\/\/experienciadevida.com.ar\/portalurbano\/el-sector-v-del-parque-industrial-podra-contar-con-el-servicio-de-internet\/#breadcrumb"},"inLanguage":"es","potentialAction":[{"@type":"ReadAction","target":["https:\/\/experienciadevida.com.ar\/portalurbano\/el-sector-v-del-parque-industrial-podra-contar-con-el-servicio-de-internet\/"]}]},{"@type":"BreadcrumbList","@id":"https:\/\/experienciadevida.com.ar\/portalurbano\/el-sector-v-del-parque-industrial-podra-contar-con-el-servicio-de-internet\/#breadcrumb","itemListElement":[{"@type":"ListItem","position":1,"name":"Portada","item":"https:\/\/experienciadevida.com.ar\/portalurbano\/"},{"@type":"ListItem","position":2,"name":"El Sector V del Parque Industrial, podra\u0301 contar con el servicio de Internet"}]},{"@type":"WebSite","@id":"https:\/\/experienciadevida.com.ar\/portalurbano\/#website","url":"https:\/\/experienciadevida.com.ar\/portalurbano\/","name":"","description":"","publisher":{"@id":"https:\/\/experienciadevida.com.ar\/portalurbano\/#organization"},"potentialAction":[{"@type":"SearchAction","target":{"@type":"EntryPoint","urlTemplate":"https:\/\/experienciadevida.com.ar\/portalurbano\/?s={search_term_string}"},"query-input":"required name=search_term_string"}],"inLanguage":"es"},{"@type":"Organization","@id":"https:\/\/experienciadevida.com.ar\/portalurbano\/#organization","name":"Portal Urbano","url":"https:\/\/experienciadevida.com.ar\/portalurbano\/","logo":{"@type":"ImageObject","inLanguage":"es","@id":"https:\/\/experienciadevida.com.ar\/portalurbano\/#\/schema\/logo\/image\/","url":"https:\/\/experienciadevida.com.ar\/portalurbano\/wp-content\/uploads\/2019\/09\/Logo-Original.png","contentUrl":"https:\/\/experienciadevida.com.ar\/portalurbano\/wp-content\/uploads\/2019\/09\/Logo-Original.png","width":2236,"height":1216,"caption":"Portal Urbano"},"image":{"@id":"https:\/\/experienciadevida.com.ar\/portalurbano\/#\/schema\/logo\/image\/"},"sameAs":["https:\/\/www.facebook.com\/Portal-Urbano-171542830093757\/","https:\/\/twitter.com\/portalurbanook","https:\/\/www.instagram.com\/_portalurbano\/","https:\/\/www.youtube.com\/channel\/UCXhagIfszH8KxFiOok79zbA?view_as=subscriber"]},{"@type":"Person","@id":"https:\/\/experienciadevida.com.ar\/portalurbano\/#\/schema\/person\/02dd326b1c4b056e9cc972486934a3a7","name":"admpu17wp","image":{"@type":"ImageObject","inLanguage":"es","@id":"https:\/\/experienciadevida.com.ar\/portalurbano\/#\/schema\/person\/image\/","url":"https:\/\/secure.gravatar.com\/avatar\/830d4c57adaae6630765e449a6908047?s=96&d=mm&r=g","contentUrl":"https:\/\/secure.gravatar.com\/avatar\/830d4c57adaae6630765e449a6908047?s=96&d=mm&r=g","caption":"admpu17wp"}}]}},"featured_image_urls":{"full":["https:\/\/experienciadevida.com.ar\/portalurbano\/wp-content\/uploads\/2020\/12\/Sector-V-del-parque-industrial.jpg",765,432,false],"thumbnail":["https:\/\/experienciadevida.com.ar\/portalurbano\/wp-content\/uploads\/2020\/12\/Sector-V-del-parque-industrial-150x150.jpg",150,150,true],"medium":["https:\/\/experienciadevida.com.ar\/portalurbano\/wp-content\/uploads\/2020\/12\/Sector-V-del-parque-industrial-300x169.jpg",300,169,true],"medium_large":["https:\/\/experienciadevida.com.ar\/portalurbano\/wp-content\/uploads\/2020\/12\/Sector-V-del-parque-industrial.jpg",640,361,false],"large":["https:\/\/experienciadevida.com.ar\/portalurbano\/wp-content\/uploads\/2020\/12\/Sector-V-del-parque-industrial.jpg",640,361,false],"ug_big":["https:\/\/experienciadevida.com.ar\/portalurbano\/wp-content\/uploads\/2020\/12\/Sector-V-del-parque-industrial.jpg",765,432,false],"1536x1536":["https:\/\/experienciadevida.com.ar\/portalurbano\/wp-content\/uploads\/2020\/12\/Sector-V-del-parque-industrial.jpg",765,432,false],"2048x2048":["https:\/\/experienciadevida.com.ar\/portalurbano\/wp-content\/uploads\/2020\/12\/Sector-V-del-parque-industrial.jpg",765,432,false],"newsever-slider-full":["https:\/\/experienciadevida.com.ar\/portalurbano\/wp-content\/uploads\/2020\/12\/Sector-V-del-parque-industrial.jpg",765,432,false],"newsever-featured":["https:\/\/experienciadevida.com.ar\/portalurbano\/wp-content\/uploads\/2020\/12\/Sector-V-del-parque-industrial.jpg",765,432,false],"newsever-medium":["https:\/\/experienciadevida.com.ar\/portalurbano\/wp-content\/uploads\/2020\/12\/Sector-V-del-parque-industrial.jpg",720,407,false],"web-stories-poster-portrait":["https:\/\/experienciadevida.com.ar\/portalurbano\/wp-content\/uploads\/2020\/12\/Sector-V-del-parque-industrial.jpg",640,361,false],"web-stories-publisher-logo":["https:\/\/experienciadevida.com.ar\/portalurbano\/wp-content\/uploads\/2020\/12\/Sector-V-del-parque-industrial.jpg",96,54,false],"web-stories-thumbnail":["https:\/\/experienciadevida.com.ar\/portalurbano\/wp-content\/uploads\/2020\/12\/Sector-V-del-parque-industrial.jpg",150,85,false]},"author_info":{"display_name":"admpu17wp","author_link":"https:\/\/experienciadevida.com.ar\/portalurbano\/author\/admpu17wp\/"},"category_info":"<a href=\"https:\/\/experienciadevida.com.ar\/portalurbano\/category\/ciudad\/\" rel=\"category tag\">Ciudad<\/a> <a href=\"https:\/\/experienciadevida.com.ar\/portalurbano\/category\/destacadas\/\" rel=\"category tag\">Destacadas<\/a>","tag_info":"Destacadas","comment_count":"0","amp_enabled":true,"_links":{"self":[{"href":"https:\/\/experienciadevida.com.ar\/portalurbano\/wp-json\/wp\/v2\/posts\/129421"}],"collection":[{"href":"https:\/\/experienciadevida.com.ar\/portalurbano\/wp-json\/wp\/v2\/posts"}],"about":[{"href":"https:\/\/experienciadevida.com.ar\/portalurbano\/wp-json\/wp\/v2\/types\/post"}],"author":[{"embeddable":true,"href":"https:\/\/experienciadevida.com.ar\/portalurbano\/wp-json\/wp\/v2\/users\/1"}],"replies":[{"embeddable":true,"href":"https:\/\/experienciadevida.com.ar\/portalurbano\/wp-json\/wp\/v2\/comments?post=129421"}],"version-history":[{"count":2,"href":"https:\/\/experienciadevida.com.ar\/portalurbano\/wp-json\/wp\/v2\/posts\/129421\/revisions"}],"predecessor-version":[{"id":129424,"href":"https:\/\/experienciadevida.com.ar\/portalurbano\/wp-json\/wp\/v2\/posts\/129421\/revisions\/129424"}],"wp:featuredmedia":[{"embeddable":true,"href":"https:\/\/experienciadevida.com.ar\/portalurbano\/wp-json\/wp\/v2\/media\/129422"}],"wp:attachment":[{"href":"https:\/\/experienciadevida.com.ar\/portalurbano\/wp-json\/wp\/v2\/media?parent=129421"}],"wp:term":[{"taxonomy":"category","embeddable":true,"href":"https:\/\/experienciadevida.com.ar\/portalurbano\/wp-json\/wp\/v2\/categories?post=129421"},{"taxonomy":"post_tag","embeddable":true,"href":"https:\/\/experienciadevida.com.ar\/portalurbano\/wp-json\/wp\/v2\/tags?post=129421"}],"curies":[{"name":"wp","href":"https:\/\/api.w.org\/{rel}","templated":true}]}}