{"id":129238,"date":"2020-12-06T21:10:39","date_gmt":"2020-12-07T00:10:39","guid":{"rendered":"https:\/\/experienciadevida.com.ar\/portalurbano\/?p=129238"},"modified":"2020-12-06T21:19:12","modified_gmt":"2020-12-07T00:19:12","slug":"los-vecinos-de-s-bayas-continuan-reclamando-la-falta-de-agua","status":"publish","type":"post","link":"https:\/\/experienciadevida.com.ar\/portalurbano\/los-vecinos-de-s-bayas-continuan-reclamando-la-falta-de-agua\/","title":{"rendered":"Los vecinos de S. Bayas contin\u00faan reclamando la falta de agua"},"content":{"rendered":"<p>Residentes del barrio Fonavi de la localidad de Sierras Bayas piden tener con normalidad el suministro del servicio potable.<\/p>\n<p>Los vecinos del barrio mencionado anteriormente <a href=\"https:\/\/experienciadevida.com.ar\/portalurbano\/vecinos-reclaman-por-la-falta-de-presion-de-agua-en-s-bayas\/\">sufren esta problem\u00e1tica desde el mes de noviembre<\/a> y contin\u00faan su reclamo. En caso de tenerla es con baja presi\u00f3n, lo que no es dato menor si se tiene en cuenta las altas temperaturas reinantes. Es una situaci\u00f3n que se sigue agravando sin poder encontrar una soluci\u00f3n definitiva a una necesidad vital para los seres humanos.<\/p>\n<p>A ra\u00edz de este conflicto los vecinos realizaron una <a href=\"https:\/\/experienciadevida.com.ar\/portalurbano\/vecinos-de-sierras-bayas-haran-un-bocinazo-y-apagon\/\">movilizaci\u00f3n<\/a> y mencionan que &#8220;no se hizo presente nadie y que no les dan una respuesta concreta&#8221;, sienten &#8220;abandono total de parte del Municipio&#8221;.<\/p>\n<p>Los vecinos contin\u00faan sus quejas a trav\u00e9s de las redes sociales &#8220;19hs y ni una gota de agua, despu\u00e9s quieren aumentar el 100% la tarifa&#8221;.<\/p>\n<p>Otra usuaria mencion\u00f3 &#8220;hasta que todos no tomen conciencia de lo que significa no tener agua no van a saber lo que es. Estamos as\u00ed hace un tiempo, una cuadra m\u00e1s abajo de mi casa tienen y la desperdician regando las calles&#8221;, es el reclamo continuo de los vecinos.<\/p>\n<p>Por \u00faltimo mencionaron que &#8220;est\u00e1n pagando un servicio que no pueden usar&#8221;.<\/p>\n","protected":false},"excerpt":{"rendered":"<p>Residentes del barrio Fonavi de la localidad de Sierras Bayas piden tener con normalidad el&#8230;<\/p>\n","protected":false},"author":1,"featured_media":129240,"comment_status":"closed","ping_status":"closed","sticky":false,"template":"","format":"standard","meta":{"content-type":""},"categories":[27,51],"tags":[],"nelio_content":{"isAutoShareEnabled":false,"autoShareEndMode":"default","automationSources":{"useContentSentences":true,"useSocialTemplates":true,"useCustomSentences":false,"customSentences":[]},"followers":[1],"suggestedReferences":[],"includedReferences":[],"efiUrl":"","efiAlt":"","highlights":[]},"yoast_head":"<!-- This site is optimized with the Yoast SEO plugin v20.7 - https:\/\/yoast.com\/wordpress\/plugins\/seo\/ -->\n<title>Los vecinos de s. Bayas contin\u00faan reclamando la falta de agua<\/title>\n<meta name=\"description\" content=\"Los vecinos de Sierras Bayas contin\u00faan reclamando la falta de agua en un barrio de la localidad mencionada desde noviembre.\" \/>\n<meta name=\"robots\" content=\"index, follow, max-snippet:-1, max-image-preview:large, max-video-preview:-1\" \/>\n<link rel=\"canonical\" href=\"https:\/\/experienciadevida.com.ar\/portalurbano\/los-vecinos-de-s-bayas-continuan-reclamando-la-falta-de-agua\/\" \/>\n<meta property=\"og:locale\" content=\"es_ES\" \/>\n<meta property=\"og:type\" content=\"article\" \/>\n<meta property=\"og:title\" content=\"Los vecinos de s. Bayas contin\u00faan reclamando la falta de agua\" \/>\n<meta property=\"og:description\" content=\"Los vecinos de Sierras Bayas contin\u00faan reclamando la falta de agua en un barrio de la localidad mencionada desde noviembre.\" \/>\n<meta property=\"og:url\" content=\"https:\/\/experienciadevida.com.ar\/portalurbano\/los-vecinos-de-s-bayas-continuan-reclamando-la-falta-de-agua\/\" \/>\n<meta property=\"article:publisher\" content=\"https:\/\/www.facebook.com\/Portal-Urbano-171542830093757\/\" \/>\n<meta property=\"article:published_time\" content=\"2020-12-07T00:10:39+00:00\" \/>\n<meta property=\"article:modified_time\" content=\"2020-12-07T00:19:12+00:00\" \/>\n<meta property=\"og:image\" content=\"https:\/\/experienciadevida.com.ar\/portalurbano\/wp-content\/uploads\/2020\/12\/Barrio-Fonavi-Sierras-Bayas.jpg\" \/>\n\t<meta property=\"og:image:width\" content=\"720\" \/>\n\t<meta property=\"og:image:height\" content=\"480\" \/>\n\t<meta property=\"og:image:type\" content=\"image\/jpeg\" \/>\n<meta name=\"author\" content=\"admpu17wp\" \/>\n<meta name=\"twitter:card\" content=\"summary_large_image\" \/>\n<meta name=\"twitter:creator\" content=\"@portalurbanook\" \/>\n<meta name=\"twitter:site\" content=\"@portalurbanook\" \/>\n<meta name=\"twitter:label1\" content=\"Escrito por\" \/>\n\t<meta name=\"twitter:data1\" content=\"admpu17wp\" \/>\n\t<meta name=\"twitter:label2\" content=\"Tiempo de lectura\" \/>\n\t<meta name=\"twitter:data2\" content=\"1 minuto\" \/>\n<script type=\"application\/ld+json\" class=\"yoast-schema-graph\">{\"@context\":\"https:\/\/schema.org\",\"@graph\":[{\"@type\":\"Article\",\"@id\":\"https:\/\/experienciadevida.com.ar\/portalurbano\/los-vecinos-de-s-bayas-continuan-reclamando-la-falta-de-agua\/#article\",\"isPartOf\":{\"@id\":\"https:\/\/experienciadevida.com.ar\/portalurbano\/los-vecinos-de-s-bayas-continuan-reclamando-la-falta-de-agua\/\"},\"author\":{\"name\":\"admpu17wp\",\"@id\":\"https:\/\/experienciadevida.com.ar\/portalurbano\/#\/schema\/person\/02dd326b1c4b056e9cc972486934a3a7\"},\"headline\":\"Los vecinos de S. Bayas contin\u00faan reclamando la falta de agua\",\"datePublished\":\"2020-12-07T00:10:39+00:00\",\"dateModified\":\"2020-12-07T00:19:12+00:00\",\"mainEntityOfPage\":{\"@id\":\"https:\/\/experienciadevida.com.ar\/portalurbano\/los-vecinos-de-s-bayas-continuan-reclamando-la-falta-de-agua\/\"},\"wordCount\":223,\"publisher\":{\"@id\":\"https:\/\/experienciadevida.com.ar\/portalurbano\/#organization\"},\"articleSection\":[\"Ciudad\",\"Destacadas\"],\"inLanguage\":\"es\"},{\"@type\":\"WebPage\",\"@id\":\"https:\/\/experienciadevida.com.ar\/portalurbano\/los-vecinos-de-s-bayas-continuan-reclamando-la-falta-de-agua\/\",\"url\":\"https:\/\/experienciadevida.com.ar\/portalurbano\/los-vecinos-de-s-bayas-continuan-reclamando-la-falta-de-agua\/\",\"name\":\"Los vecinos de s. Bayas contin\u00faan reclamando la falta de agua\",\"isPartOf\":{\"@id\":\"https:\/\/experienciadevida.com.ar\/portalurbano\/#website\"},\"datePublished\":\"2020-12-07T00:10:39+00:00\",\"dateModified\":\"2020-12-07T00:19:12+00:00\",\"description\":\"Los vecinos de Sierras Bayas contin\u00faan reclamando la falta de agua en un barrio de la localidad mencionada desde noviembre.\",\"breadcrumb\":{\"@id\":\"https:\/\/experienciadevida.com.ar\/portalurbano\/los-vecinos-de-s-bayas-continuan-reclamando-la-falta-de-agua\/#breadcrumb\"},\"inLanguage\":\"es\",\"potentialAction\":[{\"@type\":\"ReadAction\",\"target\":[\"https:\/\/experienciadevida.com.ar\/portalurbano\/los-vecinos-de-s-bayas-continuan-reclamando-la-falta-de-agua\/\"]}]},{\"@type\":\"BreadcrumbList\",\"@id\":\"https:\/\/experienciadevida.com.ar\/portalurbano\/los-vecinos-de-s-bayas-continuan-reclamando-la-falta-de-agua\/#breadcrumb\",\"itemListElement\":[{\"@type\":\"ListItem\",\"position\":1,\"name\":\"Portada\",\"item\":\"https:\/\/experienciadevida.com.ar\/portalurbano\/\"},{\"@type\":\"ListItem\",\"position\":2,\"name\":\"Los vecinos de S. Bayas contin\u00faan reclamando la falta de agua\"}]},{\"@type\":\"WebSite\",\"@id\":\"https:\/\/experienciadevida.com.ar\/portalurbano\/#website\",\"url\":\"https:\/\/experienciadevida.com.ar\/portalurbano\/\",\"name\":\"\",\"description\":\"\",\"publisher\":{\"@id\":\"https:\/\/experienciadevida.com.ar\/portalurbano\/#organization\"},\"potentialAction\":[{\"@type\":\"SearchAction\",\"target\":{\"@type\":\"EntryPoint\",\"urlTemplate\":\"https:\/\/experienciadevida.com.ar\/portalurbano\/?s={search_term_string}\"},\"query-input\":\"required name=search_term_string\"}],\"inLanguage\":\"es\"},{\"@type\":\"Organization\",\"@id\":\"https:\/\/experienciadevida.com.ar\/portalurbano\/#organization\",\"name\":\"Portal Urbano\",\"url\":\"https:\/\/experienciadevida.com.ar\/portalurbano\/\",\"logo\":{\"@type\":\"ImageObject\",\"inLanguage\":\"es\",\"@id\":\"https:\/\/experienciadevida.com.ar\/portalurbano\/#\/schema\/logo\/image\/\",\"url\":\"https:\/\/experienciadevida.com.ar\/portalurbano\/wp-content\/uploads\/2019\/09\/Logo-Original.png\",\"contentUrl\":\"https:\/\/experienciadevida.com.ar\/portalurbano\/wp-content\/uploads\/2019\/09\/Logo-Original.png\",\"width\":2236,\"height\":1216,\"caption\":\"Portal Urbano\"},\"image\":{\"@id\":\"https:\/\/experienciadevida.com.ar\/portalurbano\/#\/schema\/logo\/image\/\"},\"sameAs\":[\"https:\/\/www.facebook.com\/Portal-Urbano-171542830093757\/\",\"https:\/\/twitter.com\/portalurbanook\",\"https:\/\/www.instagram.com\/_portalurbano\/\",\"https:\/\/www.youtube.com\/channel\/UCXhagIfszH8KxFiOok79zbA?view_as=subscriber\"]},{\"@type\":\"Person\",\"@id\":\"https:\/\/experienciadevida.com.ar\/portalurbano\/#\/schema\/person\/02dd326b1c4b056e9cc972486934a3a7\",\"name\":\"admpu17wp\",\"image\":{\"@type\":\"ImageObject\",\"inLanguage\":\"es\",\"@id\":\"https:\/\/experienciadevida.com.ar\/portalurbano\/#\/schema\/person\/image\/\",\"url\":\"https:\/\/secure.gravatar.com\/avatar\/830d4c57adaae6630765e449a6908047?s=96&d=mm&r=g\",\"contentUrl\":\"https:\/\/secure.gravatar.com\/avatar\/830d4c57adaae6630765e449a6908047?s=96&d=mm&r=g\",\"caption\":\"admpu17wp\"}}]}<\/script>\n<!-- \/ Yoast SEO plugin. -->","yoast_head_json":{"title":"Los vecinos de s. Bayas contin\u00faan reclamando la falta de agua","description":"Los vecinos de Sierras Bayas contin\u00faan reclamando la falta de agua en un barrio de la localidad mencionada desde noviembre.","robots":{"index":"index","follow":"follow","max-snippet":"max-snippet:-1","max-image-preview":"max-image-preview:large","max-video-preview":"max-video-preview:-1"},"canonical":"https:\/\/experienciadevida.com.ar\/portalurbano\/los-vecinos-de-s-bayas-continuan-reclamando-la-falta-de-agua\/","og_locale":"es_ES","og_type":"article","og_title":"Los vecinos de s. Bayas contin\u00faan reclamando la falta de agua","og_description":"Los vecinos de Sierras Bayas contin\u00faan reclamando la falta de agua en un barrio de la localidad mencionada desde noviembre.","og_url":"https:\/\/experienciadevida.com.ar\/portalurbano\/los-vecinos-de-s-bayas-continuan-reclamando-la-falta-de-agua\/","article_publisher":"https:\/\/www.facebook.com\/Portal-Urbano-171542830093757\/","article_published_time":"2020-12-07T00:10:39+00:00","article_modified_time":"2020-12-07T00:19:12+00:00","og_image":[{"width":720,"height":480,"url":"https:\/\/experienciadevida.com.ar\/portalurbano\/wp-content\/uploads\/2020\/12\/Barrio-Fonavi-Sierras-Bayas.jpg","type":"image\/jpeg"}],"author":"admpu17wp","twitter_card":"summary_large_image","twitter_creator":"@portalurbanook","twitter_site":"@portalurbanook","twitter_misc":{"Escrito por":"admpu17wp","Tiempo de lectura":"1 minuto"},"schema":{"@context":"https:\/\/schema.org","@graph":[{"@type":"Article","@id":"https:\/\/experienciadevida.com.ar\/portalurbano\/los-vecinos-de-s-bayas-continuan-reclamando-la-falta-de-agua\/#article","isPartOf":{"@id":"https:\/\/experienciadevida.com.ar\/portalurbano\/los-vecinos-de-s-bayas-continuan-reclamando-la-falta-de-agua\/"},"author":{"name":"admpu17wp","@id":"https:\/\/experienciadevida.com.ar\/portalurbano\/#\/schema\/person\/02dd326b1c4b056e9cc972486934a3a7"},"headline":"Los vecinos de S. Bayas contin\u00faan reclamando la falta de agua","datePublished":"2020-12-07T00:10:39+00:00","dateModified":"2020-12-07T00:19:12+00:00","mainEntityOfPage":{"@id":"https:\/\/experienciadevida.com.ar\/portalurbano\/los-vecinos-de-s-bayas-continuan-reclamando-la-falta-de-agua\/"},"wordCount":223,"publisher":{"@id":"https:\/\/experienciadevida.com.ar\/portalurbano\/#organization"},"articleSection":["Ciudad","Destacadas"],"inLanguage":"es"},{"@type":"WebPage","@id":"https:\/\/experienciadevida.com.ar\/portalurbano\/los-vecinos-de-s-bayas-continuan-reclamando-la-falta-de-agua\/","url":"https:\/\/experienciadevida.com.ar\/portalurbano\/los-vecinos-de-s-bayas-continuan-reclamando-la-falta-de-agua\/","name":"Los vecinos de s. Bayas contin\u00faan reclamando la falta de agua","isPartOf":{"@id":"https:\/\/experienciadevida.com.ar\/portalurbano\/#website"},"datePublished":"2020-12-07T00:10:39+00:00","dateModified":"2020-12-07T00:19:12+00:00","description":"Los vecinos de Sierras Bayas contin\u00faan reclamando la falta de agua en un barrio de la localidad mencionada desde noviembre.","breadcrumb":{"@id":"https:\/\/experienciadevida.com.ar\/portalurbano\/los-vecinos-de-s-bayas-continuan-reclamando-la-falta-de-agua\/#breadcrumb"},"inLanguage":"es","potentialAction":[{"@type":"ReadAction","target":["https:\/\/experienciadevida.com.ar\/portalurbano\/los-vecinos-de-s-bayas-continuan-reclamando-la-falta-de-agua\/"]}]},{"@type":"BreadcrumbList","@id":"https:\/\/experienciadevida.com.ar\/portalurbano\/los-vecinos-de-s-bayas-continuan-reclamando-la-falta-de-agua\/#breadcrumb","itemListElement":[{"@type":"ListItem","position":1,"name":"Portada","item":"https:\/\/experienciadevida.com.ar\/portalurbano\/"},{"@type":"ListItem","position":2,"name":"Los vecinos de S. Bayas contin\u00faan reclamando la falta de agua"}]},{"@type":"WebSite","@id":"https:\/\/experienciadevida.com.ar\/portalurbano\/#website","url":"https:\/\/experienciadevida.com.ar\/portalurbano\/","name":"","description":"","publisher":{"@id":"https:\/\/experienciadevida.com.ar\/portalurbano\/#organization"},"potentialAction":[{"@type":"SearchAction","target":{"@type":"EntryPoint","urlTemplate":"https:\/\/experienciadevida.com.ar\/portalurbano\/?s={search_term_string}"},"query-input":"required name=search_term_string"}],"inLanguage":"es"},{"@type":"Organization","@id":"https:\/\/experienciadevida.com.ar\/portalurbano\/#organization","name":"Portal Urbano","url":"https:\/\/experienciadevida.com.ar\/portalurbano\/","logo":{"@type":"ImageObject","inLanguage":"es","@id":"https:\/\/experienciadevida.com.ar\/portalurbano\/#\/schema\/logo\/image\/","url":"https:\/\/experienciadevida.com.ar\/portalurbano\/wp-content\/uploads\/2019\/09\/Logo-Original.png","contentUrl":"https:\/\/experienciadevida.com.ar\/portalurbano\/wp-content\/uploads\/2019\/09\/Logo-Original.png","width":2236,"height":1216,"caption":"Portal Urbano"},"image":{"@id":"https:\/\/experienciadevida.com.ar\/portalurbano\/#\/schema\/logo\/image\/"},"sameAs":["https:\/\/www.facebook.com\/Portal-Urbano-171542830093757\/","https:\/\/twitter.com\/portalurbanook","https:\/\/www.instagram.com\/_portalurbano\/","https:\/\/www.youtube.com\/channel\/UCXhagIfszH8KxFiOok79zbA?view_as=subscriber"]},{"@type":"Person","@id":"https:\/\/experienciadevida.com.ar\/portalurbano\/#\/schema\/person\/02dd326b1c4b056e9cc972486934a3a7","name":"admpu17wp","image":{"@type":"ImageObject","inLanguage":"es","@id":"https:\/\/experienciadevida.com.ar\/portalurbano\/#\/schema\/person\/image\/","url":"https:\/\/secure.gravatar.com\/avatar\/830d4c57adaae6630765e449a6908047?s=96&d=mm&r=g","contentUrl":"https:\/\/secure.gravatar.com\/avatar\/830d4c57adaae6630765e449a6908047?s=96&d=mm&r=g","caption":"admpu17wp"}}]}},"featured_image_urls":{"full":["https:\/\/experienciadevida.com.ar\/portalurbano\/wp-content\/uploads\/2020\/12\/Barrio-Fonavi-Sierras-Bayas.jpg",720,480,false],"thumbnail":["https:\/\/experienciadevida.com.ar\/portalurbano\/wp-content\/uploads\/2020\/12\/Barrio-Fonavi-Sierras-Bayas-150x150.jpg",150,150,true],"medium":["https:\/\/experienciadevida.com.ar\/portalurbano\/wp-content\/uploads\/2020\/12\/Barrio-Fonavi-Sierras-Bayas-300x200.jpg",300,200,true],"medium_large":["https:\/\/experienciadevida.com.ar\/portalurbano\/wp-content\/uploads\/2020\/12\/Barrio-Fonavi-Sierras-Bayas.jpg",640,427,false],"large":["https:\/\/experienciadevida.com.ar\/portalurbano\/wp-content\/uploads\/2020\/12\/Barrio-Fonavi-Sierras-Bayas.jpg",640,427,false],"ug_big":["https:\/\/experienciadevida.com.ar\/portalurbano\/wp-content\/uploads\/2020\/12\/Barrio-Fonavi-Sierras-Bayas.jpg",720,480,false],"1536x1536":["https:\/\/experienciadevida.com.ar\/portalurbano\/wp-content\/uploads\/2020\/12\/Barrio-Fonavi-Sierras-Bayas.jpg",720,480,false],"2048x2048":["https:\/\/experienciadevida.com.ar\/portalurbano\/wp-content\/uploads\/2020\/12\/Barrio-Fonavi-Sierras-Bayas.jpg",720,480,false],"newsever-slider-full":["https:\/\/experienciadevida.com.ar\/portalurbano\/wp-content\/uploads\/2020\/12\/Barrio-Fonavi-Sierras-Bayas.jpg",720,480,false],"newsever-featured":["https:\/\/experienciadevida.com.ar\/portalurbano\/wp-content\/uploads\/2020\/12\/Barrio-Fonavi-Sierras-Bayas.jpg",720,480,false],"newsever-medium":["https:\/\/experienciadevida.com.ar\/portalurbano\/wp-content\/uploads\/2020\/12\/Barrio-Fonavi-Sierras-Bayas.jpg",713,475,false],"web-stories-poster-portrait":["https:\/\/experienciadevida.com.ar\/portalurbano\/wp-content\/uploads\/2020\/12\/Barrio-Fonavi-Sierras-Bayas.jpg",640,427,false],"web-stories-publisher-logo":["https:\/\/experienciadevida.com.ar\/portalurbano\/wp-content\/uploads\/2020\/12\/Barrio-Fonavi-Sierras-Bayas.jpg",96,64,false],"web-stories-thumbnail":["https:\/\/experienciadevida.com.ar\/portalurbano\/wp-content\/uploads\/2020\/12\/Barrio-Fonavi-Sierras-Bayas.jpg",150,100,false]},"author_info":{"display_name":"admpu17wp","author_link":"https:\/\/experienciadevida.com.ar\/portalurbano\/author\/admpu17wp\/"},"category_info":"<a href=\"https:\/\/experienciadevida.com.ar\/portalurbano\/category\/ciudad\/\" rel=\"category tag\">Ciudad<\/a> <a href=\"https:\/\/experienciadevida.com.ar\/portalurbano\/category\/destacadas\/\" rel=\"category tag\">Destacadas<\/a>","tag_info":"Destacadas","comment_count":"0","amp_enabled":true,"_links":{"self":[{"href":"https:\/\/experienciadevida.com.ar\/portalurbano\/wp-json\/wp\/v2\/posts\/129238"}],"collection":[{"href":"https:\/\/experienciadevida.com.ar\/portalurbano\/wp-json\/wp\/v2\/posts"}],"about":[{"href":"https:\/\/experienciadevida.com.ar\/portalurbano\/wp-json\/wp\/v2\/types\/post"}],"author":[{"embeddable":true,"href":"https:\/\/experienciadevida.com.ar\/portalurbano\/wp-json\/wp\/v2\/users\/1"}],"replies":[{"embeddable":true,"href":"https:\/\/experienciadevida.com.ar\/portalurbano\/wp-json\/wp\/v2\/comments?post=129238"}],"version-history":[{"count":4,"href":"https:\/\/experienciadevida.com.ar\/portalurbano\/wp-json\/wp\/v2\/posts\/129238\/revisions"}],"predecessor-version":[{"id":129243,"href":"https:\/\/experienciadevida.com.ar\/portalurbano\/wp-json\/wp\/v2\/posts\/129238\/revisions\/129243"}],"wp:featuredmedia":[{"embeddable":true,"href":"https:\/\/experienciadevida.com.ar\/portalurbano\/wp-json\/wp\/v2\/media\/129240"}],"wp:attachment":[{"href":"https:\/\/experienciadevida.com.ar\/portalurbano\/wp-json\/wp\/v2\/media?parent=129238"}],"wp:term":[{"taxonomy":"category","embeddable":true,"href":"https:\/\/experienciadevida.com.ar\/portalurbano\/wp-json\/wp\/v2\/categories?post=129238"},{"taxonomy":"post_tag","embeddable":true,"href":"https:\/\/experienciadevida.com.ar\/portalurbano\/wp-json\/wp\/v2\/tags?post=129238"}],"curies":[{"name":"wp","href":"https:\/\/api.w.org\/{rel}","templated":true}]}}