{"id":129138,"date":"2020-12-05T11:30:47","date_gmt":"2020-12-05T14:30:47","guid":{"rendered":"https:\/\/experienciadevida.com.ar\/portalurbano\/?p=129138"},"modified":"2020-12-05T11:58:28","modified_gmt":"2020-12-05T14:58:28","slug":"la-mama-de-enzo-marconi-en-una-protesta-nacional-para-pedir-justicia","status":"publish","type":"post","link":"https:\/\/experienciadevida.com.ar\/portalurbano\/la-mama-de-enzo-marconi-en-una-protesta-nacional-para-pedir-justicia\/","title":{"rendered":"La mam\u00e1 de Enzo Marconi en una protesta nacional para pedir justicia"},"content":{"rendered":"<p>En la jornada de ayer, la mam\u00e1 de Enzo Marconi, Yesica Salguero, particip\u00f3 de una protesta nacional para pedir justicia por las v\u00edctimas de inseguridad y violencia.<\/p>\n<p>En el mes de febrero el joven recibi\u00f3 un disparo en el abdomen y fue llevado r\u00e1pidamente al hospital donde lamentablemente perdi\u00f3 la vida.<\/p>\n<p>Es, hasta el d\u00eda de hoy, que su mam\u00e1 busca incansablemente justicia. Es por eso que en el d\u00eda de ayer particip\u00f3 de una movilizaci\u00f3n frente al Congreso de la Naci\u00f3n para pedir justicia por las v\u00edctimas de violencia e inseguridad.<\/p>\n<p>La protesta fue organizada por la Asociaci\u00f3n Civil madres del dolor e incluy\u00f3 a familiares de v\u00edctimas de todo tipo de hechos violentos.<\/p>\n<p><a href=\"https:\/\/experienciadevida.com.ar\/portalurbano\/la-mama-de-enzo-marconi-en-una-protesta-nacional-para-pedir-justicia\/concentracion-7\/\" rel=\"attachment wp-att-129141\"><img decoding=\"async\" class=\"alignnone size-full wp-image-129141\" src=\"https:\/\/experienciadevida.com.ar\/portalurbano\/wp-content\/uploads\/2020\/12\/Concentracion.jpg\" alt=\"\" width=\"1040\" height=\"780\" srcset=\"https:\/\/experienciadevida.com.ar\/portalurbano\/wp-content\/uploads\/2020\/12\/Concentracion.jpg 1040w, https:\/\/experienciadevida.com.ar\/portalurbano\/wp-content\/uploads\/2020\/12\/Concentracion-300x225.jpg 300w, https:\/\/experienciadevida.com.ar\/portalurbano\/wp-content\/uploads\/2020\/12\/Concentracion-1024x768.jpg 1024w, https:\/\/experienciadevida.com.ar\/portalurbano\/wp-content\/uploads\/2020\/12\/Concentracion-768x576.jpg 768w\" sizes=\"(max-width: 1040px) 100vw, 1040px\" \/><\/a><\/p>\n<p><a href=\"https:\/\/experienciadevida.com.ar\/portalurbano\/la-mama-de-enzo-marconi-en-una-protesta-nacional-para-pedir-justicia\/concentracion1-5\/\" rel=\"attachment wp-att-129143\"><img decoding=\"async\" class=\"alignnone size-full wp-image-129143\" src=\"https:\/\/experienciadevida.com.ar\/portalurbano\/wp-content\/uploads\/2020\/12\/Concentracion1.jpg\" alt=\"\" width=\"1040\" height=\"780\" srcset=\"https:\/\/experienciadevida.com.ar\/portalurbano\/wp-content\/uploads\/2020\/12\/Concentracion1.jpg 1040w, https:\/\/experienciadevida.com.ar\/portalurbano\/wp-content\/uploads\/2020\/12\/Concentracion1-300x225.jpg 300w, https:\/\/experienciadevida.com.ar\/portalurbano\/wp-content\/uploads\/2020\/12\/Concentracion1-1024x768.jpg 1024w, https:\/\/experienciadevida.com.ar\/portalurbano\/wp-content\/uploads\/2020\/12\/Concentracion1-768x576.jpg 768w\" sizes=\"(max-width: 1040px) 100vw, 1040px\" \/><\/a><\/p>\n<p><a href=\"https:\/\/experienciadevida.com.ar\/portalurbano\/la-mama-de-enzo-marconi-en-una-protesta-nacional-para-pedir-justicia\/concentracion3-5\/\" rel=\"attachment wp-att-129144\"><img decoding=\"async\" class=\"alignnone size-full wp-image-129144\" src=\"https:\/\/experienciadevida.com.ar\/portalurbano\/wp-content\/uploads\/2020\/12\/Concentracion3.jpg\" alt=\"\" width=\"765\" height=\"510\" srcset=\"https:\/\/experienciadevida.com.ar\/portalurbano\/wp-content\/uploads\/2020\/12\/Concentracion3.jpg 765w, https:\/\/experienciadevida.com.ar\/portalurbano\/wp-content\/uploads\/2020\/12\/Concentracion3-300x200.jpg 300w\" sizes=\"(max-width: 765px) 100vw, 765px\" \/><\/a><\/p>\n<div class=\"yrc-shell-cover yrc-single\" data-yrc-uid=\"69f248f42996f\" data-yrc-channel=\"{&quot;meta&quot;:{&quot;user&quot;:&quot;Portal Urbano&quot;,&quot;channel&quot;:&quot;UCXhagIfszH8KxFiOok79zbA&quot;,&quot;key&quot;:&quot;yrc_1524317601&quot;,&quot;apikey&quot;:&quot;AIzaSyCEhi-95k6t1rX4pDVqugauM-UyTfNHj8Q&quot;,&quot;cache&quot;:&quot;180&quot;,&quot;channel_uploads&quot;:&quot;UUXhagIfszH8KxFiOok79zbA&quot;,&quot;onlyonce&quot;:&quot;&quot;,&quot;tag&quot;:&quot;&quot;,&quot;per_page&quot;:&quot;12&quot;,&quot;maxv&quot;:&quot;500&quot;,&quot;ads&quot;:&quot;1&quot;,&quot;uid&quot;:&quot;69f248f42996f&quot;,&quot;nocookie&quot;:&quot;&quot;,&quot;single&quot;:true},&quot;style&quot;:{&quot;colors&quot;:{&quot;item&quot;:{&quot;background&quot;:&quot;inherit&quot;},&quot;button&quot;:{&quot;background&quot;:&quot;#333&quot;,&quot;color&quot;:&quot;#fff&quot;},&quot;color&quot;:{&quot;text&quot;:&quot;#fff&quot;,&quot;link&quot;:&quot;inherit&quot;,&quot;menu&quot;:&quot;#000&quot;,&quot;meta&quot;:&quot;inherit&quot;}},&quot;theme&quot;:{&quot;videos&quot;:{&quot;style&quot;:&quot;__grid&quot;,&quot;thumb&quot;:[&quot;large&quot;,&quot;open&quot;],&quot;desc&quot;:&quot;&quot;,&quot;carousel&quot;:{&quot;thumbs&quot;:&quot;4&quot;,&quot;thumbs_to_slide&quot;:&quot;2&quot;,&quot;spacing&quot;:&quot;8&quot;},&quot;carousel_nav&quot;:{&quot;modifier&quot;:&quot;__sides&quot;,&quot;position&quot;:&quot;left-none&quot;,&quot;location&quot;:&quot;prepend&quot;,&quot;background&quot;:&quot;#fff&quot;,&quot;color&quot;:&quot;#000&quot;,&quot;font_size&quot;:&quot;2&quot;,&quot;border_radius&quot;:&quot;0&quot;}},&quot;a&quot;:&quot;1&quot;},&quot;fit&quot;:&quot;false&quot;,&quot;playlists&quot;:&quot;true&quot;,&quot;uploads&quot;:&quot;true&quot;,&quot;player_mode&quot;:&quot;1&quot;,&quot;truncate&quot;:&quot;1&quot;,&quot;banner&quot;:&quot;true&quot;,&quot;thumb_margin&quot;:&quot;8&quot;,&quot;play_icon&quot;:&quot;&quot;,&quot;youtube_play_icon&quot;:&quot;&quot;,&quot;thumb_image_size&quot;:&quot;medium&quot;,&quot;default_tab&quot;:&quot;uploads&quot;,&quot;sticky&quot;:{&quot;enable&quot;:&quot;&quot;,&quot;width&quot;:&quot;400&quot;,&quot;position&quot;:&quot;bottom-right&quot;,&quot;only_above&quot;:&quot;768&quot;,&quot;margin&quot;:&quot;12&quot;},&quot;player&quot;:{&quot;show_desc&quot;:&quot;&quot;,&quot;show_meta&quot;:&quot;&quot;},&quot;menu&quot;:&quot;1&quot;,&quot;rating_style&quot;:&quot;NaN&quot;,&quot;rtl&quot;:false}}\" data-yrc-setup=\"\"><\/div>\r\n\t\t\t<script data-cfasync=\"false\" type=\"text\/javascript\">\r\n\t\t\t\tif( !window.YRC ) var YRC = {Data:{}};\r\n\t\t\t\tYRC.Data[\"69f248f42996f\"] = {\"video\":\"Dl6SFgGr0M8\"};\r\n\t\t\t\t(function(){\r\n\t\t\t\t\tif(!YRC.loaded){\r\n\t\t\t\t\t    YRC.loaded = true;\r\n\t\t\t\t\t\tfunction YRC_Loader(){\r\n\t\t\t\t\t\t\t\/\/YRC.loaded = true;\r\n\t\t\t\t\t\t\tYRC.is_pro = false;\r\n\t\t\t\t\t\t\tYRC.is_pb = false;\r\n\t\t\t\t\t\t\tYRC.lang = {\"form\":{\"Videos\":\"Videos\",\"Playlists\":\"Playlists\",\"Search\":\"Search\",\"Loading\":\"Loading\",\"more\":\"more\",\"Nothing_found\":\"Nothing found\",\"Prev\":\"Previous\",\"Next\":\"Next\",\"consent_statement\":\"Allow cookies?\",\"consent_button\":\"Allow\",\"consent_privacy_policy\":\"Privacy policy\"},\"fui\":{\"sort_by\":\"Sort by\",\"relevant\":\"Relevant\",\"latest\":\"Latest\",\"liked\":\"Liked\",\"title\":\"Title\",\"views\":\"Views\",\"duration\":\"Duration\",\"any\":\"Any\",\"_short\":\"Short\",\"medium\":\"Medium\",\"_long\":\"Long\",\"uploaded\":\"Uploaded\",\"all_time\":\"All time\",\"live_now\":\"Live Now\",\"today\":\"Today\",\"ago\":\"ago\",\"last\":\"Last\",\"day\":\"day\",\"days\":\"days\",\"week\":\"week\",\"weeks\":\"weeks\",\"month\":\"month\",\"months\":\"months\",\"year\":\"year\",\"years\":\"years\",\"older\":\"Older\",\"show_more\":\"Show More\",\"show_less\":\"Show Less\",\"reply\":\"REPLY\",\"view_replies\":\"View replies\",\"write_comment\":\"Write comment...\",\"billion\":\"B\",\"million\":\"M\",\"thousand\":\"K\",\"max_plain_number\":1000,\"wplocale\":\"es_ES\"}};\r\n\t\t\t\t\t\t\tYRC.is_admin = false;\r\n\t\t\t\t\t\t\tvar script = document.createElement(\"script\");\r\n\t\t\t\t\t\t\t\tscript.setAttribute(\"data-cfasync\", \"false\");\r\n\t\t\t\t\t\t\t\tscript.setAttribute(\"type\", \"text\/javascript\");\r\n\t\t\t\t\t\t\t\tscript.src = \"https:\/\/experienciadevida.com.ar\/portalurbano\/wp-content\/plugins\/yourchannel\/js\/yrc.js?1.2.6\";\r\n\t\t\t\t\t\t\t\tscript.id = \"yrc-script\";\r\n\t\t\t\t\t\t\t\tdocument.querySelector(\"head\").appendChild(script);\r\n\t\t\t\t\t\t\tvar style = document.createElement(\"link\");\r\n\t\t\t\t\t\t\t\tstyle.rel = \"stylesheet\";\r\n\t\t\t\t\t\t\t\tstyle.href = \"https:\/\/experienciadevida.com.ar\/portalurbano\/wp-content\/plugins\/yourchannel\/css\/style.css?1.2.6\";\r\n\t\t\t\t\t\t\t\tstyle.type = \"text\/css\";\r\n\t\t\t\t\t\t\t\tdocument.querySelector(\"head\").appendChild(style);\r\n\t\t\t\t\t\t}\r\n\t\t\t\t\t\tif(window.jQuery){YRC_Loader();}else { var yrctimer2324 = window.setInterval(function(){\r\n\t\t\t\t\t\t\tif(window.jQuery){YRC_Loader(); window.clearInterval(yrctimer2324); }\r\n\t\t\t\t\t\t}, 250);}\r\n\t\t\t\t\t} else {if(YRC.EM)YRC.EM.trigger(\"yrc.newchannel\");}\r\n\t\t\t\t}());<\/script>\n","protected":false},"excerpt":{"rendered":"<p>En la jornada de ayer, la mam\u00e1 de Enzo Marconi, Yesica Salguero, particip\u00f3 de una&#8230;<\/p>\n","protected":false},"author":1,"featured_media":129139,"comment_status":"closed","ping_status":"closed","sticky":false,"template":"","format":"standard","meta":{"content-type":""},"categories":[27,51],"tags":[],"nelio_content":{"isAutoShareEnabled":false,"autoShareEndMode":"default","automationSources":{"useContentSentences":true,"useSocialTemplates":true,"useCustomSentences":false,"customSentences":[]},"followers":[1],"suggestedReferences":[],"includedReferences":[],"efiUrl":"","efiAlt":"","highlights":[]},"yoast_head":"<!-- This site is optimized with the Yoast SEO plugin v20.7 - https:\/\/yoast.com\/wordpress\/plugins\/seo\/ -->\n<title>La mam\u00e1 de Enzo Marconi en una protesta nacional para pedir justicia<\/title>\n<meta name=\"description\" content=\"En la jornada de ayer, la mam\u00e1 de Enzo Marconi, Yesica Salguero, particip\u00f3 de una protesta nacional para pedir justicia.\" \/>\n<meta name=\"robots\" content=\"index, follow, max-snippet:-1, max-image-preview:large, max-video-preview:-1\" \/>\n<link rel=\"canonical\" href=\"https:\/\/experienciadevida.com.ar\/portalurbano\/la-mama-de-enzo-marconi-en-una-protesta-nacional-para-pedir-justicia\/\" \/>\n<meta property=\"og:locale\" content=\"es_ES\" \/>\n<meta property=\"og:type\" content=\"article\" \/>\n<meta property=\"og:title\" content=\"La mam\u00e1 de Enzo Marconi en una protesta nacional para pedir justicia\" \/>\n<meta property=\"og:description\" content=\"En la jornada de ayer, la mam\u00e1 de Enzo Marconi, Yesica Salguero, particip\u00f3 de una protesta nacional para pedir justicia.\" \/>\n<meta property=\"og:url\" content=\"https:\/\/experienciadevida.com.ar\/portalurbano\/la-mama-de-enzo-marconi-en-una-protesta-nacional-para-pedir-justicia\/\" \/>\n<meta property=\"article:publisher\" content=\"https:\/\/www.facebook.com\/Portal-Urbano-171542830093757\/\" \/>\n<meta property=\"article:published_time\" content=\"2020-12-05T14:30:47+00:00\" \/>\n<meta property=\"article:modified_time\" content=\"2020-12-05T14:58:28+00:00\" \/>\n<meta property=\"og:image\" content=\"https:\/\/experienciadevida.com.ar\/portalurbano\/wp-content\/uploads\/2020\/12\/Protesta.jpg\" \/>\n\t<meta property=\"og:image:width\" content=\"1040\" \/>\n\t<meta property=\"og:image:height\" content=\"780\" \/>\n\t<meta property=\"og:image:type\" content=\"image\/jpeg\" \/>\n<meta name=\"author\" content=\"admpu17wp\" \/>\n<meta name=\"twitter:card\" content=\"summary_large_image\" \/>\n<meta name=\"twitter:creator\" content=\"@portalurbanook\" \/>\n<meta name=\"twitter:site\" content=\"@portalurbanook\" \/>\n<meta name=\"twitter:label1\" content=\"Escrito por\" \/>\n\t<meta name=\"twitter:data1\" content=\"admpu17wp\" \/>\n\t<meta name=\"twitter:label2\" content=\"Tiempo de lectura\" \/>\n\t<meta name=\"twitter:data2\" content=\"1 minuto\" \/>\n<script type=\"application\/ld+json\" class=\"yoast-schema-graph\">{\"@context\":\"https:\/\/schema.org\",\"@graph\":[{\"@type\":\"Article\",\"@id\":\"https:\/\/experienciadevida.com.ar\/portalurbano\/la-mama-de-enzo-marconi-en-una-protesta-nacional-para-pedir-justicia\/#article\",\"isPartOf\":{\"@id\":\"https:\/\/experienciadevida.com.ar\/portalurbano\/la-mama-de-enzo-marconi-en-una-protesta-nacional-para-pedir-justicia\/\"},\"author\":{\"name\":\"admpu17wp\",\"@id\":\"https:\/\/experienciadevida.com.ar\/portalurbano\/#\/schema\/person\/02dd326b1c4b056e9cc972486934a3a7\"},\"headline\":\"La mam\u00e1 de Enzo Marconi en una protesta nacional para pedir justicia\",\"datePublished\":\"2020-12-05T14:30:47+00:00\",\"dateModified\":\"2020-12-05T14:58:28+00:00\",\"mainEntityOfPage\":{\"@id\":\"https:\/\/experienciadevida.com.ar\/portalurbano\/la-mama-de-enzo-marconi-en-una-protesta-nacional-para-pedir-justicia\/\"},\"wordCount\":147,\"publisher\":{\"@id\":\"https:\/\/experienciadevida.com.ar\/portalurbano\/#organization\"},\"articleSection\":[\"Ciudad\",\"Destacadas\"],\"inLanguage\":\"es\"},{\"@type\":\"WebPage\",\"@id\":\"https:\/\/experienciadevida.com.ar\/portalurbano\/la-mama-de-enzo-marconi-en-una-protesta-nacional-para-pedir-justicia\/\",\"url\":\"https:\/\/experienciadevida.com.ar\/portalurbano\/la-mama-de-enzo-marconi-en-una-protesta-nacional-para-pedir-justicia\/\",\"name\":\"La mam\u00e1 de Enzo Marconi en una protesta nacional para pedir justicia\",\"isPartOf\":{\"@id\":\"https:\/\/experienciadevida.com.ar\/portalurbano\/#website\"},\"datePublished\":\"2020-12-05T14:30:47+00:00\",\"dateModified\":\"2020-12-05T14:58:28+00:00\",\"description\":\"En la jornada de ayer, la mam\u00e1 de Enzo Marconi, Yesica Salguero, particip\u00f3 de una protesta nacional para pedir justicia.\",\"breadcrumb\":{\"@id\":\"https:\/\/experienciadevida.com.ar\/portalurbano\/la-mama-de-enzo-marconi-en-una-protesta-nacional-para-pedir-justicia\/#breadcrumb\"},\"inLanguage\":\"es\",\"potentialAction\":[{\"@type\":\"ReadAction\",\"target\":[\"https:\/\/experienciadevida.com.ar\/portalurbano\/la-mama-de-enzo-marconi-en-una-protesta-nacional-para-pedir-justicia\/\"]}]},{\"@type\":\"BreadcrumbList\",\"@id\":\"https:\/\/experienciadevida.com.ar\/portalurbano\/la-mama-de-enzo-marconi-en-una-protesta-nacional-para-pedir-justicia\/#breadcrumb\",\"itemListElement\":[{\"@type\":\"ListItem\",\"position\":1,\"name\":\"Portada\",\"item\":\"https:\/\/experienciadevida.com.ar\/portalurbano\/\"},{\"@type\":\"ListItem\",\"position\":2,\"name\":\"La mam\u00e1 de Enzo Marconi en una protesta nacional para pedir justicia\"}]},{\"@type\":\"WebSite\",\"@id\":\"https:\/\/experienciadevida.com.ar\/portalurbano\/#website\",\"url\":\"https:\/\/experienciadevida.com.ar\/portalurbano\/\",\"name\":\"\",\"description\":\"\",\"publisher\":{\"@id\":\"https:\/\/experienciadevida.com.ar\/portalurbano\/#organization\"},\"potentialAction\":[{\"@type\":\"SearchAction\",\"target\":{\"@type\":\"EntryPoint\",\"urlTemplate\":\"https:\/\/experienciadevida.com.ar\/portalurbano\/?s={search_term_string}\"},\"query-input\":\"required name=search_term_string\"}],\"inLanguage\":\"es\"},{\"@type\":\"Organization\",\"@id\":\"https:\/\/experienciadevida.com.ar\/portalurbano\/#organization\",\"name\":\"Portal Urbano\",\"url\":\"https:\/\/experienciadevida.com.ar\/portalurbano\/\",\"logo\":{\"@type\":\"ImageObject\",\"inLanguage\":\"es\",\"@id\":\"https:\/\/experienciadevida.com.ar\/portalurbano\/#\/schema\/logo\/image\/\",\"url\":\"https:\/\/experienciadevida.com.ar\/portalurbano\/wp-content\/uploads\/2019\/09\/Logo-Original.png\",\"contentUrl\":\"https:\/\/experienciadevida.com.ar\/portalurbano\/wp-content\/uploads\/2019\/09\/Logo-Original.png\",\"width\":2236,\"height\":1216,\"caption\":\"Portal Urbano\"},\"image\":{\"@id\":\"https:\/\/experienciadevida.com.ar\/portalurbano\/#\/schema\/logo\/image\/\"},\"sameAs\":[\"https:\/\/www.facebook.com\/Portal-Urbano-171542830093757\/\",\"https:\/\/twitter.com\/portalurbanook\",\"https:\/\/www.instagram.com\/_portalurbano\/\",\"https:\/\/www.youtube.com\/channel\/UCXhagIfszH8KxFiOok79zbA?view_as=subscriber\"]},{\"@type\":\"Person\",\"@id\":\"https:\/\/experienciadevida.com.ar\/portalurbano\/#\/schema\/person\/02dd326b1c4b056e9cc972486934a3a7\",\"name\":\"admpu17wp\",\"image\":{\"@type\":\"ImageObject\",\"inLanguage\":\"es\",\"@id\":\"https:\/\/experienciadevida.com.ar\/portalurbano\/#\/schema\/person\/image\/\",\"url\":\"https:\/\/secure.gravatar.com\/avatar\/830d4c57adaae6630765e449a6908047?s=96&d=mm&r=g\",\"contentUrl\":\"https:\/\/secure.gravatar.com\/avatar\/830d4c57adaae6630765e449a6908047?s=96&d=mm&r=g\",\"caption\":\"admpu17wp\"}}]}<\/script>\n<!-- \/ Yoast SEO plugin. -->","yoast_head_json":{"title":"La mam\u00e1 de Enzo Marconi en una protesta nacional para pedir justicia","description":"En la jornada de ayer, la mam\u00e1 de Enzo Marconi, Yesica Salguero, particip\u00f3 de una protesta nacional para pedir justicia.","robots":{"index":"index","follow":"follow","max-snippet":"max-snippet:-1","max-image-preview":"max-image-preview:large","max-video-preview":"max-video-preview:-1"},"canonical":"https:\/\/experienciadevida.com.ar\/portalurbano\/la-mama-de-enzo-marconi-en-una-protesta-nacional-para-pedir-justicia\/","og_locale":"es_ES","og_type":"article","og_title":"La mam\u00e1 de Enzo Marconi en una protesta nacional para pedir justicia","og_description":"En la jornada de ayer, la mam\u00e1 de Enzo Marconi, Yesica Salguero, particip\u00f3 de una protesta nacional para pedir justicia.","og_url":"https:\/\/experienciadevida.com.ar\/portalurbano\/la-mama-de-enzo-marconi-en-una-protesta-nacional-para-pedir-justicia\/","article_publisher":"https:\/\/www.facebook.com\/Portal-Urbano-171542830093757\/","article_published_time":"2020-12-05T14:30:47+00:00","article_modified_time":"2020-12-05T14:58:28+00:00","og_image":[{"width":1040,"height":780,"url":"https:\/\/experienciadevida.com.ar\/portalurbano\/wp-content\/uploads\/2020\/12\/Protesta.jpg","type":"image\/jpeg"}],"author":"admpu17wp","twitter_card":"summary_large_image","twitter_creator":"@portalurbanook","twitter_site":"@portalurbanook","twitter_misc":{"Escrito por":"admpu17wp","Tiempo de lectura":"1 minuto"},"schema":{"@context":"https:\/\/schema.org","@graph":[{"@type":"Article","@id":"https:\/\/experienciadevida.com.ar\/portalurbano\/la-mama-de-enzo-marconi-en-una-protesta-nacional-para-pedir-justicia\/#article","isPartOf":{"@id":"https:\/\/experienciadevida.com.ar\/portalurbano\/la-mama-de-enzo-marconi-en-una-protesta-nacional-para-pedir-justicia\/"},"author":{"name":"admpu17wp","@id":"https:\/\/experienciadevida.com.ar\/portalurbano\/#\/schema\/person\/02dd326b1c4b056e9cc972486934a3a7"},"headline":"La mam\u00e1 de Enzo Marconi en una protesta nacional para pedir justicia","datePublished":"2020-12-05T14:30:47+00:00","dateModified":"2020-12-05T14:58:28+00:00","mainEntityOfPage":{"@id":"https:\/\/experienciadevida.com.ar\/portalurbano\/la-mama-de-enzo-marconi-en-una-protesta-nacional-para-pedir-justicia\/"},"wordCount":147,"publisher":{"@id":"https:\/\/experienciadevida.com.ar\/portalurbano\/#organization"},"articleSection":["Ciudad","Destacadas"],"inLanguage":"es"},{"@type":"WebPage","@id":"https:\/\/experienciadevida.com.ar\/portalurbano\/la-mama-de-enzo-marconi-en-una-protesta-nacional-para-pedir-justicia\/","url":"https:\/\/experienciadevida.com.ar\/portalurbano\/la-mama-de-enzo-marconi-en-una-protesta-nacional-para-pedir-justicia\/","name":"La mam\u00e1 de Enzo Marconi en una protesta nacional para pedir justicia","isPartOf":{"@id":"https:\/\/experienciadevida.com.ar\/portalurbano\/#website"},"datePublished":"2020-12-05T14:30:47+00:00","dateModified":"2020-12-05T14:58:28+00:00","description":"En la jornada de ayer, la mam\u00e1 de Enzo Marconi, Yesica Salguero, particip\u00f3 de una protesta nacional para pedir justicia.","breadcrumb":{"@id":"https:\/\/experienciadevida.com.ar\/portalurbano\/la-mama-de-enzo-marconi-en-una-protesta-nacional-para-pedir-justicia\/#breadcrumb"},"inLanguage":"es","potentialAction":[{"@type":"ReadAction","target":["https:\/\/experienciadevida.com.ar\/portalurbano\/la-mama-de-enzo-marconi-en-una-protesta-nacional-para-pedir-justicia\/"]}]},{"@type":"BreadcrumbList","@id":"https:\/\/experienciadevida.com.ar\/portalurbano\/la-mama-de-enzo-marconi-en-una-protesta-nacional-para-pedir-justicia\/#breadcrumb","itemListElement":[{"@type":"ListItem","position":1,"name":"Portada","item":"https:\/\/experienciadevida.com.ar\/portalurbano\/"},{"@type":"ListItem","position":2,"name":"La mam\u00e1 de Enzo Marconi en una protesta nacional para pedir justicia"}]},{"@type":"WebSite","@id":"https:\/\/experienciadevida.com.ar\/portalurbano\/#website","url":"https:\/\/experienciadevida.com.ar\/portalurbano\/","name":"","description":"","publisher":{"@id":"https:\/\/experienciadevida.com.ar\/portalurbano\/#organization"},"potentialAction":[{"@type":"SearchAction","target":{"@type":"EntryPoint","urlTemplate":"https:\/\/experienciadevida.com.ar\/portalurbano\/?s={search_term_string}"},"query-input":"required name=search_term_string"}],"inLanguage":"es"},{"@type":"Organization","@id":"https:\/\/experienciadevida.com.ar\/portalurbano\/#organization","name":"Portal Urbano","url":"https:\/\/experienciadevida.com.ar\/portalurbano\/","logo":{"@type":"ImageObject","inLanguage":"es","@id":"https:\/\/experienciadevida.com.ar\/portalurbano\/#\/schema\/logo\/image\/","url":"https:\/\/experienciadevida.com.ar\/portalurbano\/wp-content\/uploads\/2019\/09\/Logo-Original.png","contentUrl":"https:\/\/experienciadevida.com.ar\/portalurbano\/wp-content\/uploads\/2019\/09\/Logo-Original.png","width":2236,"height":1216,"caption":"Portal Urbano"},"image":{"@id":"https:\/\/experienciadevida.com.ar\/portalurbano\/#\/schema\/logo\/image\/"},"sameAs":["https:\/\/www.facebook.com\/Portal-Urbano-171542830093757\/","https:\/\/twitter.com\/portalurbanook","https:\/\/www.instagram.com\/_portalurbano\/","https:\/\/www.youtube.com\/channel\/UCXhagIfszH8KxFiOok79zbA?view_as=subscriber"]},{"@type":"Person","@id":"https:\/\/experienciadevida.com.ar\/portalurbano\/#\/schema\/person\/02dd326b1c4b056e9cc972486934a3a7","name":"admpu17wp","image":{"@type":"ImageObject","inLanguage":"es","@id":"https:\/\/experienciadevida.com.ar\/portalurbano\/#\/schema\/person\/image\/","url":"https:\/\/secure.gravatar.com\/avatar\/830d4c57adaae6630765e449a6908047?s=96&d=mm&r=g","contentUrl":"https:\/\/secure.gravatar.com\/avatar\/830d4c57adaae6630765e449a6908047?s=96&d=mm&r=g","caption":"admpu17wp"}}]}},"featured_image_urls":{"full":["https:\/\/experienciadevida.com.ar\/portalurbano\/wp-content\/uploads\/2020\/12\/Protesta.jpg",1040,780,false],"thumbnail":["https:\/\/experienciadevida.com.ar\/portalurbano\/wp-content\/uploads\/2020\/12\/Protesta-150x150.jpg",150,150,true],"medium":["https:\/\/experienciadevida.com.ar\/portalurbano\/wp-content\/uploads\/2020\/12\/Protesta-300x225.jpg",300,225,true],"medium_large":["https:\/\/experienciadevida.com.ar\/portalurbano\/wp-content\/uploads\/2020\/12\/Protesta-768x576.jpg",640,480,true],"large":["https:\/\/experienciadevida.com.ar\/portalurbano\/wp-content\/uploads\/2020\/12\/Protesta-1024x768.jpg",640,480,true],"ug_big":["https:\/\/experienciadevida.com.ar\/portalurbano\/wp-content\/uploads\/2020\/12\/Protesta-768x576.jpg",768,576,true],"1536x1536":["https:\/\/experienciadevida.com.ar\/portalurbano\/wp-content\/uploads\/2020\/12\/Protesta.jpg",1040,780,false],"2048x2048":["https:\/\/experienciadevida.com.ar\/portalurbano\/wp-content\/uploads\/2020\/12\/Protesta.jpg",1040,780,false],"newsever-slider-full":["https:\/\/experienciadevida.com.ar\/portalurbano\/wp-content\/uploads\/2020\/12\/Protesta.jpg",1040,780,false],"newsever-featured":["https:\/\/experienciadevida.com.ar\/portalurbano\/wp-content\/uploads\/2020\/12\/Protesta.jpg",1024,768,false],"newsever-medium":["https:\/\/experienciadevida.com.ar\/portalurbano\/wp-content\/uploads\/2020\/12\/Protesta.jpg",633,475,false],"web-stories-poster-portrait":["https:\/\/experienciadevida.com.ar\/portalurbano\/wp-content\/uploads\/2020\/12\/Protesta.jpg",640,480,false],"web-stories-publisher-logo":["https:\/\/experienciadevida.com.ar\/portalurbano\/wp-content\/uploads\/2020\/12\/Protesta.jpg",96,72,false],"web-stories-thumbnail":["https:\/\/experienciadevida.com.ar\/portalurbano\/wp-content\/uploads\/2020\/12\/Protesta.jpg",150,113,false]},"author_info":{"display_name":"admpu17wp","author_link":"https:\/\/experienciadevida.com.ar\/portalurbano\/author\/admpu17wp\/"},"category_info":"<a href=\"https:\/\/experienciadevida.com.ar\/portalurbano\/category\/ciudad\/\" rel=\"category tag\">Ciudad<\/a> <a href=\"https:\/\/experienciadevida.com.ar\/portalurbano\/category\/destacadas\/\" rel=\"category tag\">Destacadas<\/a>","tag_info":"Destacadas","comment_count":"0","amp_enabled":true,"_links":{"self":[{"href":"https:\/\/experienciadevida.com.ar\/portalurbano\/wp-json\/wp\/v2\/posts\/129138"}],"collection":[{"href":"https:\/\/experienciadevida.com.ar\/portalurbano\/wp-json\/wp\/v2\/posts"}],"about":[{"href":"https:\/\/experienciadevida.com.ar\/portalurbano\/wp-json\/wp\/v2\/types\/post"}],"author":[{"embeddable":true,"href":"https:\/\/experienciadevida.com.ar\/portalurbano\/wp-json\/wp\/v2\/users\/1"}],"replies":[{"embeddable":true,"href":"https:\/\/experienciadevida.com.ar\/portalurbano\/wp-json\/wp\/v2\/comments?post=129138"}],"version-history":[{"count":4,"href":"https:\/\/experienciadevida.com.ar\/portalurbano\/wp-json\/wp\/v2\/posts\/129138\/revisions"}],"predecessor-version":[{"id":129142,"href":"https:\/\/experienciadevida.com.ar\/portalurbano\/wp-json\/wp\/v2\/posts\/129138\/revisions\/129142"}],"wp:featuredmedia":[{"embeddable":true,"href":"https:\/\/experienciadevida.com.ar\/portalurbano\/wp-json\/wp\/v2\/media\/129139"}],"wp:attachment":[{"href":"https:\/\/experienciadevida.com.ar\/portalurbano\/wp-json\/wp\/v2\/media?parent=129138"}],"wp:term":[{"taxonomy":"category","embeddable":true,"href":"https:\/\/experienciadevida.com.ar\/portalurbano\/wp-json\/wp\/v2\/categories?post=129138"},{"taxonomy":"post_tag","embeddable":true,"href":"https:\/\/experienciadevida.com.ar\/portalurbano\/wp-json\/wp\/v2\/tags?post=129138"}],"curies":[{"name":"wp","href":"https:\/\/api.w.org\/{rel}","templated":true}]}}