{"id":129088,"date":"2020-12-04T15:07:02","date_gmt":"2020-12-04T18:07:02","guid":{"rendered":"https:\/\/experienciadevida.com.ar\/portalurbano\/?p=129088"},"modified":"2020-12-04T15:09:50","modified_gmt":"2020-12-04T18:09:50","slug":"celeste-arouxet-los-olavarrienses-no-tenemos-que-pagar-los-costos-de-los-deficit-empresariales","status":"publish","type":"post","link":"https:\/\/experienciadevida.com.ar\/portalurbano\/celeste-arouxet-los-olavarrienses-no-tenemos-que-pagar-los-costos-de-los-deficit-empresariales\/","title":{"rendered":"Celeste Arouxet: \u00abLos olavarrienses no tenemos que pagar los costos de los d\u00e9ficit empresariales\u00bb"},"content":{"rendered":"<p>La concejal<a href=\"https:\/\/www.facebook.com\/celeste.arouxet\"> Celeste Arouxet<\/a> dialog\u00f3 con Cadena 103 sobre la solicitud de Coopelectric de aumento en la tarifa de agua.<\/p>\n<p>Sobre el aumento del agua dijo <em>&#8220;es un expediente que ingres\u00f3 hace pocos d\u00edas, es el mismo que se viene reclamando desde el a\u00f1o pasado, en su momento no era necesario m\u00e1s all\u00e1 de los n\u00fameros que mostraba Coopelectric, pedimos informaci\u00f3n adicional que todav\u00eda nos est\u00e1n debiendo esa informaci\u00f3n, pero logramos buscar ese punto de equilibrio\u00a0 y en su momento no se dio un aumento. Pienso que los Olavarrienses no tenemos que pagar los costos de las empresas y d\u00e9ficit empresariales&#8221;.<\/em><\/p>\n<p><em>&#8220;Para m\u00ed en este momento no hay que realizar ning\u00fan aumento. No pasa lo mismo con la Municipalidad que tiene un mal manejo de los gastos, y no lo tiene que pagar la gente. A veces hay aumentos justificados por inflaci\u00f3n, paritaria, determinadas cuestiones pero cuando ya el manejo de los fondos se observa que est\u00e1n\u00a0 mal manejados, los Olavarrienses no tienen porque pagar el aumento&#8221;.<\/em><\/p>\n<p>Por otro lado mencion\u00f3 <em>&#8220;Coopelectric es una empresa m\u00e1s que brinda un servicio con una estructura de costo que seg\u00fan ellos le est\u00e1 dando d\u00e9ficit. Espero que podamos llegar a un an\u00e1lisis de este pedido&#8221;.<\/em><\/p>\n<p><em>&#8220;Es un tema de n\u00fameros que se analiz\u00f3 durante muchos meses, se pidi\u00f3 much\u00edsima informaci\u00f3n y llegamos a un punto en que no nos daba en que era necesario un aumento&#8221;<\/em> finaliz\u00f3.<\/p>\n<p>Fuente: Cadena 103<\/p>\n","protected":false},"excerpt":{"rendered":"<p>La concejal Celeste Arouxet dialog\u00f3 con Cadena 103 sobre la solicitud de Coopelectric de aumento&#8230;<\/p>\n","protected":false},"author":1,"featured_media":123693,"comment_status":"closed","ping_status":"closed","sticky":false,"template":"","format":"standard","meta":{"content-type":""},"categories":[27,51],"tags":[],"nelio_content":{"isAutoShareEnabled":false,"autoShareEndMode":"default","automationSources":{"useContentSentences":true,"useSocialTemplates":true,"useCustomSentences":false,"customSentences":[]},"followers":[1],"suggestedReferences":[],"includedReferences":[],"efiUrl":"","efiAlt":"","highlights":[]},"yoast_head":"<!-- This site is optimized with the Yoast SEO plugin v20.7 - https:\/\/yoast.com\/wordpress\/plugins\/seo\/ -->\n<title>Celeste Arouxet: &quot;no tenemos que pagar los costos de las empreas&quot;<\/title>\n<meta name=\"description\" content=\"La concejal Celeste Arouxet dialog\u00f3 con Cadena 103 sobre la solicitud de Coopelectric de aumento en la tarifa de agua.\" \/>\n<meta name=\"robots\" content=\"index, follow, max-snippet:-1, max-image-preview:large, max-video-preview:-1\" \/>\n<link rel=\"canonical\" href=\"https:\/\/experienciadevida.com.ar\/portalurbano\/celeste-arouxet-los-olavarrienses-no-tenemos-que-pagar-los-costos-de-los-deficit-empresariales\/\" \/>\n<meta property=\"og:locale\" content=\"es_ES\" \/>\n<meta property=\"og:type\" content=\"article\" \/>\n<meta property=\"og:title\" content=\"Celeste Arouxet: &quot;no tenemos que pagar los costos de las empreas&quot;\" \/>\n<meta property=\"og:description\" content=\"La concejal Celeste Arouxet dialog\u00f3 con Cadena 103 sobre la solicitud de Coopelectric de aumento en la tarifa de agua.\" \/>\n<meta property=\"og:url\" content=\"https:\/\/experienciadevida.com.ar\/portalurbano\/celeste-arouxet-los-olavarrienses-no-tenemos-que-pagar-los-costos-de-los-deficit-empresariales\/\" \/>\n<meta property=\"article:publisher\" content=\"https:\/\/www.facebook.com\/Portal-Urbano-171542830093757\/\" \/>\n<meta property=\"article:published_time\" content=\"2020-12-04T18:07:02+00:00\" \/>\n<meta property=\"article:modified_time\" content=\"2020-12-04T18:09:50+00:00\" \/>\n<meta property=\"og:image\" content=\"https:\/\/experienciadevida.com.ar\/portalurbano\/wp-content\/uploads\/2020\/10\/Celeste-Arouxet.png\" \/>\n\t<meta property=\"og:image:width\" content=\"760\" \/>\n\t<meta property=\"og:image:height\" content=\"470\" \/>\n\t<meta property=\"og:image:type\" content=\"image\/png\" \/>\n<meta name=\"author\" content=\"admpu17wp\" \/>\n<meta name=\"twitter:card\" content=\"summary_large_image\" \/>\n<meta name=\"twitter:creator\" content=\"@portalurbanook\" \/>\n<meta name=\"twitter:site\" content=\"@portalurbanook\" \/>\n<meta name=\"twitter:label1\" content=\"Escrito por\" \/>\n\t<meta name=\"twitter:data1\" content=\"admpu17wp\" \/>\n\t<meta name=\"twitter:label2\" content=\"Tiempo de lectura\" \/>\n\t<meta name=\"twitter:data2\" content=\"1 minuto\" \/>\n<script type=\"application\/ld+json\" class=\"yoast-schema-graph\">{\"@context\":\"https:\/\/schema.org\",\"@graph\":[{\"@type\":\"Article\",\"@id\":\"https:\/\/experienciadevida.com.ar\/portalurbano\/celeste-arouxet-los-olavarrienses-no-tenemos-que-pagar-los-costos-de-los-deficit-empresariales\/#article\",\"isPartOf\":{\"@id\":\"https:\/\/experienciadevida.com.ar\/portalurbano\/celeste-arouxet-los-olavarrienses-no-tenemos-que-pagar-los-costos-de-los-deficit-empresariales\/\"},\"author\":{\"name\":\"admpu17wp\",\"@id\":\"https:\/\/experienciadevida.com.ar\/portalurbano\/#\/schema\/person\/02dd326b1c4b056e9cc972486934a3a7\"},\"headline\":\"Celeste Arouxet: \u00abLos olavarrienses no tenemos que pagar los costos de los d\u00e9ficit empresariales\u00bb\",\"datePublished\":\"2020-12-04T18:07:02+00:00\",\"dateModified\":\"2020-12-04T18:09:50+00:00\",\"mainEntityOfPage\":{\"@id\":\"https:\/\/experienciadevida.com.ar\/portalurbano\/celeste-arouxet-los-olavarrienses-no-tenemos-que-pagar-los-costos-de-los-deficit-empresariales\/\"},\"wordCount\":269,\"publisher\":{\"@id\":\"https:\/\/experienciadevida.com.ar\/portalurbano\/#organization\"},\"articleSection\":[\"Ciudad\",\"Destacadas\"],\"inLanguage\":\"es\"},{\"@type\":\"WebPage\",\"@id\":\"https:\/\/experienciadevida.com.ar\/portalurbano\/celeste-arouxet-los-olavarrienses-no-tenemos-que-pagar-los-costos-de-los-deficit-empresariales\/\",\"url\":\"https:\/\/experienciadevida.com.ar\/portalurbano\/celeste-arouxet-los-olavarrienses-no-tenemos-que-pagar-los-costos-de-los-deficit-empresariales\/\",\"name\":\"Celeste Arouxet: \\\"no tenemos que pagar los costos de las empreas\\\"\",\"isPartOf\":{\"@id\":\"https:\/\/experienciadevida.com.ar\/portalurbano\/#website\"},\"datePublished\":\"2020-12-04T18:07:02+00:00\",\"dateModified\":\"2020-12-04T18:09:50+00:00\",\"description\":\"La concejal Celeste Arouxet dialog\u00f3 con Cadena 103 sobre la solicitud de Coopelectric de aumento en la tarifa de agua.\",\"breadcrumb\":{\"@id\":\"https:\/\/experienciadevida.com.ar\/portalurbano\/celeste-arouxet-los-olavarrienses-no-tenemos-que-pagar-los-costos-de-los-deficit-empresariales\/#breadcrumb\"},\"inLanguage\":\"es\",\"potentialAction\":[{\"@type\":\"ReadAction\",\"target\":[\"https:\/\/experienciadevida.com.ar\/portalurbano\/celeste-arouxet-los-olavarrienses-no-tenemos-que-pagar-los-costos-de-los-deficit-empresariales\/\"]}]},{\"@type\":\"BreadcrumbList\",\"@id\":\"https:\/\/experienciadevida.com.ar\/portalurbano\/celeste-arouxet-los-olavarrienses-no-tenemos-que-pagar-los-costos-de-los-deficit-empresariales\/#breadcrumb\",\"itemListElement\":[{\"@type\":\"ListItem\",\"position\":1,\"name\":\"Portada\",\"item\":\"https:\/\/experienciadevida.com.ar\/portalurbano\/\"},{\"@type\":\"ListItem\",\"position\":2,\"name\":\"Celeste Arouxet: \u00abLos olavarrienses no tenemos que pagar los costos de los d\u00e9ficit empresariales\u00bb\"}]},{\"@type\":\"WebSite\",\"@id\":\"https:\/\/experienciadevida.com.ar\/portalurbano\/#website\",\"url\":\"https:\/\/experienciadevida.com.ar\/portalurbano\/\",\"name\":\"\",\"description\":\"\",\"publisher\":{\"@id\":\"https:\/\/experienciadevida.com.ar\/portalurbano\/#organization\"},\"potentialAction\":[{\"@type\":\"SearchAction\",\"target\":{\"@type\":\"EntryPoint\",\"urlTemplate\":\"https:\/\/experienciadevida.com.ar\/portalurbano\/?s={search_term_string}\"},\"query-input\":\"required name=search_term_string\"}],\"inLanguage\":\"es\"},{\"@type\":\"Organization\",\"@id\":\"https:\/\/experienciadevida.com.ar\/portalurbano\/#organization\",\"name\":\"Portal Urbano\",\"url\":\"https:\/\/experienciadevida.com.ar\/portalurbano\/\",\"logo\":{\"@type\":\"ImageObject\",\"inLanguage\":\"es\",\"@id\":\"https:\/\/experienciadevida.com.ar\/portalurbano\/#\/schema\/logo\/image\/\",\"url\":\"https:\/\/experienciadevida.com.ar\/portalurbano\/wp-content\/uploads\/2019\/09\/Logo-Original.png\",\"contentUrl\":\"https:\/\/experienciadevida.com.ar\/portalurbano\/wp-content\/uploads\/2019\/09\/Logo-Original.png\",\"width\":2236,\"height\":1216,\"caption\":\"Portal Urbano\"},\"image\":{\"@id\":\"https:\/\/experienciadevida.com.ar\/portalurbano\/#\/schema\/logo\/image\/\"},\"sameAs\":[\"https:\/\/www.facebook.com\/Portal-Urbano-171542830093757\/\",\"https:\/\/twitter.com\/portalurbanook\",\"https:\/\/www.instagram.com\/_portalurbano\/\",\"https:\/\/www.youtube.com\/channel\/UCXhagIfszH8KxFiOok79zbA?view_as=subscriber\"]},{\"@type\":\"Person\",\"@id\":\"https:\/\/experienciadevida.com.ar\/portalurbano\/#\/schema\/person\/02dd326b1c4b056e9cc972486934a3a7\",\"name\":\"admpu17wp\",\"image\":{\"@type\":\"ImageObject\",\"inLanguage\":\"es\",\"@id\":\"https:\/\/experienciadevida.com.ar\/portalurbano\/#\/schema\/person\/image\/\",\"url\":\"https:\/\/secure.gravatar.com\/avatar\/830d4c57adaae6630765e449a6908047?s=96&d=mm&r=g\",\"contentUrl\":\"https:\/\/secure.gravatar.com\/avatar\/830d4c57adaae6630765e449a6908047?s=96&d=mm&r=g\",\"caption\":\"admpu17wp\"}}]}<\/script>\n<!-- \/ Yoast SEO plugin. -->","yoast_head_json":{"title":"Celeste Arouxet: \"no tenemos que pagar los costos de las empreas\"","description":"La concejal Celeste Arouxet dialog\u00f3 con Cadena 103 sobre la solicitud de Coopelectric de aumento en la tarifa de agua.","robots":{"index":"index","follow":"follow","max-snippet":"max-snippet:-1","max-image-preview":"max-image-preview:large","max-video-preview":"max-video-preview:-1"},"canonical":"https:\/\/experienciadevida.com.ar\/portalurbano\/celeste-arouxet-los-olavarrienses-no-tenemos-que-pagar-los-costos-de-los-deficit-empresariales\/","og_locale":"es_ES","og_type":"article","og_title":"Celeste Arouxet: \"no tenemos que pagar los costos de las empreas\"","og_description":"La concejal Celeste Arouxet dialog\u00f3 con Cadena 103 sobre la solicitud de Coopelectric de aumento en la tarifa de agua.","og_url":"https:\/\/experienciadevida.com.ar\/portalurbano\/celeste-arouxet-los-olavarrienses-no-tenemos-que-pagar-los-costos-de-los-deficit-empresariales\/","article_publisher":"https:\/\/www.facebook.com\/Portal-Urbano-171542830093757\/","article_published_time":"2020-12-04T18:07:02+00:00","article_modified_time":"2020-12-04T18:09:50+00:00","og_image":[{"width":760,"height":470,"url":"https:\/\/experienciadevida.com.ar\/portalurbano\/wp-content\/uploads\/2020\/10\/Celeste-Arouxet.png","type":"image\/png"}],"author":"admpu17wp","twitter_card":"summary_large_image","twitter_creator":"@portalurbanook","twitter_site":"@portalurbanook","twitter_misc":{"Escrito por":"admpu17wp","Tiempo de lectura":"1 minuto"},"schema":{"@context":"https:\/\/schema.org","@graph":[{"@type":"Article","@id":"https:\/\/experienciadevida.com.ar\/portalurbano\/celeste-arouxet-los-olavarrienses-no-tenemos-que-pagar-los-costos-de-los-deficit-empresariales\/#article","isPartOf":{"@id":"https:\/\/experienciadevida.com.ar\/portalurbano\/celeste-arouxet-los-olavarrienses-no-tenemos-que-pagar-los-costos-de-los-deficit-empresariales\/"},"author":{"name":"admpu17wp","@id":"https:\/\/experienciadevida.com.ar\/portalurbano\/#\/schema\/person\/02dd326b1c4b056e9cc972486934a3a7"},"headline":"Celeste Arouxet: \u00abLos olavarrienses no tenemos que pagar los costos de los d\u00e9ficit empresariales\u00bb","datePublished":"2020-12-04T18:07:02+00:00","dateModified":"2020-12-04T18:09:50+00:00","mainEntityOfPage":{"@id":"https:\/\/experienciadevida.com.ar\/portalurbano\/celeste-arouxet-los-olavarrienses-no-tenemos-que-pagar-los-costos-de-los-deficit-empresariales\/"},"wordCount":269,"publisher":{"@id":"https:\/\/experienciadevida.com.ar\/portalurbano\/#organization"},"articleSection":["Ciudad","Destacadas"],"inLanguage":"es"},{"@type":"WebPage","@id":"https:\/\/experienciadevida.com.ar\/portalurbano\/celeste-arouxet-los-olavarrienses-no-tenemos-que-pagar-los-costos-de-los-deficit-empresariales\/","url":"https:\/\/experienciadevida.com.ar\/portalurbano\/celeste-arouxet-los-olavarrienses-no-tenemos-que-pagar-los-costos-de-los-deficit-empresariales\/","name":"Celeste Arouxet: \"no tenemos que pagar los costos de las empreas\"","isPartOf":{"@id":"https:\/\/experienciadevida.com.ar\/portalurbano\/#website"},"datePublished":"2020-12-04T18:07:02+00:00","dateModified":"2020-12-04T18:09:50+00:00","description":"La concejal Celeste Arouxet dialog\u00f3 con Cadena 103 sobre la solicitud de Coopelectric de aumento en la tarifa de agua.","breadcrumb":{"@id":"https:\/\/experienciadevida.com.ar\/portalurbano\/celeste-arouxet-los-olavarrienses-no-tenemos-que-pagar-los-costos-de-los-deficit-empresariales\/#breadcrumb"},"inLanguage":"es","potentialAction":[{"@type":"ReadAction","target":["https:\/\/experienciadevida.com.ar\/portalurbano\/celeste-arouxet-los-olavarrienses-no-tenemos-que-pagar-los-costos-de-los-deficit-empresariales\/"]}]},{"@type":"BreadcrumbList","@id":"https:\/\/experienciadevida.com.ar\/portalurbano\/celeste-arouxet-los-olavarrienses-no-tenemos-que-pagar-los-costos-de-los-deficit-empresariales\/#breadcrumb","itemListElement":[{"@type":"ListItem","position":1,"name":"Portada","item":"https:\/\/experienciadevida.com.ar\/portalurbano\/"},{"@type":"ListItem","position":2,"name":"Celeste Arouxet: \u00abLos olavarrienses no tenemos que pagar los costos de los d\u00e9ficit empresariales\u00bb"}]},{"@type":"WebSite","@id":"https:\/\/experienciadevida.com.ar\/portalurbano\/#website","url":"https:\/\/experienciadevida.com.ar\/portalurbano\/","name":"","description":"","publisher":{"@id":"https:\/\/experienciadevida.com.ar\/portalurbano\/#organization"},"potentialAction":[{"@type":"SearchAction","target":{"@type":"EntryPoint","urlTemplate":"https:\/\/experienciadevida.com.ar\/portalurbano\/?s={search_term_string}"},"query-input":"required name=search_term_string"}],"inLanguage":"es"},{"@type":"Organization","@id":"https:\/\/experienciadevida.com.ar\/portalurbano\/#organization","name":"Portal Urbano","url":"https:\/\/experienciadevida.com.ar\/portalurbano\/","logo":{"@type":"ImageObject","inLanguage":"es","@id":"https:\/\/experienciadevida.com.ar\/portalurbano\/#\/schema\/logo\/image\/","url":"https:\/\/experienciadevida.com.ar\/portalurbano\/wp-content\/uploads\/2019\/09\/Logo-Original.png","contentUrl":"https:\/\/experienciadevida.com.ar\/portalurbano\/wp-content\/uploads\/2019\/09\/Logo-Original.png","width":2236,"height":1216,"caption":"Portal Urbano"},"image":{"@id":"https:\/\/experienciadevida.com.ar\/portalurbano\/#\/schema\/logo\/image\/"},"sameAs":["https:\/\/www.facebook.com\/Portal-Urbano-171542830093757\/","https:\/\/twitter.com\/portalurbanook","https:\/\/www.instagram.com\/_portalurbano\/","https:\/\/www.youtube.com\/channel\/UCXhagIfszH8KxFiOok79zbA?view_as=subscriber"]},{"@type":"Person","@id":"https:\/\/experienciadevida.com.ar\/portalurbano\/#\/schema\/person\/02dd326b1c4b056e9cc972486934a3a7","name":"admpu17wp","image":{"@type":"ImageObject","inLanguage":"es","@id":"https:\/\/experienciadevida.com.ar\/portalurbano\/#\/schema\/person\/image\/","url":"https:\/\/secure.gravatar.com\/avatar\/830d4c57adaae6630765e449a6908047?s=96&d=mm&r=g","contentUrl":"https:\/\/secure.gravatar.com\/avatar\/830d4c57adaae6630765e449a6908047?s=96&d=mm&r=g","caption":"admpu17wp"}}]}},"featured_image_urls":{"full":["https:\/\/experienciadevida.com.ar\/portalurbano\/wp-content\/uploads\/2020\/10\/Celeste-Arouxet.png",760,470,false],"thumbnail":["https:\/\/experienciadevida.com.ar\/portalurbano\/wp-content\/uploads\/2020\/10\/Celeste-Arouxet-150x150.png",150,150,true],"medium":["https:\/\/experienciadevida.com.ar\/portalurbano\/wp-content\/uploads\/2020\/10\/Celeste-Arouxet-300x186.png",300,186,true],"medium_large":["https:\/\/experienciadevida.com.ar\/portalurbano\/wp-content\/uploads\/2020\/10\/Celeste-Arouxet.png",640,396,false],"large":["https:\/\/experienciadevida.com.ar\/portalurbano\/wp-content\/uploads\/2020\/10\/Celeste-Arouxet.png",640,396,false],"ug_big":["https:\/\/experienciadevida.com.ar\/portalurbano\/wp-content\/uploads\/2020\/10\/Celeste-Arouxet.png",760,470,false],"1536x1536":["https:\/\/experienciadevida.com.ar\/portalurbano\/wp-content\/uploads\/2020\/10\/Celeste-Arouxet.png",760,470,false],"2048x2048":["https:\/\/experienciadevida.com.ar\/portalurbano\/wp-content\/uploads\/2020\/10\/Celeste-Arouxet.png",760,470,false],"newsever-slider-full":["https:\/\/experienciadevida.com.ar\/portalurbano\/wp-content\/uploads\/2020\/10\/Celeste-Arouxet.png",760,470,false],"newsever-featured":["https:\/\/experienciadevida.com.ar\/portalurbano\/wp-content\/uploads\/2020\/10\/Celeste-Arouxet.png",760,470,false],"newsever-medium":["https:\/\/experienciadevida.com.ar\/portalurbano\/wp-content\/uploads\/2020\/10\/Celeste-Arouxet.png",720,445,false],"web-stories-poster-portrait":["https:\/\/experienciadevida.com.ar\/portalurbano\/wp-content\/uploads\/2020\/10\/Celeste-Arouxet.png",640,396,false],"web-stories-publisher-logo":["https:\/\/experienciadevida.com.ar\/portalurbano\/wp-content\/uploads\/2020\/10\/Celeste-Arouxet.png",96,59,false],"web-stories-thumbnail":["https:\/\/experienciadevida.com.ar\/portalurbano\/wp-content\/uploads\/2020\/10\/Celeste-Arouxet.png",150,93,false]},"author_info":{"display_name":"admpu17wp","author_link":"https:\/\/experienciadevida.com.ar\/portalurbano\/author\/admpu17wp\/"},"category_info":"<a href=\"https:\/\/experienciadevida.com.ar\/portalurbano\/category\/ciudad\/\" rel=\"category tag\">Ciudad<\/a> <a href=\"https:\/\/experienciadevida.com.ar\/portalurbano\/category\/destacadas\/\" rel=\"category tag\">Destacadas<\/a>","tag_info":"Destacadas","comment_count":"0","amp_enabled":true,"_links":{"self":[{"href":"https:\/\/experienciadevida.com.ar\/portalurbano\/wp-json\/wp\/v2\/posts\/129088"}],"collection":[{"href":"https:\/\/experienciadevida.com.ar\/portalurbano\/wp-json\/wp\/v2\/posts"}],"about":[{"href":"https:\/\/experienciadevida.com.ar\/portalurbano\/wp-json\/wp\/v2\/types\/post"}],"author":[{"embeddable":true,"href":"https:\/\/experienciadevida.com.ar\/portalurbano\/wp-json\/wp\/v2\/users\/1"}],"replies":[{"embeddable":true,"href":"https:\/\/experienciadevida.com.ar\/portalurbano\/wp-json\/wp\/v2\/comments?post=129088"}],"version-history":[{"count":3,"href":"https:\/\/experienciadevida.com.ar\/portalurbano\/wp-json\/wp\/v2\/posts\/129088\/revisions"}],"predecessor-version":[{"id":129094,"href":"https:\/\/experienciadevida.com.ar\/portalurbano\/wp-json\/wp\/v2\/posts\/129088\/revisions\/129094"}],"wp:featuredmedia":[{"embeddable":true,"href":"https:\/\/experienciadevida.com.ar\/portalurbano\/wp-json\/wp\/v2\/media\/123693"}],"wp:attachment":[{"href":"https:\/\/experienciadevida.com.ar\/portalurbano\/wp-json\/wp\/v2\/media?parent=129088"}],"wp:term":[{"taxonomy":"category","embeddable":true,"href":"https:\/\/experienciadevida.com.ar\/portalurbano\/wp-json\/wp\/v2\/categories?post=129088"},{"taxonomy":"post_tag","embeddable":true,"href":"https:\/\/experienciadevida.com.ar\/portalurbano\/wp-json\/wp\/v2\/tags?post=129088"}],"curies":[{"name":"wp","href":"https:\/\/api.w.org\/{rel}","templated":true}]}}