{"id":129047,"date":"2020-12-03T21:35:21","date_gmt":"2020-12-04T00:35:21","guid":{"rendered":"https:\/\/experienciadevida.com.ar\/portalurbano\/?p=129047"},"modified":"2020-12-03T21:35:47","modified_gmt":"2020-12-04T00:35:47","slug":"la-pobreza-trepo-al-44-y-el-64-de-los-menores-de-18-anos-vive-en-hogares-pobres","status":"publish","type":"post","link":"https:\/\/experienciadevida.com.ar\/portalurbano\/la-pobreza-trepo-al-44-y-el-64-de-los-menores-de-18-anos-vive-en-hogares-pobres\/","title":{"rendered":"La pobreza trep\u00f3 al 44% y el 64% de los menores de 18 a\u00f1os vive en hogares pobres"},"content":{"rendered":"<p>La pobreza trep\u00f3 al 44% y el 64% de los menores de 18 a\u00f1os vive en hogares pobres. Los datos corresponden al cuatrimestre abril-octubre y son de la UCA. Sin planes sociales, la pobreza ser\u00eda 53,1%.<\/p>\n<p>La pobreza en Argentina trep\u00f3 al 44,2% en octubre, con lo que unos 20 millones de personas est\u00e1n sumidas en esa condici\u00f3n, mientras que la indigencia lleg\u00f3 al 10,1% -4.1 millones de argentinos-, de acuerdo con el informe semestral que distribuye la Universidad Cat\u00f3lica Argentina y que tambi\u00e9n indica que el 64% de los menores de 18 a\u00f1os vive en hogares pobres. El trabajo se\u00f1ala que sin programas sociales \u2013IFE incluido- ser\u00eda pobre m\u00e1s de la mitad del pa\u00eds: 53.1%<\/p>\n<p>El relevamiento del Observatorio Social de la UCA, que se volvi\u00f3 ya tradicional y adelanta usualmente las tendencias que luego informa en Instituto Nacional de Estad\u00edsticas y Censos (Indec), recoge la evoluci\u00f3n de la pobreza y la indigencia entre abril y octubre de este a\u00f1o. Es decir, el per\u00edodo en el cual rigi\u00f3 con mayor severidad el Aislamiento Social Preventivo y Obligatorio (ASPO) que limit\u00f3 al m\u00e1ximo la actividad econ\u00f3mica y que ahora se distendi\u00f3.<\/p>\n<p>En esos meses, la pobreza aument\u00f3 un 3,4% y la indigencia 1,2%, ya que al inicio del per\u00edodo del medici\u00f3n estaba en el 8.9% seg\u00fan el mismo relevamiento.<\/p>\n<p>El Informe se\u00f1ala que sin los distintos programas sociales (IFE, AUH, tarjeta alimentaria, pensiones no contributivas y otros), la pobreza hubiera saltado del 44,2% al 53,1% de la poblaci\u00f3n urbana. El efecto del IFE es el m\u00e1s sustantivo: 8,3 puntos incidi\u00f3 en reducir la indigencia y 6,4 puntos en la pobreza.<\/p>\n<p>Uno de los datos preocupantes que arroja en informe es que un 64,1% de los menores de 18 a\u00f1os vive en hogares donde el dinero que ingresa no le alcanza a la familia para procurarse un conjunto b\u00e1sico de servicios y bienes materiales; es decir, son personas pobres por ingresos.<\/p>\n<p>Y si se considera a los ni\u00f1os y adolescentes que, adem\u00e1s de estar en esa condici\u00f3n, sufren alg\u00fan d\u00e9ficit de acceso a derechos sociales considerados primarios (como habitar una vivienda de cierta calidad, contar con servicios como el de agua corriente, vivir en un h\u00e1bitat saludable o asistir al sistema educativo), los afectados son el 60,4% del total.<\/p>\n<p>Un a\u00f1o atr\u00e1s, esos indicadores, de pobreza por ingresos en el primer caso y de pobreza multidimensional en el segundo, eran de 59,5% y 54,6%, respectivamente, siempre considerando a la poblaci\u00f3n de 0 a 17 a\u00f1os de edad.<\/p>\n<p>El \u00edndice de poblaci\u00f3n de todas las edades con pobreza multidimensional (poblaci\u00f3n con insuficiencia de ingresos y con al menos una carencia de derechos sociales) result\u00f3 de 41%, contra el 37,5% de un a\u00f1o atr\u00e1s.<\/p>\n<p>\u201cHubo una profundizaci\u00f3n de las desigualdades y un aumento tanto de la pobreza por ingresos como de la pobreza estructural\u201d, se\u00f1al\u00f3 el soci\u00f3logo Agust\u00edn Salvia, director del Observatorio, en una charla con periodistas en la que present\u00f3 los datos de la encuesta. Por pobreza estructural los informes de la UCA se refieren a la condici\u00f3n de vivir en hogares con ingresos insuficientes, sumada a la realidad de verse afectado por tres o m\u00e1s d\u00e9ficit en aspectos como la alimentaci\u00f3n, la vivienda, el h\u00e1bitat y el acceso a la educaci\u00f3n y al mundo del trabajo.<\/p>\n<p>Fuente: DIB<\/p>\n","protected":false},"excerpt":{"rendered":"<p>La pobreza trep\u00f3 al 44% y el 64% de los menores de 18 a\u00f1os vive&#8230;<\/p>\n","protected":false},"author":1,"featured_media":0,"comment_status":"closed","ping_status":"closed","sticky":false,"template":"","format":"standard","meta":{"content-type":""},"categories":[39],"tags":[],"nelio_content":{"isAutoShareEnabled":false,"autoShareEndMode":"default","automationSources":{"useContentSentences":true,"useSocialTemplates":true,"useCustomSentences":false,"customSentences":[]},"followers":[1],"suggestedReferences":[],"includedReferences":[],"efiUrl":"","efiAlt":"","highlights":[]},"yoast_head":"<!-- This site is optimized with the Yoast SEO plugin v20.7 - https:\/\/yoast.com\/wordpress\/plugins\/seo\/ -->\n<title>La pobreza trepo al 44% y el 64% vivie en hogares pobres<\/title>\n<meta name=\"description\" content=\"La pobreza trep\u00f3 al 44% y el 64% de los menores de 18 a\u00f1os vive en hogares pobres. Los datos corresponden al mes de abril-octubre.\" \/>\n<meta name=\"robots\" content=\"index, follow, max-snippet:-1, max-image-preview:large, max-video-preview:-1\" \/>\n<link rel=\"canonical\" href=\"https:\/\/experienciadevida.com.ar\/portalurbano\/la-pobreza-trepo-al-44-y-el-64-de-los-menores-de-18-anos-vive-en-hogares-pobres\/\" \/>\n<meta property=\"og:locale\" content=\"es_ES\" \/>\n<meta property=\"og:type\" content=\"article\" \/>\n<meta property=\"og:title\" content=\"La pobreza trepo al 44% y el 64% vivie en hogares pobres\" \/>\n<meta property=\"og:description\" content=\"La pobreza trep\u00f3 al 44% y el 64% de los menores de 18 a\u00f1os vive en hogares pobres. Los datos corresponden al mes de abril-octubre.\" \/>\n<meta property=\"og:url\" content=\"https:\/\/experienciadevida.com.ar\/portalurbano\/la-pobreza-trepo-al-44-y-el-64-de-los-menores-de-18-anos-vive-en-hogares-pobres\/\" \/>\n<meta property=\"article:publisher\" content=\"https:\/\/www.facebook.com\/Portal-Urbano-171542830093757\/\" \/>\n<meta property=\"article:published_time\" content=\"2020-12-04T00:35:21+00:00\" \/>\n<meta property=\"article:modified_time\" content=\"2020-12-04T00:35:47+00:00\" \/>\n<meta property=\"og:image\" content=\"https:\/\/experienciadevida.com.ar\/portalurbano\/wp-content\/uploads\/2018\/03\/pobreza.jpg\" \/>\n\t<meta property=\"og:image:width\" content=\"680\" \/>\n\t<meta property=\"og:image:height\" content=\"453\" \/>\n\t<meta property=\"og:image:type\" content=\"image\/jpeg\" \/>\n<meta name=\"author\" content=\"admpu17wp\" \/>\n<meta name=\"twitter:card\" content=\"summary_large_image\" \/>\n<meta name=\"twitter:creator\" content=\"@portalurbanook\" \/>\n<meta name=\"twitter:site\" content=\"@portalurbanook\" \/>\n<meta name=\"twitter:label1\" content=\"Escrito por\" \/>\n\t<meta name=\"twitter:data1\" content=\"admpu17wp\" \/>\n\t<meta name=\"twitter:label2\" content=\"Tiempo de lectura\" \/>\n\t<meta name=\"twitter:data2\" content=\"3 minutos\" \/>\n<script type=\"application\/ld+json\" class=\"yoast-schema-graph\">{\"@context\":\"https:\/\/schema.org\",\"@graph\":[{\"@type\":\"Article\",\"@id\":\"https:\/\/experienciadevida.com.ar\/portalurbano\/la-pobreza-trepo-al-44-y-el-64-de-los-menores-de-18-anos-vive-en-hogares-pobres\/#article\",\"isPartOf\":{\"@id\":\"https:\/\/experienciadevida.com.ar\/portalurbano\/la-pobreza-trepo-al-44-y-el-64-de-los-menores-de-18-anos-vive-en-hogares-pobres\/\"},\"author\":{\"name\":\"admpu17wp\",\"@id\":\"https:\/\/experienciadevida.com.ar\/portalurbano\/#\/schema\/person\/02dd326b1c4b056e9cc972486934a3a7\"},\"headline\":\"La pobreza trep\u00f3 al 44% y el 64% de los menores de 18 a\u00f1os vive en hogares pobres\",\"datePublished\":\"2020-12-04T00:35:21+00:00\",\"dateModified\":\"2020-12-04T00:35:47+00:00\",\"mainEntityOfPage\":{\"@id\":\"https:\/\/experienciadevida.com.ar\/portalurbano\/la-pobreza-trepo-al-44-y-el-64-de-los-menores-de-18-anos-vive-en-hogares-pobres\/\"},\"wordCount\":586,\"publisher\":{\"@id\":\"https:\/\/experienciadevida.com.ar\/portalurbano\/#organization\"},\"articleSection\":[\"Naci\u00f3n\"],\"inLanguage\":\"es\"},{\"@type\":\"WebPage\",\"@id\":\"https:\/\/experienciadevida.com.ar\/portalurbano\/la-pobreza-trepo-al-44-y-el-64-de-los-menores-de-18-anos-vive-en-hogares-pobres\/\",\"url\":\"https:\/\/experienciadevida.com.ar\/portalurbano\/la-pobreza-trepo-al-44-y-el-64-de-los-menores-de-18-anos-vive-en-hogares-pobres\/\",\"name\":\"La pobreza trepo al 44% y el 64% vivie en hogares pobres\",\"isPartOf\":{\"@id\":\"https:\/\/experienciadevida.com.ar\/portalurbano\/#website\"},\"datePublished\":\"2020-12-04T00:35:21+00:00\",\"dateModified\":\"2020-12-04T00:35:47+00:00\",\"description\":\"La pobreza trep\u00f3 al 44% y el 64% de los menores de 18 a\u00f1os vive en hogares pobres. Los datos corresponden al mes de abril-octubre.\",\"breadcrumb\":{\"@id\":\"https:\/\/experienciadevida.com.ar\/portalurbano\/la-pobreza-trepo-al-44-y-el-64-de-los-menores-de-18-anos-vive-en-hogares-pobres\/#breadcrumb\"},\"inLanguage\":\"es\",\"potentialAction\":[{\"@type\":\"ReadAction\",\"target\":[\"https:\/\/experienciadevida.com.ar\/portalurbano\/la-pobreza-trepo-al-44-y-el-64-de-los-menores-de-18-anos-vive-en-hogares-pobres\/\"]}]},{\"@type\":\"BreadcrumbList\",\"@id\":\"https:\/\/experienciadevida.com.ar\/portalurbano\/la-pobreza-trepo-al-44-y-el-64-de-los-menores-de-18-anos-vive-en-hogares-pobres\/#breadcrumb\",\"itemListElement\":[{\"@type\":\"ListItem\",\"position\":1,\"name\":\"Portada\",\"item\":\"https:\/\/experienciadevida.com.ar\/portalurbano\/\"},{\"@type\":\"ListItem\",\"position\":2,\"name\":\"La pobreza trep\u00f3 al 44% y el 64% de los menores de 18 a\u00f1os vive en hogares pobres\"}]},{\"@type\":\"WebSite\",\"@id\":\"https:\/\/experienciadevida.com.ar\/portalurbano\/#website\",\"url\":\"https:\/\/experienciadevida.com.ar\/portalurbano\/\",\"name\":\"\",\"description\":\"\",\"publisher\":{\"@id\":\"https:\/\/experienciadevida.com.ar\/portalurbano\/#organization\"},\"potentialAction\":[{\"@type\":\"SearchAction\",\"target\":{\"@type\":\"EntryPoint\",\"urlTemplate\":\"https:\/\/experienciadevida.com.ar\/portalurbano\/?s={search_term_string}\"},\"query-input\":\"required name=search_term_string\"}],\"inLanguage\":\"es\"},{\"@type\":\"Organization\",\"@id\":\"https:\/\/experienciadevida.com.ar\/portalurbano\/#organization\",\"name\":\"Portal Urbano\",\"url\":\"https:\/\/experienciadevida.com.ar\/portalurbano\/\",\"logo\":{\"@type\":\"ImageObject\",\"inLanguage\":\"es\",\"@id\":\"https:\/\/experienciadevida.com.ar\/portalurbano\/#\/schema\/logo\/image\/\",\"url\":\"https:\/\/experienciadevida.com.ar\/portalurbano\/wp-content\/uploads\/2019\/09\/Logo-Original.png\",\"contentUrl\":\"https:\/\/experienciadevida.com.ar\/portalurbano\/wp-content\/uploads\/2019\/09\/Logo-Original.png\",\"width\":2236,\"height\":1216,\"caption\":\"Portal Urbano\"},\"image\":{\"@id\":\"https:\/\/experienciadevida.com.ar\/portalurbano\/#\/schema\/logo\/image\/\"},\"sameAs\":[\"https:\/\/www.facebook.com\/Portal-Urbano-171542830093757\/\",\"https:\/\/twitter.com\/portalurbanook\",\"https:\/\/www.instagram.com\/_portalurbano\/\",\"https:\/\/www.youtube.com\/channel\/UCXhagIfszH8KxFiOok79zbA?view_as=subscriber\"]},{\"@type\":\"Person\",\"@id\":\"https:\/\/experienciadevida.com.ar\/portalurbano\/#\/schema\/person\/02dd326b1c4b056e9cc972486934a3a7\",\"name\":\"admpu17wp\",\"image\":{\"@type\":\"ImageObject\",\"inLanguage\":\"es\",\"@id\":\"https:\/\/experienciadevida.com.ar\/portalurbano\/#\/schema\/person\/image\/\",\"url\":\"https:\/\/secure.gravatar.com\/avatar\/830d4c57adaae6630765e449a6908047?s=96&d=mm&r=g\",\"contentUrl\":\"https:\/\/secure.gravatar.com\/avatar\/830d4c57adaae6630765e449a6908047?s=96&d=mm&r=g\",\"caption\":\"admpu17wp\"}}]}<\/script>\n<!-- \/ Yoast SEO plugin. -->","yoast_head_json":{"title":"La pobreza trepo al 44% y el 64% vivie en hogares pobres","description":"La pobreza trep\u00f3 al 44% y el 64% de los menores de 18 a\u00f1os vive en hogares pobres. Los datos corresponden al mes de abril-octubre.","robots":{"index":"index","follow":"follow","max-snippet":"max-snippet:-1","max-image-preview":"max-image-preview:large","max-video-preview":"max-video-preview:-1"},"canonical":"https:\/\/experienciadevida.com.ar\/portalurbano\/la-pobreza-trepo-al-44-y-el-64-de-los-menores-de-18-anos-vive-en-hogares-pobres\/","og_locale":"es_ES","og_type":"article","og_title":"La pobreza trepo al 44% y el 64% vivie en hogares pobres","og_description":"La pobreza trep\u00f3 al 44% y el 64% de los menores de 18 a\u00f1os vive en hogares pobres. Los datos corresponden al mes de abril-octubre.","og_url":"https:\/\/experienciadevida.com.ar\/portalurbano\/la-pobreza-trepo-al-44-y-el-64-de-los-menores-de-18-anos-vive-en-hogares-pobres\/","article_publisher":"https:\/\/www.facebook.com\/Portal-Urbano-171542830093757\/","article_published_time":"2020-12-04T00:35:21+00:00","article_modified_time":"2020-12-04T00:35:47+00:00","og_image":[{"width":680,"height":453,"url":"https:\/\/experienciadevida.com.ar\/portalurbano\/wp-content\/uploads\/2018\/03\/pobreza.jpg","type":"image\/jpeg"}],"author":"admpu17wp","twitter_card":"summary_large_image","twitter_creator":"@portalurbanook","twitter_site":"@portalurbanook","twitter_misc":{"Escrito por":"admpu17wp","Tiempo de lectura":"3 minutos"},"schema":{"@context":"https:\/\/schema.org","@graph":[{"@type":"Article","@id":"https:\/\/experienciadevida.com.ar\/portalurbano\/la-pobreza-trepo-al-44-y-el-64-de-los-menores-de-18-anos-vive-en-hogares-pobres\/#article","isPartOf":{"@id":"https:\/\/experienciadevida.com.ar\/portalurbano\/la-pobreza-trepo-al-44-y-el-64-de-los-menores-de-18-anos-vive-en-hogares-pobres\/"},"author":{"name":"admpu17wp","@id":"https:\/\/experienciadevida.com.ar\/portalurbano\/#\/schema\/person\/02dd326b1c4b056e9cc972486934a3a7"},"headline":"La pobreza trep\u00f3 al 44% y el 64% de los menores de 18 a\u00f1os vive en hogares pobres","datePublished":"2020-12-04T00:35:21+00:00","dateModified":"2020-12-04T00:35:47+00:00","mainEntityOfPage":{"@id":"https:\/\/experienciadevida.com.ar\/portalurbano\/la-pobreza-trepo-al-44-y-el-64-de-los-menores-de-18-anos-vive-en-hogares-pobres\/"},"wordCount":586,"publisher":{"@id":"https:\/\/experienciadevida.com.ar\/portalurbano\/#organization"},"articleSection":["Naci\u00f3n"],"inLanguage":"es"},{"@type":"WebPage","@id":"https:\/\/experienciadevida.com.ar\/portalurbano\/la-pobreza-trepo-al-44-y-el-64-de-los-menores-de-18-anos-vive-en-hogares-pobres\/","url":"https:\/\/experienciadevida.com.ar\/portalurbano\/la-pobreza-trepo-al-44-y-el-64-de-los-menores-de-18-anos-vive-en-hogares-pobres\/","name":"La pobreza trepo al 44% y el 64% vivie en hogares pobres","isPartOf":{"@id":"https:\/\/experienciadevida.com.ar\/portalurbano\/#website"},"datePublished":"2020-12-04T00:35:21+00:00","dateModified":"2020-12-04T00:35:47+00:00","description":"La pobreza trep\u00f3 al 44% y el 64% de los menores de 18 a\u00f1os vive en hogares pobres. Los datos corresponden al mes de abril-octubre.","breadcrumb":{"@id":"https:\/\/experienciadevida.com.ar\/portalurbano\/la-pobreza-trepo-al-44-y-el-64-de-los-menores-de-18-anos-vive-en-hogares-pobres\/#breadcrumb"},"inLanguage":"es","potentialAction":[{"@type":"ReadAction","target":["https:\/\/experienciadevida.com.ar\/portalurbano\/la-pobreza-trepo-al-44-y-el-64-de-los-menores-de-18-anos-vive-en-hogares-pobres\/"]}]},{"@type":"BreadcrumbList","@id":"https:\/\/experienciadevida.com.ar\/portalurbano\/la-pobreza-trepo-al-44-y-el-64-de-los-menores-de-18-anos-vive-en-hogares-pobres\/#breadcrumb","itemListElement":[{"@type":"ListItem","position":1,"name":"Portada","item":"https:\/\/experienciadevida.com.ar\/portalurbano\/"},{"@type":"ListItem","position":2,"name":"La pobreza trep\u00f3 al 44% y el 64% de los menores de 18 a\u00f1os vive en hogares pobres"}]},{"@type":"WebSite","@id":"https:\/\/experienciadevida.com.ar\/portalurbano\/#website","url":"https:\/\/experienciadevida.com.ar\/portalurbano\/","name":"","description":"","publisher":{"@id":"https:\/\/experienciadevida.com.ar\/portalurbano\/#organization"},"potentialAction":[{"@type":"SearchAction","target":{"@type":"EntryPoint","urlTemplate":"https:\/\/experienciadevida.com.ar\/portalurbano\/?s={search_term_string}"},"query-input":"required name=search_term_string"}],"inLanguage":"es"},{"@type":"Organization","@id":"https:\/\/experienciadevida.com.ar\/portalurbano\/#organization","name":"Portal Urbano","url":"https:\/\/experienciadevida.com.ar\/portalurbano\/","logo":{"@type":"ImageObject","inLanguage":"es","@id":"https:\/\/experienciadevida.com.ar\/portalurbano\/#\/schema\/logo\/image\/","url":"https:\/\/experienciadevida.com.ar\/portalurbano\/wp-content\/uploads\/2019\/09\/Logo-Original.png","contentUrl":"https:\/\/experienciadevida.com.ar\/portalurbano\/wp-content\/uploads\/2019\/09\/Logo-Original.png","width":2236,"height":1216,"caption":"Portal Urbano"},"image":{"@id":"https:\/\/experienciadevida.com.ar\/portalurbano\/#\/schema\/logo\/image\/"},"sameAs":["https:\/\/www.facebook.com\/Portal-Urbano-171542830093757\/","https:\/\/twitter.com\/portalurbanook","https:\/\/www.instagram.com\/_portalurbano\/","https:\/\/www.youtube.com\/channel\/UCXhagIfszH8KxFiOok79zbA?view_as=subscriber"]},{"@type":"Person","@id":"https:\/\/experienciadevida.com.ar\/portalurbano\/#\/schema\/person\/02dd326b1c4b056e9cc972486934a3a7","name":"admpu17wp","image":{"@type":"ImageObject","inLanguage":"es","@id":"https:\/\/experienciadevida.com.ar\/portalurbano\/#\/schema\/person\/image\/","url":"https:\/\/secure.gravatar.com\/avatar\/830d4c57adaae6630765e449a6908047?s=96&d=mm&r=g","contentUrl":"https:\/\/secure.gravatar.com\/avatar\/830d4c57adaae6630765e449a6908047?s=96&d=mm&r=g","caption":"admpu17wp"}}]}},"featured_image_urls":{"full":"","thumbnail":"","medium":"","medium_large":"","large":"","ug_big":"","1536x1536":"","2048x2048":"","newsever-slider-full":"","newsever-featured":"","newsever-medium":"","web-stories-poster-portrait":"","web-stories-publisher-logo":"","web-stories-thumbnail":""},"author_info":{"display_name":"admpu17wp","author_link":"https:\/\/experienciadevida.com.ar\/portalurbano\/author\/admpu17wp\/"},"category_info":"<a href=\"https:\/\/experienciadevida.com.ar\/portalurbano\/category\/nacion\/\" rel=\"category tag\">Naci\u00f3n<\/a>","tag_info":"Naci\u00f3n","comment_count":"0","amp_enabled":true,"_links":{"self":[{"href":"https:\/\/experienciadevida.com.ar\/portalurbano\/wp-json\/wp\/v2\/posts\/129047"}],"collection":[{"href":"https:\/\/experienciadevida.com.ar\/portalurbano\/wp-json\/wp\/v2\/posts"}],"about":[{"href":"https:\/\/experienciadevida.com.ar\/portalurbano\/wp-json\/wp\/v2\/types\/post"}],"author":[{"embeddable":true,"href":"https:\/\/experienciadevida.com.ar\/portalurbano\/wp-json\/wp\/v2\/users\/1"}],"replies":[{"embeddable":true,"href":"https:\/\/experienciadevida.com.ar\/portalurbano\/wp-json\/wp\/v2\/comments?post=129047"}],"version-history":[{"count":1,"href":"https:\/\/experienciadevida.com.ar\/portalurbano\/wp-json\/wp\/v2\/posts\/129047\/revisions"}],"predecessor-version":[{"id":129048,"href":"https:\/\/experienciadevida.com.ar\/portalurbano\/wp-json\/wp\/v2\/posts\/129047\/revisions\/129048"}],"wp:attachment":[{"href":"https:\/\/experienciadevida.com.ar\/portalurbano\/wp-json\/wp\/v2\/media?parent=129047"}],"wp:term":[{"taxonomy":"category","embeddable":true,"href":"https:\/\/experienciadevida.com.ar\/portalurbano\/wp-json\/wp\/v2\/categories?post=129047"},{"taxonomy":"post_tag","embeddable":true,"href":"https:\/\/experienciadevida.com.ar\/portalurbano\/wp-json\/wp\/v2\/tags?post=129047"}],"curies":[{"name":"wp","href":"https:\/\/api.w.org\/{rel}","templated":true}]}}