{"id":128945,"date":"2020-12-03T07:00:18","date_gmt":"2020-12-03T10:00:18","guid":{"rendered":"https:\/\/experienciadevida.com.ar\/portalurbano\/?p=128945"},"modified":"2020-12-03T10:02:38","modified_gmt":"2020-12-03T13:02:38","slug":"punto-por-punto-que-dice-el-decreto-de-las-nuevas-habilitaciones","status":"publish","type":"post","link":"https:\/\/experienciadevida.com.ar\/portalurbano\/punto-por-punto-que-dice-el-decreto-de-las-nuevas-habilitaciones\/","title":{"rendered":"Punto por punto: \u00bfQu\u00e9 dice el decreto de las nuevas habilitaciones?"},"content":{"rendered":"<p>El <a href=\"https:\/\/www.facebook.com\/galliezequiel\">Ejecutivo Municipal<\/a> emiti\u00f3 un nuevo decreto que ser\u00e1\u00a0 hasta el 20 de diciembre inclusive del distanciamiento preventivo en el marco de la pandemia de coronavirus, luego de la <a href=\"https:\/\/experienciadevida.com.ar\/portalurbano\/reuniones-sociales-y-otras-actividades-habilitadas-en-el-marco-del-dispo\/\">conferencia de prensa brindada por el Jefe Comunal donde anuncio nuevas habilitaciones.\u00a0<\/a><\/p>\n<p><strong>Actividades esenciales:<\/strong><\/p>\n<p>Supermercados, almacenes y despensas, carnicer\u00edas, pescader\u00edas, fiambrer\u00edas, granjas y poller\u00edas, kioskos verduler\u00edas y fruter\u00edas, panader\u00edas y confiter\u00edas, ferreter\u00edas, art\u00edculos de limpieza y lavander\u00edas. (8 a 21hs).<\/p>\n<p>Venta de insumos agropecuarios, mayoristas de venta de productos alimenticios, provisi\u00f3n de garrafas y le\u00f1a (8 a 21hs)<\/p>\n<p>Veterinarias, farmacias, venta de equipamientos m\u00e9dicos y medicamentos (8 a 21hs) sin l\u00edmite de horario en el caso de urgencias o aquellas que est\u00e9n de turno.<\/p>\n<p>M\u00e9dicos, odont\u00f3logos, centro de diagn\u00f3stico por im\u00e1genes, \u00f3pticas, kinesi\u00f3logos, nutricionistas, fonoaudi\u00f3logos y psic\u00f3logos (8a 20hs) con turnos previos y sin l\u00edmite de horario en caso de urgencias.<\/p>\n<p>Laboratorios de an\u00e1lisis cl\u00ednicos (7.30 a 20hs) con turnos previos y sin l\u00edmite de horario en el caso de urgencias.<\/p>\n<p>Comidas elaboradas para llevar, podr\u00e1n funcionar con delivery y con el modo &#8220;para llevar&#8221; permitiendo que sus clientes se apersonen a sus establecimientos a retirar los pedidos hasta las 00hs. Para el retiro de los pedidos los clientes deber\u00e1n respetar el distanciamiento social que nunca podr\u00e1 ser inferior a los dos metros.<\/p>\n<p>Cervecer\u00edas y vinotecas hasta las 21hs y 23 con delivery.<\/p>\n<p>Estaciones de servicio, servicios postales y distribuci\u00f3n de paqueter\u00eda funcionar\u00e1n sin restricci\u00f3n alguna.<\/p>\n<p>Registros de la propiedad del automotor\u00a0 y de las personas (8 a 18hs).<\/p>\n<p>Talleres para mantenimiento y reparaci\u00f3n de automotores y motocicletas al igual que fabricaci\u00f3n, venta y reparaci\u00f3n de neum\u00e1ticos ambos rubros (8 a 20hs).<\/p>\n<p>Venta de repuestos, partes y piezas para automotores, motocicletas, bicicletas (8 a 20hs).<\/p>\n<p>Venta de art\u00edculos de librer\u00eda e insumos inform\u00e1ticos (8 a 20hs).<\/p>\n<p>Las oficinas de obras sociales, mutuales o medicinas prepagas (8\u00a0 a 20hs)<\/p>\n<p>Comercios de venta por mayor y menor ( 8 a 20hs).<\/p>\n<p>Actividad aseguradora desarrollada por compa\u00f1\u00edas aseguradoras, reaseguradoras e intermediarios (8 a 20hs).<\/p>\n<p>Oficios y profesionales (8a 20hs).<\/p>\n<p>Personal de servicio dom\u00e9stico (8 a 20)<\/p>\n<p>Establecimiento que desarrollen cobranzas de servicio e impuesto (8 a 20hs).<\/p>\n<p>Agencias de venta de automotores y veh\u00edculos (8 a 20hs).<\/p>\n<p>Lavadero de automotores y veh\u00edculos (8 a 20hs)<\/p>\n<p>Peluquer\u00edas y centros de est\u00e9tica (8 a 20hs) con turnos previamente asignados.<\/p>\n<p>Estacionamiento medido (8 a 18hs)<\/p>\n<p>Mudanzas y fletes (8 a 20hs)<\/p>\n<p>Agencia de loter\u00edas (8 a 20hs).<\/p>\n<p>Organizaciones de eventos hasta la 1 de la ma\u00f1ana, los que deber\u00e1n realizarse al aire libre en espacios habilitados a tal efecto, con un aforo del 50% de la capacidad del lugar, sin poder superar en ning\u00fan caso m\u00e1ximo de 100 personas, y deber\u00e1n cumplir estrictamente con el protocolo elaborado por el Ministerio de turismo y deporte de la naci\u00f3n para turismo de reuniones.<\/p>\n<p>Todas ellas deber\u00e1n funcionar conforme los protocolos de bioseguridad.<\/p>\n<p><strong>Actividades deportivas, individuales y sin contacto f\u00edsico:<\/strong><\/p>\n<p>Canchas de padel (8 a 24hs) debiendo prever un horario exclusivo para mayores de 60 a\u00f1os.<\/p>\n<p>Running.<\/p>\n<p>Ciclismo (6\u00a0 a 20hs)<\/p>\n<p>Pesca en las lagunas Blanca Grande- Chica- Laguito y La Mostaza (7\u00a0 a 20hs).<\/p>\n<p>Pesca en el arroyo (7 a 20hs).<\/p>\n<p>Tenis (8 a 22hs)<\/p>\n<p>Golf (8 a 20hs)<\/p>\n<p>Tiro individual en espacios abiertos, (8 a 21hs)<\/p>\n<p>Hipismo (8\u00a0 a 19hs)<\/p>\n<p>Canotaje (8 a 19hs)<\/p>\n<p>Pat\u00edn carrera y pat\u00edn art\u00edstico en espacios abiertos, cuando esta actividad sea practicada en los parques p\u00fablicos de la ciudad (18hs a 10).<\/p>\n<p>Arquer\u00eda en espacios abiertos (hasta las 21hs)<\/p>\n<p>Kite surfing (10 a 18hs)<\/p>\n<p>Aeromodelismo (8 a 19hs)<\/p>\n<p>Preparaci\u00f3n f\u00edsica individual, con entrenador personal en espacios abiertos, (8 a 24hs).<\/p>\n<p>Parapente (8 a 19hs)<\/p>\n<p>Gimnasios (6 a 24hs)<\/p>\n<p>Crossfit (6 a 24hs)<\/p>\n<p>Clases de pilates, yoga (6 a 24hs).<\/p>\n<p>Piletas climatizadas y natatorios (6 a 24hs)<\/p>\n<p>Bochas (8 a 24hs)<\/p>\n<p>Pelota paleta (8 a\u00a0 24hs).<\/p>\n<p>Bowling (8 a 24hs)<\/p>\n<p>Tenis de mesa y badmington (8 a 24hs)<\/p>\n<p>Boxeo y artes marciales sin contacto f\u00edsico sujeto a protocolo de gimnasios, (8 a 24hs).<\/p>\n<p>Reacondicionamiento f\u00edsico\u00a0 de los deportistas pertenecientes a confederaciones, asociaciones, fundaciones y federaciones siempre que no implique una concurrencia a 10 personas y sin contacto f\u00edsico, hasta las 20hs.<\/p>\n<p>Colombofilia<\/p>\n<p>Paintball (8 a 20hs)<\/p>\n<p>Natatorios abiertos tanto en clubes como en espacios privados habilitados a tal efecto, funcionar\u00e1n de 8 a 20hs.<\/p>\n<p>Deportes de conjunto de hasta 10 personas en espacios cerrados de amplia ventilaci\u00f3n natural de 8 a 24hs.<\/p>\n<p>Colonias de vacaciones, siempre deben realizar su actividad en grupo de no m\u00e1s de 10 ni\u00f1os por profesor.<\/p>\n<p><strong>Actividades culturales:<\/strong><\/p>\n<p>Producci\u00f3n o grabaci\u00f3n de contenido para transmisi\u00f3n o reproducci\u00f3n a trav\u00e9s de los medios digitales o plataformas web streaming.<\/p>\n<p>Ensayos de obras musicales y teatrales.<\/p>\n<p>Asistencia a estudios, espacios culturales, ateliers de parte de sus artistas.<\/p>\n<p>Ferias de artesanos\u00a0 y emprendedores al aire libre, las que se realizar\u00e1n en lugar y fecha que asignar\u00e1 esta administraci\u00f3n a solicitud de los interesados. En ning\u00fan caso podr\u00e1n realizarse en la zona c\u00e9ntrica de la ciudad para evitar la conglomeraci\u00f3n de personas.<\/p>\n<p><strong>Cementerios Municipales:<\/strong><\/p>\n<p>Lunes a viernes 8 a 13hs y los d\u00edas s\u00e1bado de 8 a 16hs.<\/p>\n<p><strong>Espacio de culto:<\/strong><\/p>\n<p>Podr\u00e1n funcionar de 8 a 20hs pudiendo ingresar para orar y para tener un breve encuentro con el referente religioso. En ning\u00fan caso podr\u00e1 haber m\u00e1s de 10 personas.<\/p>\n<p>Celebraciones religiosas al aire libre\u00a0 y hasta el 50% de la capacidad del lugar.<\/p>\n<p><strong>Alojamientos: <\/strong>Hoteles, caba\u00f1as, alojamientos en general<\/p>\n<p>Por \u00faltimo los velorios e inhumaciones podr\u00e1n hacerse en un lapso de dos horas y con no m\u00e1s de 10 personas al mismo tiempo en el interior de la sala velatoria.<\/p>\n","protected":false},"excerpt":{"rendered":"<p>El Ejecutivo Municipal emiti\u00f3 un nuevo decreto que ser\u00e1\u00a0 hasta el 20 de diciembre inclusive&#8230;<\/p>\n","protected":false},"author":1,"featured_media":117492,"comment_status":"closed","ping_status":"closed","sticky":false,"template":"","format":"standard","meta":{"content-type":""},"categories":[27,51],"tags":[],"nelio_content":{"isAutoShareEnabled":false,"autoShareEndMode":"default","automationSources":{"useContentSentences":true,"useSocialTemplates":true,"useCustomSentences":false,"customSentences":[]},"followers":[1],"suggestedReferences":[],"includedReferences":[],"efiUrl":"","efiAlt":"","highlights":[]},"yoast_head":"<!-- This site is optimized with the Yoast SEO plugin v20.7 - https:\/\/yoast.com\/wordpress\/plugins\/seo\/ -->\n<title>Punto por punto \u00bfQu\u00e9 dice el decreto de las nuevas habilitaciones?<\/title>\n<meta name=\"description\" content=\"El Intendente Municipal emiti\u00f3 un decreto sobre las nuevas actividades habilitadas en el marco del distanciamiento preventivo social.\" \/>\n<meta name=\"robots\" content=\"index, follow, max-snippet:-1, max-image-preview:large, max-video-preview:-1\" \/>\n<link rel=\"canonical\" href=\"https:\/\/experienciadevida.com.ar\/portalurbano\/punto-por-punto-que-dice-el-decreto-de-las-nuevas-habilitaciones\/\" \/>\n<meta property=\"og:locale\" content=\"es_ES\" \/>\n<meta property=\"og:type\" content=\"article\" \/>\n<meta property=\"og:title\" content=\"Punto por punto \u00bfQu\u00e9 dice el decreto de las nuevas habilitaciones?\" \/>\n<meta property=\"og:description\" content=\"El Intendente Municipal emiti\u00f3 un decreto sobre las nuevas actividades habilitadas en el marco del distanciamiento preventivo social.\" \/>\n<meta property=\"og:url\" content=\"https:\/\/experienciadevida.com.ar\/portalurbano\/punto-por-punto-que-dice-el-decreto-de-las-nuevas-habilitaciones\/\" \/>\n<meta property=\"article:publisher\" content=\"https:\/\/www.facebook.com\/Portal-Urbano-171542830093757\/\" \/>\n<meta property=\"article:published_time\" content=\"2020-12-03T10:00:18+00:00\" \/>\n<meta property=\"article:modified_time\" content=\"2020-12-03T13:02:38+00:00\" \/>\n<meta property=\"og:image\" content=\"https:\/\/experienciadevida.com.ar\/portalurbano\/wp-content\/uploads\/2020\/08\/centro1.jpg\" \/>\n\t<meta property=\"og:image:width\" content=\"750\" \/>\n\t<meta property=\"og:image:height\" content=\"500\" \/>\n\t<meta property=\"og:image:type\" content=\"image\/jpeg\" \/>\n<meta name=\"author\" content=\"admpu17wp\" \/>\n<meta name=\"twitter:card\" content=\"summary_large_image\" \/>\n<meta name=\"twitter:creator\" content=\"@portalurbanook\" \/>\n<meta name=\"twitter:site\" content=\"@portalurbanook\" \/>\n<meta name=\"twitter:label1\" content=\"Escrito por\" \/>\n\t<meta name=\"twitter:data1\" content=\"admpu17wp\" \/>\n\t<meta name=\"twitter:label2\" content=\"Tiempo de lectura\" \/>\n\t<meta name=\"twitter:data2\" content=\"5 minutos\" \/>\n<script type=\"application\/ld+json\" class=\"yoast-schema-graph\">{\"@context\":\"https:\/\/schema.org\",\"@graph\":[{\"@type\":\"Article\",\"@id\":\"https:\/\/experienciadevida.com.ar\/portalurbano\/punto-por-punto-que-dice-el-decreto-de-las-nuevas-habilitaciones\/#article\",\"isPartOf\":{\"@id\":\"https:\/\/experienciadevida.com.ar\/portalurbano\/punto-por-punto-que-dice-el-decreto-de-las-nuevas-habilitaciones\/\"},\"author\":{\"name\":\"admpu17wp\",\"@id\":\"https:\/\/experienciadevida.com.ar\/portalurbano\/#\/schema\/person\/02dd326b1c4b056e9cc972486934a3a7\"},\"headline\":\"Punto por punto: \u00bfQu\u00e9 dice el decreto de las nuevas habilitaciones?\",\"datePublished\":\"2020-12-03T10:00:18+00:00\",\"dateModified\":\"2020-12-03T13:02:38+00:00\",\"mainEntityOfPage\":{\"@id\":\"https:\/\/experienciadevida.com.ar\/portalurbano\/punto-por-punto-que-dice-el-decreto-de-las-nuevas-habilitaciones\/\"},\"wordCount\":965,\"publisher\":{\"@id\":\"https:\/\/experienciadevida.com.ar\/portalurbano\/#organization\"},\"articleSection\":[\"Ciudad\",\"Destacadas\"],\"inLanguage\":\"es\"},{\"@type\":\"WebPage\",\"@id\":\"https:\/\/experienciadevida.com.ar\/portalurbano\/punto-por-punto-que-dice-el-decreto-de-las-nuevas-habilitaciones\/\",\"url\":\"https:\/\/experienciadevida.com.ar\/portalurbano\/punto-por-punto-que-dice-el-decreto-de-las-nuevas-habilitaciones\/\",\"name\":\"Punto por punto \u00bfQu\u00e9 dice el decreto de las nuevas habilitaciones?\",\"isPartOf\":{\"@id\":\"https:\/\/experienciadevida.com.ar\/portalurbano\/#website\"},\"datePublished\":\"2020-12-03T10:00:18+00:00\",\"dateModified\":\"2020-12-03T13:02:38+00:00\",\"description\":\"El Intendente Municipal emiti\u00f3 un decreto sobre las nuevas actividades habilitadas en el marco del distanciamiento preventivo social.\",\"breadcrumb\":{\"@id\":\"https:\/\/experienciadevida.com.ar\/portalurbano\/punto-por-punto-que-dice-el-decreto-de-las-nuevas-habilitaciones\/#breadcrumb\"},\"inLanguage\":\"es\",\"potentialAction\":[{\"@type\":\"ReadAction\",\"target\":[\"https:\/\/experienciadevida.com.ar\/portalurbano\/punto-por-punto-que-dice-el-decreto-de-las-nuevas-habilitaciones\/\"]}]},{\"@type\":\"BreadcrumbList\",\"@id\":\"https:\/\/experienciadevida.com.ar\/portalurbano\/punto-por-punto-que-dice-el-decreto-de-las-nuevas-habilitaciones\/#breadcrumb\",\"itemListElement\":[{\"@type\":\"ListItem\",\"position\":1,\"name\":\"Portada\",\"item\":\"https:\/\/experienciadevida.com.ar\/portalurbano\/\"},{\"@type\":\"ListItem\",\"position\":2,\"name\":\"Punto por punto: \u00bfQu\u00e9 dice el decreto de las nuevas habilitaciones?\"}]},{\"@type\":\"WebSite\",\"@id\":\"https:\/\/experienciadevida.com.ar\/portalurbano\/#website\",\"url\":\"https:\/\/experienciadevida.com.ar\/portalurbano\/\",\"name\":\"\",\"description\":\"\",\"publisher\":{\"@id\":\"https:\/\/experienciadevida.com.ar\/portalurbano\/#organization\"},\"potentialAction\":[{\"@type\":\"SearchAction\",\"target\":{\"@type\":\"EntryPoint\",\"urlTemplate\":\"https:\/\/experienciadevida.com.ar\/portalurbano\/?s={search_term_string}\"},\"query-input\":\"required name=search_term_string\"}],\"inLanguage\":\"es\"},{\"@type\":\"Organization\",\"@id\":\"https:\/\/experienciadevida.com.ar\/portalurbano\/#organization\",\"name\":\"Portal Urbano\",\"url\":\"https:\/\/experienciadevida.com.ar\/portalurbano\/\",\"logo\":{\"@type\":\"ImageObject\",\"inLanguage\":\"es\",\"@id\":\"https:\/\/experienciadevida.com.ar\/portalurbano\/#\/schema\/logo\/image\/\",\"url\":\"https:\/\/experienciadevida.com.ar\/portalurbano\/wp-content\/uploads\/2019\/09\/Logo-Original.png\",\"contentUrl\":\"https:\/\/experienciadevida.com.ar\/portalurbano\/wp-content\/uploads\/2019\/09\/Logo-Original.png\",\"width\":2236,\"height\":1216,\"caption\":\"Portal Urbano\"},\"image\":{\"@id\":\"https:\/\/experienciadevida.com.ar\/portalurbano\/#\/schema\/logo\/image\/\"},\"sameAs\":[\"https:\/\/www.facebook.com\/Portal-Urbano-171542830093757\/\",\"https:\/\/twitter.com\/portalurbanook\",\"https:\/\/www.instagram.com\/_portalurbano\/\",\"https:\/\/www.youtube.com\/channel\/UCXhagIfszH8KxFiOok79zbA?view_as=subscriber\"]},{\"@type\":\"Person\",\"@id\":\"https:\/\/experienciadevida.com.ar\/portalurbano\/#\/schema\/person\/02dd326b1c4b056e9cc972486934a3a7\",\"name\":\"admpu17wp\",\"image\":{\"@type\":\"ImageObject\",\"inLanguage\":\"es\",\"@id\":\"https:\/\/experienciadevida.com.ar\/portalurbano\/#\/schema\/person\/image\/\",\"url\":\"https:\/\/secure.gravatar.com\/avatar\/830d4c57adaae6630765e449a6908047?s=96&d=mm&r=g\",\"contentUrl\":\"https:\/\/secure.gravatar.com\/avatar\/830d4c57adaae6630765e449a6908047?s=96&d=mm&r=g\",\"caption\":\"admpu17wp\"}}]}<\/script>\n<!-- \/ Yoast SEO plugin. -->","yoast_head_json":{"title":"Punto por punto \u00bfQu\u00e9 dice el decreto de las nuevas habilitaciones?","description":"El Intendente Municipal emiti\u00f3 un decreto sobre las nuevas actividades habilitadas en el marco del distanciamiento preventivo social.","robots":{"index":"index","follow":"follow","max-snippet":"max-snippet:-1","max-image-preview":"max-image-preview:large","max-video-preview":"max-video-preview:-1"},"canonical":"https:\/\/experienciadevida.com.ar\/portalurbano\/punto-por-punto-que-dice-el-decreto-de-las-nuevas-habilitaciones\/","og_locale":"es_ES","og_type":"article","og_title":"Punto por punto \u00bfQu\u00e9 dice el decreto de las nuevas habilitaciones?","og_description":"El Intendente Municipal emiti\u00f3 un decreto sobre las nuevas actividades habilitadas en el marco del distanciamiento preventivo social.","og_url":"https:\/\/experienciadevida.com.ar\/portalurbano\/punto-por-punto-que-dice-el-decreto-de-las-nuevas-habilitaciones\/","article_publisher":"https:\/\/www.facebook.com\/Portal-Urbano-171542830093757\/","article_published_time":"2020-12-03T10:00:18+00:00","article_modified_time":"2020-12-03T13:02:38+00:00","og_image":[{"width":750,"height":500,"url":"https:\/\/experienciadevida.com.ar\/portalurbano\/wp-content\/uploads\/2020\/08\/centro1.jpg","type":"image\/jpeg"}],"author":"admpu17wp","twitter_card":"summary_large_image","twitter_creator":"@portalurbanook","twitter_site":"@portalurbanook","twitter_misc":{"Escrito por":"admpu17wp","Tiempo de lectura":"5 minutos"},"schema":{"@context":"https:\/\/schema.org","@graph":[{"@type":"Article","@id":"https:\/\/experienciadevida.com.ar\/portalurbano\/punto-por-punto-que-dice-el-decreto-de-las-nuevas-habilitaciones\/#article","isPartOf":{"@id":"https:\/\/experienciadevida.com.ar\/portalurbano\/punto-por-punto-que-dice-el-decreto-de-las-nuevas-habilitaciones\/"},"author":{"name":"admpu17wp","@id":"https:\/\/experienciadevida.com.ar\/portalurbano\/#\/schema\/person\/02dd326b1c4b056e9cc972486934a3a7"},"headline":"Punto por punto: \u00bfQu\u00e9 dice el decreto de las nuevas habilitaciones?","datePublished":"2020-12-03T10:00:18+00:00","dateModified":"2020-12-03T13:02:38+00:00","mainEntityOfPage":{"@id":"https:\/\/experienciadevida.com.ar\/portalurbano\/punto-por-punto-que-dice-el-decreto-de-las-nuevas-habilitaciones\/"},"wordCount":965,"publisher":{"@id":"https:\/\/experienciadevida.com.ar\/portalurbano\/#organization"},"articleSection":["Ciudad","Destacadas"],"inLanguage":"es"},{"@type":"WebPage","@id":"https:\/\/experienciadevida.com.ar\/portalurbano\/punto-por-punto-que-dice-el-decreto-de-las-nuevas-habilitaciones\/","url":"https:\/\/experienciadevida.com.ar\/portalurbano\/punto-por-punto-que-dice-el-decreto-de-las-nuevas-habilitaciones\/","name":"Punto por punto \u00bfQu\u00e9 dice el decreto de las nuevas habilitaciones?","isPartOf":{"@id":"https:\/\/experienciadevida.com.ar\/portalurbano\/#website"},"datePublished":"2020-12-03T10:00:18+00:00","dateModified":"2020-12-03T13:02:38+00:00","description":"El Intendente Municipal emiti\u00f3 un decreto sobre las nuevas actividades habilitadas en el marco del distanciamiento preventivo social.","breadcrumb":{"@id":"https:\/\/experienciadevida.com.ar\/portalurbano\/punto-por-punto-que-dice-el-decreto-de-las-nuevas-habilitaciones\/#breadcrumb"},"inLanguage":"es","potentialAction":[{"@type":"ReadAction","target":["https:\/\/experienciadevida.com.ar\/portalurbano\/punto-por-punto-que-dice-el-decreto-de-las-nuevas-habilitaciones\/"]}]},{"@type":"BreadcrumbList","@id":"https:\/\/experienciadevida.com.ar\/portalurbano\/punto-por-punto-que-dice-el-decreto-de-las-nuevas-habilitaciones\/#breadcrumb","itemListElement":[{"@type":"ListItem","position":1,"name":"Portada","item":"https:\/\/experienciadevida.com.ar\/portalurbano\/"},{"@type":"ListItem","position":2,"name":"Punto por punto: \u00bfQu\u00e9 dice el decreto de las nuevas habilitaciones?"}]},{"@type":"WebSite","@id":"https:\/\/experienciadevida.com.ar\/portalurbano\/#website","url":"https:\/\/experienciadevida.com.ar\/portalurbano\/","name":"","description":"","publisher":{"@id":"https:\/\/experienciadevida.com.ar\/portalurbano\/#organization"},"potentialAction":[{"@type":"SearchAction","target":{"@type":"EntryPoint","urlTemplate":"https:\/\/experienciadevida.com.ar\/portalurbano\/?s={search_term_string}"},"query-input":"required name=search_term_string"}],"inLanguage":"es"},{"@type":"Organization","@id":"https:\/\/experienciadevida.com.ar\/portalurbano\/#organization","name":"Portal Urbano","url":"https:\/\/experienciadevida.com.ar\/portalurbano\/","logo":{"@type":"ImageObject","inLanguage":"es","@id":"https:\/\/experienciadevida.com.ar\/portalurbano\/#\/schema\/logo\/image\/","url":"https:\/\/experienciadevida.com.ar\/portalurbano\/wp-content\/uploads\/2019\/09\/Logo-Original.png","contentUrl":"https:\/\/experienciadevida.com.ar\/portalurbano\/wp-content\/uploads\/2019\/09\/Logo-Original.png","width":2236,"height":1216,"caption":"Portal Urbano"},"image":{"@id":"https:\/\/experienciadevida.com.ar\/portalurbano\/#\/schema\/logo\/image\/"},"sameAs":["https:\/\/www.facebook.com\/Portal-Urbano-171542830093757\/","https:\/\/twitter.com\/portalurbanook","https:\/\/www.instagram.com\/_portalurbano\/","https:\/\/www.youtube.com\/channel\/UCXhagIfszH8KxFiOok79zbA?view_as=subscriber"]},{"@type":"Person","@id":"https:\/\/experienciadevida.com.ar\/portalurbano\/#\/schema\/person\/02dd326b1c4b056e9cc972486934a3a7","name":"admpu17wp","image":{"@type":"ImageObject","inLanguage":"es","@id":"https:\/\/experienciadevida.com.ar\/portalurbano\/#\/schema\/person\/image\/","url":"https:\/\/secure.gravatar.com\/avatar\/830d4c57adaae6630765e449a6908047?s=96&d=mm&r=g","contentUrl":"https:\/\/secure.gravatar.com\/avatar\/830d4c57adaae6630765e449a6908047?s=96&d=mm&r=g","caption":"admpu17wp"}}]}},"featured_image_urls":{"full":["https:\/\/experienciadevida.com.ar\/portalurbano\/wp-content\/uploads\/2020\/08\/centro1.jpg",750,500,false],"thumbnail":["https:\/\/experienciadevida.com.ar\/portalurbano\/wp-content\/uploads\/2020\/08\/centro1-150x150.jpg",150,150,true],"medium":["https:\/\/experienciadevida.com.ar\/portalurbano\/wp-content\/uploads\/2020\/08\/centro1-300x200.jpg",300,200,true],"medium_large":["https:\/\/experienciadevida.com.ar\/portalurbano\/wp-content\/uploads\/2020\/08\/centro1.jpg",640,427,false],"large":["https:\/\/experienciadevida.com.ar\/portalurbano\/wp-content\/uploads\/2020\/08\/centro1.jpg",640,427,false],"ug_big":["https:\/\/experienciadevida.com.ar\/portalurbano\/wp-content\/uploads\/2020\/08\/centro1.jpg",750,500,false],"1536x1536":["https:\/\/experienciadevida.com.ar\/portalurbano\/wp-content\/uploads\/2020\/08\/centro1.jpg",750,500,false],"2048x2048":["https:\/\/experienciadevida.com.ar\/portalurbano\/wp-content\/uploads\/2020\/08\/centro1.jpg",750,500,false],"newsever-slider-full":["https:\/\/experienciadevida.com.ar\/portalurbano\/wp-content\/uploads\/2020\/08\/centro1.jpg",750,500,false],"newsever-featured":["https:\/\/experienciadevida.com.ar\/portalurbano\/wp-content\/uploads\/2020\/08\/centro1.jpg",750,500,false],"newsever-medium":["https:\/\/experienciadevida.com.ar\/portalurbano\/wp-content\/uploads\/2020\/08\/centro1.jpg",713,475,false],"web-stories-poster-portrait":["https:\/\/experienciadevida.com.ar\/portalurbano\/wp-content\/uploads\/2020\/08\/centro1.jpg",640,427,false],"web-stories-publisher-logo":["https:\/\/experienciadevida.com.ar\/portalurbano\/wp-content\/uploads\/2020\/08\/centro1.jpg",96,64,false],"web-stories-thumbnail":["https:\/\/experienciadevida.com.ar\/portalurbano\/wp-content\/uploads\/2020\/08\/centro1.jpg",150,100,false]},"author_info":{"display_name":"admpu17wp","author_link":"https:\/\/experienciadevida.com.ar\/portalurbano\/author\/admpu17wp\/"},"category_info":"<a href=\"https:\/\/experienciadevida.com.ar\/portalurbano\/category\/ciudad\/\" rel=\"category tag\">Ciudad<\/a> <a href=\"https:\/\/experienciadevida.com.ar\/portalurbano\/category\/destacadas\/\" rel=\"category tag\">Destacadas<\/a>","tag_info":"Destacadas","comment_count":"0","amp_enabled":true,"_links":{"self":[{"href":"https:\/\/experienciadevida.com.ar\/portalurbano\/wp-json\/wp\/v2\/posts\/128945"}],"collection":[{"href":"https:\/\/experienciadevida.com.ar\/portalurbano\/wp-json\/wp\/v2\/posts"}],"about":[{"href":"https:\/\/experienciadevida.com.ar\/portalurbano\/wp-json\/wp\/v2\/types\/post"}],"author":[{"embeddable":true,"href":"https:\/\/experienciadevida.com.ar\/portalurbano\/wp-json\/wp\/v2\/users\/1"}],"replies":[{"embeddable":true,"href":"https:\/\/experienciadevida.com.ar\/portalurbano\/wp-json\/wp\/v2\/comments?post=128945"}],"version-history":[{"count":3,"href":"https:\/\/experienciadevida.com.ar\/portalurbano\/wp-json\/wp\/v2\/posts\/128945\/revisions"}],"predecessor-version":[{"id":128948,"href":"https:\/\/experienciadevida.com.ar\/portalurbano\/wp-json\/wp\/v2\/posts\/128945\/revisions\/128948"}],"wp:featuredmedia":[{"embeddable":true,"href":"https:\/\/experienciadevida.com.ar\/portalurbano\/wp-json\/wp\/v2\/media\/117492"}],"wp:attachment":[{"href":"https:\/\/experienciadevida.com.ar\/portalurbano\/wp-json\/wp\/v2\/media?parent=128945"}],"wp:term":[{"taxonomy":"category","embeddable":true,"href":"https:\/\/experienciadevida.com.ar\/portalurbano\/wp-json\/wp\/v2\/categories?post=128945"},{"taxonomy":"post_tag","embeddable":true,"href":"https:\/\/experienciadevida.com.ar\/portalurbano\/wp-json\/wp\/v2\/tags?post=128945"}],"curies":[{"name":"wp","href":"https:\/\/api.w.org\/{rel}","templated":true}]}}