{"id":128803,"date":"2020-12-01T11:11:35","date_gmt":"2020-12-01T14:11:35","guid":{"rendered":"https:\/\/experienciadevida.com.ar\/portalurbano\/?p=128803"},"modified":"2020-12-01T11:13:31","modified_gmt":"2020-12-01T14:13:31","slug":"como-es-el-protocolo-de-visitas-a-geriatricos","status":"publish","type":"post","link":"https:\/\/experienciadevida.com.ar\/portalurbano\/como-es-el-protocolo-de-visitas-a-geriatricos\/","title":{"rendered":"\u00bfC\u00f3mo es el protocolo de visitas a geri\u00e1tricos?"},"content":{"rendered":"<p>Tal como fuera anunciado en la noche del lunes por el intendente Ezequiel Galli -en conferencia de prensa- a partir del 1\u00b0 de diciembre comienza a implementarse el protocolo para visitas a geri\u00e1tricos.<\/p>\n<p>El principal objetivo es restablecer los v\u00ednculos entre las personas que residen en geri\u00e1tricos y sus familiares y\/o redes afectivas. El protocolo no supone que est\u00e1n habilitadas las visitas libremente, sino que cada instituci\u00f3n tiene que seguir el mismo rigurosamente.<\/p>\n<p>\u201cVenimos trabajando de manera sostenida desde el comienzo de este proceso con las 52 residencias de adultos mayores y sus referentes, hemos recorrido juntos un complejo camino y conocemos los pasos a seguir para adecuar las visitas en pandemia\u201d, indic\u00f3 la Lic. Romina Sponer, titular del \u00e1rea de Adultos Mayores.<\/p>\n<p>En primer lugar, para poder comenzar a aplicar un r\u00e9gimen de visitas, las instituciones deben acreditar 14 d\u00edas sin ning\u00fan caso confirmado de COVID-19.<\/p>\n<p>El segundo requerimiento es que se debe garantizar que las visitas sean en espacios adaptados, abiertos de ser posible o cerrados con buena ventilaci\u00f3n, de acuerdo a las posibilidades edilicias de cada residencia.<\/p>\n<p>Como figura en el resto de los protocolos por coronavirus vigentes en nuestra ciudad, en todo momento deben cumplirse las medidas de bioseguridad -uso de tapabocas y alcohol en gel- distanciamiento y el correcto uso de los elementos de protecci\u00f3n personal indicados para cada caso.<\/p>\n<p>Tal como detallaron desde el \u00e1rea de Adultos Mayores del Municipio, en todos los casos, las visitas ser\u00e1n programadas con anticipaci\u00f3n, tendr\u00e1n una duraci\u00f3n m\u00e1xima de 30 minutos y no podr\u00e1n ser de m\u00e1s de 4 (cuatro) personas convivientes entre s\u00ed por residente visitado y por turno. Deber\u00e1n estar espaciadas por un lapso de media hora para realizar la desinfecci\u00f3n del espacio.<\/p>\n<p>Previo al ingreso de los familiares, se les tomar\u00e1 la fiebre y se le brindar\u00e1n elementos de higiene de manos y de protecci\u00f3n personal.<\/p>\n<p>Si se detecta un nuevo caso sospechoso o confirmado de COVID-19, las autoridades del geri\u00e1trico deber\u00e1n informarlo de manera inmediata, poner en marcha los protocolos sanitarios y suspender todas las visitas hasta que se regularice la situaci\u00f3n y sea seguro retomarlas.<\/p>\n<p>Por \u00faltimo, cabe destacar que el protocolo cuenta con el acompa\u00f1amiento de representantes de\u00a0 Salud y del \u00e1rea de Adultos Mayores, que podr\u00e1n\u00a0 acercarse a la residencias en los casos que lo considere oportuno para realizar tareas de orientaci\u00f3n y de ser necesario elaborar un acta para que puedan adecuar el espacio y retomar los encuentros.<\/p>\n<p>Asimismo, se destaca la importancia de sostener las comunicaciones v\u00eda telef\u00f3nica y las videollamadas como alternativas complementarias a las visitas presenciales.<\/p>\n","protected":false},"excerpt":{"rendered":"<p>Tal como fuera anunciado en la noche del lunes por el intendente Ezequiel Galli -en&#8230;<\/p>\n","protected":false},"author":1,"featured_media":128804,"comment_status":"closed","ping_status":"closed","sticky":false,"template":"","format":"standard","meta":{"content-type":""},"categories":[27,51],"tags":[],"nelio_content":{"isAutoShareEnabled":false,"autoShareEndMode":"default","automationSources":{"useContentSentences":true,"useSocialTemplates":true,"useCustomSentences":false,"customSentences":[]},"followers":[1],"suggestedReferences":[],"includedReferences":[],"efiUrl":"","efiAlt":"","highlights":[]},"yoast_head":"<!-- This site is optimized with the Yoast SEO plugin v20.7 - https:\/\/yoast.com\/wordpress\/plugins\/seo\/ -->\n<title>\u00bfC\u00f3mo es el protocolo de visitas a geri\u00e1tricos de nuestra ciudad?<\/title>\n<meta name=\"description\" content=\"A partir de este martes comienza a implementarse el protocolo de visitas a geri\u00e1tricos de nuestra ciudad que deber\u00e1n pautarse previamente.\" \/>\n<meta name=\"robots\" content=\"index, follow, max-snippet:-1, max-image-preview:large, max-video-preview:-1\" \/>\n<link rel=\"canonical\" href=\"https:\/\/experienciadevida.com.ar\/portalurbano\/como-es-el-protocolo-de-visitas-a-geriatricos\/\" \/>\n<meta property=\"og:locale\" content=\"es_ES\" \/>\n<meta property=\"og:type\" content=\"article\" \/>\n<meta property=\"og:title\" content=\"\u00bfC\u00f3mo es el protocolo de visitas a geri\u00e1tricos de nuestra ciudad?\" \/>\n<meta property=\"og:description\" content=\"A partir de este martes comienza a implementarse el protocolo de visitas a geri\u00e1tricos de nuestra ciudad que deber\u00e1n pautarse previamente.\" \/>\n<meta property=\"og:url\" content=\"https:\/\/experienciadevida.com.ar\/portalurbano\/como-es-el-protocolo-de-visitas-a-geriatricos\/\" \/>\n<meta property=\"article:publisher\" content=\"https:\/\/www.facebook.com\/Portal-Urbano-171542830093757\/\" \/>\n<meta property=\"article:published_time\" content=\"2020-12-01T14:11:35+00:00\" \/>\n<meta property=\"article:modified_time\" content=\"2020-12-01T14:13:31+00:00\" \/>\n<meta property=\"og:image\" content=\"https:\/\/experienciadevida.com.ar\/portalurbano\/wp-content\/uploads\/2020\/12\/geriatricos.jpg\" \/>\n\t<meta property=\"og:image:width\" content=\"1024\" \/>\n\t<meta property=\"og:image:height\" content=\"682\" \/>\n\t<meta property=\"og:image:type\" content=\"image\/jpeg\" \/>\n<meta name=\"author\" content=\"admpu17wp\" \/>\n<meta name=\"twitter:card\" content=\"summary_large_image\" \/>\n<meta name=\"twitter:creator\" content=\"@portalurbanook\" \/>\n<meta name=\"twitter:site\" content=\"@portalurbanook\" \/>\n<meta name=\"twitter:label1\" content=\"Escrito por\" \/>\n\t<meta name=\"twitter:data1\" content=\"admpu17wp\" \/>\n\t<meta name=\"twitter:label2\" content=\"Tiempo de lectura\" \/>\n\t<meta name=\"twitter:data2\" content=\"2 minutos\" \/>\n<script type=\"application\/ld+json\" class=\"yoast-schema-graph\">{\"@context\":\"https:\/\/schema.org\",\"@graph\":[{\"@type\":\"Article\",\"@id\":\"https:\/\/experienciadevida.com.ar\/portalurbano\/como-es-el-protocolo-de-visitas-a-geriatricos\/#article\",\"isPartOf\":{\"@id\":\"https:\/\/experienciadevida.com.ar\/portalurbano\/como-es-el-protocolo-de-visitas-a-geriatricos\/\"},\"author\":{\"name\":\"admpu17wp\",\"@id\":\"https:\/\/experienciadevida.com.ar\/portalurbano\/#\/schema\/person\/02dd326b1c4b056e9cc972486934a3a7\"},\"headline\":\"\u00bfC\u00f3mo es el protocolo de visitas a geri\u00e1tricos?\",\"datePublished\":\"2020-12-01T14:11:35+00:00\",\"dateModified\":\"2020-12-01T14:13:31+00:00\",\"mainEntityOfPage\":{\"@id\":\"https:\/\/experienciadevida.com.ar\/portalurbano\/como-es-el-protocolo-de-visitas-a-geriatricos\/\"},\"wordCount\":464,\"publisher\":{\"@id\":\"https:\/\/experienciadevida.com.ar\/portalurbano\/#organization\"},\"articleSection\":[\"Ciudad\",\"Destacadas\"],\"inLanguage\":\"es\"},{\"@type\":\"WebPage\",\"@id\":\"https:\/\/experienciadevida.com.ar\/portalurbano\/como-es-el-protocolo-de-visitas-a-geriatricos\/\",\"url\":\"https:\/\/experienciadevida.com.ar\/portalurbano\/como-es-el-protocolo-de-visitas-a-geriatricos\/\",\"name\":\"\u00bfC\u00f3mo es el protocolo de visitas a geri\u00e1tricos de nuestra ciudad?\",\"isPartOf\":{\"@id\":\"https:\/\/experienciadevida.com.ar\/portalurbano\/#website\"},\"datePublished\":\"2020-12-01T14:11:35+00:00\",\"dateModified\":\"2020-12-01T14:13:31+00:00\",\"description\":\"A partir de este martes comienza a implementarse el protocolo de visitas a geri\u00e1tricos de nuestra ciudad que deber\u00e1n pautarse previamente.\",\"breadcrumb\":{\"@id\":\"https:\/\/experienciadevida.com.ar\/portalurbano\/como-es-el-protocolo-de-visitas-a-geriatricos\/#breadcrumb\"},\"inLanguage\":\"es\",\"potentialAction\":[{\"@type\":\"ReadAction\",\"target\":[\"https:\/\/experienciadevida.com.ar\/portalurbano\/como-es-el-protocolo-de-visitas-a-geriatricos\/\"]}]},{\"@type\":\"BreadcrumbList\",\"@id\":\"https:\/\/experienciadevida.com.ar\/portalurbano\/como-es-el-protocolo-de-visitas-a-geriatricos\/#breadcrumb\",\"itemListElement\":[{\"@type\":\"ListItem\",\"position\":1,\"name\":\"Portada\",\"item\":\"https:\/\/experienciadevida.com.ar\/portalurbano\/\"},{\"@type\":\"ListItem\",\"position\":2,\"name\":\"\u00bfC\u00f3mo es el protocolo de visitas a geri\u00e1tricos?\"}]},{\"@type\":\"WebSite\",\"@id\":\"https:\/\/experienciadevida.com.ar\/portalurbano\/#website\",\"url\":\"https:\/\/experienciadevida.com.ar\/portalurbano\/\",\"name\":\"\",\"description\":\"\",\"publisher\":{\"@id\":\"https:\/\/experienciadevida.com.ar\/portalurbano\/#organization\"},\"potentialAction\":[{\"@type\":\"SearchAction\",\"target\":{\"@type\":\"EntryPoint\",\"urlTemplate\":\"https:\/\/experienciadevida.com.ar\/portalurbano\/?s={search_term_string}\"},\"query-input\":\"required name=search_term_string\"}],\"inLanguage\":\"es\"},{\"@type\":\"Organization\",\"@id\":\"https:\/\/experienciadevida.com.ar\/portalurbano\/#organization\",\"name\":\"Portal Urbano\",\"url\":\"https:\/\/experienciadevida.com.ar\/portalurbano\/\",\"logo\":{\"@type\":\"ImageObject\",\"inLanguage\":\"es\",\"@id\":\"https:\/\/experienciadevida.com.ar\/portalurbano\/#\/schema\/logo\/image\/\",\"url\":\"https:\/\/experienciadevida.com.ar\/portalurbano\/wp-content\/uploads\/2019\/09\/Logo-Original.png\",\"contentUrl\":\"https:\/\/experienciadevida.com.ar\/portalurbano\/wp-content\/uploads\/2019\/09\/Logo-Original.png\",\"width\":2236,\"height\":1216,\"caption\":\"Portal Urbano\"},\"image\":{\"@id\":\"https:\/\/experienciadevida.com.ar\/portalurbano\/#\/schema\/logo\/image\/\"},\"sameAs\":[\"https:\/\/www.facebook.com\/Portal-Urbano-171542830093757\/\",\"https:\/\/twitter.com\/portalurbanook\",\"https:\/\/www.instagram.com\/_portalurbano\/\",\"https:\/\/www.youtube.com\/channel\/UCXhagIfszH8KxFiOok79zbA?view_as=subscriber\"]},{\"@type\":\"Person\",\"@id\":\"https:\/\/experienciadevida.com.ar\/portalurbano\/#\/schema\/person\/02dd326b1c4b056e9cc972486934a3a7\",\"name\":\"admpu17wp\",\"image\":{\"@type\":\"ImageObject\",\"inLanguage\":\"es\",\"@id\":\"https:\/\/experienciadevida.com.ar\/portalurbano\/#\/schema\/person\/image\/\",\"url\":\"https:\/\/secure.gravatar.com\/avatar\/830d4c57adaae6630765e449a6908047?s=96&d=mm&r=g\",\"contentUrl\":\"https:\/\/secure.gravatar.com\/avatar\/830d4c57adaae6630765e449a6908047?s=96&d=mm&r=g\",\"caption\":\"admpu17wp\"}}]}<\/script>\n<!-- \/ Yoast SEO plugin. -->","yoast_head_json":{"title":"\u00bfC\u00f3mo es el protocolo de visitas a geri\u00e1tricos de nuestra ciudad?","description":"A partir de este martes comienza a implementarse el protocolo de visitas a geri\u00e1tricos de nuestra ciudad que deber\u00e1n pautarse previamente.","robots":{"index":"index","follow":"follow","max-snippet":"max-snippet:-1","max-image-preview":"max-image-preview:large","max-video-preview":"max-video-preview:-1"},"canonical":"https:\/\/experienciadevida.com.ar\/portalurbano\/como-es-el-protocolo-de-visitas-a-geriatricos\/","og_locale":"es_ES","og_type":"article","og_title":"\u00bfC\u00f3mo es el protocolo de visitas a geri\u00e1tricos de nuestra ciudad?","og_description":"A partir de este martes comienza a implementarse el protocolo de visitas a geri\u00e1tricos de nuestra ciudad que deber\u00e1n pautarse previamente.","og_url":"https:\/\/experienciadevida.com.ar\/portalurbano\/como-es-el-protocolo-de-visitas-a-geriatricos\/","article_publisher":"https:\/\/www.facebook.com\/Portal-Urbano-171542830093757\/","article_published_time":"2020-12-01T14:11:35+00:00","article_modified_time":"2020-12-01T14:13:31+00:00","og_image":[{"width":1024,"height":682,"url":"https:\/\/experienciadevida.com.ar\/portalurbano\/wp-content\/uploads\/2020\/12\/geriatricos.jpg","type":"image\/jpeg"}],"author":"admpu17wp","twitter_card":"summary_large_image","twitter_creator":"@portalurbanook","twitter_site":"@portalurbanook","twitter_misc":{"Escrito por":"admpu17wp","Tiempo de lectura":"2 minutos"},"schema":{"@context":"https:\/\/schema.org","@graph":[{"@type":"Article","@id":"https:\/\/experienciadevida.com.ar\/portalurbano\/como-es-el-protocolo-de-visitas-a-geriatricos\/#article","isPartOf":{"@id":"https:\/\/experienciadevida.com.ar\/portalurbano\/como-es-el-protocolo-de-visitas-a-geriatricos\/"},"author":{"name":"admpu17wp","@id":"https:\/\/experienciadevida.com.ar\/portalurbano\/#\/schema\/person\/02dd326b1c4b056e9cc972486934a3a7"},"headline":"\u00bfC\u00f3mo es el protocolo de visitas a geri\u00e1tricos?","datePublished":"2020-12-01T14:11:35+00:00","dateModified":"2020-12-01T14:13:31+00:00","mainEntityOfPage":{"@id":"https:\/\/experienciadevida.com.ar\/portalurbano\/como-es-el-protocolo-de-visitas-a-geriatricos\/"},"wordCount":464,"publisher":{"@id":"https:\/\/experienciadevida.com.ar\/portalurbano\/#organization"},"articleSection":["Ciudad","Destacadas"],"inLanguage":"es"},{"@type":"WebPage","@id":"https:\/\/experienciadevida.com.ar\/portalurbano\/como-es-el-protocolo-de-visitas-a-geriatricos\/","url":"https:\/\/experienciadevida.com.ar\/portalurbano\/como-es-el-protocolo-de-visitas-a-geriatricos\/","name":"\u00bfC\u00f3mo es el protocolo de visitas a geri\u00e1tricos de nuestra ciudad?","isPartOf":{"@id":"https:\/\/experienciadevida.com.ar\/portalurbano\/#website"},"datePublished":"2020-12-01T14:11:35+00:00","dateModified":"2020-12-01T14:13:31+00:00","description":"A partir de este martes comienza a implementarse el protocolo de visitas a geri\u00e1tricos de nuestra ciudad que deber\u00e1n pautarse previamente.","breadcrumb":{"@id":"https:\/\/experienciadevida.com.ar\/portalurbano\/como-es-el-protocolo-de-visitas-a-geriatricos\/#breadcrumb"},"inLanguage":"es","potentialAction":[{"@type":"ReadAction","target":["https:\/\/experienciadevida.com.ar\/portalurbano\/como-es-el-protocolo-de-visitas-a-geriatricos\/"]}]},{"@type":"BreadcrumbList","@id":"https:\/\/experienciadevida.com.ar\/portalurbano\/como-es-el-protocolo-de-visitas-a-geriatricos\/#breadcrumb","itemListElement":[{"@type":"ListItem","position":1,"name":"Portada","item":"https:\/\/experienciadevida.com.ar\/portalurbano\/"},{"@type":"ListItem","position":2,"name":"\u00bfC\u00f3mo es el protocolo de visitas a geri\u00e1tricos?"}]},{"@type":"WebSite","@id":"https:\/\/experienciadevida.com.ar\/portalurbano\/#website","url":"https:\/\/experienciadevida.com.ar\/portalurbano\/","name":"","description":"","publisher":{"@id":"https:\/\/experienciadevida.com.ar\/portalurbano\/#organization"},"potentialAction":[{"@type":"SearchAction","target":{"@type":"EntryPoint","urlTemplate":"https:\/\/experienciadevida.com.ar\/portalurbano\/?s={search_term_string}"},"query-input":"required name=search_term_string"}],"inLanguage":"es"},{"@type":"Organization","@id":"https:\/\/experienciadevida.com.ar\/portalurbano\/#organization","name":"Portal Urbano","url":"https:\/\/experienciadevida.com.ar\/portalurbano\/","logo":{"@type":"ImageObject","inLanguage":"es","@id":"https:\/\/experienciadevida.com.ar\/portalurbano\/#\/schema\/logo\/image\/","url":"https:\/\/experienciadevida.com.ar\/portalurbano\/wp-content\/uploads\/2019\/09\/Logo-Original.png","contentUrl":"https:\/\/experienciadevida.com.ar\/portalurbano\/wp-content\/uploads\/2019\/09\/Logo-Original.png","width":2236,"height":1216,"caption":"Portal Urbano"},"image":{"@id":"https:\/\/experienciadevida.com.ar\/portalurbano\/#\/schema\/logo\/image\/"},"sameAs":["https:\/\/www.facebook.com\/Portal-Urbano-171542830093757\/","https:\/\/twitter.com\/portalurbanook","https:\/\/www.instagram.com\/_portalurbano\/","https:\/\/www.youtube.com\/channel\/UCXhagIfszH8KxFiOok79zbA?view_as=subscriber"]},{"@type":"Person","@id":"https:\/\/experienciadevida.com.ar\/portalurbano\/#\/schema\/person\/02dd326b1c4b056e9cc972486934a3a7","name":"admpu17wp","image":{"@type":"ImageObject","inLanguage":"es","@id":"https:\/\/experienciadevida.com.ar\/portalurbano\/#\/schema\/person\/image\/","url":"https:\/\/secure.gravatar.com\/avatar\/830d4c57adaae6630765e449a6908047?s=96&d=mm&r=g","contentUrl":"https:\/\/secure.gravatar.com\/avatar\/830d4c57adaae6630765e449a6908047?s=96&d=mm&r=g","caption":"admpu17wp"}}]}},"featured_image_urls":{"full":["https:\/\/experienciadevida.com.ar\/portalurbano\/wp-content\/uploads\/2020\/12\/geriatricos.jpg",1024,682,false],"thumbnail":["https:\/\/experienciadevida.com.ar\/portalurbano\/wp-content\/uploads\/2020\/12\/geriatricos-150x150.jpg",150,150,true],"medium":["https:\/\/experienciadevida.com.ar\/portalurbano\/wp-content\/uploads\/2020\/12\/geriatricos-300x200.jpg",300,200,true],"medium_large":["https:\/\/experienciadevida.com.ar\/portalurbano\/wp-content\/uploads\/2020\/12\/geriatricos-768x512.jpg",640,427,true],"large":["https:\/\/experienciadevida.com.ar\/portalurbano\/wp-content\/uploads\/2020\/12\/geriatricos.jpg",640,426,false],"ug_big":["https:\/\/experienciadevida.com.ar\/portalurbano\/wp-content\/uploads\/2020\/12\/geriatricos-768x512.jpg",768,512,true],"1536x1536":["https:\/\/experienciadevida.com.ar\/portalurbano\/wp-content\/uploads\/2020\/12\/geriatricos.jpg",1024,682,false],"2048x2048":["https:\/\/experienciadevida.com.ar\/portalurbano\/wp-content\/uploads\/2020\/12\/geriatricos.jpg",1024,682,false],"newsever-slider-full":["https:\/\/experienciadevida.com.ar\/portalurbano\/wp-content\/uploads\/2020\/12\/geriatricos.jpg",1024,682,false],"newsever-featured":["https:\/\/experienciadevida.com.ar\/portalurbano\/wp-content\/uploads\/2020\/12\/geriatricos.jpg",1024,682,false],"newsever-medium":["https:\/\/experienciadevida.com.ar\/portalurbano\/wp-content\/uploads\/2020\/12\/geriatricos.jpg",713,475,false],"web-stories-poster-portrait":["https:\/\/experienciadevida.com.ar\/portalurbano\/wp-content\/uploads\/2020\/12\/geriatricos.jpg",640,426,false],"web-stories-publisher-logo":["https:\/\/experienciadevida.com.ar\/portalurbano\/wp-content\/uploads\/2020\/12\/geriatricos.jpg",96,64,false],"web-stories-thumbnail":["https:\/\/experienciadevida.com.ar\/portalurbano\/wp-content\/uploads\/2020\/12\/geriatricos.jpg",150,100,false]},"author_info":{"display_name":"admpu17wp","author_link":"https:\/\/experienciadevida.com.ar\/portalurbano\/author\/admpu17wp\/"},"category_info":"<a href=\"https:\/\/experienciadevida.com.ar\/portalurbano\/category\/ciudad\/\" rel=\"category tag\">Ciudad<\/a> <a href=\"https:\/\/experienciadevida.com.ar\/portalurbano\/category\/destacadas\/\" rel=\"category tag\">Destacadas<\/a>","tag_info":"Destacadas","comment_count":"0","amp_enabled":true,"_links":{"self":[{"href":"https:\/\/experienciadevida.com.ar\/portalurbano\/wp-json\/wp\/v2\/posts\/128803"}],"collection":[{"href":"https:\/\/experienciadevida.com.ar\/portalurbano\/wp-json\/wp\/v2\/posts"}],"about":[{"href":"https:\/\/experienciadevida.com.ar\/portalurbano\/wp-json\/wp\/v2\/types\/post"}],"author":[{"embeddable":true,"href":"https:\/\/experienciadevida.com.ar\/portalurbano\/wp-json\/wp\/v2\/users\/1"}],"replies":[{"embeddable":true,"href":"https:\/\/experienciadevida.com.ar\/portalurbano\/wp-json\/wp\/v2\/comments?post=128803"}],"version-history":[{"count":2,"href":"https:\/\/experienciadevida.com.ar\/portalurbano\/wp-json\/wp\/v2\/posts\/128803\/revisions"}],"predecessor-version":[{"id":128806,"href":"https:\/\/experienciadevida.com.ar\/portalurbano\/wp-json\/wp\/v2\/posts\/128803\/revisions\/128806"}],"wp:featuredmedia":[{"embeddable":true,"href":"https:\/\/experienciadevida.com.ar\/portalurbano\/wp-json\/wp\/v2\/media\/128804"}],"wp:attachment":[{"href":"https:\/\/experienciadevida.com.ar\/portalurbano\/wp-json\/wp\/v2\/media?parent=128803"}],"wp:term":[{"taxonomy":"category","embeddable":true,"href":"https:\/\/experienciadevida.com.ar\/portalurbano\/wp-json\/wp\/v2\/categories?post=128803"},{"taxonomy":"post_tag","embeddable":true,"href":"https:\/\/experienciadevida.com.ar\/portalurbano\/wp-json\/wp\/v2\/tags?post=128803"}],"curies":[{"name":"wp","href":"https:\/\/api.w.org\/{rel}","templated":true}]}}