{"id":128762,"date":"2020-11-30T21:52:23","date_gmt":"2020-12-01T00:52:23","guid":{"rendered":"https:\/\/experienciadevida.com.ar\/portalurbano\/?p=128762"},"modified":"2020-11-30T22:05:21","modified_gmt":"2020-12-01T01:05:21","slug":"reuniones-sociales-y-otras-actividades-habilitadas-en-el-marco-del-dispo","status":"publish","type":"post","link":"https:\/\/experienciadevida.com.ar\/portalurbano\/reuniones-sociales-y-otras-actividades-habilitadas-en-el-marco-del-dispo\/","title":{"rendered":"Reuniones sociales y otras actividades habilitadas en el marco del DISPO"},"content":{"rendered":"<p>El Intendente Ezequiel Galli, este lunes brind\u00f3 una conferencia de prensa junto al Subsecretario de Salud Germ\u00e1n Caputo. En la misma anunci\u00f3 nuevas actividades habilitadas.<\/p>\n<p>Luego de brindar el informe Sanitario de este lunes, Galli dijo &#8220;se ha trabajado para que el personal de salud pueda tener vacaciones, sin que afecte ning\u00fan servicio, entendemos que despu\u00e9s de tantos meses de trabajo arduo en la primera l\u00ednea de batalla, necesitan tener su descanso&#8221;.<\/p>\n<p><a href=\"https:\/\/experienciadevida.com.ar\/portalurbano\/reuniones-sociales-y-otras-actividades-habilitadas-en-el-marco-del-dispo\/galli-94\/\" rel=\"attachment wp-att-128776\"><img decoding=\"async\" class=\"alignnone size-full wp-image-128776\" src=\"https:\/\/experienciadevida.com.ar\/portalurbano\/wp-content\/uploads\/2020\/11\/Galli-3-e1606784708810.jpg\" alt=\"Galli\" width=\"765\" height=\"511\" \/><\/a><\/p>\n<p><strong>Las actividades habilitadas a partir de este martes primero de diciembre ser\u00e1n las siguientes:<\/strong><\/p>\n<p>Locales gastron\u00f3micos, bares y restaurantes (se extender\u00e1 el horario hasta la una de la ma\u00f1ana).<\/p>\n<p>Visitas a geri\u00e1tricos (se pautar\u00e1 una visita previamente, s\u00f3lo familiares y convivientes con una visita de no m\u00e1s de 30 minutos.<\/p>\n<p>Colonias de vacaciones (grupos de no m\u00e1s de 10 chicos por profesor).<\/p>\n<p>Organizaci\u00f3n de eventos (al aire libre, en espacios habilitados, con un 50% de la capacidad del lugar nunca superando el m\u00e1ximo de 100 personas, no se puede bailar. Se tiene que respetar la distancia y protocolos de bioseguridad).<\/p>\n<p>Reuniones sociales, tanto al aire libre (hasta 20 personas) y en domicilios particulares y las quintas (20 personas al aire libre). En este punto el Intendente remarc\u00f3 <em>&#8220;si hay un exceso de personas la multa se aplicar\u00e1 al propietario de la quinta, como tambi\u00e9n al locatario de la misma&#8221;.<\/em><\/p>\n<p>Natatorios (Clubes y privados).<\/p>\n<p>Velatorios e inhumaciones (con un m\u00e1ximo de hasta 10 personas en un lapso de no m\u00e1s de 2hs).<\/p>\n<p>Hoteles, caba\u00f1as y alojamientos en general.<\/p>\n<p>Feria de artesanos\u00a0 y emprendedores al aire libre en lugar y fecha que asigne el Municipio.<\/p>\n<p>Celebraciones religiosas (al aire libre al 50% de la capacidad del lugar).<\/p>\n<p>Deportes en conjunto hasta 10 personas en espacios cerrados de amplia ventilaci\u00f3n natural.<\/p>\n<p>Posteriormente el Intendente mencion\u00f3 <em>&#8220;creemos que\u00a0 a partir de la implementaci\u00f3n del RTA hemos podido no s\u00f3lo bajar la curva sino sostenerla y es muy importante. A partir del lunes 14 de diciembre vamos a iniciar la etapa cinco del RTA, mucho m\u00e1s intensivo que ahora, para lograr detectar los casos positivos previo a las fiestas y que quienes sean positivos est\u00e9n aislados y no se junten con sus familiares&#8221;.<\/em><\/p>\n<p>Con respecto a las reuniones sociales clandestinas dijo &#8220;<em>son muchos meses, han pasado cosas que hacen que la gente tambi\u00e9n se canse y piensen de que sirvi\u00f3 todo esto, pero esperamos que tomen conciencia. En Olavarr\u00eda queremos que\u00a0 la gente tome conciencia, tenemos 70 expedientes en curso en el Juzgado de faltas&#8221;.<\/em><\/p>\n<p><em>&#8220;Particularmente se detectan las fiestas clandestinas los fines de semana. Lo que pretendemos es que seamos responsables, hay que tener responsabilidad social, el virus sigue circulando, y vamos a seguir siendo inflexibles&#8221;.<\/em><\/p>\n<p>A su vez mencion\u00f3<em> &#8220;el control en las quintas en el verano va a ser importante porque es el lugar en el que se hacen muchas fiestas&#8221;. Por otro lado dijo &#8220;todo lo que hemos decidido hoy es para seguir buscando el equilibrio entre lo econ\u00f3mico y social\u00a0 y lo sanitario&#8221;.<\/em><\/p>\n<p>Ante la pregunta de periodistas sobre las fiestas Galli mencion\u00f3 &#8220;<em>para las fiestas lo que vamos a hacer es trabajar sobre el RTA de manera intensiva para lograr aislar a la mayor cantidad de positivos y que esos positivos no est\u00e9n en reuniones sociales para las fiestas aunque tenemos que esperar el decreto de Naci\u00f3n y Provincia. Adem\u00e1s nos vamos a enfocar en los controles\u00a0 para que no haya aglomeraciones de gente&#8221;.<\/em><\/p>\n<p>Por \u00faltimo mencion\u00f3 <em>&#8220;desde lo objetivo no implica un avance a fase 5 pero s\u00ed actividades que est\u00e1n habilitadas por Naci\u00f3n o Provincia y nos adecuamos a esa normativa&#8221;.<\/em><\/p>\n<p><em>&#8220;Esto significa empezar a ingresar en lo que hace tanto tiempo estamos esperando que es ingresar a la nueva normalidad porque no sabemos cuando va a estar la vacuna&#8221;.<\/em><\/p>\n","protected":false},"excerpt":{"rendered":"<p>El Intendente Ezequiel Galli, este lunes brind\u00f3 una conferencia de prensa junto al Subsecretario de&#8230;<\/p>\n","protected":false},"author":1,"featured_media":128763,"comment_status":"closed","ping_status":"closed","sticky":false,"template":"","format":"standard","meta":{"content-type":""},"categories":[27,51],"tags":[],"nelio_content":{"isAutoShareEnabled":false,"autoShareEndMode":"default","automationSources":{"useContentSentences":true,"useSocialTemplates":true,"useCustomSentences":false,"customSentences":[]},"followers":[1],"suggestedReferences":[],"includedReferences":[],"efiUrl":"","efiAlt":"","highlights":[]},"yoast_head":"<!-- This site is optimized with the Yoast SEO plugin v20.7 - https:\/\/yoast.com\/wordpress\/plugins\/seo\/ -->\n<title>Reuniones sociales y otras actividades habilitadas en el marco del DISPO -<\/title>\n<meta name=\"robots\" content=\"index, follow, max-snippet:-1, max-image-preview:large, max-video-preview:-1\" \/>\n<link rel=\"canonical\" href=\"https:\/\/experienciadevida.com.ar\/portalurbano\/reuniones-sociales-y-otras-actividades-habilitadas-en-el-marco-del-dispo\/\" \/>\n<meta property=\"og:locale\" content=\"es_ES\" \/>\n<meta property=\"og:type\" content=\"article\" \/>\n<meta property=\"og:title\" content=\"Reuniones sociales y otras actividades habilitadas en el marco del DISPO -\" \/>\n<meta property=\"og:description\" content=\"El Intendente Ezequiel Galli, este lunes brind\u00f3 una conferencia de prensa junto al Subsecretario de...\" \/>\n<meta property=\"og:url\" content=\"https:\/\/experienciadevida.com.ar\/portalurbano\/reuniones-sociales-y-otras-actividades-habilitadas-en-el-marco-del-dispo\/\" \/>\n<meta property=\"article:publisher\" content=\"https:\/\/www.facebook.com\/Portal-Urbano-171542830093757\/\" \/>\n<meta property=\"article:published_time\" content=\"2020-12-01T00:52:23+00:00\" \/>\n<meta property=\"article:modified_time\" content=\"2020-12-01T01:05:21+00:00\" \/>\n<meta property=\"og:image\" content=\"https:\/\/experienciadevida.com.ar\/portalurbano\/wp-content\/uploads\/2020\/11\/Conferencia.png\" \/>\n\t<meta property=\"og:image:width\" content=\"782\" \/>\n\t<meta property=\"og:image:height\" content=\"483\" \/>\n\t<meta property=\"og:image:type\" content=\"image\/png\" \/>\n<meta name=\"author\" content=\"admpu17wp\" \/>\n<meta name=\"twitter:card\" content=\"summary_large_image\" \/>\n<meta name=\"twitter:creator\" content=\"@portalurbanook\" \/>\n<meta name=\"twitter:site\" content=\"@portalurbanook\" \/>\n<meta name=\"twitter:label1\" content=\"Escrito por\" \/>\n\t<meta name=\"twitter:data1\" content=\"admpu17wp\" \/>\n\t<meta name=\"twitter:label2\" content=\"Tiempo de lectura\" \/>\n\t<meta name=\"twitter:data2\" content=\"3 minutos\" \/>\n<script type=\"application\/ld+json\" class=\"yoast-schema-graph\">{\"@context\":\"https:\/\/schema.org\",\"@graph\":[{\"@type\":\"Article\",\"@id\":\"https:\/\/experienciadevida.com.ar\/portalurbano\/reuniones-sociales-y-otras-actividades-habilitadas-en-el-marco-del-dispo\/#article\",\"isPartOf\":{\"@id\":\"https:\/\/experienciadevida.com.ar\/portalurbano\/reuniones-sociales-y-otras-actividades-habilitadas-en-el-marco-del-dispo\/\"},\"author\":{\"name\":\"admpu17wp\",\"@id\":\"https:\/\/experienciadevida.com.ar\/portalurbano\/#\/schema\/person\/02dd326b1c4b056e9cc972486934a3a7\"},\"headline\":\"Reuniones sociales y otras actividades habilitadas en el marco del DISPO\",\"datePublished\":\"2020-12-01T00:52:23+00:00\",\"dateModified\":\"2020-12-01T01:05:21+00:00\",\"mainEntityOfPage\":{\"@id\":\"https:\/\/experienciadevida.com.ar\/portalurbano\/reuniones-sociales-y-otras-actividades-habilitadas-en-el-marco-del-dispo\/\"},\"wordCount\":654,\"publisher\":{\"@id\":\"https:\/\/experienciadevida.com.ar\/portalurbano\/#organization\"},\"articleSection\":[\"Ciudad\",\"Destacadas\"],\"inLanguage\":\"es\"},{\"@type\":\"WebPage\",\"@id\":\"https:\/\/experienciadevida.com.ar\/portalurbano\/reuniones-sociales-y-otras-actividades-habilitadas-en-el-marco-del-dispo\/\",\"url\":\"https:\/\/experienciadevida.com.ar\/portalurbano\/reuniones-sociales-y-otras-actividades-habilitadas-en-el-marco-del-dispo\/\",\"name\":\"Reuniones sociales y otras actividades habilitadas en el marco del DISPO -\",\"isPartOf\":{\"@id\":\"https:\/\/experienciadevida.com.ar\/portalurbano\/#website\"},\"datePublished\":\"2020-12-01T00:52:23+00:00\",\"dateModified\":\"2020-12-01T01:05:21+00:00\",\"breadcrumb\":{\"@id\":\"https:\/\/experienciadevida.com.ar\/portalurbano\/reuniones-sociales-y-otras-actividades-habilitadas-en-el-marco-del-dispo\/#breadcrumb\"},\"inLanguage\":\"es\",\"potentialAction\":[{\"@type\":\"ReadAction\",\"target\":[\"https:\/\/experienciadevida.com.ar\/portalurbano\/reuniones-sociales-y-otras-actividades-habilitadas-en-el-marco-del-dispo\/\"]}]},{\"@type\":\"BreadcrumbList\",\"@id\":\"https:\/\/experienciadevida.com.ar\/portalurbano\/reuniones-sociales-y-otras-actividades-habilitadas-en-el-marco-del-dispo\/#breadcrumb\",\"itemListElement\":[{\"@type\":\"ListItem\",\"position\":1,\"name\":\"Portada\",\"item\":\"https:\/\/experienciadevida.com.ar\/portalurbano\/\"},{\"@type\":\"ListItem\",\"position\":2,\"name\":\"Reuniones sociales y otras actividades habilitadas en el marco del DISPO\"}]},{\"@type\":\"WebSite\",\"@id\":\"https:\/\/experienciadevida.com.ar\/portalurbano\/#website\",\"url\":\"https:\/\/experienciadevida.com.ar\/portalurbano\/\",\"name\":\"\",\"description\":\"\",\"publisher\":{\"@id\":\"https:\/\/experienciadevida.com.ar\/portalurbano\/#organization\"},\"potentialAction\":[{\"@type\":\"SearchAction\",\"target\":{\"@type\":\"EntryPoint\",\"urlTemplate\":\"https:\/\/experienciadevida.com.ar\/portalurbano\/?s={search_term_string}\"},\"query-input\":\"required name=search_term_string\"}],\"inLanguage\":\"es\"},{\"@type\":\"Organization\",\"@id\":\"https:\/\/experienciadevida.com.ar\/portalurbano\/#organization\",\"name\":\"Portal Urbano\",\"url\":\"https:\/\/experienciadevida.com.ar\/portalurbano\/\",\"logo\":{\"@type\":\"ImageObject\",\"inLanguage\":\"es\",\"@id\":\"https:\/\/experienciadevida.com.ar\/portalurbano\/#\/schema\/logo\/image\/\",\"url\":\"https:\/\/experienciadevida.com.ar\/portalurbano\/wp-content\/uploads\/2019\/09\/Logo-Original.png\",\"contentUrl\":\"https:\/\/experienciadevida.com.ar\/portalurbano\/wp-content\/uploads\/2019\/09\/Logo-Original.png\",\"width\":2236,\"height\":1216,\"caption\":\"Portal Urbano\"},\"image\":{\"@id\":\"https:\/\/experienciadevida.com.ar\/portalurbano\/#\/schema\/logo\/image\/\"},\"sameAs\":[\"https:\/\/www.facebook.com\/Portal-Urbano-171542830093757\/\",\"https:\/\/twitter.com\/portalurbanook\",\"https:\/\/www.instagram.com\/_portalurbano\/\",\"https:\/\/www.youtube.com\/channel\/UCXhagIfszH8KxFiOok79zbA?view_as=subscriber\"]},{\"@type\":\"Person\",\"@id\":\"https:\/\/experienciadevida.com.ar\/portalurbano\/#\/schema\/person\/02dd326b1c4b056e9cc972486934a3a7\",\"name\":\"admpu17wp\",\"image\":{\"@type\":\"ImageObject\",\"inLanguage\":\"es\",\"@id\":\"https:\/\/experienciadevida.com.ar\/portalurbano\/#\/schema\/person\/image\/\",\"url\":\"https:\/\/secure.gravatar.com\/avatar\/830d4c57adaae6630765e449a6908047?s=96&d=mm&r=g\",\"contentUrl\":\"https:\/\/secure.gravatar.com\/avatar\/830d4c57adaae6630765e449a6908047?s=96&d=mm&r=g\",\"caption\":\"admpu17wp\"}}]}<\/script>\n<!-- \/ Yoast SEO plugin. -->","yoast_head_json":{"title":"Reuniones sociales y otras actividades habilitadas en el marco del DISPO -","robots":{"index":"index","follow":"follow","max-snippet":"max-snippet:-1","max-image-preview":"max-image-preview:large","max-video-preview":"max-video-preview:-1"},"canonical":"https:\/\/experienciadevida.com.ar\/portalurbano\/reuniones-sociales-y-otras-actividades-habilitadas-en-el-marco-del-dispo\/","og_locale":"es_ES","og_type":"article","og_title":"Reuniones sociales y otras actividades habilitadas en el marco del DISPO -","og_description":"El Intendente Ezequiel Galli, este lunes brind\u00f3 una conferencia de prensa junto al Subsecretario de...","og_url":"https:\/\/experienciadevida.com.ar\/portalurbano\/reuniones-sociales-y-otras-actividades-habilitadas-en-el-marco-del-dispo\/","article_publisher":"https:\/\/www.facebook.com\/Portal-Urbano-171542830093757\/","article_published_time":"2020-12-01T00:52:23+00:00","article_modified_time":"2020-12-01T01:05:21+00:00","og_image":[{"width":782,"height":483,"url":"https:\/\/experienciadevida.com.ar\/portalurbano\/wp-content\/uploads\/2020\/11\/Conferencia.png","type":"image\/png"}],"author":"admpu17wp","twitter_card":"summary_large_image","twitter_creator":"@portalurbanook","twitter_site":"@portalurbanook","twitter_misc":{"Escrito por":"admpu17wp","Tiempo de lectura":"3 minutos"},"schema":{"@context":"https:\/\/schema.org","@graph":[{"@type":"Article","@id":"https:\/\/experienciadevida.com.ar\/portalurbano\/reuniones-sociales-y-otras-actividades-habilitadas-en-el-marco-del-dispo\/#article","isPartOf":{"@id":"https:\/\/experienciadevida.com.ar\/portalurbano\/reuniones-sociales-y-otras-actividades-habilitadas-en-el-marco-del-dispo\/"},"author":{"name":"admpu17wp","@id":"https:\/\/experienciadevida.com.ar\/portalurbano\/#\/schema\/person\/02dd326b1c4b056e9cc972486934a3a7"},"headline":"Reuniones sociales y otras actividades habilitadas en el marco del DISPO","datePublished":"2020-12-01T00:52:23+00:00","dateModified":"2020-12-01T01:05:21+00:00","mainEntityOfPage":{"@id":"https:\/\/experienciadevida.com.ar\/portalurbano\/reuniones-sociales-y-otras-actividades-habilitadas-en-el-marco-del-dispo\/"},"wordCount":654,"publisher":{"@id":"https:\/\/experienciadevida.com.ar\/portalurbano\/#organization"},"articleSection":["Ciudad","Destacadas"],"inLanguage":"es"},{"@type":"WebPage","@id":"https:\/\/experienciadevida.com.ar\/portalurbano\/reuniones-sociales-y-otras-actividades-habilitadas-en-el-marco-del-dispo\/","url":"https:\/\/experienciadevida.com.ar\/portalurbano\/reuniones-sociales-y-otras-actividades-habilitadas-en-el-marco-del-dispo\/","name":"Reuniones sociales y otras actividades habilitadas en el marco del DISPO -","isPartOf":{"@id":"https:\/\/experienciadevida.com.ar\/portalurbano\/#website"},"datePublished":"2020-12-01T00:52:23+00:00","dateModified":"2020-12-01T01:05:21+00:00","breadcrumb":{"@id":"https:\/\/experienciadevida.com.ar\/portalurbano\/reuniones-sociales-y-otras-actividades-habilitadas-en-el-marco-del-dispo\/#breadcrumb"},"inLanguage":"es","potentialAction":[{"@type":"ReadAction","target":["https:\/\/experienciadevida.com.ar\/portalurbano\/reuniones-sociales-y-otras-actividades-habilitadas-en-el-marco-del-dispo\/"]}]},{"@type":"BreadcrumbList","@id":"https:\/\/experienciadevida.com.ar\/portalurbano\/reuniones-sociales-y-otras-actividades-habilitadas-en-el-marco-del-dispo\/#breadcrumb","itemListElement":[{"@type":"ListItem","position":1,"name":"Portada","item":"https:\/\/experienciadevida.com.ar\/portalurbano\/"},{"@type":"ListItem","position":2,"name":"Reuniones sociales y otras actividades habilitadas en el marco del DISPO"}]},{"@type":"WebSite","@id":"https:\/\/experienciadevida.com.ar\/portalurbano\/#website","url":"https:\/\/experienciadevida.com.ar\/portalurbano\/","name":"","description":"","publisher":{"@id":"https:\/\/experienciadevida.com.ar\/portalurbano\/#organization"},"potentialAction":[{"@type":"SearchAction","target":{"@type":"EntryPoint","urlTemplate":"https:\/\/experienciadevida.com.ar\/portalurbano\/?s={search_term_string}"},"query-input":"required name=search_term_string"}],"inLanguage":"es"},{"@type":"Organization","@id":"https:\/\/experienciadevida.com.ar\/portalurbano\/#organization","name":"Portal Urbano","url":"https:\/\/experienciadevida.com.ar\/portalurbano\/","logo":{"@type":"ImageObject","inLanguage":"es","@id":"https:\/\/experienciadevida.com.ar\/portalurbano\/#\/schema\/logo\/image\/","url":"https:\/\/experienciadevida.com.ar\/portalurbano\/wp-content\/uploads\/2019\/09\/Logo-Original.png","contentUrl":"https:\/\/experienciadevida.com.ar\/portalurbano\/wp-content\/uploads\/2019\/09\/Logo-Original.png","width":2236,"height":1216,"caption":"Portal Urbano"},"image":{"@id":"https:\/\/experienciadevida.com.ar\/portalurbano\/#\/schema\/logo\/image\/"},"sameAs":["https:\/\/www.facebook.com\/Portal-Urbano-171542830093757\/","https:\/\/twitter.com\/portalurbanook","https:\/\/www.instagram.com\/_portalurbano\/","https:\/\/www.youtube.com\/channel\/UCXhagIfszH8KxFiOok79zbA?view_as=subscriber"]},{"@type":"Person","@id":"https:\/\/experienciadevida.com.ar\/portalurbano\/#\/schema\/person\/02dd326b1c4b056e9cc972486934a3a7","name":"admpu17wp","image":{"@type":"ImageObject","inLanguage":"es","@id":"https:\/\/experienciadevida.com.ar\/portalurbano\/#\/schema\/person\/image\/","url":"https:\/\/secure.gravatar.com\/avatar\/830d4c57adaae6630765e449a6908047?s=96&d=mm&r=g","contentUrl":"https:\/\/secure.gravatar.com\/avatar\/830d4c57adaae6630765e449a6908047?s=96&d=mm&r=g","caption":"admpu17wp"}}]}},"featured_image_urls":{"full":["https:\/\/experienciadevida.com.ar\/portalurbano\/wp-content\/uploads\/2020\/11\/Conferencia.png",782,483,false],"thumbnail":["https:\/\/experienciadevida.com.ar\/portalurbano\/wp-content\/uploads\/2020\/11\/Conferencia-150x150.png",150,150,true],"medium":["https:\/\/experienciadevida.com.ar\/portalurbano\/wp-content\/uploads\/2020\/11\/Conferencia-300x185.png",300,185,true],"medium_large":["https:\/\/experienciadevida.com.ar\/portalurbano\/wp-content\/uploads\/2020\/11\/Conferencia-768x474.png",640,395,true],"large":["https:\/\/experienciadevida.com.ar\/portalurbano\/wp-content\/uploads\/2020\/11\/Conferencia.png",640,395,false],"ug_big":["https:\/\/experienciadevida.com.ar\/portalurbano\/wp-content\/uploads\/2020\/11\/Conferencia-768x474.png",768,474,true],"1536x1536":["https:\/\/experienciadevida.com.ar\/portalurbano\/wp-content\/uploads\/2020\/11\/Conferencia.png",782,483,false],"2048x2048":["https:\/\/experienciadevida.com.ar\/portalurbano\/wp-content\/uploads\/2020\/11\/Conferencia.png",782,483,false],"newsever-slider-full":["https:\/\/experienciadevida.com.ar\/portalurbano\/wp-content\/uploads\/2020\/11\/Conferencia.png",782,483,false],"newsever-featured":["https:\/\/experienciadevida.com.ar\/portalurbano\/wp-content\/uploads\/2020\/11\/Conferencia.png",782,483,false],"newsever-medium":["https:\/\/experienciadevida.com.ar\/portalurbano\/wp-content\/uploads\/2020\/11\/Conferencia.png",720,445,false],"web-stories-poster-portrait":["https:\/\/experienciadevida.com.ar\/portalurbano\/wp-content\/uploads\/2020\/11\/Conferencia.png",640,395,false],"web-stories-publisher-logo":["https:\/\/experienciadevida.com.ar\/portalurbano\/wp-content\/uploads\/2020\/11\/Conferencia.png",96,59,false],"web-stories-thumbnail":["https:\/\/experienciadevida.com.ar\/portalurbano\/wp-content\/uploads\/2020\/11\/Conferencia.png",150,93,false]},"author_info":{"display_name":"admpu17wp","author_link":"https:\/\/experienciadevida.com.ar\/portalurbano\/author\/admpu17wp\/"},"category_info":"<a href=\"https:\/\/experienciadevida.com.ar\/portalurbano\/category\/ciudad\/\" rel=\"category tag\">Ciudad<\/a> <a href=\"https:\/\/experienciadevida.com.ar\/portalurbano\/category\/destacadas\/\" rel=\"category tag\">Destacadas<\/a>","tag_info":"Destacadas","comment_count":"0","amp_enabled":true,"_links":{"self":[{"href":"https:\/\/experienciadevida.com.ar\/portalurbano\/wp-json\/wp\/v2\/posts\/128762"}],"collection":[{"href":"https:\/\/experienciadevida.com.ar\/portalurbano\/wp-json\/wp\/v2\/posts"}],"about":[{"href":"https:\/\/experienciadevida.com.ar\/portalurbano\/wp-json\/wp\/v2\/types\/post"}],"author":[{"embeddable":true,"href":"https:\/\/experienciadevida.com.ar\/portalurbano\/wp-json\/wp\/v2\/users\/1"}],"replies":[{"embeddable":true,"href":"https:\/\/experienciadevida.com.ar\/portalurbano\/wp-json\/wp\/v2\/comments?post=128762"}],"version-history":[{"count":8,"href":"https:\/\/experienciadevida.com.ar\/portalurbano\/wp-json\/wp\/v2\/posts\/128762\/revisions"}],"predecessor-version":[{"id":128777,"href":"https:\/\/experienciadevida.com.ar\/portalurbano\/wp-json\/wp\/v2\/posts\/128762\/revisions\/128777"}],"wp:featuredmedia":[{"embeddable":true,"href":"https:\/\/experienciadevida.com.ar\/portalurbano\/wp-json\/wp\/v2\/media\/128763"}],"wp:attachment":[{"href":"https:\/\/experienciadevida.com.ar\/portalurbano\/wp-json\/wp\/v2\/media?parent=128762"}],"wp:term":[{"taxonomy":"category","embeddable":true,"href":"https:\/\/experienciadevida.com.ar\/portalurbano\/wp-json\/wp\/v2\/categories?post=128762"},{"taxonomy":"post_tag","embeddable":true,"href":"https:\/\/experienciadevida.com.ar\/portalurbano\/wp-json\/wp\/v2\/tags?post=128762"}],"curies":[{"name":"wp","href":"https:\/\/api.w.org\/{rel}","templated":true}]}}