{"id":128715,"date":"2020-11-30T12:59:33","date_gmt":"2020-11-30T15:59:33","guid":{"rendered":"https:\/\/experienciadevida.com.ar\/portalurbano\/?p=128715"},"modified":"2020-11-30T13:01:42","modified_gmt":"2020-11-30T16:01:42","slug":"la-articulacion-con-los-trabajadores-del-reciclaje-esta-ausente-en-el-contrato","status":"publish","type":"post","link":"https:\/\/experienciadevida.com.ar\/portalurbano\/la-articulacion-con-los-trabajadores-del-reciclaje-esta-ausente-en-el-contrato\/","title":{"rendered":"&#8220;La articulaci\u00f3n con los trabajadores del reciclaje est\u00e1 ausente en el contrato&#8221;"},"content":{"rendered":"<p>Luego de dos meses, el Ejecutivo respondi\u00f3 a un pedido de informes solicitado por Renovaci\u00f3n Peronista, el concejal Germ\u00e1n Aramburu dio cuenta de que el contrato firmado en el mes Agosto no estipula un trabajo con organizaciones sociales que trabajan en el reciclaje, como la Cooperativa &#8220;Viento en contra&#8221;.<\/p>\n<p>El contrato anunciado como un avance en materia ambiental por el Ejecutivo incluye solo como responsables a personal de la Fundaci\u00f3n McKINSEY y personal municipal a cargo de la Direcci\u00f3n de Desarrollo Sustentable, de la Secretar\u00eda de Desarrollo Econ\u00f3mico, Mantenimiento y Obras P\u00fablicas, Desarrollo Humano y calidad de vida, as\u00ed como tambi\u00e9n la Subsecretar\u00eda de Modernizaci\u00f3n sin aporte ni claridad alguna respecto a la incorporaci\u00f3n de otros sectores.<\/p>\n<p>El contrato refleja objetivos coincidentes con las expresiones del Intendente Municipal Ezequiel Galli, un esp\u00edritu de \u201ctrabajar junto a las cooperativas de reciclaje local y l\u00edderes de la comunidad para maximizar la recuperaci\u00f3n de material para su uso productivo\u201d, tal como expres\u00f3 el concejal Aramburu en sesi\u00f3n legislativa, es s\u00f3lo una gran promesa hasta ahora no cumplida.<\/p>\n<p>La respuesta del DEM sigue dando cuenta de que las organizaciones sociales no forman parte de ninguna de las fases que comprenden el proyecto \u201cPiloto\u201d del programa y no contribuye al fortalecimiento del sector y del ambiente.<\/p>\n","protected":false},"excerpt":{"rendered":"<p>Luego de dos meses, el Ejecutivo respondi\u00f3 a un pedido de informes solicitado por Renovaci\u00f3n&#8230;<\/p>\n","protected":false},"author":1,"featured_media":128716,"comment_status":"closed","ping_status":"closed","sticky":false,"template":"","format":"standard","meta":{"content-type":""},"categories":[51,43],"tags":[],"nelio_content":{"isAutoShareEnabled":false,"autoShareEndMode":"default","automationSources":{"useContentSentences":true,"useSocialTemplates":true,"useCustomSentences":false,"customSentences":[]},"followers":[1],"suggestedReferences":[],"includedReferences":[],"efiUrl":"","efiAlt":"","highlights":[]},"yoast_head":"<!-- This site is optimized with the Yoast SEO plugin v20.7 - https:\/\/yoast.com\/wordpress\/plugins\/seo\/ -->\n<title>&quot;La articulaci\u00f3n con los trabajadores del reciclaje est\u00e1 ausente&quot;<\/title>\n<meta name=\"description\" content=\"&quot;La articulaci\u00f3n con los trabajadores del reciclaje est\u00e1 ausente en el contrato&quot;, mencion\u00f3 el edil Germ\u00e1n Aramburu, de Renovaci\u00f3n peronista\" \/>\n<meta name=\"robots\" content=\"index, follow, max-snippet:-1, max-image-preview:large, max-video-preview:-1\" \/>\n<link rel=\"canonical\" href=\"https:\/\/experienciadevida.com.ar\/portalurbano\/la-articulacion-con-los-trabajadores-del-reciclaje-esta-ausente-en-el-contrato\/\" \/>\n<meta property=\"og:locale\" content=\"es_ES\" \/>\n<meta property=\"og:type\" content=\"article\" \/>\n<meta property=\"og:title\" content=\"&quot;La articulaci\u00f3n con los trabajadores del reciclaje est\u00e1 ausente&quot;\" \/>\n<meta property=\"og:description\" content=\"&quot;La articulaci\u00f3n con los trabajadores del reciclaje est\u00e1 ausente en el contrato&quot;, mencion\u00f3 el edil Germ\u00e1n Aramburu, de Renovaci\u00f3n peronista\" \/>\n<meta property=\"og:url\" content=\"https:\/\/experienciadevida.com.ar\/portalurbano\/la-articulacion-con-los-trabajadores-del-reciclaje-esta-ausente-en-el-contrato\/\" \/>\n<meta property=\"article:publisher\" content=\"https:\/\/www.facebook.com\/Portal-Urbano-171542830093757\/\" \/>\n<meta property=\"article:published_time\" content=\"2020-11-30T15:59:33+00:00\" \/>\n<meta property=\"article:modified_time\" content=\"2020-11-30T16:01:42+00:00\" \/>\n<meta property=\"og:image\" content=\"https:\/\/experienciadevida.com.ar\/portalurbano\/wp-content\/uploads\/2020\/11\/Aramburu-.jpeg\" \/>\n\t<meta property=\"og:image:width\" content=\"1280\" \/>\n\t<meta property=\"og:image:height\" content=\"710\" \/>\n\t<meta property=\"og:image:type\" content=\"image\/jpeg\" \/>\n<meta name=\"author\" content=\"admpu17wp\" \/>\n<meta name=\"twitter:card\" content=\"summary_large_image\" \/>\n<meta name=\"twitter:creator\" content=\"@portalurbanook\" \/>\n<meta name=\"twitter:site\" content=\"@portalurbanook\" \/>\n<meta name=\"twitter:label1\" content=\"Escrito por\" \/>\n\t<meta name=\"twitter:data1\" content=\"admpu17wp\" \/>\n\t<meta name=\"twitter:label2\" content=\"Tiempo de lectura\" \/>\n\t<meta name=\"twitter:data2\" content=\"1 minuto\" \/>\n<script type=\"application\/ld+json\" class=\"yoast-schema-graph\">{\"@context\":\"https:\/\/schema.org\",\"@graph\":[{\"@type\":\"Article\",\"@id\":\"https:\/\/experienciadevida.com.ar\/portalurbano\/la-articulacion-con-los-trabajadores-del-reciclaje-esta-ausente-en-el-contrato\/#article\",\"isPartOf\":{\"@id\":\"https:\/\/experienciadevida.com.ar\/portalurbano\/la-articulacion-con-los-trabajadores-del-reciclaje-esta-ausente-en-el-contrato\/\"},\"author\":{\"name\":\"admpu17wp\",\"@id\":\"https:\/\/experienciadevida.com.ar\/portalurbano\/#\/schema\/person\/02dd326b1c4b056e9cc972486934a3a7\"},\"headline\":\"&#8220;La articulaci\u00f3n con los trabajadores del reciclaje est\u00e1 ausente en el contrato&#8221;\",\"datePublished\":\"2020-11-30T15:59:33+00:00\",\"dateModified\":\"2020-11-30T16:01:42+00:00\",\"mainEntityOfPage\":{\"@id\":\"https:\/\/experienciadevida.com.ar\/portalurbano\/la-articulacion-con-los-trabajadores-del-reciclaje-esta-ausente-en-el-contrato\/\"},\"wordCount\":240,\"publisher\":{\"@id\":\"https:\/\/experienciadevida.com.ar\/portalurbano\/#organization\"},\"articleSection\":[\"Destacadas\",\"Pol\u00edtica\"],\"inLanguage\":\"es\"},{\"@type\":\"WebPage\",\"@id\":\"https:\/\/experienciadevida.com.ar\/portalurbano\/la-articulacion-con-los-trabajadores-del-reciclaje-esta-ausente-en-el-contrato\/\",\"url\":\"https:\/\/experienciadevida.com.ar\/portalurbano\/la-articulacion-con-los-trabajadores-del-reciclaje-esta-ausente-en-el-contrato\/\",\"name\":\"\\\"La articulaci\u00f3n con los trabajadores del reciclaje est\u00e1 ausente\\\"\",\"isPartOf\":{\"@id\":\"https:\/\/experienciadevida.com.ar\/portalurbano\/#website\"},\"datePublished\":\"2020-11-30T15:59:33+00:00\",\"dateModified\":\"2020-11-30T16:01:42+00:00\",\"description\":\"\\\"La articulaci\u00f3n con los trabajadores del reciclaje est\u00e1 ausente en el contrato\\\", mencion\u00f3 el edil Germ\u00e1n Aramburu, de Renovaci\u00f3n peronista\",\"breadcrumb\":{\"@id\":\"https:\/\/experienciadevida.com.ar\/portalurbano\/la-articulacion-con-los-trabajadores-del-reciclaje-esta-ausente-en-el-contrato\/#breadcrumb\"},\"inLanguage\":\"es\",\"potentialAction\":[{\"@type\":\"ReadAction\",\"target\":[\"https:\/\/experienciadevida.com.ar\/portalurbano\/la-articulacion-con-los-trabajadores-del-reciclaje-esta-ausente-en-el-contrato\/\"]}]},{\"@type\":\"BreadcrumbList\",\"@id\":\"https:\/\/experienciadevida.com.ar\/portalurbano\/la-articulacion-con-los-trabajadores-del-reciclaje-esta-ausente-en-el-contrato\/#breadcrumb\",\"itemListElement\":[{\"@type\":\"ListItem\",\"position\":1,\"name\":\"Portada\",\"item\":\"https:\/\/experienciadevida.com.ar\/portalurbano\/\"},{\"@type\":\"ListItem\",\"position\":2,\"name\":\"\u00abLa articulaci\u00f3n con los trabajadores del reciclaje est\u00e1 ausente en el contrato\u00bb\"}]},{\"@type\":\"WebSite\",\"@id\":\"https:\/\/experienciadevida.com.ar\/portalurbano\/#website\",\"url\":\"https:\/\/experienciadevida.com.ar\/portalurbano\/\",\"name\":\"\",\"description\":\"\",\"publisher\":{\"@id\":\"https:\/\/experienciadevida.com.ar\/portalurbano\/#organization\"},\"potentialAction\":[{\"@type\":\"SearchAction\",\"target\":{\"@type\":\"EntryPoint\",\"urlTemplate\":\"https:\/\/experienciadevida.com.ar\/portalurbano\/?s={search_term_string}\"},\"query-input\":\"required name=search_term_string\"}],\"inLanguage\":\"es\"},{\"@type\":\"Organization\",\"@id\":\"https:\/\/experienciadevida.com.ar\/portalurbano\/#organization\",\"name\":\"Portal Urbano\",\"url\":\"https:\/\/experienciadevida.com.ar\/portalurbano\/\",\"logo\":{\"@type\":\"ImageObject\",\"inLanguage\":\"es\",\"@id\":\"https:\/\/experienciadevida.com.ar\/portalurbano\/#\/schema\/logo\/image\/\",\"url\":\"https:\/\/experienciadevida.com.ar\/portalurbano\/wp-content\/uploads\/2019\/09\/Logo-Original.png\",\"contentUrl\":\"https:\/\/experienciadevida.com.ar\/portalurbano\/wp-content\/uploads\/2019\/09\/Logo-Original.png\",\"width\":2236,\"height\":1216,\"caption\":\"Portal Urbano\"},\"image\":{\"@id\":\"https:\/\/experienciadevida.com.ar\/portalurbano\/#\/schema\/logo\/image\/\"},\"sameAs\":[\"https:\/\/www.facebook.com\/Portal-Urbano-171542830093757\/\",\"https:\/\/twitter.com\/portalurbanook\",\"https:\/\/www.instagram.com\/_portalurbano\/\",\"https:\/\/www.youtube.com\/channel\/UCXhagIfszH8KxFiOok79zbA?view_as=subscriber\"]},{\"@type\":\"Person\",\"@id\":\"https:\/\/experienciadevida.com.ar\/portalurbano\/#\/schema\/person\/02dd326b1c4b056e9cc972486934a3a7\",\"name\":\"admpu17wp\",\"image\":{\"@type\":\"ImageObject\",\"inLanguage\":\"es\",\"@id\":\"https:\/\/experienciadevida.com.ar\/portalurbano\/#\/schema\/person\/image\/\",\"url\":\"https:\/\/secure.gravatar.com\/avatar\/830d4c57adaae6630765e449a6908047?s=96&d=mm&r=g\",\"contentUrl\":\"https:\/\/secure.gravatar.com\/avatar\/830d4c57adaae6630765e449a6908047?s=96&d=mm&r=g\",\"caption\":\"admpu17wp\"}}]}<\/script>\n<!-- \/ Yoast SEO plugin. -->","yoast_head_json":{"title":"\"La articulaci\u00f3n con los trabajadores del reciclaje est\u00e1 ausente\"","description":"\"La articulaci\u00f3n con los trabajadores del reciclaje est\u00e1 ausente en el contrato\", mencion\u00f3 el edil Germ\u00e1n Aramburu, de Renovaci\u00f3n peronista","robots":{"index":"index","follow":"follow","max-snippet":"max-snippet:-1","max-image-preview":"max-image-preview:large","max-video-preview":"max-video-preview:-1"},"canonical":"https:\/\/experienciadevida.com.ar\/portalurbano\/la-articulacion-con-los-trabajadores-del-reciclaje-esta-ausente-en-el-contrato\/","og_locale":"es_ES","og_type":"article","og_title":"\"La articulaci\u00f3n con los trabajadores del reciclaje est\u00e1 ausente\"","og_description":"\"La articulaci\u00f3n con los trabajadores del reciclaje est\u00e1 ausente en el contrato\", mencion\u00f3 el edil Germ\u00e1n Aramburu, de Renovaci\u00f3n peronista","og_url":"https:\/\/experienciadevida.com.ar\/portalurbano\/la-articulacion-con-los-trabajadores-del-reciclaje-esta-ausente-en-el-contrato\/","article_publisher":"https:\/\/www.facebook.com\/Portal-Urbano-171542830093757\/","article_published_time":"2020-11-30T15:59:33+00:00","article_modified_time":"2020-11-30T16:01:42+00:00","og_image":[{"width":1280,"height":710,"url":"https:\/\/experienciadevida.com.ar\/portalurbano\/wp-content\/uploads\/2020\/11\/Aramburu-.jpeg","type":"image\/jpeg"}],"author":"admpu17wp","twitter_card":"summary_large_image","twitter_creator":"@portalurbanook","twitter_site":"@portalurbanook","twitter_misc":{"Escrito por":"admpu17wp","Tiempo de lectura":"1 minuto"},"schema":{"@context":"https:\/\/schema.org","@graph":[{"@type":"Article","@id":"https:\/\/experienciadevida.com.ar\/portalurbano\/la-articulacion-con-los-trabajadores-del-reciclaje-esta-ausente-en-el-contrato\/#article","isPartOf":{"@id":"https:\/\/experienciadevida.com.ar\/portalurbano\/la-articulacion-con-los-trabajadores-del-reciclaje-esta-ausente-en-el-contrato\/"},"author":{"name":"admpu17wp","@id":"https:\/\/experienciadevida.com.ar\/portalurbano\/#\/schema\/person\/02dd326b1c4b056e9cc972486934a3a7"},"headline":"&#8220;La articulaci\u00f3n con los trabajadores del reciclaje est\u00e1 ausente en el contrato&#8221;","datePublished":"2020-11-30T15:59:33+00:00","dateModified":"2020-11-30T16:01:42+00:00","mainEntityOfPage":{"@id":"https:\/\/experienciadevida.com.ar\/portalurbano\/la-articulacion-con-los-trabajadores-del-reciclaje-esta-ausente-en-el-contrato\/"},"wordCount":240,"publisher":{"@id":"https:\/\/experienciadevida.com.ar\/portalurbano\/#organization"},"articleSection":["Destacadas","Pol\u00edtica"],"inLanguage":"es"},{"@type":"WebPage","@id":"https:\/\/experienciadevida.com.ar\/portalurbano\/la-articulacion-con-los-trabajadores-del-reciclaje-esta-ausente-en-el-contrato\/","url":"https:\/\/experienciadevida.com.ar\/portalurbano\/la-articulacion-con-los-trabajadores-del-reciclaje-esta-ausente-en-el-contrato\/","name":"\"La articulaci\u00f3n con los trabajadores del reciclaje est\u00e1 ausente\"","isPartOf":{"@id":"https:\/\/experienciadevida.com.ar\/portalurbano\/#website"},"datePublished":"2020-11-30T15:59:33+00:00","dateModified":"2020-11-30T16:01:42+00:00","description":"\"La articulaci\u00f3n con los trabajadores del reciclaje est\u00e1 ausente en el contrato\", mencion\u00f3 el edil Germ\u00e1n Aramburu, de Renovaci\u00f3n peronista","breadcrumb":{"@id":"https:\/\/experienciadevida.com.ar\/portalurbano\/la-articulacion-con-los-trabajadores-del-reciclaje-esta-ausente-en-el-contrato\/#breadcrumb"},"inLanguage":"es","potentialAction":[{"@type":"ReadAction","target":["https:\/\/experienciadevida.com.ar\/portalurbano\/la-articulacion-con-los-trabajadores-del-reciclaje-esta-ausente-en-el-contrato\/"]}]},{"@type":"BreadcrumbList","@id":"https:\/\/experienciadevida.com.ar\/portalurbano\/la-articulacion-con-los-trabajadores-del-reciclaje-esta-ausente-en-el-contrato\/#breadcrumb","itemListElement":[{"@type":"ListItem","position":1,"name":"Portada","item":"https:\/\/experienciadevida.com.ar\/portalurbano\/"},{"@type":"ListItem","position":2,"name":"\u00abLa articulaci\u00f3n con los trabajadores del reciclaje est\u00e1 ausente en el contrato\u00bb"}]},{"@type":"WebSite","@id":"https:\/\/experienciadevida.com.ar\/portalurbano\/#website","url":"https:\/\/experienciadevida.com.ar\/portalurbano\/","name":"","description":"","publisher":{"@id":"https:\/\/experienciadevida.com.ar\/portalurbano\/#organization"},"potentialAction":[{"@type":"SearchAction","target":{"@type":"EntryPoint","urlTemplate":"https:\/\/experienciadevida.com.ar\/portalurbano\/?s={search_term_string}"},"query-input":"required name=search_term_string"}],"inLanguage":"es"},{"@type":"Organization","@id":"https:\/\/experienciadevida.com.ar\/portalurbano\/#organization","name":"Portal Urbano","url":"https:\/\/experienciadevida.com.ar\/portalurbano\/","logo":{"@type":"ImageObject","inLanguage":"es","@id":"https:\/\/experienciadevida.com.ar\/portalurbano\/#\/schema\/logo\/image\/","url":"https:\/\/experienciadevida.com.ar\/portalurbano\/wp-content\/uploads\/2019\/09\/Logo-Original.png","contentUrl":"https:\/\/experienciadevida.com.ar\/portalurbano\/wp-content\/uploads\/2019\/09\/Logo-Original.png","width":2236,"height":1216,"caption":"Portal Urbano"},"image":{"@id":"https:\/\/experienciadevida.com.ar\/portalurbano\/#\/schema\/logo\/image\/"},"sameAs":["https:\/\/www.facebook.com\/Portal-Urbano-171542830093757\/","https:\/\/twitter.com\/portalurbanook","https:\/\/www.instagram.com\/_portalurbano\/","https:\/\/www.youtube.com\/channel\/UCXhagIfszH8KxFiOok79zbA?view_as=subscriber"]},{"@type":"Person","@id":"https:\/\/experienciadevida.com.ar\/portalurbano\/#\/schema\/person\/02dd326b1c4b056e9cc972486934a3a7","name":"admpu17wp","image":{"@type":"ImageObject","inLanguage":"es","@id":"https:\/\/experienciadevida.com.ar\/portalurbano\/#\/schema\/person\/image\/","url":"https:\/\/secure.gravatar.com\/avatar\/830d4c57adaae6630765e449a6908047?s=96&d=mm&r=g","contentUrl":"https:\/\/secure.gravatar.com\/avatar\/830d4c57adaae6630765e449a6908047?s=96&d=mm&r=g","caption":"admpu17wp"}}]}},"featured_image_urls":{"full":["https:\/\/experienciadevida.com.ar\/portalurbano\/wp-content\/uploads\/2020\/11\/Aramburu-.jpeg",1280,710,false],"thumbnail":["https:\/\/experienciadevida.com.ar\/portalurbano\/wp-content\/uploads\/2020\/11\/Aramburu--150x150.jpeg",150,150,true],"medium":["https:\/\/experienciadevida.com.ar\/portalurbano\/wp-content\/uploads\/2020\/11\/Aramburu--300x166.jpeg",300,166,true],"medium_large":["https:\/\/experienciadevida.com.ar\/portalurbano\/wp-content\/uploads\/2020\/11\/Aramburu--768x426.jpeg",640,355,true],"large":["https:\/\/experienciadevida.com.ar\/portalurbano\/wp-content\/uploads\/2020\/11\/Aramburu--1024x568.jpeg",640,355,true],"ug_big":["https:\/\/experienciadevida.com.ar\/portalurbano\/wp-content\/uploads\/2020\/11\/Aramburu--768x426.jpeg",768,426,true],"1536x1536":["https:\/\/experienciadevida.com.ar\/portalurbano\/wp-content\/uploads\/2020\/11\/Aramburu-.jpeg",1280,710,false],"2048x2048":["https:\/\/experienciadevida.com.ar\/portalurbano\/wp-content\/uploads\/2020\/11\/Aramburu-.jpeg",1280,710,false],"newsever-slider-full":["https:\/\/experienciadevida.com.ar\/portalurbano\/wp-content\/uploads\/2020\/11\/Aramburu-.jpeg",1280,710,false],"newsever-featured":["https:\/\/experienciadevida.com.ar\/portalurbano\/wp-content\/uploads\/2020\/11\/Aramburu-.jpeg",1024,568,false],"newsever-medium":["https:\/\/experienciadevida.com.ar\/portalurbano\/wp-content\/uploads\/2020\/11\/Aramburu-.jpeg",720,399,false],"web-stories-poster-portrait":["https:\/\/experienciadevida.com.ar\/portalurbano\/wp-content\/uploads\/2020\/11\/Aramburu-.jpeg",640,355,false],"web-stories-publisher-logo":["https:\/\/experienciadevida.com.ar\/portalurbano\/wp-content\/uploads\/2020\/11\/Aramburu-.jpeg",96,53,false],"web-stories-thumbnail":["https:\/\/experienciadevida.com.ar\/portalurbano\/wp-content\/uploads\/2020\/11\/Aramburu-.jpeg",150,83,false]},"author_info":{"display_name":"admpu17wp","author_link":"https:\/\/experienciadevida.com.ar\/portalurbano\/author\/admpu17wp\/"},"category_info":"<a href=\"https:\/\/experienciadevida.com.ar\/portalurbano\/category\/destacadas\/\" rel=\"category tag\">Destacadas<\/a> <a href=\"https:\/\/experienciadevida.com.ar\/portalurbano\/category\/politica\/\" rel=\"category tag\">Pol\u00edtica<\/a>","tag_info":"Pol\u00edtica","comment_count":"0","amp_enabled":true,"_links":{"self":[{"href":"https:\/\/experienciadevida.com.ar\/portalurbano\/wp-json\/wp\/v2\/posts\/128715"}],"collection":[{"href":"https:\/\/experienciadevida.com.ar\/portalurbano\/wp-json\/wp\/v2\/posts"}],"about":[{"href":"https:\/\/experienciadevida.com.ar\/portalurbano\/wp-json\/wp\/v2\/types\/post"}],"author":[{"embeddable":true,"href":"https:\/\/experienciadevida.com.ar\/portalurbano\/wp-json\/wp\/v2\/users\/1"}],"replies":[{"embeddable":true,"href":"https:\/\/experienciadevida.com.ar\/portalurbano\/wp-json\/wp\/v2\/comments?post=128715"}],"version-history":[{"count":2,"href":"https:\/\/experienciadevida.com.ar\/portalurbano\/wp-json\/wp\/v2\/posts\/128715\/revisions"}],"predecessor-version":[{"id":128718,"href":"https:\/\/experienciadevida.com.ar\/portalurbano\/wp-json\/wp\/v2\/posts\/128715\/revisions\/128718"}],"wp:featuredmedia":[{"embeddable":true,"href":"https:\/\/experienciadevida.com.ar\/portalurbano\/wp-json\/wp\/v2\/media\/128716"}],"wp:attachment":[{"href":"https:\/\/experienciadevida.com.ar\/portalurbano\/wp-json\/wp\/v2\/media?parent=128715"}],"wp:term":[{"taxonomy":"category","embeddable":true,"href":"https:\/\/experienciadevida.com.ar\/portalurbano\/wp-json\/wp\/v2\/categories?post=128715"},{"taxonomy":"post_tag","embeddable":true,"href":"https:\/\/experienciadevida.com.ar\/portalurbano\/wp-json\/wp\/v2\/tags?post=128715"}],"curies":[{"name":"wp","href":"https:\/\/api.w.org\/{rel}","templated":true}]}}