{"id":128676,"date":"2020-11-30T06:39:38","date_gmt":"2020-11-30T09:39:38","guid":{"rendered":"https:\/\/experienciadevida.com.ar\/portalurbano\/?p=128676"},"modified":"2020-11-30T06:39:39","modified_gmt":"2020-11-30T09:39:39","slug":"el-gran-cierre-de-la-fiesta-fue-con-la-musica-de-lima-limon","status":"publish","type":"post","link":"https:\/\/experienciadevida.com.ar\/portalurbano\/el-gran-cierre-de-la-fiesta-fue-con-la-musica-de-lima-limon\/","title":{"rendered":"El gran cierre de la fiesta fue con la m\u00fasica de Lima Lim\u00f3n"},"content":{"rendered":"<p>Con la m\u00fasica de Lima Lim\u00f3n culmin\u00f3 el festejo por el <strong><a href=\"https:\/\/experienciadevida.com.ar\/portalurbano\/comenzo-la-fiesta-aniversario-de-olavarria\/\">153\u00b0 Aniversario de Olavarr\u00eda<\/a><\/strong>. Miles de vecinos de todo el partido disfrutaron de la propuesta a trav\u00e9s de diferentes plataformas virtuales y compartieron esta celebraci\u00f3n.<br \/>\nPrevio al cierre de la banda olavarriense, se realiz\u00f3 el sorteo de regalos con los n\u00fameros que vendieron las 12 instituciones que formaron parte de este festejo.<\/p>\n<p>A los ganadores y ganadoras, cada instituci\u00f3n se comunicar\u00e1 con ellos para que reciban su premio, que fueron los siguientes:<\/p>\n<p>Bicicleta de Hauswagen \u2013 Estefan\u00eda Ver\u00f3n<br \/>\nBicicleta de M Bikes \u2013 Ana Julia Zabala<br \/>\n\u00d3rdenes de compra de Casa Bouciguez \u2013 Marcela Centineo y Roberto Tagliaretti.<br \/>\n\u00d3rdenes de compra de Casa Silvia \u2013 Tom\u00e1s Gast\u00f3n y Mar\u00eda Jos\u00e9 Severo<br \/>\nOrden de compra de Grand Prix \u2013 Mar\u00eda Alicia de Oliveira Santos.<\/p>\n<p>El secretario de Desarrollo Humano y Calidad de Vida del Municipio Diego Robbiani, se mostr\u00f3 \u201cmuy contento por c\u00f3mo se dio todo esto, en este contexto tan especial. Ha sido un \u00e9xito para nosotros. Los festejos los organizamos en equipo y sobre todo queremos agradecer a los vecinos, porque mancomunadamente hemos pasado toda esta situaci\u00f3n\u201d.<\/p>\n<p><a href=\"https:\/\/experienciadevida.com.ar\/portalurbano\/el-gran-cierre-de-la-fiesta-fue-con-la-musica-de-lima-limon\/fiesta-aniversario-olavarria-153-21-scaled\/\" rel=\"attachment wp-att-128677\"><img decoding=\"async\" class=\"alignnone size-full wp-image-128677\" src=\"https:\/\/experienciadevida.com.ar\/portalurbano\/wp-content\/uploads\/2020\/11\/Fiesta-Aniversario-Olavarria-153\u00b0-21-scaled-1.jpg\" alt=\"\" width=\"750\" height=\"501\" srcset=\"https:\/\/experienciadevida.com.ar\/portalurbano\/wp-content\/uploads\/2020\/11\/Fiesta-Aniversario-Olavarria-153\u00b0-21-scaled-1.jpg 750w, https:\/\/experienciadevida.com.ar\/portalurbano\/wp-content\/uploads\/2020\/11\/Fiesta-Aniversario-Olavarria-153\u00b0-21-scaled-1-300x200.jpg 300w\" sizes=\"(max-width: 750px) 100vw, 750px\" \/><\/a><\/p>\n<p>Antes, se hab\u00eda presentado Caja Negra, en un homenaje a Soda St\u00e9reo y Gustavo Cerati; La Zapada con toda la fuerza del folclore y Cami Pereyra, una de las voces juveniles de la ciudad.<\/p>\n<p><a href=\"https:\/\/experienciadevida.com.ar\/portalurbano\/el-gran-cierre-de-la-fiesta-fue-con-la-musica-de-lima-limon\/fiesta-aniversario-olavarria-153-18-scaled\/\" rel=\"attachment wp-att-128679\"><img decoding=\"async\" class=\"alignnone size-full wp-image-128679\" src=\"https:\/\/experienciadevida.com.ar\/portalurbano\/wp-content\/uploads\/2020\/11\/Fiesta-Aniversario-Olavarria-153\u00b0-18-scaled-1.jpg\" alt=\"\" width=\"750\" height=\"501\" srcset=\"https:\/\/experienciadevida.com.ar\/portalurbano\/wp-content\/uploads\/2020\/11\/Fiesta-Aniversario-Olavarria-153\u00b0-18-scaled-1.jpg 750w, https:\/\/experienciadevida.com.ar\/portalurbano\/wp-content\/uploads\/2020\/11\/Fiesta-Aniversario-Olavarria-153\u00b0-18-scaled-1-300x200.jpg 300w\" sizes=\"(max-width: 750px) 100vw, 750px\" \/><\/a><\/p>\n","protected":false},"excerpt":{"rendered":"<p>Con la m\u00fasica de Lima Lim\u00f3n culmin\u00f3 el festejo por el 153\u00b0 Aniversario de Olavarr\u00eda&#8230;.<\/p>\n","protected":false},"author":1,"featured_media":128678,"comment_status":"closed","ping_status":"closed","sticky":false,"template":"","format":"standard","meta":{"content-type":""},"categories":[27,51],"tags":[560],"nelio_content":{"isAutoShareEnabled":false,"autoShareEndMode":"default","automationSources":{"useContentSentences":true,"useSocialTemplates":true,"useCustomSentences":false,"customSentences":[]},"followers":[1],"suggestedReferences":[],"includedReferences":[],"efiUrl":"","efiAlt":"","highlights":[]},"yoast_head":"<!-- This site is optimized with the Yoast SEO plugin v20.7 - https:\/\/yoast.com\/wordpress\/plugins\/seo\/ -->\n<title>El gran cierre de la fiesta fue con la m\u00fasica de Lima Lim\u00f3n<\/title>\n<meta name=\"description\" content=\"153\u00b0 Aniversario de Olavarr\u00eda. Con la m\u00fasica de Lima Lim\u00f3n culmin\u00f3 el festejo por el 153\u00b0 Aniversario de Olavarr\u00eda.vecinos de todo el partido\" \/>\n<meta name=\"robots\" content=\"index, follow, max-snippet:-1, max-image-preview:large, max-video-preview:-1\" \/>\n<link rel=\"canonical\" href=\"https:\/\/experienciadevida.com.ar\/portalurbano\/el-gran-cierre-de-la-fiesta-fue-con-la-musica-de-lima-limon\/\" \/>\n<meta property=\"og:locale\" content=\"es_ES\" \/>\n<meta property=\"og:type\" content=\"article\" \/>\n<meta property=\"og:title\" content=\"El gran cierre de la fiesta fue con la m\u00fasica de Lima Lim\u00f3n\" \/>\n<meta property=\"og:description\" content=\"153\u00b0 Aniversario de Olavarr\u00eda. Con la m\u00fasica de Lima Lim\u00f3n culmin\u00f3 el festejo por el 153\u00b0 Aniversario de Olavarr\u00eda.vecinos de todo el partido\" \/>\n<meta property=\"og:url\" content=\"https:\/\/experienciadevida.com.ar\/portalurbano\/el-gran-cierre-de-la-fiesta-fue-con-la-musica-de-lima-limon\/\" \/>\n<meta property=\"article:publisher\" content=\"https:\/\/www.facebook.com\/Portal-Urbano-171542830093757\/\" \/>\n<meta property=\"article:published_time\" content=\"2020-11-30T09:39:38+00:00\" \/>\n<meta property=\"article:modified_time\" content=\"2020-11-30T09:39:39+00:00\" \/>\n<meta property=\"og:image\" content=\"https:\/\/experienciadevida.com.ar\/portalurbano\/wp-content\/uploads\/2020\/11\/Fiesta-Aniversario-Olavarria-153\u00b0-23-scaled-1.jpg\" \/>\n\t<meta property=\"og:image:width\" content=\"750\" \/>\n\t<meta property=\"og:image:height\" content=\"501\" \/>\n\t<meta property=\"og:image:type\" content=\"image\/jpeg\" \/>\n<meta name=\"author\" content=\"admpu17wp\" \/>\n<meta name=\"twitter:card\" content=\"summary_large_image\" \/>\n<meta name=\"twitter:creator\" content=\"@portalurbanook\" \/>\n<meta name=\"twitter:site\" content=\"@portalurbanook\" \/>\n<meta name=\"twitter:label1\" content=\"Escrito por\" \/>\n\t<meta name=\"twitter:data1\" content=\"admpu17wp\" \/>\n\t<meta name=\"twitter:label2\" content=\"Tiempo de lectura\" \/>\n\t<meta name=\"twitter:data2\" content=\"1 minuto\" \/>\n<script type=\"application\/ld+json\" class=\"yoast-schema-graph\">{\"@context\":\"https:\/\/schema.org\",\"@graph\":[{\"@type\":\"Article\",\"@id\":\"https:\/\/experienciadevida.com.ar\/portalurbano\/el-gran-cierre-de-la-fiesta-fue-con-la-musica-de-lima-limon\/#article\",\"isPartOf\":{\"@id\":\"https:\/\/experienciadevida.com.ar\/portalurbano\/el-gran-cierre-de-la-fiesta-fue-con-la-musica-de-lima-limon\/\"},\"author\":{\"name\":\"admpu17wp\",\"@id\":\"https:\/\/experienciadevida.com.ar\/portalurbano\/#\/schema\/person\/02dd326b1c4b056e9cc972486934a3a7\"},\"headline\":\"El gran cierre de la fiesta fue con la m\u00fasica de Lima Lim\u00f3n\",\"datePublished\":\"2020-11-30T09:39:38+00:00\",\"dateModified\":\"2020-11-30T09:39:39+00:00\",\"mainEntityOfPage\":{\"@id\":\"https:\/\/experienciadevida.com.ar\/portalurbano\/el-gran-cierre-de-la-fiesta-fue-con-la-musica-de-lima-limon\/\"},\"wordCount\":248,\"publisher\":{\"@id\":\"https:\/\/experienciadevida.com.ar\/portalurbano\/#organization\"},\"keywords\":[\"153\u00b0 Aniversario de Olavarr\u00eda\"],\"articleSection\":[\"Ciudad\",\"Destacadas\"],\"inLanguage\":\"es\"},{\"@type\":\"WebPage\",\"@id\":\"https:\/\/experienciadevida.com.ar\/portalurbano\/el-gran-cierre-de-la-fiesta-fue-con-la-musica-de-lima-limon\/\",\"url\":\"https:\/\/experienciadevida.com.ar\/portalurbano\/el-gran-cierre-de-la-fiesta-fue-con-la-musica-de-lima-limon\/\",\"name\":\"El gran cierre de la fiesta fue con la m\u00fasica de Lima Lim\u00f3n\",\"isPartOf\":{\"@id\":\"https:\/\/experienciadevida.com.ar\/portalurbano\/#website\"},\"datePublished\":\"2020-11-30T09:39:38+00:00\",\"dateModified\":\"2020-11-30T09:39:39+00:00\",\"description\":\"153\u00b0 Aniversario de Olavarr\u00eda. Con la m\u00fasica de Lima Lim\u00f3n culmin\u00f3 el festejo por el 153\u00b0 Aniversario de Olavarr\u00eda.vecinos de todo el partido\",\"breadcrumb\":{\"@id\":\"https:\/\/experienciadevida.com.ar\/portalurbano\/el-gran-cierre-de-la-fiesta-fue-con-la-musica-de-lima-limon\/#breadcrumb\"},\"inLanguage\":\"es\",\"potentialAction\":[{\"@type\":\"ReadAction\",\"target\":[\"https:\/\/experienciadevida.com.ar\/portalurbano\/el-gran-cierre-de-la-fiesta-fue-con-la-musica-de-lima-limon\/\"]}]},{\"@type\":\"BreadcrumbList\",\"@id\":\"https:\/\/experienciadevida.com.ar\/portalurbano\/el-gran-cierre-de-la-fiesta-fue-con-la-musica-de-lima-limon\/#breadcrumb\",\"itemListElement\":[{\"@type\":\"ListItem\",\"position\":1,\"name\":\"Portada\",\"item\":\"https:\/\/experienciadevida.com.ar\/portalurbano\/\"},{\"@type\":\"ListItem\",\"position\":2,\"name\":\"El gran cierre de la fiesta fue con la m\u00fasica de Lima Lim\u00f3n\"}]},{\"@type\":\"WebSite\",\"@id\":\"https:\/\/experienciadevida.com.ar\/portalurbano\/#website\",\"url\":\"https:\/\/experienciadevida.com.ar\/portalurbano\/\",\"name\":\"\",\"description\":\"\",\"publisher\":{\"@id\":\"https:\/\/experienciadevida.com.ar\/portalurbano\/#organization\"},\"potentialAction\":[{\"@type\":\"SearchAction\",\"target\":{\"@type\":\"EntryPoint\",\"urlTemplate\":\"https:\/\/experienciadevida.com.ar\/portalurbano\/?s={search_term_string}\"},\"query-input\":\"required name=search_term_string\"}],\"inLanguage\":\"es\"},{\"@type\":\"Organization\",\"@id\":\"https:\/\/experienciadevida.com.ar\/portalurbano\/#organization\",\"name\":\"Portal Urbano\",\"url\":\"https:\/\/experienciadevida.com.ar\/portalurbano\/\",\"logo\":{\"@type\":\"ImageObject\",\"inLanguage\":\"es\",\"@id\":\"https:\/\/experienciadevida.com.ar\/portalurbano\/#\/schema\/logo\/image\/\",\"url\":\"https:\/\/experienciadevida.com.ar\/portalurbano\/wp-content\/uploads\/2019\/09\/Logo-Original.png\",\"contentUrl\":\"https:\/\/experienciadevida.com.ar\/portalurbano\/wp-content\/uploads\/2019\/09\/Logo-Original.png\",\"width\":2236,\"height\":1216,\"caption\":\"Portal Urbano\"},\"image\":{\"@id\":\"https:\/\/experienciadevida.com.ar\/portalurbano\/#\/schema\/logo\/image\/\"},\"sameAs\":[\"https:\/\/www.facebook.com\/Portal-Urbano-171542830093757\/\",\"https:\/\/twitter.com\/portalurbanook\",\"https:\/\/www.instagram.com\/_portalurbano\/\",\"https:\/\/www.youtube.com\/channel\/UCXhagIfszH8KxFiOok79zbA?view_as=subscriber\"]},{\"@type\":\"Person\",\"@id\":\"https:\/\/experienciadevida.com.ar\/portalurbano\/#\/schema\/person\/02dd326b1c4b056e9cc972486934a3a7\",\"name\":\"admpu17wp\",\"image\":{\"@type\":\"ImageObject\",\"inLanguage\":\"es\",\"@id\":\"https:\/\/experienciadevida.com.ar\/portalurbano\/#\/schema\/person\/image\/\",\"url\":\"https:\/\/secure.gravatar.com\/avatar\/830d4c57adaae6630765e449a6908047?s=96&d=mm&r=g\",\"contentUrl\":\"https:\/\/secure.gravatar.com\/avatar\/830d4c57adaae6630765e449a6908047?s=96&d=mm&r=g\",\"caption\":\"admpu17wp\"}}]}<\/script>\n<!-- \/ Yoast SEO plugin. -->","yoast_head_json":{"title":"El gran cierre de la fiesta fue con la m\u00fasica de Lima Lim\u00f3n","description":"153\u00b0 Aniversario de Olavarr\u00eda. Con la m\u00fasica de Lima Lim\u00f3n culmin\u00f3 el festejo por el 153\u00b0 Aniversario de Olavarr\u00eda.vecinos de todo el partido","robots":{"index":"index","follow":"follow","max-snippet":"max-snippet:-1","max-image-preview":"max-image-preview:large","max-video-preview":"max-video-preview:-1"},"canonical":"https:\/\/experienciadevida.com.ar\/portalurbano\/el-gran-cierre-de-la-fiesta-fue-con-la-musica-de-lima-limon\/","og_locale":"es_ES","og_type":"article","og_title":"El gran cierre de la fiesta fue con la m\u00fasica de Lima Lim\u00f3n","og_description":"153\u00b0 Aniversario de Olavarr\u00eda. Con la m\u00fasica de Lima Lim\u00f3n culmin\u00f3 el festejo por el 153\u00b0 Aniversario de Olavarr\u00eda.vecinos de todo el partido","og_url":"https:\/\/experienciadevida.com.ar\/portalurbano\/el-gran-cierre-de-la-fiesta-fue-con-la-musica-de-lima-limon\/","article_publisher":"https:\/\/www.facebook.com\/Portal-Urbano-171542830093757\/","article_published_time":"2020-11-30T09:39:38+00:00","article_modified_time":"2020-11-30T09:39:39+00:00","og_image":[{"width":750,"height":501,"url":"https:\/\/experienciadevida.com.ar\/portalurbano\/wp-content\/uploads\/2020\/11\/Fiesta-Aniversario-Olavarria-153\u00b0-23-scaled-1.jpg","type":"image\/jpeg"}],"author":"admpu17wp","twitter_card":"summary_large_image","twitter_creator":"@portalurbanook","twitter_site":"@portalurbanook","twitter_misc":{"Escrito por":"admpu17wp","Tiempo de lectura":"1 minuto"},"schema":{"@context":"https:\/\/schema.org","@graph":[{"@type":"Article","@id":"https:\/\/experienciadevida.com.ar\/portalurbano\/el-gran-cierre-de-la-fiesta-fue-con-la-musica-de-lima-limon\/#article","isPartOf":{"@id":"https:\/\/experienciadevida.com.ar\/portalurbano\/el-gran-cierre-de-la-fiesta-fue-con-la-musica-de-lima-limon\/"},"author":{"name":"admpu17wp","@id":"https:\/\/experienciadevida.com.ar\/portalurbano\/#\/schema\/person\/02dd326b1c4b056e9cc972486934a3a7"},"headline":"El gran cierre de la fiesta fue con la m\u00fasica de Lima Lim\u00f3n","datePublished":"2020-11-30T09:39:38+00:00","dateModified":"2020-11-30T09:39:39+00:00","mainEntityOfPage":{"@id":"https:\/\/experienciadevida.com.ar\/portalurbano\/el-gran-cierre-de-la-fiesta-fue-con-la-musica-de-lima-limon\/"},"wordCount":248,"publisher":{"@id":"https:\/\/experienciadevida.com.ar\/portalurbano\/#organization"},"keywords":["153\u00b0 Aniversario de Olavarr\u00eda"],"articleSection":["Ciudad","Destacadas"],"inLanguage":"es"},{"@type":"WebPage","@id":"https:\/\/experienciadevida.com.ar\/portalurbano\/el-gran-cierre-de-la-fiesta-fue-con-la-musica-de-lima-limon\/","url":"https:\/\/experienciadevida.com.ar\/portalurbano\/el-gran-cierre-de-la-fiesta-fue-con-la-musica-de-lima-limon\/","name":"El gran cierre de la fiesta fue con la m\u00fasica de Lima Lim\u00f3n","isPartOf":{"@id":"https:\/\/experienciadevida.com.ar\/portalurbano\/#website"},"datePublished":"2020-11-30T09:39:38+00:00","dateModified":"2020-11-30T09:39:39+00:00","description":"153\u00b0 Aniversario de Olavarr\u00eda. Con la m\u00fasica de Lima Lim\u00f3n culmin\u00f3 el festejo por el 153\u00b0 Aniversario de Olavarr\u00eda.vecinos de todo el partido","breadcrumb":{"@id":"https:\/\/experienciadevida.com.ar\/portalurbano\/el-gran-cierre-de-la-fiesta-fue-con-la-musica-de-lima-limon\/#breadcrumb"},"inLanguage":"es","potentialAction":[{"@type":"ReadAction","target":["https:\/\/experienciadevida.com.ar\/portalurbano\/el-gran-cierre-de-la-fiesta-fue-con-la-musica-de-lima-limon\/"]}]},{"@type":"BreadcrumbList","@id":"https:\/\/experienciadevida.com.ar\/portalurbano\/el-gran-cierre-de-la-fiesta-fue-con-la-musica-de-lima-limon\/#breadcrumb","itemListElement":[{"@type":"ListItem","position":1,"name":"Portada","item":"https:\/\/experienciadevida.com.ar\/portalurbano\/"},{"@type":"ListItem","position":2,"name":"El gran cierre de la fiesta fue con la m\u00fasica de Lima Lim\u00f3n"}]},{"@type":"WebSite","@id":"https:\/\/experienciadevida.com.ar\/portalurbano\/#website","url":"https:\/\/experienciadevida.com.ar\/portalurbano\/","name":"","description":"","publisher":{"@id":"https:\/\/experienciadevida.com.ar\/portalurbano\/#organization"},"potentialAction":[{"@type":"SearchAction","target":{"@type":"EntryPoint","urlTemplate":"https:\/\/experienciadevida.com.ar\/portalurbano\/?s={search_term_string}"},"query-input":"required name=search_term_string"}],"inLanguage":"es"},{"@type":"Organization","@id":"https:\/\/experienciadevida.com.ar\/portalurbano\/#organization","name":"Portal Urbano","url":"https:\/\/experienciadevida.com.ar\/portalurbano\/","logo":{"@type":"ImageObject","inLanguage":"es","@id":"https:\/\/experienciadevida.com.ar\/portalurbano\/#\/schema\/logo\/image\/","url":"https:\/\/experienciadevida.com.ar\/portalurbano\/wp-content\/uploads\/2019\/09\/Logo-Original.png","contentUrl":"https:\/\/experienciadevida.com.ar\/portalurbano\/wp-content\/uploads\/2019\/09\/Logo-Original.png","width":2236,"height":1216,"caption":"Portal Urbano"},"image":{"@id":"https:\/\/experienciadevida.com.ar\/portalurbano\/#\/schema\/logo\/image\/"},"sameAs":["https:\/\/www.facebook.com\/Portal-Urbano-171542830093757\/","https:\/\/twitter.com\/portalurbanook","https:\/\/www.instagram.com\/_portalurbano\/","https:\/\/www.youtube.com\/channel\/UCXhagIfszH8KxFiOok79zbA?view_as=subscriber"]},{"@type":"Person","@id":"https:\/\/experienciadevida.com.ar\/portalurbano\/#\/schema\/person\/02dd326b1c4b056e9cc972486934a3a7","name":"admpu17wp","image":{"@type":"ImageObject","inLanguage":"es","@id":"https:\/\/experienciadevida.com.ar\/portalurbano\/#\/schema\/person\/image\/","url":"https:\/\/secure.gravatar.com\/avatar\/830d4c57adaae6630765e449a6908047?s=96&d=mm&r=g","contentUrl":"https:\/\/secure.gravatar.com\/avatar\/830d4c57adaae6630765e449a6908047?s=96&d=mm&r=g","caption":"admpu17wp"}}]}},"featured_image_urls":{"full":["https:\/\/experienciadevida.com.ar\/portalurbano\/wp-content\/uploads\/2020\/11\/Fiesta-Aniversario-Olavarria-153\u00b0-23-scaled-1.jpg",750,501,false],"thumbnail":["https:\/\/experienciadevida.com.ar\/portalurbano\/wp-content\/uploads\/2020\/11\/Fiesta-Aniversario-Olavarria-153\u00b0-23-scaled-1-150x150.jpg",150,150,true],"medium":["https:\/\/experienciadevida.com.ar\/portalurbano\/wp-content\/uploads\/2020\/11\/Fiesta-Aniversario-Olavarria-153\u00b0-23-scaled-1-300x200.jpg",300,200,true],"medium_large":["https:\/\/experienciadevida.com.ar\/portalurbano\/wp-content\/uploads\/2020\/11\/Fiesta-Aniversario-Olavarria-153\u00b0-23-scaled-1.jpg",640,428,false],"large":["https:\/\/experienciadevida.com.ar\/portalurbano\/wp-content\/uploads\/2020\/11\/Fiesta-Aniversario-Olavarria-153\u00b0-23-scaled-1.jpg",640,428,false],"ug_big":["https:\/\/experienciadevida.com.ar\/portalurbano\/wp-content\/uploads\/2020\/11\/Fiesta-Aniversario-Olavarria-153\u00b0-23-scaled-1.jpg",750,501,false],"1536x1536":["https:\/\/experienciadevida.com.ar\/portalurbano\/wp-content\/uploads\/2020\/11\/Fiesta-Aniversario-Olavarria-153\u00b0-23-scaled-1.jpg",750,501,false],"2048x2048":["https:\/\/experienciadevida.com.ar\/portalurbano\/wp-content\/uploads\/2020\/11\/Fiesta-Aniversario-Olavarria-153\u00b0-23-scaled-1.jpg",750,501,false],"newsever-slider-full":["https:\/\/experienciadevida.com.ar\/portalurbano\/wp-content\/uploads\/2020\/11\/Fiesta-Aniversario-Olavarria-153\u00b0-23-scaled-1.jpg",750,501,false],"newsever-featured":["https:\/\/experienciadevida.com.ar\/portalurbano\/wp-content\/uploads\/2020\/11\/Fiesta-Aniversario-Olavarria-153\u00b0-23-scaled-1.jpg",750,501,false],"newsever-medium":["https:\/\/experienciadevida.com.ar\/portalurbano\/wp-content\/uploads\/2020\/11\/Fiesta-Aniversario-Olavarria-153\u00b0-23-scaled-1.jpg",711,475,false],"web-stories-poster-portrait":["https:\/\/experienciadevida.com.ar\/portalurbano\/wp-content\/uploads\/2020\/11\/Fiesta-Aniversario-Olavarria-153\u00b0-23-scaled-1.jpg",640,428,false],"web-stories-publisher-logo":["https:\/\/experienciadevida.com.ar\/portalurbano\/wp-content\/uploads\/2020\/11\/Fiesta-Aniversario-Olavarria-153\u00b0-23-scaled-1.jpg",96,64,false],"web-stories-thumbnail":["https:\/\/experienciadevida.com.ar\/portalurbano\/wp-content\/uploads\/2020\/11\/Fiesta-Aniversario-Olavarria-153\u00b0-23-scaled-1.jpg",150,100,false]},"author_info":{"display_name":"admpu17wp","author_link":"https:\/\/experienciadevida.com.ar\/portalurbano\/author\/admpu17wp\/"},"category_info":"<a href=\"https:\/\/experienciadevida.com.ar\/portalurbano\/category\/ciudad\/\" rel=\"category tag\">Ciudad<\/a> <a href=\"https:\/\/experienciadevida.com.ar\/portalurbano\/category\/destacadas\/\" rel=\"category tag\">Destacadas<\/a>","tag_info":"Destacadas","comment_count":"0","amp_enabled":true,"_links":{"self":[{"href":"https:\/\/experienciadevida.com.ar\/portalurbano\/wp-json\/wp\/v2\/posts\/128676"}],"collection":[{"href":"https:\/\/experienciadevida.com.ar\/portalurbano\/wp-json\/wp\/v2\/posts"}],"about":[{"href":"https:\/\/experienciadevida.com.ar\/portalurbano\/wp-json\/wp\/v2\/types\/post"}],"author":[{"embeddable":true,"href":"https:\/\/experienciadevida.com.ar\/portalurbano\/wp-json\/wp\/v2\/users\/1"}],"replies":[{"embeddable":true,"href":"https:\/\/experienciadevida.com.ar\/portalurbano\/wp-json\/wp\/v2\/comments?post=128676"}],"version-history":[{"count":3,"href":"https:\/\/experienciadevida.com.ar\/portalurbano\/wp-json\/wp\/v2\/posts\/128676\/revisions"}],"predecessor-version":[{"id":128682,"href":"https:\/\/experienciadevida.com.ar\/portalurbano\/wp-json\/wp\/v2\/posts\/128676\/revisions\/128682"}],"wp:featuredmedia":[{"embeddable":true,"href":"https:\/\/experienciadevida.com.ar\/portalurbano\/wp-json\/wp\/v2\/media\/128678"}],"wp:attachment":[{"href":"https:\/\/experienciadevida.com.ar\/portalurbano\/wp-json\/wp\/v2\/media?parent=128676"}],"wp:term":[{"taxonomy":"category","embeddable":true,"href":"https:\/\/experienciadevida.com.ar\/portalurbano\/wp-json\/wp\/v2\/categories?post=128676"},{"taxonomy":"post_tag","embeddable":true,"href":"https:\/\/experienciadevida.com.ar\/portalurbano\/wp-json\/wp\/v2\/tags?post=128676"}],"curies":[{"name":"wp","href":"https:\/\/api.w.org\/{rel}","templated":true}]}}