{"id":128531,"date":"2020-11-28T15:05:20","date_gmt":"2020-11-28T18:05:20","guid":{"rendered":"https:\/\/experienciadevida.com.ar\/portalurbano\/?p=128531"},"modified":"2020-11-28T15:05:58","modified_gmt":"2020-11-28T18:05:58","slug":"el-puente-de-la-calle-hornos-llevara-el-nombre-de-florentina-gomez-miranda","status":"publish","type":"post","link":"https:\/\/experienciadevida.com.ar\/portalurbano\/el-puente-de-la-calle-hornos-llevara-el-nombre-de-florentina-gomez-miranda\/","title":{"rendered":"El puente de la calle Hornos llevar\u00e1 el nombre de Florentina G\u00f3mez Miranda"},"content":{"rendered":"<p>En la sesi\u00f3n del HCD del pasado jueves se aprob\u00f3 por unanimidad el proyecto presentado por el Bloque del Concejal de la <a href=\"https:\/\/www.facebook.com\/comiteradicalolavarria\">UCR<\/a> <a href=\"https:\/\/www.facebook.com\/profile.php?id=100017167698150\">Mart\u00edn Lastape<\/a>, para que el puente peatonal lleve el nombre de la hist\u00f3rica dirigente radical.<\/p>\n<p>Un reconocimiento no solo para Florentina, sino a la lucha por la ampliaci\u00f3n de derecho para las mujeres.<\/p>\n<p>Florentina G\u00f3mez Miranda fue pionera en la lucha feminista y la defensa de los derechos de las mujeres en plena recuperaci\u00f3n democr\u00e1tica: &#8220;En estos tiempos me ocup\u00f3 de los Derechos de las mujeres, porque los hombres tienen y han tenido siempre todos sus derechos&#8221;<\/p>\n<p>Habiendo nacido en Olavarr\u00eda, observ\u00e1bamos con preocupaci\u00f3n la poca repercusi\u00f3n y conocimiento que hay en nuestra ciudad sobre la labor de esta protagonista de la historia pol\u00edtica nacional. Creemos que este es un primer paso para que nuestros vecinos y vecinas sepan quien fue esta gran mujer, y conozcan su destacada carrera pol\u00edtica.<\/p>\n<p>Durante su labor parlamentaria entre 1983 y 1991 -fue reelecta en 1987- y al frente de la Comisi\u00f3n de la Mujer, Familia y Minoridad de la C\u00e1mara de Diputados, creada gracias a una iniciativa suya reci\u00e9n asumida su banca present\u00f3 m\u00e1s de 150 proyectos y se destac\u00f3 por sus intervenciones durante el tratamiento y la aprobaci\u00f3n de las leyes de patria potestad compartida, de igualdad de los hijos extramatrimoniales, derecho de la mujer a seguir usando el apellido de soltera luego de casada, pensi\u00f3n de la concubina y concubino, pensi\u00f3n a la c\u00f3nyuge divorciada, y de divorcio vincular, todas ellas durante la presidencia de Ra\u00fal Alfons\u00edn y que buscaban rescatar a la Argentina del oscurantismo.<\/p>\n","protected":false},"excerpt":{"rendered":"<p>En la sesi\u00f3n del HCD del pasado jueves se aprob\u00f3 por unanimidad el proyecto presentado&#8230;<\/p>\n","protected":false},"author":1,"featured_media":128532,"comment_status":"closed","ping_status":"closed","sticky":false,"template":"","format":"standard","meta":{"content-type":""},"categories":[27,51],"tags":[],"nelio_content":{"isAutoShareEnabled":false,"autoShareEndMode":"default","automationSources":{"useContentSentences":true,"useSocialTemplates":true,"useCustomSentences":false,"customSentences":[]},"followers":[1],"suggestedReferences":[],"includedReferences":[],"efiUrl":"","efiAlt":"","highlights":[]},"yoast_head":"<!-- This site is optimized with the Yoast SEO plugin v20.7 - https:\/\/yoast.com\/wordpress\/plugins\/seo\/ -->\n<title>Puente de la calle Hornos llevar\u00e1 el nombre de Florentina G\u00f3mez Miranda<\/title>\n<meta name=\"description\" content=\"El puente petonal de la calle Hornos llevar\u00e1 el nombre de Florentina G\u00f3mez Miranda, proyecto impulsado por el radical Mart\u00edn Lastape.\" \/>\n<meta name=\"robots\" content=\"index, follow, max-snippet:-1, max-image-preview:large, max-video-preview:-1\" \/>\n<link rel=\"canonical\" href=\"https:\/\/experienciadevida.com.ar\/portalurbano\/el-puente-de-la-calle-hornos-llevara-el-nombre-de-florentina-gomez-miranda\/\" \/>\n<meta property=\"og:locale\" content=\"es_ES\" \/>\n<meta property=\"og:type\" content=\"article\" \/>\n<meta property=\"og:title\" content=\"Puente de la calle Hornos llevar\u00e1 el nombre de Florentina G\u00f3mez Miranda\" \/>\n<meta property=\"og:description\" content=\"El puente petonal de la calle Hornos llevar\u00e1 el nombre de Florentina G\u00f3mez Miranda, proyecto impulsado por el radical Mart\u00edn Lastape.\" \/>\n<meta property=\"og:url\" content=\"https:\/\/experienciadevida.com.ar\/portalurbano\/el-puente-de-la-calle-hornos-llevara-el-nombre-de-florentina-gomez-miranda\/\" \/>\n<meta property=\"article:publisher\" content=\"https:\/\/www.facebook.com\/Portal-Urbano-171542830093757\/\" \/>\n<meta property=\"article:published_time\" content=\"2020-11-28T18:05:20+00:00\" \/>\n<meta property=\"article:modified_time\" content=\"2020-11-28T18:05:58+00:00\" \/>\n<meta property=\"og:image\" content=\"https:\/\/experienciadevida.com.ar\/portalurbano\/wp-content\/uploads\/2020\/11\/Florentina-Gomez-Miranda.png\" \/>\n\t<meta property=\"og:image:width\" content=\"765\" \/>\n\t<meta property=\"og:image:height\" content=\"510\" \/>\n\t<meta property=\"og:image:type\" content=\"image\/png\" \/>\n<meta name=\"author\" content=\"admpu17wp\" \/>\n<meta name=\"twitter:card\" content=\"summary_large_image\" \/>\n<meta name=\"twitter:creator\" content=\"@portalurbanook\" \/>\n<meta name=\"twitter:site\" content=\"@portalurbanook\" \/>\n<meta name=\"twitter:label1\" content=\"Escrito por\" \/>\n\t<meta name=\"twitter:data1\" content=\"admpu17wp\" \/>\n\t<meta name=\"twitter:label2\" content=\"Tiempo de lectura\" \/>\n\t<meta name=\"twitter:data2\" content=\"1 minuto\" \/>\n<script type=\"application\/ld+json\" class=\"yoast-schema-graph\">{\"@context\":\"https:\/\/schema.org\",\"@graph\":[{\"@type\":\"Article\",\"@id\":\"https:\/\/experienciadevida.com.ar\/portalurbano\/el-puente-de-la-calle-hornos-llevara-el-nombre-de-florentina-gomez-miranda\/#article\",\"isPartOf\":{\"@id\":\"https:\/\/experienciadevida.com.ar\/portalurbano\/el-puente-de-la-calle-hornos-llevara-el-nombre-de-florentina-gomez-miranda\/\"},\"author\":{\"name\":\"admpu17wp\",\"@id\":\"https:\/\/experienciadevida.com.ar\/portalurbano\/#\/schema\/person\/02dd326b1c4b056e9cc972486934a3a7\"},\"headline\":\"El puente de la calle Hornos llevar\u00e1 el nombre de Florentina G\u00f3mez Miranda\",\"datePublished\":\"2020-11-28T18:05:20+00:00\",\"dateModified\":\"2020-11-28T18:05:58+00:00\",\"mainEntityOfPage\":{\"@id\":\"https:\/\/experienciadevida.com.ar\/portalurbano\/el-puente-de-la-calle-hornos-llevara-el-nombre-de-florentina-gomez-miranda\/\"},\"wordCount\":302,\"publisher\":{\"@id\":\"https:\/\/experienciadevida.com.ar\/portalurbano\/#organization\"},\"articleSection\":[\"Ciudad\",\"Destacadas\"],\"inLanguage\":\"es\"},{\"@type\":\"WebPage\",\"@id\":\"https:\/\/experienciadevida.com.ar\/portalurbano\/el-puente-de-la-calle-hornos-llevara-el-nombre-de-florentina-gomez-miranda\/\",\"url\":\"https:\/\/experienciadevida.com.ar\/portalurbano\/el-puente-de-la-calle-hornos-llevara-el-nombre-de-florentina-gomez-miranda\/\",\"name\":\"Puente de la calle Hornos llevar\u00e1 el nombre de Florentina G\u00f3mez Miranda\",\"isPartOf\":{\"@id\":\"https:\/\/experienciadevida.com.ar\/portalurbano\/#website\"},\"datePublished\":\"2020-11-28T18:05:20+00:00\",\"dateModified\":\"2020-11-28T18:05:58+00:00\",\"description\":\"El puente petonal de la calle Hornos llevar\u00e1 el nombre de Florentina G\u00f3mez Miranda, proyecto impulsado por el radical Mart\u00edn Lastape.\",\"breadcrumb\":{\"@id\":\"https:\/\/experienciadevida.com.ar\/portalurbano\/el-puente-de-la-calle-hornos-llevara-el-nombre-de-florentina-gomez-miranda\/#breadcrumb\"},\"inLanguage\":\"es\",\"potentialAction\":[{\"@type\":\"ReadAction\",\"target\":[\"https:\/\/experienciadevida.com.ar\/portalurbano\/el-puente-de-la-calle-hornos-llevara-el-nombre-de-florentina-gomez-miranda\/\"]}]},{\"@type\":\"BreadcrumbList\",\"@id\":\"https:\/\/experienciadevida.com.ar\/portalurbano\/el-puente-de-la-calle-hornos-llevara-el-nombre-de-florentina-gomez-miranda\/#breadcrumb\",\"itemListElement\":[{\"@type\":\"ListItem\",\"position\":1,\"name\":\"Portada\",\"item\":\"https:\/\/experienciadevida.com.ar\/portalurbano\/\"},{\"@type\":\"ListItem\",\"position\":2,\"name\":\"El puente de la calle Hornos llevar\u00e1 el nombre de Florentina G\u00f3mez Miranda\"}]},{\"@type\":\"WebSite\",\"@id\":\"https:\/\/experienciadevida.com.ar\/portalurbano\/#website\",\"url\":\"https:\/\/experienciadevida.com.ar\/portalurbano\/\",\"name\":\"\",\"description\":\"\",\"publisher\":{\"@id\":\"https:\/\/experienciadevida.com.ar\/portalurbano\/#organization\"},\"potentialAction\":[{\"@type\":\"SearchAction\",\"target\":{\"@type\":\"EntryPoint\",\"urlTemplate\":\"https:\/\/experienciadevida.com.ar\/portalurbano\/?s={search_term_string}\"},\"query-input\":\"required name=search_term_string\"}],\"inLanguage\":\"es\"},{\"@type\":\"Organization\",\"@id\":\"https:\/\/experienciadevida.com.ar\/portalurbano\/#organization\",\"name\":\"Portal Urbano\",\"url\":\"https:\/\/experienciadevida.com.ar\/portalurbano\/\",\"logo\":{\"@type\":\"ImageObject\",\"inLanguage\":\"es\",\"@id\":\"https:\/\/experienciadevida.com.ar\/portalurbano\/#\/schema\/logo\/image\/\",\"url\":\"https:\/\/experienciadevida.com.ar\/portalurbano\/wp-content\/uploads\/2019\/09\/Logo-Original.png\",\"contentUrl\":\"https:\/\/experienciadevida.com.ar\/portalurbano\/wp-content\/uploads\/2019\/09\/Logo-Original.png\",\"width\":2236,\"height\":1216,\"caption\":\"Portal Urbano\"},\"image\":{\"@id\":\"https:\/\/experienciadevida.com.ar\/portalurbano\/#\/schema\/logo\/image\/\"},\"sameAs\":[\"https:\/\/www.facebook.com\/Portal-Urbano-171542830093757\/\",\"https:\/\/twitter.com\/portalurbanook\",\"https:\/\/www.instagram.com\/_portalurbano\/\",\"https:\/\/www.youtube.com\/channel\/UCXhagIfszH8KxFiOok79zbA?view_as=subscriber\"]},{\"@type\":\"Person\",\"@id\":\"https:\/\/experienciadevida.com.ar\/portalurbano\/#\/schema\/person\/02dd326b1c4b056e9cc972486934a3a7\",\"name\":\"admpu17wp\",\"image\":{\"@type\":\"ImageObject\",\"inLanguage\":\"es\",\"@id\":\"https:\/\/experienciadevida.com.ar\/portalurbano\/#\/schema\/person\/image\/\",\"url\":\"https:\/\/secure.gravatar.com\/avatar\/830d4c57adaae6630765e449a6908047?s=96&d=mm&r=g\",\"contentUrl\":\"https:\/\/secure.gravatar.com\/avatar\/830d4c57adaae6630765e449a6908047?s=96&d=mm&r=g\",\"caption\":\"admpu17wp\"}}]}<\/script>\n<!-- \/ Yoast SEO plugin. -->","yoast_head_json":{"title":"Puente de la calle Hornos llevar\u00e1 el nombre de Florentina G\u00f3mez Miranda","description":"El puente petonal de la calle Hornos llevar\u00e1 el nombre de Florentina G\u00f3mez Miranda, proyecto impulsado por el radical Mart\u00edn Lastape.","robots":{"index":"index","follow":"follow","max-snippet":"max-snippet:-1","max-image-preview":"max-image-preview:large","max-video-preview":"max-video-preview:-1"},"canonical":"https:\/\/experienciadevida.com.ar\/portalurbano\/el-puente-de-la-calle-hornos-llevara-el-nombre-de-florentina-gomez-miranda\/","og_locale":"es_ES","og_type":"article","og_title":"Puente de la calle Hornos llevar\u00e1 el nombre de Florentina G\u00f3mez Miranda","og_description":"El puente petonal de la calle Hornos llevar\u00e1 el nombre de Florentina G\u00f3mez Miranda, proyecto impulsado por el radical Mart\u00edn Lastape.","og_url":"https:\/\/experienciadevida.com.ar\/portalurbano\/el-puente-de-la-calle-hornos-llevara-el-nombre-de-florentina-gomez-miranda\/","article_publisher":"https:\/\/www.facebook.com\/Portal-Urbano-171542830093757\/","article_published_time":"2020-11-28T18:05:20+00:00","article_modified_time":"2020-11-28T18:05:58+00:00","og_image":[{"width":765,"height":510,"url":"https:\/\/experienciadevida.com.ar\/portalurbano\/wp-content\/uploads\/2020\/11\/Florentina-Gomez-Miranda.png","type":"image\/png"}],"author":"admpu17wp","twitter_card":"summary_large_image","twitter_creator":"@portalurbanook","twitter_site":"@portalurbanook","twitter_misc":{"Escrito por":"admpu17wp","Tiempo de lectura":"1 minuto"},"schema":{"@context":"https:\/\/schema.org","@graph":[{"@type":"Article","@id":"https:\/\/experienciadevida.com.ar\/portalurbano\/el-puente-de-la-calle-hornos-llevara-el-nombre-de-florentina-gomez-miranda\/#article","isPartOf":{"@id":"https:\/\/experienciadevida.com.ar\/portalurbano\/el-puente-de-la-calle-hornos-llevara-el-nombre-de-florentina-gomez-miranda\/"},"author":{"name":"admpu17wp","@id":"https:\/\/experienciadevida.com.ar\/portalurbano\/#\/schema\/person\/02dd326b1c4b056e9cc972486934a3a7"},"headline":"El puente de la calle Hornos llevar\u00e1 el nombre de Florentina G\u00f3mez Miranda","datePublished":"2020-11-28T18:05:20+00:00","dateModified":"2020-11-28T18:05:58+00:00","mainEntityOfPage":{"@id":"https:\/\/experienciadevida.com.ar\/portalurbano\/el-puente-de-la-calle-hornos-llevara-el-nombre-de-florentina-gomez-miranda\/"},"wordCount":302,"publisher":{"@id":"https:\/\/experienciadevida.com.ar\/portalurbano\/#organization"},"articleSection":["Ciudad","Destacadas"],"inLanguage":"es"},{"@type":"WebPage","@id":"https:\/\/experienciadevida.com.ar\/portalurbano\/el-puente-de-la-calle-hornos-llevara-el-nombre-de-florentina-gomez-miranda\/","url":"https:\/\/experienciadevida.com.ar\/portalurbano\/el-puente-de-la-calle-hornos-llevara-el-nombre-de-florentina-gomez-miranda\/","name":"Puente de la calle Hornos llevar\u00e1 el nombre de Florentina G\u00f3mez Miranda","isPartOf":{"@id":"https:\/\/experienciadevida.com.ar\/portalurbano\/#website"},"datePublished":"2020-11-28T18:05:20+00:00","dateModified":"2020-11-28T18:05:58+00:00","description":"El puente petonal de la calle Hornos llevar\u00e1 el nombre de Florentina G\u00f3mez Miranda, proyecto impulsado por el radical Mart\u00edn Lastape.","breadcrumb":{"@id":"https:\/\/experienciadevida.com.ar\/portalurbano\/el-puente-de-la-calle-hornos-llevara-el-nombre-de-florentina-gomez-miranda\/#breadcrumb"},"inLanguage":"es","potentialAction":[{"@type":"ReadAction","target":["https:\/\/experienciadevida.com.ar\/portalurbano\/el-puente-de-la-calle-hornos-llevara-el-nombre-de-florentina-gomez-miranda\/"]}]},{"@type":"BreadcrumbList","@id":"https:\/\/experienciadevida.com.ar\/portalurbano\/el-puente-de-la-calle-hornos-llevara-el-nombre-de-florentina-gomez-miranda\/#breadcrumb","itemListElement":[{"@type":"ListItem","position":1,"name":"Portada","item":"https:\/\/experienciadevida.com.ar\/portalurbano\/"},{"@type":"ListItem","position":2,"name":"El puente de la calle Hornos llevar\u00e1 el nombre de Florentina G\u00f3mez Miranda"}]},{"@type":"WebSite","@id":"https:\/\/experienciadevida.com.ar\/portalurbano\/#website","url":"https:\/\/experienciadevida.com.ar\/portalurbano\/","name":"","description":"","publisher":{"@id":"https:\/\/experienciadevida.com.ar\/portalurbano\/#organization"},"potentialAction":[{"@type":"SearchAction","target":{"@type":"EntryPoint","urlTemplate":"https:\/\/experienciadevida.com.ar\/portalurbano\/?s={search_term_string}"},"query-input":"required name=search_term_string"}],"inLanguage":"es"},{"@type":"Organization","@id":"https:\/\/experienciadevida.com.ar\/portalurbano\/#organization","name":"Portal Urbano","url":"https:\/\/experienciadevida.com.ar\/portalurbano\/","logo":{"@type":"ImageObject","inLanguage":"es","@id":"https:\/\/experienciadevida.com.ar\/portalurbano\/#\/schema\/logo\/image\/","url":"https:\/\/experienciadevida.com.ar\/portalurbano\/wp-content\/uploads\/2019\/09\/Logo-Original.png","contentUrl":"https:\/\/experienciadevida.com.ar\/portalurbano\/wp-content\/uploads\/2019\/09\/Logo-Original.png","width":2236,"height":1216,"caption":"Portal Urbano"},"image":{"@id":"https:\/\/experienciadevida.com.ar\/portalurbano\/#\/schema\/logo\/image\/"},"sameAs":["https:\/\/www.facebook.com\/Portal-Urbano-171542830093757\/","https:\/\/twitter.com\/portalurbanook","https:\/\/www.instagram.com\/_portalurbano\/","https:\/\/www.youtube.com\/channel\/UCXhagIfszH8KxFiOok79zbA?view_as=subscriber"]},{"@type":"Person","@id":"https:\/\/experienciadevida.com.ar\/portalurbano\/#\/schema\/person\/02dd326b1c4b056e9cc972486934a3a7","name":"admpu17wp","image":{"@type":"ImageObject","inLanguage":"es","@id":"https:\/\/experienciadevida.com.ar\/portalurbano\/#\/schema\/person\/image\/","url":"https:\/\/secure.gravatar.com\/avatar\/830d4c57adaae6630765e449a6908047?s=96&d=mm&r=g","contentUrl":"https:\/\/secure.gravatar.com\/avatar\/830d4c57adaae6630765e449a6908047?s=96&d=mm&r=g","caption":"admpu17wp"}}]}},"featured_image_urls":{"full":["https:\/\/experienciadevida.com.ar\/portalurbano\/wp-content\/uploads\/2020\/11\/Florentina-Gomez-Miranda.png",765,510,false],"thumbnail":["https:\/\/experienciadevida.com.ar\/portalurbano\/wp-content\/uploads\/2020\/11\/Florentina-Gomez-Miranda-150x150.png",150,150,true],"medium":["https:\/\/experienciadevida.com.ar\/portalurbano\/wp-content\/uploads\/2020\/11\/Florentina-Gomez-Miranda-300x200.png",300,200,true],"medium_large":["https:\/\/experienciadevida.com.ar\/portalurbano\/wp-content\/uploads\/2020\/11\/Florentina-Gomez-Miranda.png",640,427,false],"large":["https:\/\/experienciadevida.com.ar\/portalurbano\/wp-content\/uploads\/2020\/11\/Florentina-Gomez-Miranda.png",640,427,false],"ug_big":["https:\/\/experienciadevida.com.ar\/portalurbano\/wp-content\/uploads\/2020\/11\/Florentina-Gomez-Miranda.png",765,510,false],"1536x1536":["https:\/\/experienciadevida.com.ar\/portalurbano\/wp-content\/uploads\/2020\/11\/Florentina-Gomez-Miranda.png",765,510,false],"2048x2048":["https:\/\/experienciadevida.com.ar\/portalurbano\/wp-content\/uploads\/2020\/11\/Florentina-Gomez-Miranda.png",765,510,false],"newsever-slider-full":["https:\/\/experienciadevida.com.ar\/portalurbano\/wp-content\/uploads\/2020\/11\/Florentina-Gomez-Miranda.png",765,510,false],"newsever-featured":["https:\/\/experienciadevida.com.ar\/portalurbano\/wp-content\/uploads\/2020\/11\/Florentina-Gomez-Miranda.png",765,510,false],"newsever-medium":["https:\/\/experienciadevida.com.ar\/portalurbano\/wp-content\/uploads\/2020\/11\/Florentina-Gomez-Miranda.png",713,475,false],"web-stories-poster-portrait":["https:\/\/experienciadevida.com.ar\/portalurbano\/wp-content\/uploads\/2020\/11\/Florentina-Gomez-Miranda.png",640,427,false],"web-stories-publisher-logo":["https:\/\/experienciadevida.com.ar\/portalurbano\/wp-content\/uploads\/2020\/11\/Florentina-Gomez-Miranda.png",96,64,false],"web-stories-thumbnail":["https:\/\/experienciadevida.com.ar\/portalurbano\/wp-content\/uploads\/2020\/11\/Florentina-Gomez-Miranda.png",150,100,false]},"author_info":{"display_name":"admpu17wp","author_link":"https:\/\/experienciadevida.com.ar\/portalurbano\/author\/admpu17wp\/"},"category_info":"<a href=\"https:\/\/experienciadevida.com.ar\/portalurbano\/category\/ciudad\/\" rel=\"category tag\">Ciudad<\/a> <a href=\"https:\/\/experienciadevida.com.ar\/portalurbano\/category\/destacadas\/\" rel=\"category tag\">Destacadas<\/a>","tag_info":"Destacadas","comment_count":"0","amp_enabled":true,"_links":{"self":[{"href":"https:\/\/experienciadevida.com.ar\/portalurbano\/wp-json\/wp\/v2\/posts\/128531"}],"collection":[{"href":"https:\/\/experienciadevida.com.ar\/portalurbano\/wp-json\/wp\/v2\/posts"}],"about":[{"href":"https:\/\/experienciadevida.com.ar\/portalurbano\/wp-json\/wp\/v2\/types\/post"}],"author":[{"embeddable":true,"href":"https:\/\/experienciadevida.com.ar\/portalurbano\/wp-json\/wp\/v2\/users\/1"}],"replies":[{"embeddable":true,"href":"https:\/\/experienciadevida.com.ar\/portalurbano\/wp-json\/wp\/v2\/comments?post=128531"}],"version-history":[{"count":2,"href":"https:\/\/experienciadevida.com.ar\/portalurbano\/wp-json\/wp\/v2\/posts\/128531\/revisions"}],"predecessor-version":[{"id":128534,"href":"https:\/\/experienciadevida.com.ar\/portalurbano\/wp-json\/wp\/v2\/posts\/128531\/revisions\/128534"}],"wp:featuredmedia":[{"embeddable":true,"href":"https:\/\/experienciadevida.com.ar\/portalurbano\/wp-json\/wp\/v2\/media\/128532"}],"wp:attachment":[{"href":"https:\/\/experienciadevida.com.ar\/portalurbano\/wp-json\/wp\/v2\/media?parent=128531"}],"wp:term":[{"taxonomy":"category","embeddable":true,"href":"https:\/\/experienciadevida.com.ar\/portalurbano\/wp-json\/wp\/v2\/categories?post=128531"},{"taxonomy":"post_tag","embeddable":true,"href":"https:\/\/experienciadevida.com.ar\/portalurbano\/wp-json\/wp\/v2\/tags?post=128531"}],"curies":[{"name":"wp","href":"https:\/\/api.w.org\/{rel}","templated":true}]}}