{"id":128467,"date":"2020-11-27T14:22:07","date_gmt":"2020-11-27T17:22:07","guid":{"rendered":"https:\/\/experienciadevida.com.ar\/portalurbano\/?p=128467"},"modified":"2020-11-27T14:26:51","modified_gmt":"2020-11-27T17:26:51","slug":"pedido-de-justicia-la-mama-de-enzo-marconi-participara-de-una-movilizacion-en-bs-as","status":"publish","type":"post","link":"https:\/\/experienciadevida.com.ar\/portalurbano\/pedido-de-justicia-la-mama-de-enzo-marconi-participara-de-una-movilizacion-en-bs-as\/","title":{"rendered":"Pedido de justicia: La mam\u00e1 de Enzo Marconi participara de una movilizaci\u00f3n en Bs.As"},"content":{"rendered":"<p>Este viernes, <a href=\"https:\/\/www.facebook.com\/yesica.salguero.1\">Yesica Salguero<\/a> la mam\u00e1 de Enzo Marconi se comunic\u00f3 con este medio para expresar su emoci\u00f3n tras enterarse que participar\u00e1 de una movilizaci\u00f3n en el Congreso en la ciudad de Buenos Aires, para pedir justicia.<\/p>\n<p>La movilizaci\u00f3n ser\u00e1 el 4 de diciembre y de la misma participar\u00e1n diferentes organizaciones como &#8220;la Matanza duele&#8221;,\u00a0 y la mam\u00e1 de Fernando Baez.<\/p>\n<p>Yesica mencion\u00f3 &#8220;<em>nos unimos todos en un solo grito de justicia, hay casos de mujeres y varones, no hay diferencia s\u00f3lo el dolor de las madres a quienes nos arrebataron nuestros hijos&#8221;.<\/em><\/p>\n<p><em>&#8220;Voy sola y con todo el dolor del mundo, voy con mi bandera y la foto de Enzo. Mis hijos de coraz\u00f3n no pueden viajar pero me acompa\u00f1an desde ac\u00e1&#8221;<\/em>, mencion\u00f3 emocionada.<\/p>\n<p>Recordemos que el joven de 15 a\u00f1os falleci\u00f3 el 9 de febrero de este a\u00f1o, en el barrio Jard\u00edn cuando recibi\u00f3 un disparo en el abdomen que le provoc\u00f3 la muerte luego de ser trasladado con urgencia hacia el Hospital.<\/p>\n<p>Desde all\u00ed la familia pide incansablemente justicia.<\/p>\n","protected":false},"excerpt":{"rendered":"<p>Este viernes, Yesica Salguero la mam\u00e1 de Enzo Marconi se comunic\u00f3 con este medio para&#8230;<\/p>\n","protected":false},"author":1,"featured_media":126735,"comment_status":"closed","ping_status":"closed","sticky":false,"template":"","format":"standard","meta":{"content-type":""},"categories":[27,51],"tags":[],"nelio_content":{"isAutoShareEnabled":false,"autoShareEndMode":"default","automationSources":{"useContentSentences":true,"useSocialTemplates":true,"useCustomSentences":false,"customSentences":[]},"followers":[1],"suggestedReferences":[],"includedReferences":[],"efiUrl":"","efiAlt":"","highlights":[]},"yoast_head":"<!-- This site is optimized with the Yoast SEO plugin v20.7 - https:\/\/yoast.com\/wordpress\/plugins\/seo\/ -->\n<title>Pedido de justicia: Yesica Salguero participara de una movilizacion<\/title>\n<meta name=\"description\" content=\"La mam\u00e1 de Enzo Marconi participar\u00e1 de una movilizaci\u00f3n para un pedido de justicia en la ciudad de Buenos Aires acompa\u00f1ada de organizaciones\" \/>\n<meta name=\"robots\" content=\"index, follow, max-snippet:-1, max-image-preview:large, max-video-preview:-1\" \/>\n<link rel=\"canonical\" href=\"https:\/\/experienciadevida.com.ar\/portalurbano\/pedido-de-justicia-la-mama-de-enzo-marconi-participara-de-una-movilizacion-en-bs-as\/\" \/>\n<meta property=\"og:locale\" content=\"es_ES\" \/>\n<meta property=\"og:type\" content=\"article\" \/>\n<meta property=\"og:title\" content=\"Pedido de justicia: Yesica Salguero participara de una movilizacion\" \/>\n<meta property=\"og:description\" content=\"La mam\u00e1 de Enzo Marconi participar\u00e1 de una movilizaci\u00f3n para un pedido de justicia en la ciudad de Buenos Aires acompa\u00f1ada de organizaciones\" \/>\n<meta property=\"og:url\" content=\"https:\/\/experienciadevida.com.ar\/portalurbano\/pedido-de-justicia-la-mama-de-enzo-marconi-participara-de-una-movilizacion-en-bs-as\/\" \/>\n<meta property=\"article:publisher\" content=\"https:\/\/www.facebook.com\/Portal-Urbano-171542830093757\/\" \/>\n<meta property=\"article:published_time\" content=\"2020-11-27T17:22:07+00:00\" \/>\n<meta property=\"article:modified_time\" content=\"2020-11-27T17:26:51+00:00\" \/>\n<meta property=\"og:image\" content=\"https:\/\/experienciadevida.com.ar\/portalurbano\/wp-content\/uploads\/2020\/11\/Enzo4.jpg\" \/>\n\t<meta property=\"og:image:width\" content=\"765\" \/>\n\t<meta property=\"og:image:height\" content=\"455\" \/>\n\t<meta property=\"og:image:type\" content=\"image\/jpeg\" \/>\n<meta name=\"author\" content=\"admpu17wp\" \/>\n<meta name=\"twitter:card\" content=\"summary_large_image\" \/>\n<meta name=\"twitter:creator\" content=\"@portalurbanook\" \/>\n<meta name=\"twitter:site\" content=\"@portalurbanook\" \/>\n<meta name=\"twitter:label1\" content=\"Escrito por\" \/>\n\t<meta name=\"twitter:data1\" content=\"admpu17wp\" \/>\n\t<meta name=\"twitter:label2\" content=\"Tiempo de lectura\" \/>\n\t<meta name=\"twitter:data2\" content=\"1 minuto\" \/>\n<script type=\"application\/ld+json\" class=\"yoast-schema-graph\">{\"@context\":\"https:\/\/schema.org\",\"@graph\":[{\"@type\":\"Article\",\"@id\":\"https:\/\/experienciadevida.com.ar\/portalurbano\/pedido-de-justicia-la-mama-de-enzo-marconi-participara-de-una-movilizacion-en-bs-as\/#article\",\"isPartOf\":{\"@id\":\"https:\/\/experienciadevida.com.ar\/portalurbano\/pedido-de-justicia-la-mama-de-enzo-marconi-participara-de-una-movilizacion-en-bs-as\/\"},\"author\":{\"name\":\"admpu17wp\",\"@id\":\"https:\/\/experienciadevida.com.ar\/portalurbano\/#\/schema\/person\/02dd326b1c4b056e9cc972486934a3a7\"},\"headline\":\"Pedido de justicia: La mam\u00e1 de Enzo Marconi participara de una movilizaci\u00f3n en Bs.As\",\"datePublished\":\"2020-11-27T17:22:07+00:00\",\"dateModified\":\"2020-11-27T17:26:51+00:00\",\"mainEntityOfPage\":{\"@id\":\"https:\/\/experienciadevida.com.ar\/portalurbano\/pedido-de-justicia-la-mama-de-enzo-marconi-participara-de-una-movilizacion-en-bs-as\/\"},\"wordCount\":195,\"publisher\":{\"@id\":\"https:\/\/experienciadevida.com.ar\/portalurbano\/#organization\"},\"articleSection\":[\"Ciudad\",\"Destacadas\"],\"inLanguage\":\"es\"},{\"@type\":\"WebPage\",\"@id\":\"https:\/\/experienciadevida.com.ar\/portalurbano\/pedido-de-justicia-la-mama-de-enzo-marconi-participara-de-una-movilizacion-en-bs-as\/\",\"url\":\"https:\/\/experienciadevida.com.ar\/portalurbano\/pedido-de-justicia-la-mama-de-enzo-marconi-participara-de-una-movilizacion-en-bs-as\/\",\"name\":\"Pedido de justicia: Yesica Salguero participara de una movilizacion\",\"isPartOf\":{\"@id\":\"https:\/\/experienciadevida.com.ar\/portalurbano\/#website\"},\"datePublished\":\"2020-11-27T17:22:07+00:00\",\"dateModified\":\"2020-11-27T17:26:51+00:00\",\"description\":\"La mam\u00e1 de Enzo Marconi participar\u00e1 de una movilizaci\u00f3n para un pedido de justicia en la ciudad de Buenos Aires acompa\u00f1ada de organizaciones\",\"breadcrumb\":{\"@id\":\"https:\/\/experienciadevida.com.ar\/portalurbano\/pedido-de-justicia-la-mama-de-enzo-marconi-participara-de-una-movilizacion-en-bs-as\/#breadcrumb\"},\"inLanguage\":\"es\",\"potentialAction\":[{\"@type\":\"ReadAction\",\"target\":[\"https:\/\/experienciadevida.com.ar\/portalurbano\/pedido-de-justicia-la-mama-de-enzo-marconi-participara-de-una-movilizacion-en-bs-as\/\"]}]},{\"@type\":\"BreadcrumbList\",\"@id\":\"https:\/\/experienciadevida.com.ar\/portalurbano\/pedido-de-justicia-la-mama-de-enzo-marconi-participara-de-una-movilizacion-en-bs-as\/#breadcrumb\",\"itemListElement\":[{\"@type\":\"ListItem\",\"position\":1,\"name\":\"Portada\",\"item\":\"https:\/\/experienciadevida.com.ar\/portalurbano\/\"},{\"@type\":\"ListItem\",\"position\":2,\"name\":\"Pedido de justicia: La mam\u00e1 de Enzo Marconi participara de una movilizaci\u00f3n en Bs.As\"}]},{\"@type\":\"WebSite\",\"@id\":\"https:\/\/experienciadevida.com.ar\/portalurbano\/#website\",\"url\":\"https:\/\/experienciadevida.com.ar\/portalurbano\/\",\"name\":\"\",\"description\":\"\",\"publisher\":{\"@id\":\"https:\/\/experienciadevida.com.ar\/portalurbano\/#organization\"},\"potentialAction\":[{\"@type\":\"SearchAction\",\"target\":{\"@type\":\"EntryPoint\",\"urlTemplate\":\"https:\/\/experienciadevida.com.ar\/portalurbano\/?s={search_term_string}\"},\"query-input\":\"required name=search_term_string\"}],\"inLanguage\":\"es\"},{\"@type\":\"Organization\",\"@id\":\"https:\/\/experienciadevida.com.ar\/portalurbano\/#organization\",\"name\":\"Portal Urbano\",\"url\":\"https:\/\/experienciadevida.com.ar\/portalurbano\/\",\"logo\":{\"@type\":\"ImageObject\",\"inLanguage\":\"es\",\"@id\":\"https:\/\/experienciadevida.com.ar\/portalurbano\/#\/schema\/logo\/image\/\",\"url\":\"https:\/\/experienciadevida.com.ar\/portalurbano\/wp-content\/uploads\/2019\/09\/Logo-Original.png\",\"contentUrl\":\"https:\/\/experienciadevida.com.ar\/portalurbano\/wp-content\/uploads\/2019\/09\/Logo-Original.png\",\"width\":2236,\"height\":1216,\"caption\":\"Portal Urbano\"},\"image\":{\"@id\":\"https:\/\/experienciadevida.com.ar\/portalurbano\/#\/schema\/logo\/image\/\"},\"sameAs\":[\"https:\/\/www.facebook.com\/Portal-Urbano-171542830093757\/\",\"https:\/\/twitter.com\/portalurbanook\",\"https:\/\/www.instagram.com\/_portalurbano\/\",\"https:\/\/www.youtube.com\/channel\/UCXhagIfszH8KxFiOok79zbA?view_as=subscriber\"]},{\"@type\":\"Person\",\"@id\":\"https:\/\/experienciadevida.com.ar\/portalurbano\/#\/schema\/person\/02dd326b1c4b056e9cc972486934a3a7\",\"name\":\"admpu17wp\",\"image\":{\"@type\":\"ImageObject\",\"inLanguage\":\"es\",\"@id\":\"https:\/\/experienciadevida.com.ar\/portalurbano\/#\/schema\/person\/image\/\",\"url\":\"https:\/\/secure.gravatar.com\/avatar\/830d4c57adaae6630765e449a6908047?s=96&d=mm&r=g\",\"contentUrl\":\"https:\/\/secure.gravatar.com\/avatar\/830d4c57adaae6630765e449a6908047?s=96&d=mm&r=g\",\"caption\":\"admpu17wp\"}}]}<\/script>\n<!-- \/ Yoast SEO plugin. -->","yoast_head_json":{"title":"Pedido de justicia: Yesica Salguero participara de una movilizacion","description":"La mam\u00e1 de Enzo Marconi participar\u00e1 de una movilizaci\u00f3n para un pedido de justicia en la ciudad de Buenos Aires acompa\u00f1ada de organizaciones","robots":{"index":"index","follow":"follow","max-snippet":"max-snippet:-1","max-image-preview":"max-image-preview:large","max-video-preview":"max-video-preview:-1"},"canonical":"https:\/\/experienciadevida.com.ar\/portalurbano\/pedido-de-justicia-la-mama-de-enzo-marconi-participara-de-una-movilizacion-en-bs-as\/","og_locale":"es_ES","og_type":"article","og_title":"Pedido de justicia: Yesica Salguero participara de una movilizacion","og_description":"La mam\u00e1 de Enzo Marconi participar\u00e1 de una movilizaci\u00f3n para un pedido de justicia en la ciudad de Buenos Aires acompa\u00f1ada de organizaciones","og_url":"https:\/\/experienciadevida.com.ar\/portalurbano\/pedido-de-justicia-la-mama-de-enzo-marconi-participara-de-una-movilizacion-en-bs-as\/","article_publisher":"https:\/\/www.facebook.com\/Portal-Urbano-171542830093757\/","article_published_time":"2020-11-27T17:22:07+00:00","article_modified_time":"2020-11-27T17:26:51+00:00","og_image":[{"width":765,"height":455,"url":"https:\/\/experienciadevida.com.ar\/portalurbano\/wp-content\/uploads\/2020\/11\/Enzo4.jpg","type":"image\/jpeg"}],"author":"admpu17wp","twitter_card":"summary_large_image","twitter_creator":"@portalurbanook","twitter_site":"@portalurbanook","twitter_misc":{"Escrito por":"admpu17wp","Tiempo de lectura":"1 minuto"},"schema":{"@context":"https:\/\/schema.org","@graph":[{"@type":"Article","@id":"https:\/\/experienciadevida.com.ar\/portalurbano\/pedido-de-justicia-la-mama-de-enzo-marconi-participara-de-una-movilizacion-en-bs-as\/#article","isPartOf":{"@id":"https:\/\/experienciadevida.com.ar\/portalurbano\/pedido-de-justicia-la-mama-de-enzo-marconi-participara-de-una-movilizacion-en-bs-as\/"},"author":{"name":"admpu17wp","@id":"https:\/\/experienciadevida.com.ar\/portalurbano\/#\/schema\/person\/02dd326b1c4b056e9cc972486934a3a7"},"headline":"Pedido de justicia: La mam\u00e1 de Enzo Marconi participara de una movilizaci\u00f3n en Bs.As","datePublished":"2020-11-27T17:22:07+00:00","dateModified":"2020-11-27T17:26:51+00:00","mainEntityOfPage":{"@id":"https:\/\/experienciadevida.com.ar\/portalurbano\/pedido-de-justicia-la-mama-de-enzo-marconi-participara-de-una-movilizacion-en-bs-as\/"},"wordCount":195,"publisher":{"@id":"https:\/\/experienciadevida.com.ar\/portalurbano\/#organization"},"articleSection":["Ciudad","Destacadas"],"inLanguage":"es"},{"@type":"WebPage","@id":"https:\/\/experienciadevida.com.ar\/portalurbano\/pedido-de-justicia-la-mama-de-enzo-marconi-participara-de-una-movilizacion-en-bs-as\/","url":"https:\/\/experienciadevida.com.ar\/portalurbano\/pedido-de-justicia-la-mama-de-enzo-marconi-participara-de-una-movilizacion-en-bs-as\/","name":"Pedido de justicia: Yesica Salguero participara de una movilizacion","isPartOf":{"@id":"https:\/\/experienciadevida.com.ar\/portalurbano\/#website"},"datePublished":"2020-11-27T17:22:07+00:00","dateModified":"2020-11-27T17:26:51+00:00","description":"La mam\u00e1 de Enzo Marconi participar\u00e1 de una movilizaci\u00f3n para un pedido de justicia en la ciudad de Buenos Aires acompa\u00f1ada de organizaciones","breadcrumb":{"@id":"https:\/\/experienciadevida.com.ar\/portalurbano\/pedido-de-justicia-la-mama-de-enzo-marconi-participara-de-una-movilizacion-en-bs-as\/#breadcrumb"},"inLanguage":"es","potentialAction":[{"@type":"ReadAction","target":["https:\/\/experienciadevida.com.ar\/portalurbano\/pedido-de-justicia-la-mama-de-enzo-marconi-participara-de-una-movilizacion-en-bs-as\/"]}]},{"@type":"BreadcrumbList","@id":"https:\/\/experienciadevida.com.ar\/portalurbano\/pedido-de-justicia-la-mama-de-enzo-marconi-participara-de-una-movilizacion-en-bs-as\/#breadcrumb","itemListElement":[{"@type":"ListItem","position":1,"name":"Portada","item":"https:\/\/experienciadevida.com.ar\/portalurbano\/"},{"@type":"ListItem","position":2,"name":"Pedido de justicia: La mam\u00e1 de Enzo Marconi participara de una movilizaci\u00f3n en Bs.As"}]},{"@type":"WebSite","@id":"https:\/\/experienciadevida.com.ar\/portalurbano\/#website","url":"https:\/\/experienciadevida.com.ar\/portalurbano\/","name":"","description":"","publisher":{"@id":"https:\/\/experienciadevida.com.ar\/portalurbano\/#organization"},"potentialAction":[{"@type":"SearchAction","target":{"@type":"EntryPoint","urlTemplate":"https:\/\/experienciadevida.com.ar\/portalurbano\/?s={search_term_string}"},"query-input":"required name=search_term_string"}],"inLanguage":"es"},{"@type":"Organization","@id":"https:\/\/experienciadevida.com.ar\/portalurbano\/#organization","name":"Portal Urbano","url":"https:\/\/experienciadevida.com.ar\/portalurbano\/","logo":{"@type":"ImageObject","inLanguage":"es","@id":"https:\/\/experienciadevida.com.ar\/portalurbano\/#\/schema\/logo\/image\/","url":"https:\/\/experienciadevida.com.ar\/portalurbano\/wp-content\/uploads\/2019\/09\/Logo-Original.png","contentUrl":"https:\/\/experienciadevida.com.ar\/portalurbano\/wp-content\/uploads\/2019\/09\/Logo-Original.png","width":2236,"height":1216,"caption":"Portal Urbano"},"image":{"@id":"https:\/\/experienciadevida.com.ar\/portalurbano\/#\/schema\/logo\/image\/"},"sameAs":["https:\/\/www.facebook.com\/Portal-Urbano-171542830093757\/","https:\/\/twitter.com\/portalurbanook","https:\/\/www.instagram.com\/_portalurbano\/","https:\/\/www.youtube.com\/channel\/UCXhagIfszH8KxFiOok79zbA?view_as=subscriber"]},{"@type":"Person","@id":"https:\/\/experienciadevida.com.ar\/portalurbano\/#\/schema\/person\/02dd326b1c4b056e9cc972486934a3a7","name":"admpu17wp","image":{"@type":"ImageObject","inLanguage":"es","@id":"https:\/\/experienciadevida.com.ar\/portalurbano\/#\/schema\/person\/image\/","url":"https:\/\/secure.gravatar.com\/avatar\/830d4c57adaae6630765e449a6908047?s=96&d=mm&r=g","contentUrl":"https:\/\/secure.gravatar.com\/avatar\/830d4c57adaae6630765e449a6908047?s=96&d=mm&r=g","caption":"admpu17wp"}}]}},"featured_image_urls":{"full":["https:\/\/experienciadevida.com.ar\/portalurbano\/wp-content\/uploads\/2020\/11\/Enzo4.jpg",765,455,false],"thumbnail":["https:\/\/experienciadevida.com.ar\/portalurbano\/wp-content\/uploads\/2020\/11\/Enzo4-150x150.jpg",150,150,true],"medium":["https:\/\/experienciadevida.com.ar\/portalurbano\/wp-content\/uploads\/2020\/11\/Enzo4-300x178.jpg",300,178,true],"medium_large":["https:\/\/experienciadevida.com.ar\/portalurbano\/wp-content\/uploads\/2020\/11\/Enzo4.jpg",640,381,false],"large":["https:\/\/experienciadevida.com.ar\/portalurbano\/wp-content\/uploads\/2020\/11\/Enzo4.jpg",640,381,false],"ug_big":["https:\/\/experienciadevida.com.ar\/portalurbano\/wp-content\/uploads\/2020\/11\/Enzo4.jpg",765,455,false],"1536x1536":["https:\/\/experienciadevida.com.ar\/portalurbano\/wp-content\/uploads\/2020\/11\/Enzo4.jpg",765,455,false],"2048x2048":["https:\/\/experienciadevida.com.ar\/portalurbano\/wp-content\/uploads\/2020\/11\/Enzo4.jpg",765,455,false],"newsever-slider-full":["https:\/\/experienciadevida.com.ar\/portalurbano\/wp-content\/uploads\/2020\/11\/Enzo4.jpg",765,455,false],"newsever-featured":["https:\/\/experienciadevida.com.ar\/portalurbano\/wp-content\/uploads\/2020\/11\/Enzo4.jpg",765,455,false],"newsever-medium":["https:\/\/experienciadevida.com.ar\/portalurbano\/wp-content\/uploads\/2020\/11\/Enzo4.jpg",720,428,false],"web-stories-poster-portrait":["https:\/\/experienciadevida.com.ar\/portalurbano\/wp-content\/uploads\/2020\/11\/Enzo4.jpg",640,381,false],"web-stories-publisher-logo":["https:\/\/experienciadevida.com.ar\/portalurbano\/wp-content\/uploads\/2020\/11\/Enzo4.jpg",96,57,false],"web-stories-thumbnail":["https:\/\/experienciadevida.com.ar\/portalurbano\/wp-content\/uploads\/2020\/11\/Enzo4.jpg",150,89,false]},"author_info":{"display_name":"admpu17wp","author_link":"https:\/\/experienciadevida.com.ar\/portalurbano\/author\/admpu17wp\/"},"category_info":"<a href=\"https:\/\/experienciadevida.com.ar\/portalurbano\/category\/ciudad\/\" rel=\"category tag\">Ciudad<\/a> <a href=\"https:\/\/experienciadevida.com.ar\/portalurbano\/category\/destacadas\/\" rel=\"category tag\">Destacadas<\/a>","tag_info":"Destacadas","comment_count":"0","amp_enabled":true,"_links":{"self":[{"href":"https:\/\/experienciadevida.com.ar\/portalurbano\/wp-json\/wp\/v2\/posts\/128467"}],"collection":[{"href":"https:\/\/experienciadevida.com.ar\/portalurbano\/wp-json\/wp\/v2\/posts"}],"about":[{"href":"https:\/\/experienciadevida.com.ar\/portalurbano\/wp-json\/wp\/v2\/types\/post"}],"author":[{"embeddable":true,"href":"https:\/\/experienciadevida.com.ar\/portalurbano\/wp-json\/wp\/v2\/users\/1"}],"replies":[{"embeddable":true,"href":"https:\/\/experienciadevida.com.ar\/portalurbano\/wp-json\/wp\/v2\/comments?post=128467"}],"version-history":[{"count":5,"href":"https:\/\/experienciadevida.com.ar\/portalurbano\/wp-json\/wp\/v2\/posts\/128467\/revisions"}],"predecessor-version":[{"id":128472,"href":"https:\/\/experienciadevida.com.ar\/portalurbano\/wp-json\/wp\/v2\/posts\/128467\/revisions\/128472"}],"wp:featuredmedia":[{"embeddable":true,"href":"https:\/\/experienciadevida.com.ar\/portalurbano\/wp-json\/wp\/v2\/media\/126735"}],"wp:attachment":[{"href":"https:\/\/experienciadevida.com.ar\/portalurbano\/wp-json\/wp\/v2\/media?parent=128467"}],"wp:term":[{"taxonomy":"category","embeddable":true,"href":"https:\/\/experienciadevida.com.ar\/portalurbano\/wp-json\/wp\/v2\/categories?post=128467"},{"taxonomy":"post_tag","embeddable":true,"href":"https:\/\/experienciadevida.com.ar\/portalurbano\/wp-json\/wp\/v2\/tags?post=128467"}],"curies":[{"name":"wp","href":"https:\/\/api.w.org\/{rel}","templated":true}]}}