{"id":128382,"date":"2020-11-26T14:01:57","date_gmt":"2020-11-26T17:01:57","guid":{"rendered":"https:\/\/experienciadevida.com.ar\/portalurbano\/?p=128382"},"modified":"2020-11-26T14:05:28","modified_gmt":"2020-11-26T17:05:28","slug":"se-aprobo-el-proyecto-para-que-las-delegaciones-cuenten-con-presupuesto-propio","status":"publish","type":"post","link":"https:\/\/experienciadevida.com.ar\/portalurbano\/se-aprobo-el-proyecto-para-que-las-delegaciones-cuenten-con-presupuesto-propio\/","title":{"rendered":"Se aprob\u00f3 el proyecto para que las delegaciones cuenten con presupuesto propio"},"content":{"rendered":"<p>En la sesi\u00f3n del <a href=\"https:\/\/www.youtube.com\/watch?v=pjRnr7E_kHw\">HCD<\/a> del d\u00eda de hoy, fue aprobado el proyecto propuesto por el <a href=\"https:\/\/www.facebook.com\/comiteradicalolavarria\">Bloque de la UCR<\/a>, para que las Delegaciones cuenten con un presupuesto propio proveniente de un porcentaje de lo recaudado a partir de la Tasa por Servicios Urbanos y Suburbanos en cada Localidad.<\/p>\n<p>Este proyecto, trabajado y pensado por nuestros equipos t\u00e9cnicos, surge luego de escuchar a Delegados, quienes daban cuenta de que una de las principales necesidades que tienen es la imposibilidad de contar con un m\u00ednimo presupuesto para dar respuesta a las demandas diarias que les presenta su comunidad.<\/p>\n<p>Creemos que adem\u00e1s de que los Delegados puedan ser elegidos por sus\u00a0 vecinos, es necesario brindarles herramientas para poder desarrollar sus funciones. Es necesario escuchar y atender en forma m\u00e1s eficaz las necesidades que all\u00ed se presentan, y darle a sus representantes la posibilidad de atender y gestionar con cierta autonom\u00eda, sin necesidad de que todas las decisiones se centralicen en el municipio.<\/p>\n<p>Seg\u00fan palabras del Concejal <a href=\"https:\/\/www.facebook.com\/profile.php?id=100017167698150\">Mart\u00edn Lastape<\/a>: \u201c<em>En la actualidad las localidades se encuentran incluidas en el presupuesto municipal, pero es fundamental implementar mecanismos para que cuenten con un presupuesto que les permita cierto grado de independencia econ\u00f3mica y puedan generar pol\u00edticas de desarrollo que acompa\u00f1en a mejorar la calidad de vida de sus vecinos\u201d<\/em><\/p>\n<p><a href=\"https:\/\/www.facebook.com\/profile.php?id=100007893631738\">Francisco Gonzalez<\/a>, Presidente de la UCR Olavarr\u00eda, agreg\u00f3: <em>\u201cEs un m\u00ednimo acompa\u00f1amiento a las localidades, y que\u00a0 vecinos vean reflejado que lo que aportan mediante el pago de impuestos tiene una repercusi\u00f3n inmediata en sus localidades. Seguiremos trabajando para que cada uno de los pueblos que componen el Partido de Olavarr\u00eda tenga el reconocimiento acorde y en una condici\u00f3n de igualdad con la ciudad cabecera\u201d.<\/em><\/p>\n<p><a href=\"https:\/\/experienciadevida.com.ar\/portalurbano\/se-aprobo-el-proyecto-para-que-las-delegaciones-cuenten-con-presupuesto-propio\/44118714_308778046382914_7905133684791967744_o-1\/\" rel=\"attachment wp-att-128386\"><img decoding=\"async\" class=\"alignnone size-full wp-image-128386\" src=\"https:\/\/experienciadevida.com.ar\/portalurbano\/wp-content\/uploads\/2020\/11\/44118714_308778046382914_7905133684791967744_o-1.jpg\" alt=\"\" width=\"800\" height=\"448\" srcset=\"https:\/\/experienciadevida.com.ar\/portalurbano\/wp-content\/uploads\/2020\/11\/44118714_308778046382914_7905133684791967744_o-1.jpg 800w, https:\/\/experienciadevida.com.ar\/portalurbano\/wp-content\/uploads\/2020\/11\/44118714_308778046382914_7905133684791967744_o-1-300x168.jpg 300w, https:\/\/experienciadevida.com.ar\/portalurbano\/wp-content\/uploads\/2020\/11\/44118714_308778046382914_7905133684791967744_o-1-768x430.jpg 768w\" sizes=\"(max-width: 800px) 100vw, 800px\" \/><\/a><\/p>\n","protected":false},"excerpt":{"rendered":"<p>En la sesi\u00f3n del HCD del d\u00eda de hoy, fue aprobado el proyecto propuesto por&#8230;<\/p>\n","protected":false},"author":1,"featured_media":128383,"comment_status":"closed","ping_status":"closed","sticky":false,"template":"","format":"standard","meta":{"content-type":""},"categories":[27,51],"tags":[],"nelio_content":{"isAutoShareEnabled":false,"autoShareEndMode":"default","automationSources":{"useContentSentences":true,"useSocialTemplates":true,"useCustomSentences":false,"customSentences":[]},"followers":[1],"suggestedReferences":[],"includedReferences":["https:\/\/www.youtube.com\/watch?v=pjRnr7E_kHw"],"efiUrl":"","efiAlt":"","highlights":[]},"yoast_head":"<!-- This site is optimized with the Yoast SEO plugin v20.7 - https:\/\/yoast.com\/wordpress\/plugins\/seo\/ -->\n<title>Proyecto para que las delegaciones cuenten con presupuesto propio<\/title>\n<meta name=\"description\" content=\"En la sesi\u00f3n, fue aprobado el proyecto propuesto por el Bloque de la UCR, para que las Delegaciones cuenten con un presupuesto propio\" \/>\n<meta name=\"robots\" content=\"index, follow, max-snippet:-1, max-image-preview:large, max-video-preview:-1\" \/>\n<link rel=\"canonical\" href=\"https:\/\/experienciadevida.com.ar\/portalurbano\/se-aprobo-el-proyecto-para-que-las-delegaciones-cuenten-con-presupuesto-propio\/\" \/>\n<meta property=\"og:locale\" content=\"es_ES\" \/>\n<meta property=\"og:type\" content=\"article\" \/>\n<meta property=\"og:title\" content=\"Proyecto para que las delegaciones cuenten con presupuesto propio\" \/>\n<meta property=\"og:description\" content=\"En la sesi\u00f3n, fue aprobado el proyecto propuesto por el Bloque de la UCR, para que las Delegaciones cuenten con un presupuesto propio\" \/>\n<meta property=\"og:url\" content=\"https:\/\/experienciadevida.com.ar\/portalurbano\/se-aprobo-el-proyecto-para-que-las-delegaciones-cuenten-con-presupuesto-propio\/\" \/>\n<meta property=\"article:publisher\" content=\"https:\/\/www.facebook.com\/Portal-Urbano-171542830093757\/\" \/>\n<meta property=\"article:published_time\" content=\"2020-11-26T17:01:57+00:00\" \/>\n<meta property=\"article:modified_time\" content=\"2020-11-26T17:05:28+00:00\" \/>\n<meta property=\"og:image\" content=\"https:\/\/experienciadevida.com.ar\/portalurbano\/wp-content\/uploads\/2020\/11\/Delegaciones.jpeg\" \/>\n\t<meta property=\"og:image:width\" content=\"765\" \/>\n\t<meta property=\"og:image:height\" content=\"510\" \/>\n\t<meta property=\"og:image:type\" content=\"image\/jpeg\" \/>\n<meta name=\"author\" content=\"admpu17wp\" \/>\n<meta name=\"twitter:card\" content=\"summary_large_image\" \/>\n<meta name=\"twitter:creator\" content=\"@portalurbanook\" \/>\n<meta name=\"twitter:site\" content=\"@portalurbanook\" \/>\n<meta name=\"twitter:label1\" content=\"Escrito por\" \/>\n\t<meta name=\"twitter:data1\" content=\"admpu17wp\" \/>\n\t<meta name=\"twitter:label2\" content=\"Tiempo de lectura\" \/>\n\t<meta name=\"twitter:data2\" content=\"1 minuto\" \/>\n<script type=\"application\/ld+json\" class=\"yoast-schema-graph\">{\"@context\":\"https:\/\/schema.org\",\"@graph\":[{\"@type\":\"Article\",\"@id\":\"https:\/\/experienciadevida.com.ar\/portalurbano\/se-aprobo-el-proyecto-para-que-las-delegaciones-cuenten-con-presupuesto-propio\/#article\",\"isPartOf\":{\"@id\":\"https:\/\/experienciadevida.com.ar\/portalurbano\/se-aprobo-el-proyecto-para-que-las-delegaciones-cuenten-con-presupuesto-propio\/\"},\"author\":{\"name\":\"admpu17wp\",\"@id\":\"https:\/\/experienciadevida.com.ar\/portalurbano\/#\/schema\/person\/02dd326b1c4b056e9cc972486934a3a7\"},\"headline\":\"Se aprob\u00f3 el proyecto para que las delegaciones cuenten con presupuesto propio\",\"datePublished\":\"2020-11-26T17:01:57+00:00\",\"dateModified\":\"2020-11-26T17:05:28+00:00\",\"mainEntityOfPage\":{\"@id\":\"https:\/\/experienciadevida.com.ar\/portalurbano\/se-aprobo-el-proyecto-para-que-las-delegaciones-cuenten-con-presupuesto-propio\/\"},\"wordCount\":309,\"publisher\":{\"@id\":\"https:\/\/experienciadevida.com.ar\/portalurbano\/#organization\"},\"articleSection\":[\"Ciudad\",\"Destacadas\"],\"inLanguage\":\"es\"},{\"@type\":\"WebPage\",\"@id\":\"https:\/\/experienciadevida.com.ar\/portalurbano\/se-aprobo-el-proyecto-para-que-las-delegaciones-cuenten-con-presupuesto-propio\/\",\"url\":\"https:\/\/experienciadevida.com.ar\/portalurbano\/se-aprobo-el-proyecto-para-que-las-delegaciones-cuenten-con-presupuesto-propio\/\",\"name\":\"Proyecto para que las delegaciones cuenten con presupuesto propio\",\"isPartOf\":{\"@id\":\"https:\/\/experienciadevida.com.ar\/portalurbano\/#website\"},\"datePublished\":\"2020-11-26T17:01:57+00:00\",\"dateModified\":\"2020-11-26T17:05:28+00:00\",\"description\":\"En la sesi\u00f3n, fue aprobado el proyecto propuesto por el Bloque de la UCR, para que las Delegaciones cuenten con un presupuesto propio\",\"breadcrumb\":{\"@id\":\"https:\/\/experienciadevida.com.ar\/portalurbano\/se-aprobo-el-proyecto-para-que-las-delegaciones-cuenten-con-presupuesto-propio\/#breadcrumb\"},\"inLanguage\":\"es\",\"potentialAction\":[{\"@type\":\"ReadAction\",\"target\":[\"https:\/\/experienciadevida.com.ar\/portalurbano\/se-aprobo-el-proyecto-para-que-las-delegaciones-cuenten-con-presupuesto-propio\/\"]}]},{\"@type\":\"BreadcrumbList\",\"@id\":\"https:\/\/experienciadevida.com.ar\/portalurbano\/se-aprobo-el-proyecto-para-que-las-delegaciones-cuenten-con-presupuesto-propio\/#breadcrumb\",\"itemListElement\":[{\"@type\":\"ListItem\",\"position\":1,\"name\":\"Portada\",\"item\":\"https:\/\/experienciadevida.com.ar\/portalurbano\/\"},{\"@type\":\"ListItem\",\"position\":2,\"name\":\"Se aprob\u00f3 el proyecto para que las delegaciones cuenten con presupuesto propio\"}]},{\"@type\":\"WebSite\",\"@id\":\"https:\/\/experienciadevida.com.ar\/portalurbano\/#website\",\"url\":\"https:\/\/experienciadevida.com.ar\/portalurbano\/\",\"name\":\"\",\"description\":\"\",\"publisher\":{\"@id\":\"https:\/\/experienciadevida.com.ar\/portalurbano\/#organization\"},\"potentialAction\":[{\"@type\":\"SearchAction\",\"target\":{\"@type\":\"EntryPoint\",\"urlTemplate\":\"https:\/\/experienciadevida.com.ar\/portalurbano\/?s={search_term_string}\"},\"query-input\":\"required name=search_term_string\"}],\"inLanguage\":\"es\"},{\"@type\":\"Organization\",\"@id\":\"https:\/\/experienciadevida.com.ar\/portalurbano\/#organization\",\"name\":\"Portal Urbano\",\"url\":\"https:\/\/experienciadevida.com.ar\/portalurbano\/\",\"logo\":{\"@type\":\"ImageObject\",\"inLanguage\":\"es\",\"@id\":\"https:\/\/experienciadevida.com.ar\/portalurbano\/#\/schema\/logo\/image\/\",\"url\":\"https:\/\/experienciadevida.com.ar\/portalurbano\/wp-content\/uploads\/2019\/09\/Logo-Original.png\",\"contentUrl\":\"https:\/\/experienciadevida.com.ar\/portalurbano\/wp-content\/uploads\/2019\/09\/Logo-Original.png\",\"width\":2236,\"height\":1216,\"caption\":\"Portal Urbano\"},\"image\":{\"@id\":\"https:\/\/experienciadevida.com.ar\/portalurbano\/#\/schema\/logo\/image\/\"},\"sameAs\":[\"https:\/\/www.facebook.com\/Portal-Urbano-171542830093757\/\",\"https:\/\/twitter.com\/portalurbanook\",\"https:\/\/www.instagram.com\/_portalurbano\/\",\"https:\/\/www.youtube.com\/channel\/UCXhagIfszH8KxFiOok79zbA?view_as=subscriber\"]},{\"@type\":\"Person\",\"@id\":\"https:\/\/experienciadevida.com.ar\/portalurbano\/#\/schema\/person\/02dd326b1c4b056e9cc972486934a3a7\",\"name\":\"admpu17wp\",\"image\":{\"@type\":\"ImageObject\",\"inLanguage\":\"es\",\"@id\":\"https:\/\/experienciadevida.com.ar\/portalurbano\/#\/schema\/person\/image\/\",\"url\":\"https:\/\/secure.gravatar.com\/avatar\/830d4c57adaae6630765e449a6908047?s=96&d=mm&r=g\",\"contentUrl\":\"https:\/\/secure.gravatar.com\/avatar\/830d4c57adaae6630765e449a6908047?s=96&d=mm&r=g\",\"caption\":\"admpu17wp\"}}]}<\/script>\n<!-- \/ Yoast SEO plugin. -->","yoast_head_json":{"title":"Proyecto para que las delegaciones cuenten con presupuesto propio","description":"En la sesi\u00f3n, fue aprobado el proyecto propuesto por el Bloque de la UCR, para que las Delegaciones cuenten con un presupuesto propio","robots":{"index":"index","follow":"follow","max-snippet":"max-snippet:-1","max-image-preview":"max-image-preview:large","max-video-preview":"max-video-preview:-1"},"canonical":"https:\/\/experienciadevida.com.ar\/portalurbano\/se-aprobo-el-proyecto-para-que-las-delegaciones-cuenten-con-presupuesto-propio\/","og_locale":"es_ES","og_type":"article","og_title":"Proyecto para que las delegaciones cuenten con presupuesto propio","og_description":"En la sesi\u00f3n, fue aprobado el proyecto propuesto por el Bloque de la UCR, para que las Delegaciones cuenten con un presupuesto propio","og_url":"https:\/\/experienciadevida.com.ar\/portalurbano\/se-aprobo-el-proyecto-para-que-las-delegaciones-cuenten-con-presupuesto-propio\/","article_publisher":"https:\/\/www.facebook.com\/Portal-Urbano-171542830093757\/","article_published_time":"2020-11-26T17:01:57+00:00","article_modified_time":"2020-11-26T17:05:28+00:00","og_image":[{"width":765,"height":510,"url":"https:\/\/experienciadevida.com.ar\/portalurbano\/wp-content\/uploads\/2020\/11\/Delegaciones.jpeg","type":"image\/jpeg"}],"author":"admpu17wp","twitter_card":"summary_large_image","twitter_creator":"@portalurbanook","twitter_site":"@portalurbanook","twitter_misc":{"Escrito por":"admpu17wp","Tiempo de lectura":"1 minuto"},"schema":{"@context":"https:\/\/schema.org","@graph":[{"@type":"Article","@id":"https:\/\/experienciadevida.com.ar\/portalurbano\/se-aprobo-el-proyecto-para-que-las-delegaciones-cuenten-con-presupuesto-propio\/#article","isPartOf":{"@id":"https:\/\/experienciadevida.com.ar\/portalurbano\/se-aprobo-el-proyecto-para-que-las-delegaciones-cuenten-con-presupuesto-propio\/"},"author":{"name":"admpu17wp","@id":"https:\/\/experienciadevida.com.ar\/portalurbano\/#\/schema\/person\/02dd326b1c4b056e9cc972486934a3a7"},"headline":"Se aprob\u00f3 el proyecto para que las delegaciones cuenten con presupuesto propio","datePublished":"2020-11-26T17:01:57+00:00","dateModified":"2020-11-26T17:05:28+00:00","mainEntityOfPage":{"@id":"https:\/\/experienciadevida.com.ar\/portalurbano\/se-aprobo-el-proyecto-para-que-las-delegaciones-cuenten-con-presupuesto-propio\/"},"wordCount":309,"publisher":{"@id":"https:\/\/experienciadevida.com.ar\/portalurbano\/#organization"},"articleSection":["Ciudad","Destacadas"],"inLanguage":"es"},{"@type":"WebPage","@id":"https:\/\/experienciadevida.com.ar\/portalurbano\/se-aprobo-el-proyecto-para-que-las-delegaciones-cuenten-con-presupuesto-propio\/","url":"https:\/\/experienciadevida.com.ar\/portalurbano\/se-aprobo-el-proyecto-para-que-las-delegaciones-cuenten-con-presupuesto-propio\/","name":"Proyecto para que las delegaciones cuenten con presupuesto propio","isPartOf":{"@id":"https:\/\/experienciadevida.com.ar\/portalurbano\/#website"},"datePublished":"2020-11-26T17:01:57+00:00","dateModified":"2020-11-26T17:05:28+00:00","description":"En la sesi\u00f3n, fue aprobado el proyecto propuesto por el Bloque de la UCR, para que las Delegaciones cuenten con un presupuesto propio","breadcrumb":{"@id":"https:\/\/experienciadevida.com.ar\/portalurbano\/se-aprobo-el-proyecto-para-que-las-delegaciones-cuenten-con-presupuesto-propio\/#breadcrumb"},"inLanguage":"es","potentialAction":[{"@type":"ReadAction","target":["https:\/\/experienciadevida.com.ar\/portalurbano\/se-aprobo-el-proyecto-para-que-las-delegaciones-cuenten-con-presupuesto-propio\/"]}]},{"@type":"BreadcrumbList","@id":"https:\/\/experienciadevida.com.ar\/portalurbano\/se-aprobo-el-proyecto-para-que-las-delegaciones-cuenten-con-presupuesto-propio\/#breadcrumb","itemListElement":[{"@type":"ListItem","position":1,"name":"Portada","item":"https:\/\/experienciadevida.com.ar\/portalurbano\/"},{"@type":"ListItem","position":2,"name":"Se aprob\u00f3 el proyecto para que las delegaciones cuenten con presupuesto propio"}]},{"@type":"WebSite","@id":"https:\/\/experienciadevida.com.ar\/portalurbano\/#website","url":"https:\/\/experienciadevida.com.ar\/portalurbano\/","name":"","description":"","publisher":{"@id":"https:\/\/experienciadevida.com.ar\/portalurbano\/#organization"},"potentialAction":[{"@type":"SearchAction","target":{"@type":"EntryPoint","urlTemplate":"https:\/\/experienciadevida.com.ar\/portalurbano\/?s={search_term_string}"},"query-input":"required name=search_term_string"}],"inLanguage":"es"},{"@type":"Organization","@id":"https:\/\/experienciadevida.com.ar\/portalurbano\/#organization","name":"Portal Urbano","url":"https:\/\/experienciadevida.com.ar\/portalurbano\/","logo":{"@type":"ImageObject","inLanguage":"es","@id":"https:\/\/experienciadevida.com.ar\/portalurbano\/#\/schema\/logo\/image\/","url":"https:\/\/experienciadevida.com.ar\/portalurbano\/wp-content\/uploads\/2019\/09\/Logo-Original.png","contentUrl":"https:\/\/experienciadevida.com.ar\/portalurbano\/wp-content\/uploads\/2019\/09\/Logo-Original.png","width":2236,"height":1216,"caption":"Portal Urbano"},"image":{"@id":"https:\/\/experienciadevida.com.ar\/portalurbano\/#\/schema\/logo\/image\/"},"sameAs":["https:\/\/www.facebook.com\/Portal-Urbano-171542830093757\/","https:\/\/twitter.com\/portalurbanook","https:\/\/www.instagram.com\/_portalurbano\/","https:\/\/www.youtube.com\/channel\/UCXhagIfszH8KxFiOok79zbA?view_as=subscriber"]},{"@type":"Person","@id":"https:\/\/experienciadevida.com.ar\/portalurbano\/#\/schema\/person\/02dd326b1c4b056e9cc972486934a3a7","name":"admpu17wp","image":{"@type":"ImageObject","inLanguage":"es","@id":"https:\/\/experienciadevida.com.ar\/portalurbano\/#\/schema\/person\/image\/","url":"https:\/\/secure.gravatar.com\/avatar\/830d4c57adaae6630765e449a6908047?s=96&d=mm&r=g","contentUrl":"https:\/\/secure.gravatar.com\/avatar\/830d4c57adaae6630765e449a6908047?s=96&d=mm&r=g","caption":"admpu17wp"}}]}},"featured_image_urls":{"full":["https:\/\/experienciadevida.com.ar\/portalurbano\/wp-content\/uploads\/2020\/11\/Delegaciones.jpeg",765,510,false],"thumbnail":["https:\/\/experienciadevida.com.ar\/portalurbano\/wp-content\/uploads\/2020\/11\/Delegaciones-150x150.jpeg",150,150,true],"medium":["https:\/\/experienciadevida.com.ar\/portalurbano\/wp-content\/uploads\/2020\/11\/Delegaciones-300x200.jpeg",300,200,true],"medium_large":["https:\/\/experienciadevida.com.ar\/portalurbano\/wp-content\/uploads\/2020\/11\/Delegaciones.jpeg",640,427,false],"large":["https:\/\/experienciadevida.com.ar\/portalurbano\/wp-content\/uploads\/2020\/11\/Delegaciones.jpeg",640,427,false],"ug_big":["https:\/\/experienciadevida.com.ar\/portalurbano\/wp-content\/uploads\/2020\/11\/Delegaciones.jpeg",765,510,false],"1536x1536":["https:\/\/experienciadevida.com.ar\/portalurbano\/wp-content\/uploads\/2020\/11\/Delegaciones.jpeg",765,510,false],"2048x2048":["https:\/\/experienciadevida.com.ar\/portalurbano\/wp-content\/uploads\/2020\/11\/Delegaciones.jpeg",765,510,false],"newsever-slider-full":["https:\/\/experienciadevida.com.ar\/portalurbano\/wp-content\/uploads\/2020\/11\/Delegaciones.jpeg",765,510,false],"newsever-featured":["https:\/\/experienciadevida.com.ar\/portalurbano\/wp-content\/uploads\/2020\/11\/Delegaciones.jpeg",765,510,false],"newsever-medium":["https:\/\/experienciadevida.com.ar\/portalurbano\/wp-content\/uploads\/2020\/11\/Delegaciones.jpeg",713,475,false],"web-stories-poster-portrait":["https:\/\/experienciadevida.com.ar\/portalurbano\/wp-content\/uploads\/2020\/11\/Delegaciones.jpeg",640,427,false],"web-stories-publisher-logo":["https:\/\/experienciadevida.com.ar\/portalurbano\/wp-content\/uploads\/2020\/11\/Delegaciones.jpeg",96,64,false],"web-stories-thumbnail":["https:\/\/experienciadevida.com.ar\/portalurbano\/wp-content\/uploads\/2020\/11\/Delegaciones.jpeg",150,100,false]},"author_info":{"display_name":"admpu17wp","author_link":"https:\/\/experienciadevida.com.ar\/portalurbano\/author\/admpu17wp\/"},"category_info":"<a href=\"https:\/\/experienciadevida.com.ar\/portalurbano\/category\/ciudad\/\" rel=\"category tag\">Ciudad<\/a> <a href=\"https:\/\/experienciadevida.com.ar\/portalurbano\/category\/destacadas\/\" rel=\"category tag\">Destacadas<\/a>","tag_info":"Destacadas","comment_count":"0","amp_enabled":true,"_links":{"self":[{"href":"https:\/\/experienciadevida.com.ar\/portalurbano\/wp-json\/wp\/v2\/posts\/128382"}],"collection":[{"href":"https:\/\/experienciadevida.com.ar\/portalurbano\/wp-json\/wp\/v2\/posts"}],"about":[{"href":"https:\/\/experienciadevida.com.ar\/portalurbano\/wp-json\/wp\/v2\/types\/post"}],"author":[{"embeddable":true,"href":"https:\/\/experienciadevida.com.ar\/portalurbano\/wp-json\/wp\/v2\/users\/1"}],"replies":[{"embeddable":true,"href":"https:\/\/experienciadevida.com.ar\/portalurbano\/wp-json\/wp\/v2\/comments?post=128382"}],"version-history":[{"count":3,"href":"https:\/\/experienciadevida.com.ar\/portalurbano\/wp-json\/wp\/v2\/posts\/128382\/revisions"}],"predecessor-version":[{"id":128387,"href":"https:\/\/experienciadevida.com.ar\/portalurbano\/wp-json\/wp\/v2\/posts\/128382\/revisions\/128387"}],"wp:featuredmedia":[{"embeddable":true,"href":"https:\/\/experienciadevida.com.ar\/portalurbano\/wp-json\/wp\/v2\/media\/128383"}],"wp:attachment":[{"href":"https:\/\/experienciadevida.com.ar\/portalurbano\/wp-json\/wp\/v2\/media?parent=128382"}],"wp:term":[{"taxonomy":"category","embeddable":true,"href":"https:\/\/experienciadevida.com.ar\/portalurbano\/wp-json\/wp\/v2\/categories?post=128382"},{"taxonomy":"post_tag","embeddable":true,"href":"https:\/\/experienciadevida.com.ar\/portalurbano\/wp-json\/wp\/v2\/tags?post=128382"}],"curies":[{"name":"wp","href":"https:\/\/api.w.org\/{rel}","templated":true}]}}