{"id":128287,"date":"2020-11-25T21:20:06","date_gmt":"2020-11-26T00:20:06","guid":{"rendered":"https:\/\/experienciadevida.com.ar\/portalurbano\/?p=128287"},"modified":"2020-11-26T08:04:54","modified_gmt":"2020-11-26T11:04:54","slug":"este-jueves-sesionara-el-concejo-deliberante","status":"publish","type":"post","link":"https:\/\/experienciadevida.com.ar\/portalurbano\/este-jueves-sesionara-el-concejo-deliberante\/","title":{"rendered":"Este jueves sesionar\u00e1  el Concejo deliberante"},"content":{"rendered":"<p>Este jueves, se realizar\u00e1 la decimotercera sesi\u00f3n ordinaria del per\u00edodo deliberativo 2020. La misma se har\u00e1 en\u00a0 la Sociedad Espa\u00f1ola a las 9:30hs y su transmisi\u00f3n se podr\u00e1 ver a trav\u00e9s del canal de<a href=\"https:\/\/www.youtube.com\/channel\/UCtZCoknXQfZ5srZV-m7x_Mg\"> youtube oficial.\u00a0<\/a><\/p>\n<p>Uno de los temas es del interbloque frente de todos un proyecto de ordenanza de campa\u00f1a y concientizaci\u00f3n, comunicaci\u00f3n y conocimiento del autismo.<\/p>\n<p>Bloque UCR: proyecto de ordenanza implementando un presupuesto para cada delegaci\u00f3n.<\/p>\n<p>A su vez el bloque de Unidad Ciudadana presentar\u00e1 un proyecto de ordenanza de acceso al trabajo para personas travestis, transexuales y transgeneros.<\/p>\n<p>Del bloque UCR un proyecto de ordenanza denominando a un punte determinado el nombre de Florentina G\u00f3mez Miranda.<\/p>\n<p>Juntos por el cambio, proyecto de resoluci\u00f3n manifestando benepl\u00e1cito a la ley yolanda, programa de formaci\u00f3n para agentes de cambio en desarrollo sostenible.<\/p>\n<p>Frente de Todos: proyecto de comunicaci\u00f3n manifestando benepl\u00e1cito y apoyo a la reciente ley n\u00b027.592\u00a0 denominada ley yolanda.<\/p>\n<p>Interbloque Frente de Todos: proyecto de resoluci\u00f3n solicitando limpieza del basural ubicado en la calle Aguilar y calle 20.<\/p>\n<p>Interbloque Frente de Todos: proyecto de resoluci\u00f3n solicitando al DEM proceder a la\u00a0 limpieza, corte de pasto, desratizaci\u00f3n y fumigaci\u00f3n de la plaza ubicada en el barrio bancario III, ubicada en las calles 111 bis y Santa Fe con Giovanelli.<\/p>\n<p>Proyecto de resoluci\u00f3n solicitando al DEM proceder a la desratizaci\u00f3n de las manzanas ubicadas entre las calles Manuel Leal, Moya, Grimaldi y Estrada.<\/p>\n<p>Por otro lado, un proyecto de resoluci\u00f3n solicitando al DEM proceder a la limpieza corte de pasto, desratizaci\u00f3n y fumigaci\u00f3n en el sector de la Avenida La Rioja, calle Buenos Aires con calle Rend\u00f3n y Giovanelli.<\/p>\n<p>Por \u00faltimo un proyecto de resoluci\u00f3n declarando de inter\u00e9s legislativo municipal al grupo kayak fishing olavarr\u00eda por sus diversas actividades solidarias, ambientales y comuntiaria.<\/p>\n<p>Proyecto de resoluci\u00f3n solicitando al DEM colocaci\u00f3n de nuevas l\u00e1mparas de luz y arreglos de luminarias en calles 11 y 15 entre trabajadores y rufino fal bis.<\/p>\n","protected":false},"excerpt":{"rendered":"<p>Este jueves, se realizar\u00e1 la decimotercera sesi\u00f3n ordinaria del per\u00edodo deliberativo 2020. La misma se&#8230;<\/p>\n","protected":false},"author":1,"featured_media":115740,"comment_status":"closed","ping_status":"closed","sticky":false,"template":"","format":"standard","meta":{"content-type":""},"categories":[27,51],"tags":[],"nelio_content":{"isAutoShareEnabled":false,"autoShareEndMode":"default","automationSources":{"useContentSentences":true,"useSocialTemplates":true,"useCustomSentences":false,"customSentences":[]},"followers":[1],"suggestedReferences":[],"includedReferences":["https:\/\/www.youtube.com\/channel\/UCtZCoknXQfZ5srZV-m7x_Mg"],"efiUrl":"","efiAlt":"","highlights":[]},"yoast_head":"<!-- This site is optimized with the Yoast SEO plugin v20.7 - https:\/\/yoast.com\/wordpress\/plugins\/seo\/ -->\n<title>Este jueves sesionar\u00e1 el concejo deliberante de nuestra ciudad<\/title>\n<meta name=\"description\" content=\"Con varios proyectos, este jueves sesionar\u00e1 el concejo deliberante, ser\u00e1 a partir de las 9:30 en el recinto de la Sociedad Espa\u00f1ola.\" \/>\n<meta name=\"robots\" content=\"index, follow, max-snippet:-1, max-image-preview:large, max-video-preview:-1\" \/>\n<link rel=\"canonical\" href=\"https:\/\/experienciadevida.com.ar\/portalurbano\/este-jueves-sesionara-el-concejo-deliberante\/\" \/>\n<meta property=\"og:locale\" content=\"es_ES\" \/>\n<meta property=\"og:type\" content=\"article\" \/>\n<meta property=\"og:title\" content=\"Este jueves sesionar\u00e1 el concejo deliberante de nuestra ciudad\" \/>\n<meta property=\"og:description\" content=\"Con varios proyectos, este jueves sesionar\u00e1 el concejo deliberante, ser\u00e1 a partir de las 9:30 en el recinto de la Sociedad Espa\u00f1ola.\" \/>\n<meta property=\"og:url\" content=\"https:\/\/experienciadevida.com.ar\/portalurbano\/este-jueves-sesionara-el-concejo-deliberante\/\" \/>\n<meta property=\"article:publisher\" content=\"https:\/\/www.facebook.com\/Portal-Urbano-171542830093757\/\" \/>\n<meta property=\"article:published_time\" content=\"2020-11-26T00:20:06+00:00\" \/>\n<meta property=\"article:modified_time\" content=\"2020-11-26T11:04:54+00:00\" \/>\n<meta property=\"og:image\" content=\"https:\/\/experienciadevida.com.ar\/portalurbano\/wp-content\/uploads\/2020\/07\/SESION1.jpg\" \/>\n\t<meta property=\"og:image:width\" content=\"765\" \/>\n\t<meta property=\"og:image:height\" content=\"511\" \/>\n\t<meta property=\"og:image:type\" content=\"image\/jpeg\" \/>\n<meta name=\"author\" content=\"admpu17wp\" \/>\n<meta name=\"twitter:card\" content=\"summary_large_image\" \/>\n<meta name=\"twitter:creator\" content=\"@portalurbanook\" \/>\n<meta name=\"twitter:site\" content=\"@portalurbanook\" \/>\n<meta name=\"twitter:label1\" content=\"Escrito por\" \/>\n\t<meta name=\"twitter:data1\" content=\"admpu17wp\" \/>\n\t<meta name=\"twitter:label2\" content=\"Tiempo de lectura\" \/>\n\t<meta name=\"twitter:data2\" content=\"2 minutos\" \/>\n<script type=\"application\/ld+json\" class=\"yoast-schema-graph\">{\"@context\":\"https:\/\/schema.org\",\"@graph\":[{\"@type\":\"Article\",\"@id\":\"https:\/\/experienciadevida.com.ar\/portalurbano\/este-jueves-sesionara-el-concejo-deliberante\/#article\",\"isPartOf\":{\"@id\":\"https:\/\/experienciadevida.com.ar\/portalurbano\/este-jueves-sesionara-el-concejo-deliberante\/\"},\"author\":{\"name\":\"admpu17wp\",\"@id\":\"https:\/\/experienciadevida.com.ar\/portalurbano\/#\/schema\/person\/02dd326b1c4b056e9cc972486934a3a7\"},\"headline\":\"Este jueves sesionar\u00e1 el Concejo deliberante\",\"datePublished\":\"2020-11-26T00:20:06+00:00\",\"dateModified\":\"2020-11-26T11:04:54+00:00\",\"mainEntityOfPage\":{\"@id\":\"https:\/\/experienciadevida.com.ar\/portalurbano\/este-jueves-sesionara-el-concejo-deliberante\/\"},\"wordCount\":353,\"publisher\":{\"@id\":\"https:\/\/experienciadevida.com.ar\/portalurbano\/#organization\"},\"articleSection\":[\"Ciudad\",\"Destacadas\"],\"inLanguage\":\"es\"},{\"@type\":\"WebPage\",\"@id\":\"https:\/\/experienciadevida.com.ar\/portalurbano\/este-jueves-sesionara-el-concejo-deliberante\/\",\"url\":\"https:\/\/experienciadevida.com.ar\/portalurbano\/este-jueves-sesionara-el-concejo-deliberante\/\",\"name\":\"Este jueves sesionar\u00e1 el concejo deliberante de nuestra ciudad\",\"isPartOf\":{\"@id\":\"https:\/\/experienciadevida.com.ar\/portalurbano\/#website\"},\"datePublished\":\"2020-11-26T00:20:06+00:00\",\"dateModified\":\"2020-11-26T11:04:54+00:00\",\"description\":\"Con varios proyectos, este jueves sesionar\u00e1 el concejo deliberante, ser\u00e1 a partir de las 9:30 en el recinto de la Sociedad Espa\u00f1ola.\",\"breadcrumb\":{\"@id\":\"https:\/\/experienciadevida.com.ar\/portalurbano\/este-jueves-sesionara-el-concejo-deliberante\/#breadcrumb\"},\"inLanguage\":\"es\",\"potentialAction\":[{\"@type\":\"ReadAction\",\"target\":[\"https:\/\/experienciadevida.com.ar\/portalurbano\/este-jueves-sesionara-el-concejo-deliberante\/\"]}]},{\"@type\":\"BreadcrumbList\",\"@id\":\"https:\/\/experienciadevida.com.ar\/portalurbano\/este-jueves-sesionara-el-concejo-deliberante\/#breadcrumb\",\"itemListElement\":[{\"@type\":\"ListItem\",\"position\":1,\"name\":\"Portada\",\"item\":\"https:\/\/experienciadevida.com.ar\/portalurbano\/\"},{\"@type\":\"ListItem\",\"position\":2,\"name\":\"Este jueves sesionar\u00e1 el Concejo deliberante\"}]},{\"@type\":\"WebSite\",\"@id\":\"https:\/\/experienciadevida.com.ar\/portalurbano\/#website\",\"url\":\"https:\/\/experienciadevida.com.ar\/portalurbano\/\",\"name\":\"\",\"description\":\"\",\"publisher\":{\"@id\":\"https:\/\/experienciadevida.com.ar\/portalurbano\/#organization\"},\"potentialAction\":[{\"@type\":\"SearchAction\",\"target\":{\"@type\":\"EntryPoint\",\"urlTemplate\":\"https:\/\/experienciadevida.com.ar\/portalurbano\/?s={search_term_string}\"},\"query-input\":\"required name=search_term_string\"}],\"inLanguage\":\"es\"},{\"@type\":\"Organization\",\"@id\":\"https:\/\/experienciadevida.com.ar\/portalurbano\/#organization\",\"name\":\"Portal Urbano\",\"url\":\"https:\/\/experienciadevida.com.ar\/portalurbano\/\",\"logo\":{\"@type\":\"ImageObject\",\"inLanguage\":\"es\",\"@id\":\"https:\/\/experienciadevida.com.ar\/portalurbano\/#\/schema\/logo\/image\/\",\"url\":\"https:\/\/experienciadevida.com.ar\/portalurbano\/wp-content\/uploads\/2019\/09\/Logo-Original.png\",\"contentUrl\":\"https:\/\/experienciadevida.com.ar\/portalurbano\/wp-content\/uploads\/2019\/09\/Logo-Original.png\",\"width\":2236,\"height\":1216,\"caption\":\"Portal Urbano\"},\"image\":{\"@id\":\"https:\/\/experienciadevida.com.ar\/portalurbano\/#\/schema\/logo\/image\/\"},\"sameAs\":[\"https:\/\/www.facebook.com\/Portal-Urbano-171542830093757\/\",\"https:\/\/twitter.com\/portalurbanook\",\"https:\/\/www.instagram.com\/_portalurbano\/\",\"https:\/\/www.youtube.com\/channel\/UCXhagIfszH8KxFiOok79zbA?view_as=subscriber\"]},{\"@type\":\"Person\",\"@id\":\"https:\/\/experienciadevida.com.ar\/portalurbano\/#\/schema\/person\/02dd326b1c4b056e9cc972486934a3a7\",\"name\":\"admpu17wp\",\"image\":{\"@type\":\"ImageObject\",\"inLanguage\":\"es\",\"@id\":\"https:\/\/experienciadevida.com.ar\/portalurbano\/#\/schema\/person\/image\/\",\"url\":\"https:\/\/secure.gravatar.com\/avatar\/830d4c57adaae6630765e449a6908047?s=96&d=mm&r=g\",\"contentUrl\":\"https:\/\/secure.gravatar.com\/avatar\/830d4c57adaae6630765e449a6908047?s=96&d=mm&r=g\",\"caption\":\"admpu17wp\"}}]}<\/script>\n<!-- \/ Yoast SEO plugin. -->","yoast_head_json":{"title":"Este jueves sesionar\u00e1 el concejo deliberante de nuestra ciudad","description":"Con varios proyectos, este jueves sesionar\u00e1 el concejo deliberante, ser\u00e1 a partir de las 9:30 en el recinto de la Sociedad Espa\u00f1ola.","robots":{"index":"index","follow":"follow","max-snippet":"max-snippet:-1","max-image-preview":"max-image-preview:large","max-video-preview":"max-video-preview:-1"},"canonical":"https:\/\/experienciadevida.com.ar\/portalurbano\/este-jueves-sesionara-el-concejo-deliberante\/","og_locale":"es_ES","og_type":"article","og_title":"Este jueves sesionar\u00e1 el concejo deliberante de nuestra ciudad","og_description":"Con varios proyectos, este jueves sesionar\u00e1 el concejo deliberante, ser\u00e1 a partir de las 9:30 en el recinto de la Sociedad Espa\u00f1ola.","og_url":"https:\/\/experienciadevida.com.ar\/portalurbano\/este-jueves-sesionara-el-concejo-deliberante\/","article_publisher":"https:\/\/www.facebook.com\/Portal-Urbano-171542830093757\/","article_published_time":"2020-11-26T00:20:06+00:00","article_modified_time":"2020-11-26T11:04:54+00:00","og_image":[{"width":765,"height":511,"url":"https:\/\/experienciadevida.com.ar\/portalurbano\/wp-content\/uploads\/2020\/07\/SESION1.jpg","type":"image\/jpeg"}],"author":"admpu17wp","twitter_card":"summary_large_image","twitter_creator":"@portalurbanook","twitter_site":"@portalurbanook","twitter_misc":{"Escrito por":"admpu17wp","Tiempo de lectura":"2 minutos"},"schema":{"@context":"https:\/\/schema.org","@graph":[{"@type":"Article","@id":"https:\/\/experienciadevida.com.ar\/portalurbano\/este-jueves-sesionara-el-concejo-deliberante\/#article","isPartOf":{"@id":"https:\/\/experienciadevida.com.ar\/portalurbano\/este-jueves-sesionara-el-concejo-deliberante\/"},"author":{"name":"admpu17wp","@id":"https:\/\/experienciadevida.com.ar\/portalurbano\/#\/schema\/person\/02dd326b1c4b056e9cc972486934a3a7"},"headline":"Este jueves sesionar\u00e1 el Concejo deliberante","datePublished":"2020-11-26T00:20:06+00:00","dateModified":"2020-11-26T11:04:54+00:00","mainEntityOfPage":{"@id":"https:\/\/experienciadevida.com.ar\/portalurbano\/este-jueves-sesionara-el-concejo-deliberante\/"},"wordCount":353,"publisher":{"@id":"https:\/\/experienciadevida.com.ar\/portalurbano\/#organization"},"articleSection":["Ciudad","Destacadas"],"inLanguage":"es"},{"@type":"WebPage","@id":"https:\/\/experienciadevida.com.ar\/portalurbano\/este-jueves-sesionara-el-concejo-deliberante\/","url":"https:\/\/experienciadevida.com.ar\/portalurbano\/este-jueves-sesionara-el-concejo-deliberante\/","name":"Este jueves sesionar\u00e1 el concejo deliberante de nuestra ciudad","isPartOf":{"@id":"https:\/\/experienciadevida.com.ar\/portalurbano\/#website"},"datePublished":"2020-11-26T00:20:06+00:00","dateModified":"2020-11-26T11:04:54+00:00","description":"Con varios proyectos, este jueves sesionar\u00e1 el concejo deliberante, ser\u00e1 a partir de las 9:30 en el recinto de la Sociedad Espa\u00f1ola.","breadcrumb":{"@id":"https:\/\/experienciadevida.com.ar\/portalurbano\/este-jueves-sesionara-el-concejo-deliberante\/#breadcrumb"},"inLanguage":"es","potentialAction":[{"@type":"ReadAction","target":["https:\/\/experienciadevida.com.ar\/portalurbano\/este-jueves-sesionara-el-concejo-deliberante\/"]}]},{"@type":"BreadcrumbList","@id":"https:\/\/experienciadevida.com.ar\/portalurbano\/este-jueves-sesionara-el-concejo-deliberante\/#breadcrumb","itemListElement":[{"@type":"ListItem","position":1,"name":"Portada","item":"https:\/\/experienciadevida.com.ar\/portalurbano\/"},{"@type":"ListItem","position":2,"name":"Este jueves sesionar\u00e1 el Concejo deliberante"}]},{"@type":"WebSite","@id":"https:\/\/experienciadevida.com.ar\/portalurbano\/#website","url":"https:\/\/experienciadevida.com.ar\/portalurbano\/","name":"","description":"","publisher":{"@id":"https:\/\/experienciadevida.com.ar\/portalurbano\/#organization"},"potentialAction":[{"@type":"SearchAction","target":{"@type":"EntryPoint","urlTemplate":"https:\/\/experienciadevida.com.ar\/portalurbano\/?s={search_term_string}"},"query-input":"required name=search_term_string"}],"inLanguage":"es"},{"@type":"Organization","@id":"https:\/\/experienciadevida.com.ar\/portalurbano\/#organization","name":"Portal Urbano","url":"https:\/\/experienciadevida.com.ar\/portalurbano\/","logo":{"@type":"ImageObject","inLanguage":"es","@id":"https:\/\/experienciadevida.com.ar\/portalurbano\/#\/schema\/logo\/image\/","url":"https:\/\/experienciadevida.com.ar\/portalurbano\/wp-content\/uploads\/2019\/09\/Logo-Original.png","contentUrl":"https:\/\/experienciadevida.com.ar\/portalurbano\/wp-content\/uploads\/2019\/09\/Logo-Original.png","width":2236,"height":1216,"caption":"Portal Urbano"},"image":{"@id":"https:\/\/experienciadevida.com.ar\/portalurbano\/#\/schema\/logo\/image\/"},"sameAs":["https:\/\/www.facebook.com\/Portal-Urbano-171542830093757\/","https:\/\/twitter.com\/portalurbanook","https:\/\/www.instagram.com\/_portalurbano\/","https:\/\/www.youtube.com\/channel\/UCXhagIfszH8KxFiOok79zbA?view_as=subscriber"]},{"@type":"Person","@id":"https:\/\/experienciadevida.com.ar\/portalurbano\/#\/schema\/person\/02dd326b1c4b056e9cc972486934a3a7","name":"admpu17wp","image":{"@type":"ImageObject","inLanguage":"es","@id":"https:\/\/experienciadevida.com.ar\/portalurbano\/#\/schema\/person\/image\/","url":"https:\/\/secure.gravatar.com\/avatar\/830d4c57adaae6630765e449a6908047?s=96&d=mm&r=g","contentUrl":"https:\/\/secure.gravatar.com\/avatar\/830d4c57adaae6630765e449a6908047?s=96&d=mm&r=g","caption":"admpu17wp"}}]}},"featured_image_urls":{"full":["https:\/\/experienciadevida.com.ar\/portalurbano\/wp-content\/uploads\/2020\/07\/SESION1.jpg",765,511,false],"thumbnail":["https:\/\/experienciadevida.com.ar\/portalurbano\/wp-content\/uploads\/2020\/07\/SESION1-150x150.jpg",150,150,true],"medium":["https:\/\/experienciadevida.com.ar\/portalurbano\/wp-content\/uploads\/2020\/07\/SESION1-300x200.jpg",300,200,true],"medium_large":["https:\/\/experienciadevida.com.ar\/portalurbano\/wp-content\/uploads\/2020\/07\/SESION1.jpg",640,428,false],"large":["https:\/\/experienciadevida.com.ar\/portalurbano\/wp-content\/uploads\/2020\/07\/SESION1.jpg",640,428,false],"ug_big":["https:\/\/experienciadevida.com.ar\/portalurbano\/wp-content\/uploads\/2020\/07\/SESION1.jpg",765,511,false],"1536x1536":["https:\/\/experienciadevida.com.ar\/portalurbano\/wp-content\/uploads\/2020\/07\/SESION1.jpg",765,511,false],"2048x2048":["https:\/\/experienciadevida.com.ar\/portalurbano\/wp-content\/uploads\/2020\/07\/SESION1.jpg",765,511,false],"newsever-slider-full":["https:\/\/experienciadevida.com.ar\/portalurbano\/wp-content\/uploads\/2020\/07\/SESION1.jpg",765,511,false],"newsever-featured":["https:\/\/experienciadevida.com.ar\/portalurbano\/wp-content\/uploads\/2020\/07\/SESION1.jpg",765,511,false],"newsever-medium":["https:\/\/experienciadevida.com.ar\/portalurbano\/wp-content\/uploads\/2020\/07\/SESION1.jpg",711,475,false],"web-stories-poster-portrait":["https:\/\/experienciadevida.com.ar\/portalurbano\/wp-content\/uploads\/2020\/07\/SESION1.jpg",640,428,false],"web-stories-publisher-logo":["https:\/\/experienciadevida.com.ar\/portalurbano\/wp-content\/uploads\/2020\/07\/SESION1.jpg",96,64,false],"web-stories-thumbnail":["https:\/\/experienciadevida.com.ar\/portalurbano\/wp-content\/uploads\/2020\/07\/SESION1.jpg",150,100,false]},"author_info":{"display_name":"admpu17wp","author_link":"https:\/\/experienciadevida.com.ar\/portalurbano\/author\/admpu17wp\/"},"category_info":"<a href=\"https:\/\/experienciadevida.com.ar\/portalurbano\/category\/ciudad\/\" rel=\"category tag\">Ciudad<\/a> <a href=\"https:\/\/experienciadevida.com.ar\/portalurbano\/category\/destacadas\/\" rel=\"category tag\">Destacadas<\/a>","tag_info":"Destacadas","comment_count":"0","amp_enabled":true,"_links":{"self":[{"href":"https:\/\/experienciadevida.com.ar\/portalurbano\/wp-json\/wp\/v2\/posts\/128287"}],"collection":[{"href":"https:\/\/experienciadevida.com.ar\/portalurbano\/wp-json\/wp\/v2\/posts"}],"about":[{"href":"https:\/\/experienciadevida.com.ar\/portalurbano\/wp-json\/wp\/v2\/types\/post"}],"author":[{"embeddable":true,"href":"https:\/\/experienciadevida.com.ar\/portalurbano\/wp-json\/wp\/v2\/users\/1"}],"replies":[{"embeddable":true,"href":"https:\/\/experienciadevida.com.ar\/portalurbano\/wp-json\/wp\/v2\/comments?post=128287"}],"version-history":[{"count":3,"href":"https:\/\/experienciadevida.com.ar\/portalurbano\/wp-json\/wp\/v2\/posts\/128287\/revisions"}],"predecessor-version":[{"id":128290,"href":"https:\/\/experienciadevida.com.ar\/portalurbano\/wp-json\/wp\/v2\/posts\/128287\/revisions\/128290"}],"wp:featuredmedia":[{"embeddable":true,"href":"https:\/\/experienciadevida.com.ar\/portalurbano\/wp-json\/wp\/v2\/media\/115740"}],"wp:attachment":[{"href":"https:\/\/experienciadevida.com.ar\/portalurbano\/wp-json\/wp\/v2\/media?parent=128287"}],"wp:term":[{"taxonomy":"category","embeddable":true,"href":"https:\/\/experienciadevida.com.ar\/portalurbano\/wp-json\/wp\/v2\/categories?post=128287"},{"taxonomy":"post_tag","embeddable":true,"href":"https:\/\/experienciadevida.com.ar\/portalurbano\/wp-json\/wp\/v2\/tags?post=128287"}],"curies":[{"name":"wp","href":"https:\/\/api.w.org\/{rel}","templated":true}]}}