{"id":128191,"date":"2020-11-24T19:04:14","date_gmt":"2020-11-24T22:04:14","guid":{"rendered":"https:\/\/experienciadevida.com.ar\/portalurbano\/?p=128191"},"modified":"2020-11-24T19:05:01","modified_gmt":"2020-11-24T22:05:01","slug":"la-actividad-economica-cayo-69-en-septiembre-y-acumula-una-caida-del-119-en-2020","status":"publish","type":"post","link":"https:\/\/experienciadevida.com.ar\/portalurbano\/la-actividad-economica-cayo-69-en-septiembre-y-acumula-una-caida-del-119-en-2020\/","title":{"rendered":"La actividad econ\u00f3mica cay\u00f3 6,9% en septiembre y acumula una ca\u00edda del 11,9% en 2020"},"content":{"rendered":"<p>La actividad econ\u00f3mica no se recupera de las ca\u00eddas de marzo y abril, pese a que anot\u00f3 el quinto mes de suba intermensual consecutivo.<\/p>\n<p>La actividad econ\u00f3mica cay\u00f3 un 6,9% en septiembre respecto de igual mes del a\u00f1o pasado y acumula casi un 12% de p\u00e9rdida este a\u00f1o, pero ese mes volvi\u00f3 a mostrar una recuperaci\u00f3n con respecto a agosto, como viene ocurriendo desde mayo.<\/p>\n<p>El dato surge del Estimador Mensual de Actividad Econ\u00f3mica (EMAE) publicado esta tarde por el Indec, que dio cuenta de una ca\u00edda del 6,9% en septiembre en relaci\u00f3n a igual mes de 2019, empujada por fuertes p\u00e9rdidas en la construcci\u00f3n (-28,1%), el transporte (-19%) y las actividades inmobiliarias (-4,9%), entre otras. Con estos n\u00fameros, la ca\u00edda interanual descendi\u00f3 al 11,9% luego de haber llegado al 12,7% en mayo.<\/p>\n<p>El dato positivo para la econom\u00eda fue que en septiembre se mantuvo la tendencia de incremento intermensual de la actividad que comenz\u00f3 en mayo, tras ca\u00eddas del 10,7 y del 17,2% en marzo y abril, los peores meses del a\u00f1o y los m\u00e1s complicados en cuanto a los cierres derivados de la cuarentena por la pandemia del coronavirus.<\/p>\n<p>En ese marco, desde el Ministerio de Econom\u00eda destacaron que la merma del 6,9% interanual redujo a casi a la mitad la tasa de ca\u00edda respecto del mes anterior, que fue del 11,8% en agosto, la menor baja desde el inicio de la pandemia.<\/p>\n<p>El \u00faltimo mes relevado por el Indec mostr\u00f3 una suba del 1,9% con respecto a agosto, marcando el quinto mes de aumento intermensual consecutivo. Adem\u00e1s, en septiembre varios rubros registraron una suba con respecto a 2019: se trata del comercio mayorista y minorista (5,4%), la industria manufacturera (2,2%) y la electricidad, gas y agua (1,4%).<\/p>\n<p>Fuente: DIB<\/p>\n","protected":false},"excerpt":{"rendered":"<p>La actividad econ\u00f3mica no se recupera de las ca\u00eddas de marzo y abril, pese a&#8230;<\/p>\n","protected":false},"author":1,"featured_media":128192,"comment_status":"closed","ping_status":"closed","sticky":false,"template":"","format":"standard","meta":{"content-type":""},"categories":[39],"tags":[],"nelio_content":{"isAutoShareEnabled":false,"autoShareEndMode":"default","automationSources":{"useContentSentences":true,"useSocialTemplates":true,"useCustomSentences":false,"customSentences":[]},"followers":[1],"suggestedReferences":[],"includedReferences":[],"efiUrl":"","efiAlt":"","highlights":[]},"yoast_head":"<!-- This site is optimized with the Yoast SEO plugin v20.7 - https:\/\/yoast.com\/wordpress\/plugins\/seo\/ -->\n<title>La actividad econ\u00f3mica cay\u00f3 6,9% en septiembre y acumula ca\u00edda<\/title>\n<meta name=\"description\" content=\"La actividad econ\u00f3mica no se recupera de las ca\u00eddas de marzo y abril, pese a que anot\u00f3 el quinto mes de suba intermensual consecutivo.\" \/>\n<meta name=\"robots\" content=\"index, follow, max-snippet:-1, max-image-preview:large, max-video-preview:-1\" \/>\n<link rel=\"canonical\" href=\"https:\/\/experienciadevida.com.ar\/portalurbano\/la-actividad-economica-cayo-69-en-septiembre-y-acumula-una-caida-del-119-en-2020\/\" \/>\n<meta property=\"og:locale\" content=\"es_ES\" \/>\n<meta property=\"og:type\" content=\"article\" \/>\n<meta property=\"og:title\" content=\"La actividad econ\u00f3mica cay\u00f3 6,9% en septiembre y acumula ca\u00edda\" \/>\n<meta property=\"og:description\" content=\"La actividad econ\u00f3mica no se recupera de las ca\u00eddas de marzo y abril, pese a que anot\u00f3 el quinto mes de suba intermensual consecutivo.\" \/>\n<meta property=\"og:url\" content=\"https:\/\/experienciadevida.com.ar\/portalurbano\/la-actividad-economica-cayo-69-en-septiembre-y-acumula-una-caida-del-119-en-2020\/\" \/>\n<meta property=\"article:publisher\" content=\"https:\/\/www.facebook.com\/Portal-Urbano-171542830093757\/\" \/>\n<meta property=\"article:published_time\" content=\"2020-11-24T22:04:14+00:00\" \/>\n<meta property=\"article:modified_time\" content=\"2020-11-24T22:05:01+00:00\" \/>\n<meta property=\"og:image\" content=\"https:\/\/experienciadevida.com.ar\/portalurbano\/wp-content\/uploads\/2020\/11\/Economia.jpg\" \/>\n\t<meta property=\"og:image:width\" content=\"696\" \/>\n\t<meta property=\"og:image:height\" content=\"522\" \/>\n\t<meta property=\"og:image:type\" content=\"image\/jpeg\" \/>\n<meta name=\"author\" content=\"admpu17wp\" \/>\n<meta name=\"twitter:card\" content=\"summary_large_image\" \/>\n<meta name=\"twitter:creator\" content=\"@portalurbanook\" \/>\n<meta name=\"twitter:site\" content=\"@portalurbanook\" \/>\n<meta name=\"twitter:label1\" content=\"Escrito por\" \/>\n\t<meta name=\"twitter:data1\" content=\"admpu17wp\" \/>\n\t<meta name=\"twitter:label2\" content=\"Tiempo de lectura\" \/>\n\t<meta name=\"twitter:data2\" content=\"1 minuto\" \/>\n<script type=\"application\/ld+json\" class=\"yoast-schema-graph\">{\"@context\":\"https:\/\/schema.org\",\"@graph\":[{\"@type\":\"Article\",\"@id\":\"https:\/\/experienciadevida.com.ar\/portalurbano\/la-actividad-economica-cayo-69-en-septiembre-y-acumula-una-caida-del-119-en-2020\/#article\",\"isPartOf\":{\"@id\":\"https:\/\/experienciadevida.com.ar\/portalurbano\/la-actividad-economica-cayo-69-en-septiembre-y-acumula-una-caida-del-119-en-2020\/\"},\"author\":{\"name\":\"admpu17wp\",\"@id\":\"https:\/\/experienciadevida.com.ar\/portalurbano\/#\/schema\/person\/02dd326b1c4b056e9cc972486934a3a7\"},\"headline\":\"La actividad econ\u00f3mica cay\u00f3 6,9% en septiembre y acumula una ca\u00edda del 11,9% en 2020\",\"datePublished\":\"2020-11-24T22:04:14+00:00\",\"dateModified\":\"2020-11-24T22:05:01+00:00\",\"mainEntityOfPage\":{\"@id\":\"https:\/\/experienciadevida.com.ar\/portalurbano\/la-actividad-economica-cayo-69-en-septiembre-y-acumula-una-caida-del-119-en-2020\/\"},\"wordCount\":312,\"publisher\":{\"@id\":\"https:\/\/experienciadevida.com.ar\/portalurbano\/#organization\"},\"articleSection\":[\"Naci\u00f3n\"],\"inLanguage\":\"es\"},{\"@type\":\"WebPage\",\"@id\":\"https:\/\/experienciadevida.com.ar\/portalurbano\/la-actividad-economica-cayo-69-en-septiembre-y-acumula-una-caida-del-119-en-2020\/\",\"url\":\"https:\/\/experienciadevida.com.ar\/portalurbano\/la-actividad-economica-cayo-69-en-septiembre-y-acumula-una-caida-del-119-en-2020\/\",\"name\":\"La actividad econ\u00f3mica cay\u00f3 6,9% en septiembre y acumula ca\u00edda\",\"isPartOf\":{\"@id\":\"https:\/\/experienciadevida.com.ar\/portalurbano\/#website\"},\"datePublished\":\"2020-11-24T22:04:14+00:00\",\"dateModified\":\"2020-11-24T22:05:01+00:00\",\"description\":\"La actividad econ\u00f3mica no se recupera de las ca\u00eddas de marzo y abril, pese a que anot\u00f3 el quinto mes de suba intermensual consecutivo.\",\"breadcrumb\":{\"@id\":\"https:\/\/experienciadevida.com.ar\/portalurbano\/la-actividad-economica-cayo-69-en-septiembre-y-acumula-una-caida-del-119-en-2020\/#breadcrumb\"},\"inLanguage\":\"es\",\"potentialAction\":[{\"@type\":\"ReadAction\",\"target\":[\"https:\/\/experienciadevida.com.ar\/portalurbano\/la-actividad-economica-cayo-69-en-septiembre-y-acumula-una-caida-del-119-en-2020\/\"]}]},{\"@type\":\"BreadcrumbList\",\"@id\":\"https:\/\/experienciadevida.com.ar\/portalurbano\/la-actividad-economica-cayo-69-en-septiembre-y-acumula-una-caida-del-119-en-2020\/#breadcrumb\",\"itemListElement\":[{\"@type\":\"ListItem\",\"position\":1,\"name\":\"Portada\",\"item\":\"https:\/\/experienciadevida.com.ar\/portalurbano\/\"},{\"@type\":\"ListItem\",\"position\":2,\"name\":\"La actividad econ\u00f3mica cay\u00f3 6,9% en septiembre y acumula una ca\u00edda del 11,9% en 2020\"}]},{\"@type\":\"WebSite\",\"@id\":\"https:\/\/experienciadevida.com.ar\/portalurbano\/#website\",\"url\":\"https:\/\/experienciadevida.com.ar\/portalurbano\/\",\"name\":\"\",\"description\":\"\",\"publisher\":{\"@id\":\"https:\/\/experienciadevida.com.ar\/portalurbano\/#organization\"},\"potentialAction\":[{\"@type\":\"SearchAction\",\"target\":{\"@type\":\"EntryPoint\",\"urlTemplate\":\"https:\/\/experienciadevida.com.ar\/portalurbano\/?s={search_term_string}\"},\"query-input\":\"required name=search_term_string\"}],\"inLanguage\":\"es\"},{\"@type\":\"Organization\",\"@id\":\"https:\/\/experienciadevida.com.ar\/portalurbano\/#organization\",\"name\":\"Portal Urbano\",\"url\":\"https:\/\/experienciadevida.com.ar\/portalurbano\/\",\"logo\":{\"@type\":\"ImageObject\",\"inLanguage\":\"es\",\"@id\":\"https:\/\/experienciadevida.com.ar\/portalurbano\/#\/schema\/logo\/image\/\",\"url\":\"https:\/\/experienciadevida.com.ar\/portalurbano\/wp-content\/uploads\/2019\/09\/Logo-Original.png\",\"contentUrl\":\"https:\/\/experienciadevida.com.ar\/portalurbano\/wp-content\/uploads\/2019\/09\/Logo-Original.png\",\"width\":2236,\"height\":1216,\"caption\":\"Portal Urbano\"},\"image\":{\"@id\":\"https:\/\/experienciadevida.com.ar\/portalurbano\/#\/schema\/logo\/image\/\"},\"sameAs\":[\"https:\/\/www.facebook.com\/Portal-Urbano-171542830093757\/\",\"https:\/\/twitter.com\/portalurbanook\",\"https:\/\/www.instagram.com\/_portalurbano\/\",\"https:\/\/www.youtube.com\/channel\/UCXhagIfszH8KxFiOok79zbA?view_as=subscriber\"]},{\"@type\":\"Person\",\"@id\":\"https:\/\/experienciadevida.com.ar\/portalurbano\/#\/schema\/person\/02dd326b1c4b056e9cc972486934a3a7\",\"name\":\"admpu17wp\",\"image\":{\"@type\":\"ImageObject\",\"inLanguage\":\"es\",\"@id\":\"https:\/\/experienciadevida.com.ar\/portalurbano\/#\/schema\/person\/image\/\",\"url\":\"https:\/\/secure.gravatar.com\/avatar\/830d4c57adaae6630765e449a6908047?s=96&d=mm&r=g\",\"contentUrl\":\"https:\/\/secure.gravatar.com\/avatar\/830d4c57adaae6630765e449a6908047?s=96&d=mm&r=g\",\"caption\":\"admpu17wp\"}}]}<\/script>\n<!-- \/ Yoast SEO plugin. -->","yoast_head_json":{"title":"La actividad econ\u00f3mica cay\u00f3 6,9% en septiembre y acumula ca\u00edda","description":"La actividad econ\u00f3mica no se recupera de las ca\u00eddas de marzo y abril, pese a que anot\u00f3 el quinto mes de suba intermensual consecutivo.","robots":{"index":"index","follow":"follow","max-snippet":"max-snippet:-1","max-image-preview":"max-image-preview:large","max-video-preview":"max-video-preview:-1"},"canonical":"https:\/\/experienciadevida.com.ar\/portalurbano\/la-actividad-economica-cayo-69-en-septiembre-y-acumula-una-caida-del-119-en-2020\/","og_locale":"es_ES","og_type":"article","og_title":"La actividad econ\u00f3mica cay\u00f3 6,9% en septiembre y acumula ca\u00edda","og_description":"La actividad econ\u00f3mica no se recupera de las ca\u00eddas de marzo y abril, pese a que anot\u00f3 el quinto mes de suba intermensual consecutivo.","og_url":"https:\/\/experienciadevida.com.ar\/portalurbano\/la-actividad-economica-cayo-69-en-septiembre-y-acumula-una-caida-del-119-en-2020\/","article_publisher":"https:\/\/www.facebook.com\/Portal-Urbano-171542830093757\/","article_published_time":"2020-11-24T22:04:14+00:00","article_modified_time":"2020-11-24T22:05:01+00:00","og_image":[{"width":696,"height":522,"url":"https:\/\/experienciadevida.com.ar\/portalurbano\/wp-content\/uploads\/2020\/11\/Economia.jpg","type":"image\/jpeg"}],"author":"admpu17wp","twitter_card":"summary_large_image","twitter_creator":"@portalurbanook","twitter_site":"@portalurbanook","twitter_misc":{"Escrito por":"admpu17wp","Tiempo de lectura":"1 minuto"},"schema":{"@context":"https:\/\/schema.org","@graph":[{"@type":"Article","@id":"https:\/\/experienciadevida.com.ar\/portalurbano\/la-actividad-economica-cayo-69-en-septiembre-y-acumula-una-caida-del-119-en-2020\/#article","isPartOf":{"@id":"https:\/\/experienciadevida.com.ar\/portalurbano\/la-actividad-economica-cayo-69-en-septiembre-y-acumula-una-caida-del-119-en-2020\/"},"author":{"name":"admpu17wp","@id":"https:\/\/experienciadevida.com.ar\/portalurbano\/#\/schema\/person\/02dd326b1c4b056e9cc972486934a3a7"},"headline":"La actividad econ\u00f3mica cay\u00f3 6,9% en septiembre y acumula una ca\u00edda del 11,9% en 2020","datePublished":"2020-11-24T22:04:14+00:00","dateModified":"2020-11-24T22:05:01+00:00","mainEntityOfPage":{"@id":"https:\/\/experienciadevida.com.ar\/portalurbano\/la-actividad-economica-cayo-69-en-septiembre-y-acumula-una-caida-del-119-en-2020\/"},"wordCount":312,"publisher":{"@id":"https:\/\/experienciadevida.com.ar\/portalurbano\/#organization"},"articleSection":["Naci\u00f3n"],"inLanguage":"es"},{"@type":"WebPage","@id":"https:\/\/experienciadevida.com.ar\/portalurbano\/la-actividad-economica-cayo-69-en-septiembre-y-acumula-una-caida-del-119-en-2020\/","url":"https:\/\/experienciadevida.com.ar\/portalurbano\/la-actividad-economica-cayo-69-en-septiembre-y-acumula-una-caida-del-119-en-2020\/","name":"La actividad econ\u00f3mica cay\u00f3 6,9% en septiembre y acumula ca\u00edda","isPartOf":{"@id":"https:\/\/experienciadevida.com.ar\/portalurbano\/#website"},"datePublished":"2020-11-24T22:04:14+00:00","dateModified":"2020-11-24T22:05:01+00:00","description":"La actividad econ\u00f3mica no se recupera de las ca\u00eddas de marzo y abril, pese a que anot\u00f3 el quinto mes de suba intermensual consecutivo.","breadcrumb":{"@id":"https:\/\/experienciadevida.com.ar\/portalurbano\/la-actividad-economica-cayo-69-en-septiembre-y-acumula-una-caida-del-119-en-2020\/#breadcrumb"},"inLanguage":"es","potentialAction":[{"@type":"ReadAction","target":["https:\/\/experienciadevida.com.ar\/portalurbano\/la-actividad-economica-cayo-69-en-septiembre-y-acumula-una-caida-del-119-en-2020\/"]}]},{"@type":"BreadcrumbList","@id":"https:\/\/experienciadevida.com.ar\/portalurbano\/la-actividad-economica-cayo-69-en-septiembre-y-acumula-una-caida-del-119-en-2020\/#breadcrumb","itemListElement":[{"@type":"ListItem","position":1,"name":"Portada","item":"https:\/\/experienciadevida.com.ar\/portalurbano\/"},{"@type":"ListItem","position":2,"name":"La actividad econ\u00f3mica cay\u00f3 6,9% en septiembre y acumula una ca\u00edda del 11,9% en 2020"}]},{"@type":"WebSite","@id":"https:\/\/experienciadevida.com.ar\/portalurbano\/#website","url":"https:\/\/experienciadevida.com.ar\/portalurbano\/","name":"","description":"","publisher":{"@id":"https:\/\/experienciadevida.com.ar\/portalurbano\/#organization"},"potentialAction":[{"@type":"SearchAction","target":{"@type":"EntryPoint","urlTemplate":"https:\/\/experienciadevida.com.ar\/portalurbano\/?s={search_term_string}"},"query-input":"required name=search_term_string"}],"inLanguage":"es"},{"@type":"Organization","@id":"https:\/\/experienciadevida.com.ar\/portalurbano\/#organization","name":"Portal Urbano","url":"https:\/\/experienciadevida.com.ar\/portalurbano\/","logo":{"@type":"ImageObject","inLanguage":"es","@id":"https:\/\/experienciadevida.com.ar\/portalurbano\/#\/schema\/logo\/image\/","url":"https:\/\/experienciadevida.com.ar\/portalurbano\/wp-content\/uploads\/2019\/09\/Logo-Original.png","contentUrl":"https:\/\/experienciadevida.com.ar\/portalurbano\/wp-content\/uploads\/2019\/09\/Logo-Original.png","width":2236,"height":1216,"caption":"Portal Urbano"},"image":{"@id":"https:\/\/experienciadevida.com.ar\/portalurbano\/#\/schema\/logo\/image\/"},"sameAs":["https:\/\/www.facebook.com\/Portal-Urbano-171542830093757\/","https:\/\/twitter.com\/portalurbanook","https:\/\/www.instagram.com\/_portalurbano\/","https:\/\/www.youtube.com\/channel\/UCXhagIfszH8KxFiOok79zbA?view_as=subscriber"]},{"@type":"Person","@id":"https:\/\/experienciadevida.com.ar\/portalurbano\/#\/schema\/person\/02dd326b1c4b056e9cc972486934a3a7","name":"admpu17wp","image":{"@type":"ImageObject","inLanguage":"es","@id":"https:\/\/experienciadevida.com.ar\/portalurbano\/#\/schema\/person\/image\/","url":"https:\/\/secure.gravatar.com\/avatar\/830d4c57adaae6630765e449a6908047?s=96&d=mm&r=g","contentUrl":"https:\/\/secure.gravatar.com\/avatar\/830d4c57adaae6630765e449a6908047?s=96&d=mm&r=g","caption":"admpu17wp"}}]}},"featured_image_urls":{"full":["https:\/\/experienciadevida.com.ar\/portalurbano\/wp-content\/uploads\/2020\/11\/Economia.jpg",696,522,false],"thumbnail":["https:\/\/experienciadevida.com.ar\/portalurbano\/wp-content\/uploads\/2020\/11\/Economia-150x150.jpg",150,150,true],"medium":["https:\/\/experienciadevida.com.ar\/portalurbano\/wp-content\/uploads\/2020\/11\/Economia-300x225.jpg",300,225,true],"medium_large":["https:\/\/experienciadevida.com.ar\/portalurbano\/wp-content\/uploads\/2020\/11\/Economia.jpg",640,480,false],"large":["https:\/\/experienciadevida.com.ar\/portalurbano\/wp-content\/uploads\/2020\/11\/Economia.jpg",640,480,false],"ug_big":["https:\/\/experienciadevida.com.ar\/portalurbano\/wp-content\/uploads\/2020\/11\/Economia.jpg",696,522,false],"1536x1536":["https:\/\/experienciadevida.com.ar\/portalurbano\/wp-content\/uploads\/2020\/11\/Economia.jpg",696,522,false],"2048x2048":["https:\/\/experienciadevida.com.ar\/portalurbano\/wp-content\/uploads\/2020\/11\/Economia.jpg",696,522,false],"newsever-slider-full":["https:\/\/experienciadevida.com.ar\/portalurbano\/wp-content\/uploads\/2020\/11\/Economia.jpg",696,522,false],"newsever-featured":["https:\/\/experienciadevida.com.ar\/portalurbano\/wp-content\/uploads\/2020\/11\/Economia.jpg",696,522,false],"newsever-medium":["https:\/\/experienciadevida.com.ar\/portalurbano\/wp-content\/uploads\/2020\/11\/Economia.jpg",633,475,false],"web-stories-poster-portrait":["https:\/\/experienciadevida.com.ar\/portalurbano\/wp-content\/uploads\/2020\/11\/Economia.jpg",640,480,false],"web-stories-publisher-logo":["https:\/\/experienciadevida.com.ar\/portalurbano\/wp-content\/uploads\/2020\/11\/Economia.jpg",96,72,false],"web-stories-thumbnail":["https:\/\/experienciadevida.com.ar\/portalurbano\/wp-content\/uploads\/2020\/11\/Economia.jpg",150,113,false]},"author_info":{"display_name":"admpu17wp","author_link":"https:\/\/experienciadevida.com.ar\/portalurbano\/author\/admpu17wp\/"},"category_info":"<a href=\"https:\/\/experienciadevida.com.ar\/portalurbano\/category\/nacion\/\" rel=\"category tag\">Naci\u00f3n<\/a>","tag_info":"Naci\u00f3n","comment_count":"0","amp_enabled":true,"_links":{"self":[{"href":"https:\/\/experienciadevida.com.ar\/portalurbano\/wp-json\/wp\/v2\/posts\/128191"}],"collection":[{"href":"https:\/\/experienciadevida.com.ar\/portalurbano\/wp-json\/wp\/v2\/posts"}],"about":[{"href":"https:\/\/experienciadevida.com.ar\/portalurbano\/wp-json\/wp\/v2\/types\/post"}],"author":[{"embeddable":true,"href":"https:\/\/experienciadevida.com.ar\/portalurbano\/wp-json\/wp\/v2\/users\/1"}],"replies":[{"embeddable":true,"href":"https:\/\/experienciadevida.com.ar\/portalurbano\/wp-json\/wp\/v2\/comments?post=128191"}],"version-history":[{"count":1,"href":"https:\/\/experienciadevida.com.ar\/portalurbano\/wp-json\/wp\/v2\/posts\/128191\/revisions"}],"predecessor-version":[{"id":128193,"href":"https:\/\/experienciadevida.com.ar\/portalurbano\/wp-json\/wp\/v2\/posts\/128191\/revisions\/128193"}],"wp:featuredmedia":[{"embeddable":true,"href":"https:\/\/experienciadevida.com.ar\/portalurbano\/wp-json\/wp\/v2\/media\/128192"}],"wp:attachment":[{"href":"https:\/\/experienciadevida.com.ar\/portalurbano\/wp-json\/wp\/v2\/media?parent=128191"}],"wp:term":[{"taxonomy":"category","embeddable":true,"href":"https:\/\/experienciadevida.com.ar\/portalurbano\/wp-json\/wp\/v2\/categories?post=128191"},{"taxonomy":"post_tag","embeddable":true,"href":"https:\/\/experienciadevida.com.ar\/portalurbano\/wp-json\/wp\/v2\/tags?post=128191"}],"curies":[{"name":"wp","href":"https:\/\/api.w.org\/{rel}","templated":true}]}}